{"id":31327,"date":"2010-03-17T08:54:01","date_gmt":"2010-03-17T06:54:01","guid":{"rendered":"http:\/\/www.visit-ulcinj.com\/blog\/?p=31327"},"modified":"2010-03-22T21:23:25","modified_gmt":"2010-03-22T19:23:25","slug":"asnje-gjurme-per-peshkatarin-e-zhdukur-ulqinak","status":"publish","type":"post","link":"https:\/\/www.visit-ulcinj.com\/blog\/2010\/03\/17\/asnje-gjurme-per-peshkatarin-e-zhdukur-ulqinak\/","title":{"rendered":"Asnj\u00eb gjurm\u00eb p\u00ebr peshkatarin e zhdukur ulqinak"},"content":{"rendered":"<p><a href=\"http:\/\/www.visit-ulcinj.com\/blog\/wp-content\/uploads\/2010\/03\/Zhdukja-e-Bilal-Kurtit-tekGuri-i-Gjeranash.jpg\"><img loading=\"lazy\" class=\"alignleft size-full wp-image-31328\" title=\"Zhdukja e Bilal Kurtit tekGuri i Gjeranash\" src=\"http:\/\/www.visit-ulcinj.com\/blog\/wp-content\/uploads\/2010\/03\/Zhdukja-e-Bilal-Kurtit-tekGuri-i-Gjeranash.jpg\" alt=\"Zhdukja e Bilal Kurtit tekGuri i Gjeranash\" width=\"580\" height=\"400\" \/><\/a>Ulqin, 15 mars &#8211; Shp\u00ebtimtar\u00ebt vazhdojn\u00eb p\u00ebr ta k\u00ebrkuar trupin e  peshkatarit t\u00eb mir\u00ebnjohur ulqinak, Bilal Kurti \/54\/, i cili n\u00eb m\u00ebngjesin  e s\u00eb enjtes s\u00eb kaluar u zhduk pa gjurm\u00eb, pasi ka hyr\u00eb n\u00eb det nga delta e  Portmilen\u00ebs n\u00eb Plazhin e Madh t\u00eb Ulqinit.<br \/>\nBanor\u00ebt e Lagjes s\u00eb Peshkatar\u00ebve supozojn\u00eb se Bilali \u00ebsht\u00eb mbytur  af\u00ebr Gurit t\u00eb Gjeranave, ku ka qen\u00eb edhe \u201cselia\u201d e tij e peshkimit. N\u00eb  fakt, aty jan\u00eb gjetur edhe disa pjes\u00eb t\u00eb rrjetave t\u00eb peshkimit, ka  raportuar KosovaLive.<br \/>\nKryetari i Klubit t\u00eb zhyt\u00ebsve \u201cDolcinium\u201d t\u00eb Ulqinit, Ibrahim  Milla, thot\u00eb se uji i turbullt i detit, temperatura jasht\u00ebzakonisht e  ul\u00ebt, rreth 10 \u2013 11 grad\u00eb celzius, jan\u00eb pengesat kryesore t\u00eb k\u00ebrkimit  n\u00ebn det. Ai shton, se p\u00ebrkund\u00ebr k\u00ebtyre v\u00ebshtir\u00ebsirave, zhyt\u00ebsit do t\u00eb  vazhojn\u00eb aktivitetin e tyre p\u00ebr t\u00eb gjetur peshkatarin e humbur.<br \/>\nFamiljar\u00ebt, t\u00eb af\u00ebrtmit dhe koleg\u00ebt, q\u00eb nga momenti i lajmit p\u00ebr  humbjen e Bilalit, q\u00ebndrojn\u00eb n\u00eb ankth n\u00eb delt\u00ebn e Portomilen\u00ebs, duke  pritur ndonj\u00eb z\u00eb p\u00ebr fatin e peshkatarit aq shum\u00eb t\u00eb pasionuar, Bilal  Kurti.<\/p>\n<p><strong>Koha Ditore<\/strong><\/p>\n","protected":false},"excerpt":{"rendered":"<p>Ulqin, 15 mars &#8211; Shp\u00ebtimtar\u00ebt vazhdojn\u00eb p\u00ebr ta k\u00ebrkuar trupin e peshkatarit t\u00eb mir\u00ebnjohur ulqinak, Bilal Kurti \/54\/, i cili n\u00eb m\u00ebngjesin e s\u00eb enjtes s\u00eb kaluar u zhduk pa gjurm\u00eb, pasi ka hyr\u00eb n\u00eb det nga delta e Portmilen\u00ebs n\u00eb Plazhin e Madh t\u00eb Ulqinit. Banor\u00ebt e Lagjes s\u00eb Peshkatar\u00ebve supozojn\u00eb se Bilali \u00ebsht\u00eb [&hellip;]<\/p>\n","protected":false},"author":1,"featured_media":0,"comment_status":"open","ping_status":"closed","sticky":false,"template":"","format":"standard","meta":{"spay_email":"","jetpack_publicize_message":"","jetpack_is_tweetstorm":false,"jetpack_publicize_feature_enabled":true},"categories":[1],"tags":[13794,13859,280,13858,13857,95,13860,200,18],"jetpack_publicize_connections":[],"yoast_head":"<!-- This site is optimized with the Yoast SEO plugin v19.1 - https:\/\/yoast.com\/wordpress\/plugins\/seo\/ -->\n<title>Asnj\u00eb gjurm\u00eb p\u00ebr peshkatarin e zhdukur ulqinak - Lajme nga Ulqini<\/title>\n<meta name=\"description\" content=\"Ulqin, 15 mars - Shp\u00ebtimtar\u00ebt vazhdojn\u00eb p\u00ebr ta k\u00ebrkuar trupin e peshkatarit t\u00eb mir\u00ebnjohur ulqinak, Bilal Kurti \/54\/, i cili n\u00eb m\u00ebngjesin e s\u00eb enjtes s\u00eb\" \/>\n<meta name=\"robots\" content=\"index, follow, max-snippet:-1, max-image-preview:large, max-video-preview:-1\" \/>\n<link rel=\"canonical\" href=\"https:\/\/www.visit-ulcinj.com\/blog\/2010\/03\/17\/asnje-gjurme-per-peshkatarin-e-zhdukur-ulqinak\/\" \/>\n<meta property=\"og:locale\" content=\"en_US\" \/>\n<meta property=\"og:type\" content=\"article\" \/>\n<meta property=\"og:title\" content=\"Asnj\u00eb gjurm\u00eb p\u00ebr peshkatarin e zhdukur ulqinak - Lajme nga Ulqini\" \/>\n<meta property=\"og:description\" content=\"Ulqin, 15 mars - Shp\u00ebtimtar\u00ebt vazhdojn\u00eb p\u00ebr ta k\u00ebrkuar trupin e peshkatarit t\u00eb mir\u00ebnjohur ulqinak, Bilal Kurti \/54\/, i cili n\u00eb m\u00ebngjesin e s\u00eb enjtes s\u00eb\" \/>\n<meta property=\"og:url\" content=\"https:\/\/www.visit-ulcinj.com\/blog\/2010\/03\/17\/asnje-gjurme-per-peshkatarin-e-zhdukur-ulqinak\/\" \/>\n<meta property=\"og:site_name\" content=\"Lajme nga Ulqini\" \/>\n<meta property=\"article:published_time\" content=\"2010-03-17T06:54:01+00:00\" \/>\n<meta property=\"article:modified_time\" content=\"2010-03-22T19:23:25+00:00\" \/>\n<meta property=\"og:image\" content=\"http:\/\/www.visit-ulcinj.com\/blog\/wp-content\/uploads\/2010\/03\/Zhdukja-e-Bilal-Kurtit-tekGuri-i-Gjeranash.jpg\" \/>\n<meta name=\"twitter:label1\" content=\"Written by\" \/>\n\t<meta name=\"twitter:data1\" content=\"ulqini\" \/>\n\t<meta name=\"twitter:label2\" content=\"Est. reading time\" \/>\n\t<meta name=\"twitter:data2\" content=\"1 minute\" \/>\n<script type=\"application\/ld+json\" class=\"yoast-schema-graph\">{\"@context\":\"https:\/\/schema.org\",\"@graph\":[{\"@type\":\"WebSite\",\"@id\":\"https:\/\/www.visit-ulcinj.com\/blog\/#website\",\"url\":\"https:\/\/www.visit-ulcinj.com\/blog\/\",\"name\":\"Lajme nga Ulqini\",\"description\":\"Lajme,Vijesti,Ulqini,Ulqin,Crna Gora,Mali i Zi\",\"potentialAction\":[{\"@type\":\"SearchAction\",\"target\":{\"@type\":\"EntryPoint\",\"urlTemplate\":\"https:\/\/www.visit-ulcinj.com\/blog\/?s={search_term_string}\"},\"query-input\":\"required name=search_term_string\"}],\"inLanguage\":\"en-US\"},{\"@type\":\"ImageObject\",\"inLanguage\":\"en-US\",\"@id\":\"https:\/\/www.visit-ulcinj.com\/blog\/2010\/03\/17\/asnje-gjurme-per-peshkatarin-e-zhdukur-ulqinak\/#primaryimage\",\"url\":\"https:\/\/www.visit-ulcinj.com\/blog\/wp-content\/uploads\/2010\/03\/Zhdukja-e-Bilal-Kurtit-tekGuri-i-Gjeranash.jpg\",\"contentUrl\":\"https:\/\/www.visit-ulcinj.com\/blog\/wp-content\/uploads\/2010\/03\/Zhdukja-e-Bilal-Kurtit-tekGuri-i-Gjeranash.jpg\",\"width\":\"600\",\"height\":\"406\"},{\"@type\":\"WebPage\",\"@id\":\"https:\/\/www.visit-ulcinj.com\/blog\/2010\/03\/17\/asnje-gjurme-per-peshkatarin-e-zhdukur-ulqinak\/#webpage\",\"url\":\"https:\/\/www.visit-ulcinj.com\/blog\/2010\/03\/17\/asnje-gjurme-per-peshkatarin-e-zhdukur-ulqinak\/\",\"name\":\"Asnj\u00eb gjurm\u00eb p\u00ebr peshkatarin e zhdukur ulqinak - Lajme nga Ulqini\",\"isPartOf\":{\"@id\":\"https:\/\/www.visit-ulcinj.com\/blog\/#website\"},\"primaryImageOfPage\":{\"@id\":\"https:\/\/www.visit-ulcinj.com\/blog\/2010\/03\/17\/asnje-gjurme-per-peshkatarin-e-zhdukur-ulqinak\/#primaryimage\"},\"datePublished\":\"2010-03-17T06:54:01+00:00\",\"dateModified\":\"2010-03-22T19:23:25+00:00\",\"author\":{\"@id\":\"https:\/\/www.visit-ulcinj.com\/blog\/#\/schema\/person\/dcab619c614d3038751c63bc2aadc06d\"},\"description\":\"Ulqin, 15 mars - Shp\u00ebtimtar\u00ebt vazhdojn\u00eb p\u00ebr ta k\u00ebrkuar trupin e peshkatarit t\u00eb mir\u00ebnjohur ulqinak, Bilal Kurti \/54\/, i cili n\u00eb m\u00ebngjesin e s\u00eb enjtes s\u00eb\",\"breadcrumb\":{\"@id\":\"https:\/\/www.visit-ulcinj.com\/blog\/2010\/03\/17\/asnje-gjurme-per-peshkatarin-e-zhdukur-ulqinak\/#breadcrumb\"},\"inLanguage\":\"en-US\",\"potentialAction\":[{\"@type\":\"ReadAction\",\"target\":[\"https:\/\/www.visit-ulcinj.com\/blog\/2010\/03\/17\/asnje-gjurme-per-peshkatarin-e-zhdukur-ulqinak\/\"]}]},{\"@type\":\"BreadcrumbList\",\"@id\":\"https:\/\/www.visit-ulcinj.com\/blog\/2010\/03\/17\/asnje-gjurme-per-peshkatarin-e-zhdukur-ulqinak\/#breadcrumb\",\"itemListElement\":[{\"@type\":\"ListItem\",\"position\":1,\"name\":\"Asnj\u00eb gjurm\u00eb p\u00ebr peshkatarin e zhdukur ulqinak\"}]},{\"@type\":\"Person\",\"@id\":\"https:\/\/www.visit-ulcinj.com\/blog\/#\/schema\/person\/dcab619c614d3038751c63bc2aadc06d\",\"name\":\"ulqini\",\"sameAs\":[\"http:\/\/www.visit-ulcinj.com\"],\"url\":\"https:\/\/www.visit-ulcinj.com\/blog\/author\/admin\/\"}]}<\/script>\n<!-- \/ Yoast SEO plugin. -->","yoast_head_json":{"title":"Asnj\u00eb gjurm\u00eb p\u00ebr peshkatarin e zhdukur ulqinak - Lajme nga Ulqini","description":"Ulqin, 15 mars - Shp\u00ebtimtar\u00ebt vazhdojn\u00eb p\u00ebr ta k\u00ebrkuar trupin e peshkatarit t\u00eb mir\u00ebnjohur ulqinak, Bilal Kurti \/54\/, i cili n\u00eb m\u00ebngjesin e s\u00eb enjtes s\u00eb","robots":{"index":"index","follow":"follow","max-snippet":"max-snippet:-1","max-image-preview":"max-image-preview:large","max-video-preview":"max-video-preview:-1"},"canonical":"https:\/\/www.visit-ulcinj.com\/blog\/2010\/03\/17\/asnje-gjurme-per-peshkatarin-e-zhdukur-ulqinak\/","og_locale":"en_US","og_type":"article","og_title":"Asnj\u00eb gjurm\u00eb p\u00ebr peshkatarin e zhdukur ulqinak - Lajme nga Ulqini","og_description":"Ulqin, 15 mars - Shp\u00ebtimtar\u00ebt vazhdojn\u00eb p\u00ebr ta k\u00ebrkuar trupin e peshkatarit t\u00eb mir\u00ebnjohur ulqinak, Bilal Kurti \/54\/, i cili n\u00eb m\u00ebngjesin e s\u00eb enjtes s\u00eb","og_url":"https:\/\/www.visit-ulcinj.com\/blog\/2010\/03\/17\/asnje-gjurme-per-peshkatarin-e-zhdukur-ulqinak\/","og_site_name":"Lajme nga Ulqini","article_published_time":"2010-03-17T06:54:01+00:00","article_modified_time":"2010-03-22T19:23:25+00:00","og_image":[{"url":"http:\/\/www.visit-ulcinj.com\/blog\/wp-content\/uploads\/2010\/03\/Zhdukja-e-Bilal-Kurtit-tekGuri-i-Gjeranash.jpg"}],"twitter_misc":{"Written by":"ulqini","Est. reading time":"1 minute"},"schema":{"@context":"https:\/\/schema.org","@graph":[{"@type":"WebSite","@id":"https:\/\/www.visit-ulcinj.com\/blog\/#website","url":"https:\/\/www.visit-ulcinj.com\/blog\/","name":"Lajme nga Ulqini","description":"Lajme,Vijesti,Ulqini,Ulqin,Crna Gora,Mali i Zi","potentialAction":[{"@type":"SearchAction","target":{"@type":"EntryPoint","urlTemplate":"https:\/\/www.visit-ulcinj.com\/blog\/?s={search_term_string}"},"query-input":"required name=search_term_string"}],"inLanguage":"en-US"},{"@type":"ImageObject","inLanguage":"en-US","@id":"https:\/\/www.visit-ulcinj.com\/blog\/2010\/03\/17\/asnje-gjurme-per-peshkatarin-e-zhdukur-ulqinak\/#primaryimage","url":"https:\/\/www.visit-ulcinj.com\/blog\/wp-content\/uploads\/2010\/03\/Zhdukja-e-Bilal-Kurtit-tekGuri-i-Gjeranash.jpg","contentUrl":"https:\/\/www.visit-ulcinj.com\/blog\/wp-content\/uploads\/2010\/03\/Zhdukja-e-Bilal-Kurtit-tekGuri-i-Gjeranash.jpg","width":"600","height":"406"},{"@type":"WebPage","@id":"https:\/\/www.visit-ulcinj.com\/blog\/2010\/03\/17\/asnje-gjurme-per-peshkatarin-e-zhdukur-ulqinak\/#webpage","url":"https:\/\/www.visit-ulcinj.com\/blog\/2010\/03\/17\/asnje-gjurme-per-peshkatarin-e-zhdukur-ulqinak\/","name":"Asnj\u00eb gjurm\u00eb p\u00ebr peshkatarin e zhdukur ulqinak - Lajme nga Ulqini","isPartOf":{"@id":"https:\/\/www.visit-ulcinj.com\/blog\/#website"},"primaryImageOfPage":{"@id":"https:\/\/www.visit-ulcinj.com\/blog\/2010\/03\/17\/asnje-gjurme-per-peshkatarin-e-zhdukur-ulqinak\/#primaryimage"},"datePublished":"2010-03-17T06:54:01+00:00","dateModified":"2010-03-22T19:23:25+00:00","author":{"@id":"https:\/\/www.visit-ulcinj.com\/blog\/#\/schema\/person\/dcab619c614d3038751c63bc2aadc06d"},"description":"Ulqin, 15 mars - Shp\u00ebtimtar\u00ebt vazhdojn\u00eb p\u00ebr ta k\u00ebrkuar trupin e peshkatarit t\u00eb mir\u00ebnjohur ulqinak, Bilal Kurti \/54\/, i cili n\u00eb m\u00ebngjesin e s\u00eb enjtes s\u00eb","breadcrumb":{"@id":"https:\/\/www.visit-ulcinj.com\/blog\/2010\/03\/17\/asnje-gjurme-per-peshkatarin-e-zhdukur-ulqinak\/#breadcrumb"},"inLanguage":"en-US","potentialAction":[{"@type":"ReadAction","target":["https:\/\/www.visit-ulcinj.com\/blog\/2010\/03\/17\/asnje-gjurme-per-peshkatarin-e-zhdukur-ulqinak\/"]}]},{"@type":"BreadcrumbList","@id":"https:\/\/www.visit-ulcinj.com\/blog\/2010\/03\/17\/asnje-gjurme-per-peshkatarin-e-zhdukur-ulqinak\/#breadcrumb","itemListElement":[{"@type":"ListItem","position":1,"name":"Asnj\u00eb gjurm\u00eb p\u00ebr peshkatarin e zhdukur ulqinak"}]},{"@type":"Person","@id":"https:\/\/www.visit-ulcinj.com\/blog\/#\/schema\/person\/dcab619c614d3038751c63bc2aadc06d","name":"ulqini","sameAs":["http:\/\/www.visit-ulcinj.com"],"url":"https:\/\/www.visit-ulcinj.com\/blog\/author\/admin\/"}]}},"jetpack_featured_media_url":"","jetpack_sharing_enabled":true,"jetpack_shortlink":"https:\/\/wp.me\/pe6lTn-89h","_links":{"self":[{"href":"https:\/\/www.visit-ulcinj.com\/blog\/wp-json\/wp\/v2\/posts\/31327"}],"collection":[{"href":"https:\/\/www.visit-ulcinj.com\/blog\/wp-json\/wp\/v2\/posts"}],"about":[{"href":"https:\/\/www.visit-ulcinj.com\/blog\/wp-json\/wp\/v2\/types\/post"}],"author":[{"embeddable":true,"href":"https:\/\/www.visit-ulcinj.com\/blog\/wp-json\/wp\/v2\/users\/1"}],"replies":[{"embeddable":true,"href":"https:\/\/www.visit-ulcinj.com\/blog\/wp-json\/wp\/v2\/comments?post=31327"}],"version-history":[{"count":0,"href":"https:\/\/www.visit-ulcinj.com\/blog\/wp-json\/wp\/v2\/posts\/31327\/revisions"}],"wp:attachment":[{"href":"https:\/\/www.visit-ulcinj.com\/blog\/wp-json\/wp\/v2\/media?parent=31327"}],"wp:term":[{"taxonomy":"category","embeddable":true,"href":"https:\/\/www.visit-ulcinj.com\/blog\/wp-json\/wp\/v2\/categories?post=31327"},{"taxonomy":"post_tag","embeddable":true,"href":"https:\/\/www.visit-ulcinj.com\/blog\/wp-json\/wp\/v2\/tags?post=31327"}],"curies":[{"name":"wp","href":"https:\/\/api.w.org\/{rel}","templated":true}]}}