{"id":31342,"date":"2010-03-17T10:06:53","date_gmt":"2010-03-17T08:06:53","guid":{"rendered":"http:\/\/www.visit-ulcinj.com\/blog\/?p=31342"},"modified":"2010-03-17T10:06:53","modified_gmt":"2010-03-17T08:06:53","slug":"ne-ocekujte-misljenje-venecijanske-komisije-do-juna","status":"publish","type":"post","link":"https:\/\/www.visit-ulcinj.com\/blog\/2010\/03\/17\/ne-ocekujte-misljenje-venecijanske-komisije-do-juna\/","title":{"rendered":"Ne o?ekujte mi\u0161ljenje Venecijanske komisije do juna"},"content":{"rendered":"<p><a href=\"http:\/\/www.visit-ulcinj.com\/blog\/wp-content\/uploads\/2010\/03\/Thomas-Markert-is-currently-Deputy-Secretary-of-the-Venice-Commission.jpg\"><img loading=\"lazy\" class=\"alignleft size-full wp-image-31343\" title=\"Thomas Markert is currently Deputy Secretary of the Venice Commission\" src=\"http:\/\/www.visit-ulcinj.com\/blog\/wp-content\/uploads\/2010\/03\/Thomas-Markert-is-currently-Deputy-Secretary-of-the-Venice-Commission.jpg\" alt=\"Thomas Markert is currently Deputy Secretary of the Venice Commission\" width=\"580\" height=\"400\" \/><\/a>Mora se po\u0161tovati procedura i zato smatram da je veoma te\u0161ko o?ekivati da se formira mi\u0161ljenje do po?etka\u00a0 juna, ka\u017ee Tomas Markert, generalni sekretar Venecijanske komisije<br \/>\nGeneralni sekretar Venecijanske komisije, dr Tomas Markert, smatra da nema realnih mogu?nosti da Venecijanska komisija proslijedi mi\u0161ljenje na izmjene crnogorskog Zakona o izboru poslanika i odbornika prije juna jer sam prijedlog novih zakonskih rje\u0161enja \u2013 jo\u0161 nije ni stigao na adresu Venecijanske komisije.<\/p>\n<p>&#8211; Venecijanskoj komisiji je poznato da je prijedlog novog crnogorskog zakona upu?en ali mi ga &#8211; jo\u0161 nijesmo dobili. Zbog toga jo\u0161 nije odlu?eno ho?e li crnogorski prijedlog uop\u0161te biti uvr\u0161ten u dnevni red zasijedanja 4. i 5. juna niti je to mogu?e predvidjeti dok taj prijedlog ne stigne do nas. Mi ?emo prvo razmotriti prijedlog, tek onda odlu?ivati o proceduri, ka\u017ee dr Markert za Portal Analitika.<br \/>\nUkoliko mi\u0161ljenje Venecijanske komisije ne stigne na vrijeme i, sljedstveno tome, u crnogorskom parlamentu ne bude dvotre?inske ve?ine neophodne da se promijeni zakon, lokalni izbori ?e se odr\u017eati bez Ustavom predvi?enog usagla\u0161avanja izbornog zakonodavstva.<br \/>\nNema mi\u0161ljenja do juna:\u00a0 Tokom po\u0161log zasijedanja crnogorski parlament je usvojio zaklju?ak da se izmjene zakona, koje su predlo\u017eila tri poslanika vladaju?e koalicije kao i varijante koje su predlo\u017eili predstavnici opozicije, upute Venecijanskoj komisiji na ekpertizu. Nakon mi\u0161ljenja Venecijanske komisije trebalo je da se usvoji novi zakon o izboru poslanika i odbornika.<br \/>\nIna?e, rok za uskla?ivanje izbornog zakonodavstva sa najvi\u0161im pravnim aktom Crne Gore isti?e 30. aprila, a do sada je produ\u017eavan nekoliko puta. Dr Markert smatra da nema dovoljno vremena da se formira mi\u0161ljenje do roka koji je predvi?en crnogorskim zakonodavstvom.<\/p>\n<p>&#8211; Nije jo\u0161 zakazan susret sa predstavnicima crnogorskog parlamenta. Znamo da postoji potreba da se bude a\u017euran, potreba za brzom reakcijom zbog rokova\u00a0 koje imate. Ali, mora se po\u0161tovati procedura, karakteristi?na za Komisiju. Zato mislim da je te\u0161ko o?ekivati da se formira mi\u0161ljenje Venecijanske komisije do po?etka\u00a0 juna.<br \/>\nDodatne konsultacije i okrugli sto: U razgovoru za Portal Analitika dr Tomas Markert ne isklju?uje mogu?nost da, tokom prolje?a, bude organizovan okrugli sto ili konsultacije u okviru parlamenta posve?ene crnogorskom izbornom zakonodavstvu.Uobi?ajena je procedura, isti?e Markert, zakazivanja stru?nih konsultacija sa ?lanovima Venecijanske komisije.<\/p>\n<p>&#8211; To ?emo dogovoriti sa crnogorskim vlastima. Mnogo toga zavisi, tako?e, od kompleksnosti pravne materije; od toga koliko su krupne zakonske promjene zami\u0161ljene ili predvi?ene. Mogu?e je da ?emo tokom prolje?a organizovati specijalizovani okrugli sto u Crnoj Gori da bi se razmotrila sva pitanja koja su predmet spora. Za sada, da bih bio precizniji, potrebno mi je vi\u0161e informacija o predlo\u017eenim izmjenama, zaklju?io je Market, napominju?i da je Venecijanska komisija imala i ima dobru saradnju sa Skup\u0161tinom Crne Gore u razmatranju mnogih pravno komplikovanih pitanja.<\/p>\n<p><strong>D. ?uranovi?<br \/>\n<a href=\"http:\/\/www.portalanalitika.me\/politika\/tema\/3482-ne-oekujte-miljenja-venecijanske-komisije-do-juna.html\" target=\"_blank\">Portal Analitika<\/a><\/strong><\/p>\n","protected":false},"excerpt":{"rendered":"<p>Mora se po\u0161tovati procedura i zato smatram da je veoma te\u0161ko o?ekivati da se formira mi\u0161ljenje do po?etka\u00a0 juna, ka\u017ee Tomas Markert, generalni sekretar Venecijanske komisije Generalni sekretar Venecijanske komisije, dr Tomas Markert, smatra da nema realnih mogu?nosti da Venecijanska komisija proslijedi mi\u0161ljenje na izmjene crnogorskog Zakona o izboru poslanika i odbornika prije juna jer [&hellip;]<\/p>\n","protected":false},"author":1,"featured_media":0,"comment_status":"open","ping_status":"closed","sticky":false,"template":"","format":"standard","meta":{"spay_email":"","jetpack_publicize_message":"","jetpack_is_tweetstorm":false,"jetpack_publicize_feature_enabled":true},"categories":[8337],"tags":[13862,13861],"jetpack_publicize_connections":[],"yoast_head":"<!-- This site is optimized with the Yoast SEO plugin v19.1 - https:\/\/yoast.com\/wordpress\/plugins\/seo\/ -->\n<title>Ne o?ekujte mi\u0161ljenje Venecijanske komisije do juna - Lajme nga Ulqini<\/title>\n<meta name=\"description\" content=\"Mora se po\u0161tovati procedura i zato smatram da je veoma te\u0161ko o?ekivati da se formira mi\u0161ljenje do po?etka\u00a0 juna, ka\u017ee Tomas Markert, generalni sekretar\" \/>\n<meta name=\"robots\" content=\"index, follow, max-snippet:-1, max-image-preview:large, max-video-preview:-1\" \/>\n<link rel=\"canonical\" href=\"https:\/\/www.visit-ulcinj.com\/blog\/2010\/03\/17\/ne-ocekujte-misljenje-venecijanske-komisije-do-juna\/\" \/>\n<meta property=\"og:locale\" content=\"en_US\" \/>\n<meta property=\"og:type\" content=\"article\" \/>\n<meta property=\"og:title\" content=\"Ne o?ekujte mi\u0161ljenje Venecijanske komisije do juna - Lajme nga Ulqini\" \/>\n<meta property=\"og:description\" content=\"Mora se po\u0161tovati procedura i zato smatram da je veoma te\u0161ko o?ekivati da se formira mi\u0161ljenje do po?etka\u00a0 juna, ka\u017ee Tomas Markert, generalni sekretar\" \/>\n<meta property=\"og:url\" content=\"https:\/\/www.visit-ulcinj.com\/blog\/2010\/03\/17\/ne-ocekujte-misljenje-venecijanske-komisije-do-juna\/\" \/>\n<meta property=\"og:site_name\" content=\"Lajme nga Ulqini\" \/>\n<meta property=\"article:published_time\" content=\"2010-03-17T08:06:53+00:00\" \/>\n<meta property=\"og:image\" content=\"http:\/\/www.visit-ulcinj.com\/blog\/wp-content\/uploads\/2010\/03\/Thomas-Markert-is-currently-Deputy-Secretary-of-the-Venice-Commission.jpg\" \/>\n<meta name=\"twitter:label1\" content=\"Written by\" \/>\n\t<meta name=\"twitter:data1\" content=\"ulqini\" \/>\n\t<meta name=\"twitter:label2\" content=\"Est. reading time\" \/>\n\t<meta name=\"twitter:data2\" content=\"3 minutes\" \/>\n<script type=\"application\/ld+json\" class=\"yoast-schema-graph\">{\"@context\":\"https:\/\/schema.org\",\"@graph\":[{\"@type\":\"WebSite\",\"@id\":\"https:\/\/www.visit-ulcinj.com\/blog\/#website\",\"url\":\"https:\/\/www.visit-ulcinj.com\/blog\/\",\"name\":\"Lajme nga Ulqini\",\"description\":\"Lajme,Vijesti,Ulqini,Ulqin,Crna Gora,Mali i Zi\",\"potentialAction\":[{\"@type\":\"SearchAction\",\"target\":{\"@type\":\"EntryPoint\",\"urlTemplate\":\"https:\/\/www.visit-ulcinj.com\/blog\/?s={search_term_string}\"},\"query-input\":\"required name=search_term_string\"}],\"inLanguage\":\"en-US\"},{\"@type\":\"ImageObject\",\"inLanguage\":\"en-US\",\"@id\":\"https:\/\/www.visit-ulcinj.com\/blog\/2010\/03\/17\/ne-ocekujte-misljenje-venecijanske-komisije-do-juna\/#primaryimage\",\"url\":\"https:\/\/www.visit-ulcinj.com\/blog\/wp-content\/uploads\/2010\/03\/Thomas-Markert-is-currently-Deputy-Secretary-of-the-Venice-Commission.jpg\",\"contentUrl\":\"https:\/\/www.visit-ulcinj.com\/blog\/wp-content\/uploads\/2010\/03\/Thomas-Markert-is-currently-Deputy-Secretary-of-the-Venice-Commission.jpg\",\"width\":\"580\",\"height\":\"431\"},{\"@type\":\"WebPage\",\"@id\":\"https:\/\/www.visit-ulcinj.com\/blog\/2010\/03\/17\/ne-ocekujte-misljenje-venecijanske-komisije-do-juna\/#webpage\",\"url\":\"https:\/\/www.visit-ulcinj.com\/blog\/2010\/03\/17\/ne-ocekujte-misljenje-venecijanske-komisije-do-juna\/\",\"name\":\"Ne o?ekujte mi\u0161ljenje Venecijanske komisije do juna - Lajme nga Ulqini\",\"isPartOf\":{\"@id\":\"https:\/\/www.visit-ulcinj.com\/blog\/#website\"},\"primaryImageOfPage\":{\"@id\":\"https:\/\/www.visit-ulcinj.com\/blog\/2010\/03\/17\/ne-ocekujte-misljenje-venecijanske-komisije-do-juna\/#primaryimage\"},\"datePublished\":\"2010-03-17T08:06:53+00:00\",\"dateModified\":\"2010-03-17T08:06:53+00:00\",\"author\":{\"@id\":\"https:\/\/www.visit-ulcinj.com\/blog\/#\/schema\/person\/dcab619c614d3038751c63bc2aadc06d\"},\"description\":\"Mora se po\u0161tovati procedura i zato smatram da je veoma te\u0161ko o?ekivati da se formira mi\u0161ljenje do po?etka\u00a0 juna, ka\u017ee Tomas Markert, generalni sekretar\",\"breadcrumb\":{\"@id\":\"https:\/\/www.visit-ulcinj.com\/blog\/2010\/03\/17\/ne-ocekujte-misljenje-venecijanske-komisije-do-juna\/#breadcrumb\"},\"inLanguage\":\"en-US\",\"potentialAction\":[{\"@type\":\"ReadAction\",\"target\":[\"https:\/\/www.visit-ulcinj.com\/blog\/2010\/03\/17\/ne-ocekujte-misljenje-venecijanske-komisije-do-juna\/\"]}]},{\"@type\":\"BreadcrumbList\",\"@id\":\"https:\/\/www.visit-ulcinj.com\/blog\/2010\/03\/17\/ne-ocekujte-misljenje-venecijanske-komisije-do-juna\/#breadcrumb\",\"itemListElement\":[{\"@type\":\"ListItem\",\"position\":1,\"name\":\"Ne o?ekujte mi\u0161ljenje Venecijanske komisije do juna\"}]},{\"@type\":\"Person\",\"@id\":\"https:\/\/www.visit-ulcinj.com\/blog\/#\/schema\/person\/dcab619c614d3038751c63bc2aadc06d\",\"name\":\"ulqini\",\"sameAs\":[\"http:\/\/www.visit-ulcinj.com\"],\"url\":\"https:\/\/www.visit-ulcinj.com\/blog\/author\/admin\/\"}]}<\/script>\n<!-- \/ Yoast SEO plugin. -->","yoast_head_json":{"title":"Ne o?ekujte mi\u0161ljenje Venecijanske komisije do juna - Lajme nga Ulqini","description":"Mora se po\u0161tovati procedura i zato smatram da je veoma te\u0161ko o?ekivati da se formira mi\u0161ljenje do po?etka\u00a0 juna, ka\u017ee Tomas Markert, generalni sekretar","robots":{"index":"index","follow":"follow","max-snippet":"max-snippet:-1","max-image-preview":"max-image-preview:large","max-video-preview":"max-video-preview:-1"},"canonical":"https:\/\/www.visit-ulcinj.com\/blog\/2010\/03\/17\/ne-ocekujte-misljenje-venecijanske-komisije-do-juna\/","og_locale":"en_US","og_type":"article","og_title":"Ne o?ekujte mi\u0161ljenje Venecijanske komisije do juna - Lajme nga Ulqini","og_description":"Mora se po\u0161tovati procedura i zato smatram da je veoma te\u0161ko o?ekivati da se formira mi\u0161ljenje do po?etka\u00a0 juna, ka\u017ee Tomas Markert, generalni sekretar","og_url":"https:\/\/www.visit-ulcinj.com\/blog\/2010\/03\/17\/ne-ocekujte-misljenje-venecijanske-komisije-do-juna\/","og_site_name":"Lajme nga Ulqini","article_published_time":"2010-03-17T08:06:53+00:00","og_image":[{"url":"http:\/\/www.visit-ulcinj.com\/blog\/wp-content\/uploads\/2010\/03\/Thomas-Markert-is-currently-Deputy-Secretary-of-the-Venice-Commission.jpg"}],"twitter_misc":{"Written by":"ulqini","Est. reading time":"3 minutes"},"schema":{"@context":"https:\/\/schema.org","@graph":[{"@type":"WebSite","@id":"https:\/\/www.visit-ulcinj.com\/blog\/#website","url":"https:\/\/www.visit-ulcinj.com\/blog\/","name":"Lajme nga Ulqini","description":"Lajme,Vijesti,Ulqini,Ulqin,Crna Gora,Mali i Zi","potentialAction":[{"@type":"SearchAction","target":{"@type":"EntryPoint","urlTemplate":"https:\/\/www.visit-ulcinj.com\/blog\/?s={search_term_string}"},"query-input":"required name=search_term_string"}],"inLanguage":"en-US"},{"@type":"ImageObject","inLanguage":"en-US","@id":"https:\/\/www.visit-ulcinj.com\/blog\/2010\/03\/17\/ne-ocekujte-misljenje-venecijanske-komisije-do-juna\/#primaryimage","url":"https:\/\/www.visit-ulcinj.com\/blog\/wp-content\/uploads\/2010\/03\/Thomas-Markert-is-currently-Deputy-Secretary-of-the-Venice-Commission.jpg","contentUrl":"https:\/\/www.visit-ulcinj.com\/blog\/wp-content\/uploads\/2010\/03\/Thomas-Markert-is-currently-Deputy-Secretary-of-the-Venice-Commission.jpg","width":"580","height":"431"},{"@type":"WebPage","@id":"https:\/\/www.visit-ulcinj.com\/blog\/2010\/03\/17\/ne-ocekujte-misljenje-venecijanske-komisije-do-juna\/#webpage","url":"https:\/\/www.visit-ulcinj.com\/blog\/2010\/03\/17\/ne-ocekujte-misljenje-venecijanske-komisije-do-juna\/","name":"Ne o?ekujte mi\u0161ljenje Venecijanske komisije do juna - Lajme nga Ulqini","isPartOf":{"@id":"https:\/\/www.visit-ulcinj.com\/blog\/#website"},"primaryImageOfPage":{"@id":"https:\/\/www.visit-ulcinj.com\/blog\/2010\/03\/17\/ne-ocekujte-misljenje-venecijanske-komisije-do-juna\/#primaryimage"},"datePublished":"2010-03-17T08:06:53+00:00","dateModified":"2010-03-17T08:06:53+00:00","author":{"@id":"https:\/\/www.visit-ulcinj.com\/blog\/#\/schema\/person\/dcab619c614d3038751c63bc2aadc06d"},"description":"Mora se po\u0161tovati procedura i zato smatram da je veoma te\u0161ko o?ekivati da se formira mi\u0161ljenje do po?etka\u00a0 juna, ka\u017ee Tomas Markert, generalni sekretar","breadcrumb":{"@id":"https:\/\/www.visit-ulcinj.com\/blog\/2010\/03\/17\/ne-ocekujte-misljenje-venecijanske-komisije-do-juna\/#breadcrumb"},"inLanguage":"en-US","potentialAction":[{"@type":"ReadAction","target":["https:\/\/www.visit-ulcinj.com\/blog\/2010\/03\/17\/ne-ocekujte-misljenje-venecijanske-komisije-do-juna\/"]}]},{"@type":"BreadcrumbList","@id":"https:\/\/www.visit-ulcinj.com\/blog\/2010\/03\/17\/ne-ocekujte-misljenje-venecijanske-komisije-do-juna\/#breadcrumb","itemListElement":[{"@type":"ListItem","position":1,"name":"Ne o?ekujte mi\u0161ljenje Venecijanske komisije do juna"}]},{"@type":"Person","@id":"https:\/\/www.visit-ulcinj.com\/blog\/#\/schema\/person\/dcab619c614d3038751c63bc2aadc06d","name":"ulqini","sameAs":["http:\/\/www.visit-ulcinj.com"],"url":"https:\/\/www.visit-ulcinj.com\/blog\/author\/admin\/"}]}},"jetpack_featured_media_url":"","jetpack_sharing_enabled":true,"jetpack_shortlink":"https:\/\/wp.me\/pe6lTn-89w","_links":{"self":[{"href":"https:\/\/www.visit-ulcinj.com\/blog\/wp-json\/wp\/v2\/posts\/31342"}],"collection":[{"href":"https:\/\/www.visit-ulcinj.com\/blog\/wp-json\/wp\/v2\/posts"}],"about":[{"href":"https:\/\/www.visit-ulcinj.com\/blog\/wp-json\/wp\/v2\/types\/post"}],"author":[{"embeddable":true,"href":"https:\/\/www.visit-ulcinj.com\/blog\/wp-json\/wp\/v2\/users\/1"}],"replies":[{"embeddable":true,"href":"https:\/\/www.visit-ulcinj.com\/blog\/wp-json\/wp\/v2\/comments?post=31342"}],"version-history":[{"count":0,"href":"https:\/\/www.visit-ulcinj.com\/blog\/wp-json\/wp\/v2\/posts\/31342\/revisions"}],"wp:attachment":[{"href":"https:\/\/www.visit-ulcinj.com\/blog\/wp-json\/wp\/v2\/media?parent=31342"}],"wp:term":[{"taxonomy":"category","embeddable":true,"href":"https:\/\/www.visit-ulcinj.com\/blog\/wp-json\/wp\/v2\/categories?post=31342"},{"taxonomy":"post_tag","embeddable":true,"href":"https:\/\/www.visit-ulcinj.com\/blog\/wp-json\/wp\/v2\/tags?post=31342"}],"curies":[{"name":"wp","href":"https:\/\/api.w.org\/{rel}","templated":true}]}}