{"id":3135,"date":"2008-09-09T10:16:19","date_gmt":"2008-09-09T15:16:19","guid":{"rendered":"http:\/\/www.visit-ulcinj.com\/blog\/?p=3135"},"modified":"2008-09-09T10:20:28","modified_gmt":"2008-09-09T15:20:28","slug":"povodom-predstojeceg-koncerta-pop-dive-madone-u-crnoj-gori-danas-odrzana-press-konferencija-u-tirani","status":"publish","type":"post","link":"https:\/\/www.visit-ulcinj.com\/blog\/2008\/09\/09\/povodom-predstojeceg-koncerta-pop-dive-madone-u-crnoj-gori-danas-odrzana-press-konferencija-u-tirani\/","title":{"rendered":"Povodom predstoje?eg koncerta pop dive Madone u Crnoj Gori, danas odr\u017eana press konferencija u Tirani"},"content":{"rendered":"<p><a href=\"http:\/\/www.gom.cg.yu\/img\/1220964757.JPG\"><img loading=\"lazy\" class=\"alignleft\" title=\"Povodom predstoje?eg koncerta pop dive Madone u Crnoj Gori, danas odr\u017eana press konferencija u Tirani \" src=\"http:\/\/www.gom.cg.yu\/img\/1220964757.JPG\" alt=\"\" width=\"384\" height=\"288\" \/><\/a>Predstavnici Nacionalne turisti?ke organizacije Crne Gore, Turisti?ke organizacije op\u0161tine Budva i Prve Banke Crne Gore dana\u0161njom press konferencijom u Tirani, nastavili su promociju predstoje?eg koncerta Modone u ve?im gradovima Regiona.<br \/>\nJelena Paovi? u ime Nacionalne turisticke organizacije Crne Gore, direktor Turisti?ke organizacije Budva Jelena Radjenovi? i Hisni Begu predstavnik Prve banke Crne Gore upoznali su brojne albanske medije sa procesom priprema za koncert pop dive Madonne koji ce se odr\u017eati 25. septembr na plazi Jaz \u2013 Budva.<br \/>\nJelena Paovi? je informisala predstavnike medija o razvojnoj strategiji crnogorskog turizma, odvijanju turisti?ke sezone i dosada\u0161njim rezultatima, kao i o aktuelnoj i budu?oj turisti?koj ponudi Crne Gore.<br \/>\nBrojni albanski mediji, koju su prisustvovali press konferenciji, iskazali su izuzetno interesovanje za Crnu Goru i njenu turisti?ku ponudu a posebno za predstoje?i spektakl o ?ijim detaljima je govorila direktor Turisti?ke organizacije Budva Jelena Ra?enovi?, koja je izme?u ostalog istakla Budvu kao prepoznatljivu turisti?ku destinaciju i dobrog organizatora ovakvih i sli?nih manifestacija.<br \/>\nNa albanskom tr\u017ei\u0161tu do sada je prodato preko 2.000 karata, a u skladu sa dosada\u0161njom dinamikom interesovanja o?ekuje se blizu 3.000 turista iz Albanije povodom Madoninog koncerta.<br \/>\nKoncert Madone, najve?i muzi?ki doga?aj decenije u ovom dijelu Evrope, svakako ?e zna?ajno doprinijeti nastavku pozicioniranja Budve i Crne Gore kao visokokvalitetne turisti?ke destinacije, produ\u017eenju sezone i pove?anju prihoda.<br \/>\nIntenzivna promocija koncerta Madonne nastavi?e se u ?etvrtak, 11. septembra teku?e godine, press konferencijom u Skoplju.<br \/>\n<strong>PR SLU\u017dBA NACIONALNE TURISTI?KE ORGANIZACIJE CRNE GORE<br \/>\nVlada Republike Crne Gore<\/strong><\/p>\n<!--YouTube Error: bad URL entered-->\n<p style=\"text-align: center;\"><a href=\"http:\/\/www.visit-ulcinj.com\/?rub=taxicobi\"><img loading=\"lazy\" class=\"aligncenter size-full wp-image-2798\" title=\"taxi-cobi-ulqintaxi-cobi-ulcinjcrna-goramontenegromali-i-ziulqini\" src=\"http:\/\/www.visit-ulcinj.com\/blog\/wp-content\/uploads\/2008\/08\/taxi-cobi-ulqintaxi-cobi-ulcinjcrna-goramontenegromali-i-ziulqini.jpg\" alt=\"\" width=\"320\" height=\"150\" srcset=\"https:\/\/www.visit-ulcinj.com\/blog\/wp-content\/uploads\/2008\/08\/taxi-cobi-ulqintaxi-cobi-ulcinjcrna-goramontenegromali-i-ziulqini.jpg 320w, https:\/\/www.visit-ulcinj.com\/blog\/wp-content\/uploads\/2008\/08\/taxi-cobi-ulqintaxi-cobi-ulcinjcrna-goramontenegromali-i-ziulqini-300x140.jpg 300w\" sizes=\"(max-width: 320px) 100vw, 320px\" \/><\/a><\/p>\n","protected":false},"excerpt":{"rendered":"<p><img loading=\"lazy\" class=\"alignleft\" title=\"Povodom predstoje?eg koncerta pop dive Madone u Crnoj Gori, danas odr\u017eana press konferencija u Tirani \" src=\"http:\/\/www.gom.cg.yu\/img\/1220964757.JPG\" alt=\"\" width=\"140\" height=\"140\" \/><\/p>\n","protected":false},"author":1,"featured_media":0,"comment_status":"open","ping_status":"closed","sticky":false,"template":"","format":"standard","meta":{"spay_email":"","jetpack_publicize_message":"","jetpack_is_tweetstorm":false,"jetpack_publicize_feature_enabled":true},"categories":[1],"tags":[4527],"jetpack_publicize_connections":[],"yoast_head":"<!-- This site is optimized with the Yoast SEO plugin v19.1 - https:\/\/yoast.com\/wordpress\/plugins\/seo\/ -->\n<title>Povodom predstoje?eg koncerta pop dive Madone u Crnoj Gori, danas odr\u017eana press konferencija u Tirani - Lajme nga Ulqini<\/title>\n<meta name=\"robots\" content=\"index, follow, max-snippet:-1, max-image-preview:large, max-video-preview:-1\" \/>\n<link rel=\"canonical\" href=\"https:\/\/www.visit-ulcinj.com\/blog\/2008\/09\/09\/povodom-predstojeceg-koncerta-pop-dive-madone-u-crnoj-gori-danas-odrzana-press-konferencija-u-tirani\/\" \/>\n<meta property=\"og:locale\" content=\"en_US\" \/>\n<meta property=\"og:type\" content=\"article\" \/>\n<meta property=\"og:title\" content=\"Povodom predstoje?eg koncerta pop dive Madone u Crnoj Gori, danas odr\u017eana press konferencija u Tirani - Lajme nga Ulqini\" \/>\n<meta property=\"og:url\" content=\"https:\/\/www.visit-ulcinj.com\/blog\/2008\/09\/09\/povodom-predstojeceg-koncerta-pop-dive-madone-u-crnoj-gori-danas-odrzana-press-konferencija-u-tirani\/\" \/>\n<meta property=\"og:site_name\" content=\"Lajme nga Ulqini\" \/>\n<meta property=\"article:published_time\" content=\"2008-09-09T15:16:19+00:00\" \/>\n<meta property=\"article:modified_time\" content=\"2008-09-09T15:20:28+00:00\" \/>\n<meta property=\"og:image\" content=\"http:\/\/www.gom.cg.yu\/img\/1220964757.JPG\" \/>\n<meta name=\"twitter:label1\" content=\"Written by\" \/>\n\t<meta name=\"twitter:data1\" content=\"ulqini\" \/>\n\t<meta name=\"twitter:label2\" content=\"Est. reading time\" \/>\n\t<meta name=\"twitter:data2\" content=\"1 minute\" \/>\n<script type=\"application\/ld+json\" class=\"yoast-schema-graph\">{\"@context\":\"https:\/\/schema.org\",\"@graph\":[{\"@type\":\"WebSite\",\"@id\":\"https:\/\/www.visit-ulcinj.com\/blog\/#website\",\"url\":\"https:\/\/www.visit-ulcinj.com\/blog\/\",\"name\":\"Lajme nga Ulqini\",\"description\":\"Lajme,Vijesti,Ulqini,Ulqin,Crna Gora,Mali i Zi\",\"potentialAction\":[{\"@type\":\"SearchAction\",\"target\":{\"@type\":\"EntryPoint\",\"urlTemplate\":\"https:\/\/www.visit-ulcinj.com\/blog\/?s={search_term_string}\"},\"query-input\":\"required name=search_term_string\"}],\"inLanguage\":\"en-US\"},{\"@type\":\"ImageObject\",\"inLanguage\":\"en-US\",\"@id\":\"https:\/\/www.visit-ulcinj.com\/blog\/2008\/09\/09\/povodom-predstojeceg-koncerta-pop-dive-madone-u-crnoj-gori-danas-odrzana-press-konferencija-u-tirani\/#primaryimage\",\"url\":\"http:\/\/www.gom.cg.yu\/img\/1220964757.JPG\",\"contentUrl\":\"http:\/\/www.gom.cg.yu\/img\/1220964757.JPG\"},{\"@type\":\"WebPage\",\"@id\":\"https:\/\/www.visit-ulcinj.com\/blog\/2008\/09\/09\/povodom-predstojeceg-koncerta-pop-dive-madone-u-crnoj-gori-danas-odrzana-press-konferencija-u-tirani\/#webpage\",\"url\":\"https:\/\/www.visit-ulcinj.com\/blog\/2008\/09\/09\/povodom-predstojeceg-koncerta-pop-dive-madone-u-crnoj-gori-danas-odrzana-press-konferencija-u-tirani\/\",\"name\":\"Povodom predstoje?eg koncerta pop dive Madone u Crnoj Gori, danas odr\u017eana press konferencija u Tirani - Lajme nga Ulqini\",\"isPartOf\":{\"@id\":\"https:\/\/www.visit-ulcinj.com\/blog\/#website\"},\"primaryImageOfPage\":{\"@id\":\"https:\/\/www.visit-ulcinj.com\/blog\/2008\/09\/09\/povodom-predstojeceg-koncerta-pop-dive-madone-u-crnoj-gori-danas-odrzana-press-konferencija-u-tirani\/#primaryimage\"},\"datePublished\":\"2008-09-09T15:16:19+00:00\",\"dateModified\":\"2008-09-09T15:20:28+00:00\",\"author\":{\"@id\":\"https:\/\/www.visit-ulcinj.com\/blog\/#\/schema\/person\/dcab619c614d3038751c63bc2aadc06d\"},\"breadcrumb\":{\"@id\":\"https:\/\/www.visit-ulcinj.com\/blog\/2008\/09\/09\/povodom-predstojeceg-koncerta-pop-dive-madone-u-crnoj-gori-danas-odrzana-press-konferencija-u-tirani\/#breadcrumb\"},\"inLanguage\":\"en-US\",\"potentialAction\":[{\"@type\":\"ReadAction\",\"target\":[\"https:\/\/www.visit-ulcinj.com\/blog\/2008\/09\/09\/povodom-predstojeceg-koncerta-pop-dive-madone-u-crnoj-gori-danas-odrzana-press-konferencija-u-tirani\/\"]}]},{\"@type\":\"BreadcrumbList\",\"@id\":\"https:\/\/www.visit-ulcinj.com\/blog\/2008\/09\/09\/povodom-predstojeceg-koncerta-pop-dive-madone-u-crnoj-gori-danas-odrzana-press-konferencija-u-tirani\/#breadcrumb\",\"itemListElement\":[{\"@type\":\"ListItem\",\"position\":1,\"name\":\"Povodom predstoje?eg koncerta pop dive Madone u Crnoj Gori, danas odr\u017eana press konferencija u Tirani\"}]},{\"@type\":\"Person\",\"@id\":\"https:\/\/www.visit-ulcinj.com\/blog\/#\/schema\/person\/dcab619c614d3038751c63bc2aadc06d\",\"name\":\"ulqini\",\"sameAs\":[\"http:\/\/www.visit-ulcinj.com\"],\"url\":\"https:\/\/www.visit-ulcinj.com\/blog\/author\/admin\/\"}]}<\/script>\n<!-- \/ Yoast SEO plugin. -->","yoast_head_json":{"title":"Povodom predstoje?eg koncerta pop dive Madone u Crnoj Gori, danas odr\u017eana press konferencija u Tirani - Lajme nga Ulqini","robots":{"index":"index","follow":"follow","max-snippet":"max-snippet:-1","max-image-preview":"max-image-preview:large","max-video-preview":"max-video-preview:-1"},"canonical":"https:\/\/www.visit-ulcinj.com\/blog\/2008\/09\/09\/povodom-predstojeceg-koncerta-pop-dive-madone-u-crnoj-gori-danas-odrzana-press-konferencija-u-tirani\/","og_locale":"en_US","og_type":"article","og_title":"Povodom predstoje?eg koncerta pop dive Madone u Crnoj Gori, danas odr\u017eana press konferencija u Tirani - Lajme nga Ulqini","og_url":"https:\/\/www.visit-ulcinj.com\/blog\/2008\/09\/09\/povodom-predstojeceg-koncerta-pop-dive-madone-u-crnoj-gori-danas-odrzana-press-konferencija-u-tirani\/","og_site_name":"Lajme nga Ulqini","article_published_time":"2008-09-09T15:16:19+00:00","article_modified_time":"2008-09-09T15:20:28+00:00","og_image":[{"url":"http:\/\/www.gom.cg.yu\/img\/1220964757.JPG"}],"twitter_misc":{"Written by":"ulqini","Est. reading time":"1 minute"},"schema":{"@context":"https:\/\/schema.org","@graph":[{"@type":"WebSite","@id":"https:\/\/www.visit-ulcinj.com\/blog\/#website","url":"https:\/\/www.visit-ulcinj.com\/blog\/","name":"Lajme nga Ulqini","description":"Lajme,Vijesti,Ulqini,Ulqin,Crna Gora,Mali i Zi","potentialAction":[{"@type":"SearchAction","target":{"@type":"EntryPoint","urlTemplate":"https:\/\/www.visit-ulcinj.com\/blog\/?s={search_term_string}"},"query-input":"required name=search_term_string"}],"inLanguage":"en-US"},{"@type":"ImageObject","inLanguage":"en-US","@id":"https:\/\/www.visit-ulcinj.com\/blog\/2008\/09\/09\/povodom-predstojeceg-koncerta-pop-dive-madone-u-crnoj-gori-danas-odrzana-press-konferencija-u-tirani\/#primaryimage","url":"http:\/\/www.gom.cg.yu\/img\/1220964757.JPG","contentUrl":"http:\/\/www.gom.cg.yu\/img\/1220964757.JPG"},{"@type":"WebPage","@id":"https:\/\/www.visit-ulcinj.com\/blog\/2008\/09\/09\/povodom-predstojeceg-koncerta-pop-dive-madone-u-crnoj-gori-danas-odrzana-press-konferencija-u-tirani\/#webpage","url":"https:\/\/www.visit-ulcinj.com\/blog\/2008\/09\/09\/povodom-predstojeceg-koncerta-pop-dive-madone-u-crnoj-gori-danas-odrzana-press-konferencija-u-tirani\/","name":"Povodom predstoje?eg koncerta pop dive Madone u Crnoj Gori, danas odr\u017eana press konferencija u Tirani - Lajme nga Ulqini","isPartOf":{"@id":"https:\/\/www.visit-ulcinj.com\/blog\/#website"},"primaryImageOfPage":{"@id":"https:\/\/www.visit-ulcinj.com\/blog\/2008\/09\/09\/povodom-predstojeceg-koncerta-pop-dive-madone-u-crnoj-gori-danas-odrzana-press-konferencija-u-tirani\/#primaryimage"},"datePublished":"2008-09-09T15:16:19+00:00","dateModified":"2008-09-09T15:20:28+00:00","author":{"@id":"https:\/\/www.visit-ulcinj.com\/blog\/#\/schema\/person\/dcab619c614d3038751c63bc2aadc06d"},"breadcrumb":{"@id":"https:\/\/www.visit-ulcinj.com\/blog\/2008\/09\/09\/povodom-predstojeceg-koncerta-pop-dive-madone-u-crnoj-gori-danas-odrzana-press-konferencija-u-tirani\/#breadcrumb"},"inLanguage":"en-US","potentialAction":[{"@type":"ReadAction","target":["https:\/\/www.visit-ulcinj.com\/blog\/2008\/09\/09\/povodom-predstojeceg-koncerta-pop-dive-madone-u-crnoj-gori-danas-odrzana-press-konferencija-u-tirani\/"]}]},{"@type":"BreadcrumbList","@id":"https:\/\/www.visit-ulcinj.com\/blog\/2008\/09\/09\/povodom-predstojeceg-koncerta-pop-dive-madone-u-crnoj-gori-danas-odrzana-press-konferencija-u-tirani\/#breadcrumb","itemListElement":[{"@type":"ListItem","position":1,"name":"Povodom predstoje?eg koncerta pop dive Madone u Crnoj Gori, danas odr\u017eana press konferencija u Tirani"}]},{"@type":"Person","@id":"https:\/\/www.visit-ulcinj.com\/blog\/#\/schema\/person\/dcab619c614d3038751c63bc2aadc06d","name":"ulqini","sameAs":["http:\/\/www.visit-ulcinj.com"],"url":"https:\/\/www.visit-ulcinj.com\/blog\/author\/admin\/"}]}},"jetpack_featured_media_url":"","jetpack_sharing_enabled":true,"jetpack_shortlink":"https:\/\/wp.me\/pe6lTn-Oz","_links":{"self":[{"href":"https:\/\/www.visit-ulcinj.com\/blog\/wp-json\/wp\/v2\/posts\/3135"}],"collection":[{"href":"https:\/\/www.visit-ulcinj.com\/blog\/wp-json\/wp\/v2\/posts"}],"about":[{"href":"https:\/\/www.visit-ulcinj.com\/blog\/wp-json\/wp\/v2\/types\/post"}],"author":[{"embeddable":true,"href":"https:\/\/www.visit-ulcinj.com\/blog\/wp-json\/wp\/v2\/users\/1"}],"replies":[{"embeddable":true,"href":"https:\/\/www.visit-ulcinj.com\/blog\/wp-json\/wp\/v2\/comments?post=3135"}],"version-history":[{"count":0,"href":"https:\/\/www.visit-ulcinj.com\/blog\/wp-json\/wp\/v2\/posts\/3135\/revisions"}],"wp:attachment":[{"href":"https:\/\/www.visit-ulcinj.com\/blog\/wp-json\/wp\/v2\/media?parent=3135"}],"wp:term":[{"taxonomy":"category","embeddable":true,"href":"https:\/\/www.visit-ulcinj.com\/blog\/wp-json\/wp\/v2\/categories?post=3135"},{"taxonomy":"post_tag","embeddable":true,"href":"https:\/\/www.visit-ulcinj.com\/blog\/wp-json\/wp\/v2\/tags?post=3135"}],"curies":[{"name":"wp","href":"https:\/\/api.w.org\/{rel}","templated":true}]}}