{"id":31351,"date":"2010-03-17T20:06:12","date_gmt":"2010-03-17T18:06:12","guid":{"rendered":"http:\/\/www.visit-ulcinj.com\/blog\/?p=31351"},"modified":"2010-03-17T20:11:34","modified_gmt":"2010-03-17T18:11:34","slug":"organizata-turistike-e-ulqinit-mori-pjes-ne-panairin-e-turizmit-ne-berlin","status":"publish","type":"post","link":"https:\/\/www.visit-ulcinj.com\/blog\/2010\/03\/17\/organizata-turistike-e-ulqinit-mori-pjes-ne-panairin-e-turizmit-ne-berlin\/","title":{"rendered":"Organizata Turistike e Ulqinit mori pjes n\u00eb panairin e turizmit n\u00eb Berlin"},"content":{"rendered":"<p><strong><a href=\"http:\/\/www.visit-ulcinj.com\/blog\/wp-content\/uploads\/2010\/03\/Organizata-Turistike-e-Ulqinit-ne-panairin-e-turizmit-ne-Berlin.17.jpg\"><img loading=\"lazy\" class=\"alignleft size-full wp-image-31370\" title=\"Organizata Turistike e Ulqinit ne panairin e turizmit ne Berlin.17\" src=\"http:\/\/www.visit-ulcinj.com\/blog\/wp-content\/uploads\/2010\/03\/Organizata-Turistike-e-Ulqinit-ne-panairin-e-turizmit-ne-Berlin.17.jpg\" alt=\"Organizata Turistike e Ulqinit ne panairin e turizmit ne Berlin.17\" width=\"580\" height=\"400\" \/><\/a>Organizat Turistike e Ulqinit morri pjes n\u00eb panairin e turizmit n\u00eb Berlin m\u00eb 14-17 mars 2010.<\/strong><br \/>\nPrezantimi i radhes i ofert\u00ebs turistike t\u00eb Organizates Turistike t\u00eb\u00a0 Ulqinit (OTU)n\u00eb panairin turistik n\u00eb Berlin, ku u b\u00eb hartimi i materialeve t\u00eb reja turistike propagandistike t\u00eb Ulqinit por gjithashtu moren pjes edhe aktoret principale te lamis te turizmit malazias sikurse Ministri per turiz\u00ebm Predrag Neneziq,Sasha Radoviq,direkrori gjeneral i Rivieres s\u00eb Ulqinit Mikan Zec,profesionalisti i jon i lavdish\u00ebm per turiz\u00ebm Isat Dragovoja ku perfaqsoi Rivier\u00ebn e Ulqinit,kurse perfaqsimin autentik t\u00eb Komun\u00ebs s\u00eb Ulqinit e perfaq\u00ebsoi Direktori i OTU-s\u00eb Ali Rexha dhe Beqir Zati.<br \/>\nSipas deklarat\u00ebs p\u00ebr shtyp oferta turistike e Ulqinit u prezantua n\u00eb nj\u00eb stend\u00eb t\u00eb ve\u00e7ant\u00eb n\u00eb Panairin e Berlinit, shpenzimet e pjes\u00ebmarrjes do ti mbuloj\u00eb Komuna e Ulqinit dmth organizata turistike e Ulqinit, nd\u00ebrkoh\u00eb q\u00eb e nj\u00ebjta gj\u00eb pritet t\u00eb realizohet edhe n\u00eb bursat e tjera t\u00eb turizmit, si n\u00eb \u00c7eki, Hungari, Poloni, Rumani,Kosov\u00eb,Bosne,Maqedoni etj.<br \/>\nOrganizata turistike e Ulqinit\u00a0 k\u00ebt\u00eb vit institucioni q\u00eb e drejton Ali Rexha do t\u00eb angazhohet maksimalisht p\u00ebr pjes\u00ebmarrjen n\u00eb Panairin e Prishtin\u00ebs, Shkupit, dhe n\u00eb disa qendra t\u00eb tjera rajonale.<br \/>\n<strong><br \/>\nDi\u00e7ka edhe per Panairin e Berlinit<br \/>\n<\/strong><br \/>\nGjerman\u00ebt nuk e humbasin d\u00ebshir\u00ebn p\u00ebr t\u00eb udh\u00ebtuar dhe po kaq optimiste tregohet edhe sektori i turizmit n\u00eb panairin e turizmit ITB, q\u00eb hap dyert t\u00eb m\u00ebrkur\u00ebn n\u00eb Berlin.<br \/>\n&#8220;N\u00eb krahasim me r\u00ebniet masive t\u00eb volumit t\u00eb biznesit,dhe turizmit ku asht psh me 12%,Volumi i biznesit dhe numri i turist\u00ebve shtohet p\u00ebrs\u00ebri. Volumi n\u00eb vitin e kriz\u00ebs 2009 ra vet\u00ebm tre p\u00ebrqind. K\u00ebshtu gjerman\u00ebt kan\u00eb dh\u00ebn\u00eb gati 21 miliard\u00eb euro p\u00ebr pushime, thot\u00eb Klaus Laepple, President i shoqat\u00ebs federale t\u00eb turizmit gjerman.<br \/>\nDhe jo vet\u00ebm kaq. Duket sikur periudha e v\u00ebshtir\u00eb \u00ebsht\u00eb kap\u00ebrcyer, sepse rezervimet shtohen q\u00eb nga mesi i dhjetorit.<br \/>\n&#8220;Ne ndodhemi n\u00eb prag t\u00eb nj\u00eb dekade t\u00eb re plot shpres\u00eb t\u00eb turizmit, kur p\u00ebr klient\u00ebt ka r\u00ebnd\u00ebsi nj\u00eb raport i arsyesh\u00ebm n\u00eb mes \u00e7mimit dhe sh\u00ebrbimit.&#8221;<br \/>\nN\u00eb periudh\u00eb afatgjat\u00eb konkurrenc\u00ebn e p\u00ebrballon, ai q\u00eb zgjeron infrastruktur\u00ebn turistike dhe modernizon objektet e hoteleris\u00eb, p\u00ebrmir\u00ebson pajisjet dhe sh\u00ebrbimin.&#8221;<\/p>\n<p>Pushuesve u duhen prezantuar ofertat thot Klaus Laepple, President i shoqat\u00ebs federale t\u00eb turizmit gjerman . Stendat jan\u00eb gjithnj\u00eb e m\u00eb t\u00eb m\u00ebdha e m\u00eb t\u00eb ndritshme dhe sallat e panairit jan\u00eb plot. 11.127 ekspozues nga 187 vende prezantohen n\u00eb Berlin, m\u00eb shum\u00eb se kurr\u00eb m\u00eb par\u00eb. Christian G\u00ebke, drejtor i panairit t\u00eb Berlinit, g\u00ebzohet q\u00eb k\u00ebt\u00eb vit ka p\u00ebrs\u00ebri ekspozues, t\u00eb cil\u00ebt\u00a0 n\u00eb vitin e kriz\u00ebs 2009 i kishin kthyer shpin\u00ebn. Kjo ka patur arsye thot\u00eb ai ku ndermjet tjerash pati takim me Ministrin e turizmit t\u00eb Malit t\u00eb Zi Predrag Nenezic, dhe me\u00a0 pjestataret tjer\u00eb te lamis s\u00eb turizmit nga Mali i Zi.<\/p>\n<p>&#8220;Fundja ky \u00ebsht\u00eb prezantimi m\u00eb i mir\u00eb i rrjetit t\u00eb turizmit, q\u00eb mund t\u00eb gjesh ndonj\u00ebher\u00eb n\u00eb ndonj\u00eb vend t\u00eb bot\u00ebs. Ai jep shansin q\u00eb \u00e7do pjes\u00ebmarr\u00ebs n\u00eb ITB t\u00eb gjej\u00eb me t\u00eb vertet\u00eb njer\u00ebzit, n\u00eb k\u00ebt\u00eb aktivitet, me t\u00eb cil\u00ebt do t\u00eb b\u00ebj\u00eb biznes, me t\u00eb cil\u00ebt do t\u00eb takohet, p\u00ebr t\u00eb cil\u00ebt ka nevoj\u00eb biznesi i tij.&#8221;<\/p>\n<p><strong>Lajme nga Ulqini<\/strong><br \/>\n\n\t\t<style type=\"text\/css\">\n\t\t\t#gallery-1 {\n\t\t\t\tmargin: auto;\n\t\t\t}\n\t\t\t#gallery-1 .gallery-item {\n\t\t\t\tfloat: left;\n\t\t\t\tmargin-top: 10px;\n\t\t\t\ttext-align: center;\n\t\t\t\twidth: 33%;\n\t\t\t}\n\t\t\t#gallery-1 img {\n\t\t\t\tborder: 2px solid #cfcfcf;\n\t\t\t}\n\t\t\t#gallery-1 .gallery-caption {\n\t\t\t\tmargin-left: 0;\n\t\t\t}\n\t\t\t\/* see gallery_shortcode() in wp-includes\/media.php *\/\n\t\t<\/style>\n\t\t<div id='gallery-1' class='gallery galleryid-31351 gallery-columns-3 gallery-size-thumbnail'><dl class='gallery-item'>\n\t\t\t<dt class='gallery-icon landscape'>\n\t\t\t\t<a href='https:\/\/www.visit-ulcinj.com\/blog\/wp-content\/uploads\/2010\/03\/Organizata-Turistike-e-Ulqinit-ne-panairin-e-turizmit-ne-Berlin.jpg'><img width=\"150\" height=\"150\" src=\"https:\/\/www.visit-ulcinj.com\/blog\/wp-content\/uploads\/2010\/03\/Organizata-Turistike-e-Ulqinit-ne-panairin-e-turizmit-ne-Berlin-150x150.jpg\" class=\"attachment-thumbnail size-thumbnail\" alt=\"\" loading=\"lazy\" \/><\/a>\n\t\t\t<\/dt><\/dl><dl class='gallery-item'>\n\t\t\t<dt class='gallery-icon landscape'>\n\t\t\t\t<a href='https:\/\/www.visit-ulcinj.com\/blog\/wp-content\/uploads\/2010\/03\/Organizata-Turistike-e-Ulqinit-ne-panairin-e-turizmit-ne-Berlin.1.jpg'><img width=\"150\" height=\"150\" src=\"https:\/\/www.visit-ulcinj.com\/blog\/wp-content\/uploads\/2010\/03\/Organizata-Turistike-e-Ulqinit-ne-panairin-e-turizmit-ne-Berlin.1-150x150.jpg\" class=\"attachment-thumbnail size-thumbnail\" alt=\"\" loading=\"lazy\" \/><\/a>\n\t\t\t<\/dt><\/dl><dl class='gallery-item'>\n\t\t\t<dt class='gallery-icon landscape'>\n\t\t\t\t<a href='https:\/\/www.visit-ulcinj.com\/blog\/wp-content\/uploads\/2010\/03\/Organizata-Turistike-e-Ulqinit-ne-panairin-e-turizmit-ne-Berlin.2.jpg'><img width=\"150\" height=\"150\" src=\"https:\/\/www.visit-ulcinj.com\/blog\/wp-content\/uploads\/2010\/03\/Organizata-Turistike-e-Ulqinit-ne-panairin-e-turizmit-ne-Berlin.2-150x150.jpg\" class=\"attachment-thumbnail size-thumbnail\" alt=\"\" loading=\"lazy\" \/><\/a>\n\t\t\t<\/dt><\/dl><br style=\"clear: both\" \/><dl class='gallery-item'>\n\t\t\t<dt class='gallery-icon landscape'>\n\t\t\t\t<a href='https:\/\/www.visit-ulcinj.com\/blog\/wp-content\/uploads\/2010\/03\/Organizata-Turistike-e-Ulqinit-ne-panairin-e-turizmit-ne-Berlin.3.jpg'><img width=\"150\" height=\"150\" src=\"https:\/\/www.visit-ulcinj.com\/blog\/wp-content\/uploads\/2010\/03\/Organizata-Turistike-e-Ulqinit-ne-panairin-e-turizmit-ne-Berlin.3-150x150.jpg\" class=\"attachment-thumbnail size-thumbnail\" alt=\"\" loading=\"lazy\" \/><\/a>\n\t\t\t<\/dt><\/dl><dl class='gallery-item'>\n\t\t\t<dt class='gallery-icon landscape'>\n\t\t\t\t<a href='https:\/\/www.visit-ulcinj.com\/blog\/wp-content\/uploads\/2010\/03\/Organizata-Turistike-e-Ulqinit-ne-panairin-e-turizmit-ne-Berlin.4.jpg'><img width=\"150\" height=\"150\" src=\"https:\/\/www.visit-ulcinj.com\/blog\/wp-content\/uploads\/2010\/03\/Organizata-Turistike-e-Ulqinit-ne-panairin-e-turizmit-ne-Berlin.4-150x150.jpg\" class=\"attachment-thumbnail size-thumbnail\" alt=\"\" loading=\"lazy\" \/><\/a>\n\t\t\t<\/dt><\/dl><dl class='gallery-item'>\n\t\t\t<dt class='gallery-icon landscape'>\n\t\t\t\t<a href='https:\/\/www.visit-ulcinj.com\/blog\/wp-content\/uploads\/2010\/03\/Organizata-Turistike-e-Ulqinit-ne-panairin-e-turizmit-ne-Berlin.5.jpg'><img width=\"150\" height=\"150\" src=\"https:\/\/www.visit-ulcinj.com\/blog\/wp-content\/uploads\/2010\/03\/Organizata-Turistike-e-Ulqinit-ne-panairin-e-turizmit-ne-Berlin.5-150x150.jpg\" class=\"attachment-thumbnail size-thumbnail\" alt=\"\" loading=\"lazy\" \/><\/a>\n\t\t\t<\/dt><\/dl><br style=\"clear: both\" \/><dl class='gallery-item'>\n\t\t\t<dt class='gallery-icon landscape'>\n\t\t\t\t<a href='https:\/\/www.visit-ulcinj.com\/blog\/wp-content\/uploads\/2010\/03\/Organizata-Turistike-e-Ulqinit-ne-panairin-e-turizmit-ne-Berlin.6.jpg'><img width=\"150\" height=\"150\" src=\"https:\/\/www.visit-ulcinj.com\/blog\/wp-content\/uploads\/2010\/03\/Organizata-Turistike-e-Ulqinit-ne-panairin-e-turizmit-ne-Berlin.6-150x150.jpg\" class=\"attachment-thumbnail size-thumbnail\" alt=\"\" loading=\"lazy\" \/><\/a>\n\t\t\t<\/dt><\/dl><dl class='gallery-item'>\n\t\t\t<dt class='gallery-icon landscape'>\n\t\t\t\t<a href='https:\/\/www.visit-ulcinj.com\/blog\/wp-content\/uploads\/2010\/03\/Organizata-Turistike-e-Ulqinit-ne-panairin-e-turizmit-ne-Berlin.7.jpg'><img width=\"150\" height=\"150\" src=\"https:\/\/www.visit-ulcinj.com\/blog\/wp-content\/uploads\/2010\/03\/Organizata-Turistike-e-Ulqinit-ne-panairin-e-turizmit-ne-Berlin.7-150x150.jpg\" class=\"attachment-thumbnail size-thumbnail\" alt=\"\" loading=\"lazy\" \/><\/a>\n\t\t\t<\/dt><\/dl><dl class='gallery-item'>\n\t\t\t<dt class='gallery-icon landscape'>\n\t\t\t\t<a href='https:\/\/www.visit-ulcinj.com\/blog\/wp-content\/uploads\/2010\/03\/Organizata-Turistike-e-Ulqinit-ne-panairin-e-turizmit-ne-Berlin.8.jpg'><img width=\"150\" height=\"150\" src=\"https:\/\/www.visit-ulcinj.com\/blog\/wp-content\/uploads\/2010\/03\/Organizata-Turistike-e-Ulqinit-ne-panairin-e-turizmit-ne-Berlin.8-150x150.jpg\" class=\"attachment-thumbnail size-thumbnail\" alt=\"\" loading=\"lazy\" \/><\/a>\n\t\t\t<\/dt><\/dl><br style=\"clear: both\" \/><dl class='gallery-item'>\n\t\t\t<dt class='gallery-icon landscape'>\n\t\t\t\t<a href='https:\/\/www.visit-ulcinj.com\/blog\/wp-content\/uploads\/2010\/03\/Organizata-Turistike-e-Ulqinit-ne-panairin-e-turizmit-ne-Berlin.9.jpg'><img width=\"150\" height=\"150\" src=\"https:\/\/www.visit-ulcinj.com\/blog\/wp-content\/uploads\/2010\/03\/Organizata-Turistike-e-Ulqinit-ne-panairin-e-turizmit-ne-Berlin.9-150x150.jpg\" class=\"attachment-thumbnail size-thumbnail\" alt=\"\" loading=\"lazy\" \/><\/a>\n\t\t\t<\/dt><\/dl><dl class='gallery-item'>\n\t\t\t<dt class='gallery-icon landscape'>\n\t\t\t\t<a href='https:\/\/www.visit-ulcinj.com\/blog\/wp-content\/uploads\/2010\/03\/Organizata-Turistike-e-Ulqinit-ne-panairin-e-turizmit-ne-Berlin.10.jpg'><img width=\"150\" height=\"150\" src=\"https:\/\/www.visit-ulcinj.com\/blog\/wp-content\/uploads\/2010\/03\/Organizata-Turistike-e-Ulqinit-ne-panairin-e-turizmit-ne-Berlin.10-150x150.jpg\" class=\"attachment-thumbnail size-thumbnail\" alt=\"\" loading=\"lazy\" \/><\/a>\n\t\t\t<\/dt><\/dl><dl class='gallery-item'>\n\t\t\t<dt class='gallery-icon portrait'>\n\t\t\t\t<a href='https:\/\/www.visit-ulcinj.com\/blog\/wp-content\/uploads\/2010\/03\/Organizata-Turistike-e-Ulqinit-ne-panairin-e-turizmit-ne-Berlin.11.jpg'><img width=\"150\" height=\"150\" src=\"https:\/\/www.visit-ulcinj.com\/blog\/wp-content\/uploads\/2010\/03\/Organizata-Turistike-e-Ulqinit-ne-panairin-e-turizmit-ne-Berlin.11-150x150.jpg\" class=\"attachment-thumbnail size-thumbnail\" alt=\"\" loading=\"lazy\" \/><\/a>\n\t\t\t<\/dt><\/dl><br style=\"clear: both\" \/><dl class='gallery-item'>\n\t\t\t<dt class='gallery-icon landscape'>\n\t\t\t\t<a href='https:\/\/www.visit-ulcinj.com\/blog\/wp-content\/uploads\/2010\/03\/Organizata-Turistike-e-Ulqinit-ne-panairin-e-turizmit-ne-Berlin.12.jpg'><img width=\"150\" height=\"150\" src=\"https:\/\/www.visit-ulcinj.com\/blog\/wp-content\/uploads\/2010\/03\/Organizata-Turistike-e-Ulqinit-ne-panairin-e-turizmit-ne-Berlin.12-150x150.jpg\" class=\"attachment-thumbnail size-thumbnail\" alt=\"\" loading=\"lazy\" \/><\/a>\n\t\t\t<\/dt><\/dl><dl class='gallery-item'>\n\t\t\t<dt class='gallery-icon landscape'>\n\t\t\t\t<a href='https:\/\/www.visit-ulcinj.com\/blog\/wp-content\/uploads\/2010\/03\/Organizata-Turistike-e-Ulqinit-ne-panairin-e-turizmit-ne-Berlin.13.jpg'><img width=\"150\" height=\"150\" src=\"https:\/\/www.visit-ulcinj.com\/blog\/wp-content\/uploads\/2010\/03\/Organizata-Turistike-e-Ulqinit-ne-panairin-e-turizmit-ne-Berlin.13-150x150.jpg\" class=\"attachment-thumbnail size-thumbnail\" alt=\"\" loading=\"lazy\" \/><\/a>\n\t\t\t<\/dt><\/dl><dl class='gallery-item'>\n\t\t\t<dt class='gallery-icon landscape'>\n\t\t\t\t<a href='https:\/\/www.visit-ulcinj.com\/blog\/wp-content\/uploads\/2010\/03\/Organizata-Turistike-e-Ulqinit-ne-panairin-e-turizmit-ne-Berlin.14.jpg'><img width=\"150\" height=\"150\" src=\"https:\/\/www.visit-ulcinj.com\/blog\/wp-content\/uploads\/2010\/03\/Organizata-Turistike-e-Ulqinit-ne-panairin-e-turizmit-ne-Berlin.14-150x150.jpg\" class=\"attachment-thumbnail size-thumbnail\" alt=\"\" loading=\"lazy\" \/><\/a>\n\t\t\t<\/dt><\/dl><br style=\"clear: both\" \/><dl class='gallery-item'>\n\t\t\t<dt class='gallery-icon landscape'>\n\t\t\t\t<a href='https:\/\/www.visit-ulcinj.com\/blog\/wp-content\/uploads\/2010\/03\/Organizata-Turistike-e-Ulqinit-ne-panairin-e-turizmit-ne-Berlin.15.jpg'><img width=\"150\" height=\"150\" src=\"https:\/\/www.visit-ulcinj.com\/blog\/wp-content\/uploads\/2010\/03\/Organizata-Turistike-e-Ulqinit-ne-panairin-e-turizmit-ne-Berlin.15-150x150.jpg\" class=\"attachment-thumbnail size-thumbnail\" alt=\"\" loading=\"lazy\" \/><\/a>\n\t\t\t<\/dt><\/dl><dl class='gallery-item'>\n\t\t\t<dt class='gallery-icon landscape'>\n\t\t\t\t<a href='https:\/\/www.visit-ulcinj.com\/blog\/wp-content\/uploads\/2010\/03\/Organizata-Turistike-e-Ulqinit-ne-panairin-e-turizmit-ne-Berlin.16.jpg'><img width=\"150\" height=\"150\" src=\"https:\/\/www.visit-ulcinj.com\/blog\/wp-content\/uploads\/2010\/03\/Organizata-Turistike-e-Ulqinit-ne-panairin-e-turizmit-ne-Berlin.16-150x150.jpg\" class=\"attachment-thumbnail size-thumbnail\" alt=\"\" loading=\"lazy\" \/><\/a>\n\t\t\t<\/dt><\/dl><dl class='gallery-item'>\n\t\t\t<dt class='gallery-icon landscape'>\n\t\t\t\t<a href='https:\/\/www.visit-ulcinj.com\/blog\/wp-content\/uploads\/2010\/03\/Organizata-Turistike-e-Ulqinit-ne-panairin-e-turizmit-ne-Berlin.17.jpg'><img width=\"150\" height=\"150\" src=\"https:\/\/www.visit-ulcinj.com\/blog\/wp-content\/uploads\/2010\/03\/Organizata-Turistike-e-Ulqinit-ne-panairin-e-turizmit-ne-Berlin.17-150x150.jpg\" class=\"attachment-thumbnail size-thumbnail\" alt=\"\" loading=\"lazy\" \/><\/a>\n\t\t\t<\/dt><\/dl><br style=\"clear: both\" \/><dl class='gallery-item'>\n\t\t\t<dt class='gallery-icon landscape'>\n\t\t\t\t<a href='https:\/\/www.visit-ulcinj.com\/blog\/wp-content\/uploads\/2010\/03\/Organizata-Turistike-e-Ulqinit-ne-panairin-e-turizmit-ne-Berlin.18.jpg'><img width=\"150\" height=\"150\" src=\"https:\/\/www.visit-ulcinj.com\/blog\/wp-content\/uploads\/2010\/03\/Organizata-Turistike-e-Ulqinit-ne-panairin-e-turizmit-ne-Berlin.18-150x150.jpg\" class=\"attachment-thumbnail size-thumbnail\" alt=\"\" loading=\"lazy\" \/><\/a>\n\t\t\t<\/dt><\/dl><dl class='gallery-item'>\n\t\t\t<dt class='gallery-icon landscape'>\n\t\t\t\t<a href='https:\/\/www.visit-ulcinj.com\/blog\/wp-content\/uploads\/2010\/03\/Organizata-Turistike-e-Ulqinit-ne-panairin-e-turizmit-ne-Berlin.19.jpg'><img width=\"150\" height=\"150\" src=\"https:\/\/www.visit-ulcinj.com\/blog\/wp-content\/uploads\/2010\/03\/Organizata-Turistike-e-Ulqinit-ne-panairin-e-turizmit-ne-Berlin.19-150x150.jpg\" class=\"attachment-thumbnail size-thumbnail\" alt=\"\" loading=\"lazy\" \/><\/a>\n\t\t\t<\/dt><\/dl><dl class='gallery-item'>\n\t\t\t<dt class='gallery-icon landscape'>\n\t\t\t\t<a href='https:\/\/www.visit-ulcinj.com\/blog\/wp-content\/uploads\/2010\/03\/Organizata-Turistike-e-Ulqinit-ne-panairin-e-turizmit-ne-Berlin.20.jpg'><img width=\"150\" height=\"150\" src=\"https:\/\/www.visit-ulcinj.com\/blog\/wp-content\/uploads\/2010\/03\/Organizata-Turistike-e-Ulqinit-ne-panairin-e-turizmit-ne-Berlin.20-150x150.jpg\" class=\"attachment-thumbnail size-thumbnail\" alt=\"\" loading=\"lazy\" \/><\/a>\n\t\t\t<\/dt><\/dl><br style=\"clear: both\" \/><dl class='gallery-item'>\n\t\t\t<dt class='gallery-icon landscape'>\n\t\t\t\t<a href='https:\/\/www.visit-ulcinj.com\/blog\/wp-content\/uploads\/2010\/03\/Organizata-Turistike-e-Ulqinit-ne-panairin-e-turizmit-ne-Berlin.21.jpg'><img width=\"150\" height=\"150\" src=\"https:\/\/www.visit-ulcinj.com\/blog\/wp-content\/uploads\/2010\/03\/Organizata-Turistike-e-Ulqinit-ne-panairin-e-turizmit-ne-Berlin.21-150x150.jpg\" class=\"attachment-thumbnail size-thumbnail\" alt=\"\" loading=\"lazy\" \/><\/a>\n\t\t\t<\/dt><\/dl><dl class='gallery-item'>\n\t\t\t<dt class='gallery-icon landscape'>\n\t\t\t\t<a href='https:\/\/www.visit-ulcinj.com\/blog\/wp-content\/uploads\/2010\/03\/Organizata-Turistike-e-Ulqinit-ne-panairin-e-turizmit-ne-Berlin.22.jpg'><img width=\"150\" height=\"150\" src=\"https:\/\/www.visit-ulcinj.com\/blog\/wp-content\/uploads\/2010\/03\/Organizata-Turistike-e-Ulqinit-ne-panairin-e-turizmit-ne-Berlin.22-150x150.jpg\" class=\"attachment-thumbnail size-thumbnail\" alt=\"\" loading=\"lazy\" \/><\/a>\n\t\t\t<\/dt><\/dl><dl class='gallery-item'>\n\t\t\t<dt class='gallery-icon landscape'>\n\t\t\t\t<a href='https:\/\/www.visit-ulcinj.com\/blog\/wp-content\/uploads\/2010\/03\/Organizata-Turistike-e-Ulqinit-ne-panairin-e-turizmit-ne-Berlin.23.jpg'><img width=\"150\" height=\"150\" src=\"https:\/\/www.visit-ulcinj.com\/blog\/wp-content\/uploads\/2010\/03\/Organizata-Turistike-e-Ulqinit-ne-panairin-e-turizmit-ne-Berlin.23-150x150.jpg\" class=\"attachment-thumbnail size-thumbnail\" alt=\"\" loading=\"lazy\" \/><\/a>\n\t\t\t<\/dt><\/dl><br style=\"clear: both\" \/>\n\t\t<\/div>\n<br \/>\n[flv width=&#8221;580&#8243;  height=&#8221;400&#8243;]http:\/\/video.zoover.nl\/media\/play\/2010\/01\/20100125130811_025.flv[\/flv]<\/p>\n","protected":false},"excerpt":{"rendered":"<p>Organizat Turistike e Ulqinit morri pjes n\u00eb panairin e turizmit n\u00eb Berlin m\u00eb 14-17 mars 2010. Prezantimi i radhes i ofert\u00ebs turistike t\u00eb Organizates Turistike t\u00eb\u00a0 Ulqinit (OTU)n\u00eb panairin turistik n\u00eb Berlin, ku u b\u00eb hartimi i materialeve t\u00eb reja turistike propagandistike t\u00eb Ulqinit por gjithashtu moren pjes edhe aktoret principale te lamis te turizmit [&hellip;]<\/p>\n","protected":false},"author":1,"featured_media":0,"comment_status":"open","ping_status":"closed","sticky":false,"template":"","format":"standard","meta":{"spay_email":"","jetpack_publicize_message":"","jetpack_is_tweetstorm":false,"jetpack_publicize_feature_enabled":true},"categories":[1],"tags":[8027,13869,13871,2462,12327,13870,671,13867,13868,9988],"jetpack_publicize_connections":[],"yoast_head":"<!-- This site is optimized with the Yoast SEO plugin v19.1 - https:\/\/yoast.com\/wordpress\/plugins\/seo\/ -->\n<title>Organizata Turistike e Ulqinit mori pjes n\u00eb panairin e turizmit n\u00eb Berlin - Lajme nga Ulqini<\/title>\n<meta name=\"description\" content=\"Organizat Turistike e Ulqinit morri pjes n\u00eb panairin e turizmit n\u00eb Berlin m\u00eb 14-17 mars 2010. Prezantimi i radhes i ofert\u00ebs turistike t\u00eb Organizates\" \/>\n<meta name=\"robots\" content=\"index, follow, max-snippet:-1, max-image-preview:large, max-video-preview:-1\" \/>\n<link rel=\"canonical\" href=\"https:\/\/www.visit-ulcinj.com\/blog\/2010\/03\/17\/organizata-turistike-e-ulqinit-mori-pjes-ne-panairin-e-turizmit-ne-berlin\/\" \/>\n<meta property=\"og:locale\" content=\"en_US\" \/>\n<meta property=\"og:type\" content=\"article\" \/>\n<meta property=\"og:title\" content=\"Organizata Turistike e Ulqinit mori pjes n\u00eb panairin e turizmit n\u00eb Berlin - Lajme nga Ulqini\" \/>\n<meta property=\"og:description\" content=\"Organizat Turistike e Ulqinit morri pjes n\u00eb panairin e turizmit n\u00eb Berlin m\u00eb 14-17 mars 2010. Prezantimi i radhes i ofert\u00ebs turistike t\u00eb Organizates\" \/>\n<meta property=\"og:url\" content=\"https:\/\/www.visit-ulcinj.com\/blog\/2010\/03\/17\/organizata-turistike-e-ulqinit-mori-pjes-ne-panairin-e-turizmit-ne-berlin\/\" \/>\n<meta property=\"og:site_name\" content=\"Lajme nga Ulqini\" \/>\n<meta property=\"article:published_time\" content=\"2010-03-17T18:06:12+00:00\" \/>\n<meta property=\"article:modified_time\" content=\"2010-03-17T18:11:34+00:00\" \/>\n<meta property=\"og:image\" content=\"https:\/\/www.visit-ulcinj.com\/blog\/wp-content\/uploads\/2010\/03\/Organizata-Turistike-e-Ulqinit-ne-panairin-e-turizmit-ne-Berlin-150x150.jpg\" \/>\n<meta name=\"twitter:label1\" content=\"Written by\" \/>\n\t<meta name=\"twitter:data1\" content=\"ulqini\" \/>\n\t<meta name=\"twitter:label2\" content=\"Est. reading time\" \/>\n\t<meta name=\"twitter:data2\" content=\"3 minutes\" \/>\n<script type=\"application\/ld+json\" class=\"yoast-schema-graph\">{\"@context\":\"https:\/\/schema.org\",\"@graph\":[{\"@type\":\"WebSite\",\"@id\":\"https:\/\/www.visit-ulcinj.com\/blog\/#website\",\"url\":\"https:\/\/www.visit-ulcinj.com\/blog\/\",\"name\":\"Lajme nga Ulqini\",\"description\":\"Lajme,Vijesti,Ulqini,Ulqin,Crna Gora,Mali i Zi\",\"potentialAction\":[{\"@type\":\"SearchAction\",\"target\":{\"@type\":\"EntryPoint\",\"urlTemplate\":\"https:\/\/www.visit-ulcinj.com\/blog\/?s={search_term_string}\"},\"query-input\":\"required name=search_term_string\"}],\"inLanguage\":\"en-US\"},{\"@type\":\"ImageObject\",\"inLanguage\":\"en-US\",\"@id\":\"https:\/\/www.visit-ulcinj.com\/blog\/2010\/03\/17\/organizata-turistike-e-ulqinit-mori-pjes-ne-panairin-e-turizmit-ne-berlin\/#primaryimage\",\"url\":\"https:\/\/www.visit-ulcinj.com\/blog\/wp-content\/uploads\/2010\/03\/Organizata-Turistike-e-Ulqinit-ne-panairin-e-turizmit-ne-Berlin.17.jpg\",\"contentUrl\":\"https:\/\/www.visit-ulcinj.com\/blog\/wp-content\/uploads\/2010\/03\/Organizata-Turistike-e-Ulqinit-ne-panairin-e-turizmit-ne-Berlin.17.jpg\",\"width\":\"1024\",\"height\":\"768\"},{\"@type\":\"WebPage\",\"@id\":\"https:\/\/www.visit-ulcinj.com\/blog\/2010\/03\/17\/organizata-turistike-e-ulqinit-mori-pjes-ne-panairin-e-turizmit-ne-berlin\/#webpage\",\"url\":\"https:\/\/www.visit-ulcinj.com\/blog\/2010\/03\/17\/organizata-turistike-e-ulqinit-mori-pjes-ne-panairin-e-turizmit-ne-berlin\/\",\"name\":\"Organizata Turistike e Ulqinit mori pjes n\u00eb panairin e turizmit n\u00eb Berlin - Lajme nga Ulqini\",\"isPartOf\":{\"@id\":\"https:\/\/www.visit-ulcinj.com\/blog\/#website\"},\"primaryImageOfPage\":{\"@id\":\"https:\/\/www.visit-ulcinj.com\/blog\/2010\/03\/17\/organizata-turistike-e-ulqinit-mori-pjes-ne-panairin-e-turizmit-ne-berlin\/#primaryimage\"},\"datePublished\":\"2010-03-17T18:06:12+00:00\",\"dateModified\":\"2010-03-17T18:11:34+00:00\",\"author\":{\"@id\":\"https:\/\/www.visit-ulcinj.com\/blog\/#\/schema\/person\/dcab619c614d3038751c63bc2aadc06d\"},\"description\":\"Organizat Turistike e Ulqinit morri pjes n\u00eb panairin e turizmit n\u00eb Berlin m\u00eb 14-17 mars 2010. Prezantimi i radhes i ofert\u00ebs turistike t\u00eb Organizates\",\"breadcrumb\":{\"@id\":\"https:\/\/www.visit-ulcinj.com\/blog\/2010\/03\/17\/organizata-turistike-e-ulqinit-mori-pjes-ne-panairin-e-turizmit-ne-berlin\/#breadcrumb\"},\"inLanguage\":\"en-US\",\"potentialAction\":[{\"@type\":\"ReadAction\",\"target\":[\"https:\/\/www.visit-ulcinj.com\/blog\/2010\/03\/17\/organizata-turistike-e-ulqinit-mori-pjes-ne-panairin-e-turizmit-ne-berlin\/\"]}]},{\"@type\":\"BreadcrumbList\",\"@id\":\"https:\/\/www.visit-ulcinj.com\/blog\/2010\/03\/17\/organizata-turistike-e-ulqinit-mori-pjes-ne-panairin-e-turizmit-ne-berlin\/#breadcrumb\",\"itemListElement\":[{\"@type\":\"ListItem\",\"position\":1,\"name\":\"Organizata Turistike e Ulqinit mori pjes n\u00eb panairin e turizmit n\u00eb Berlin\"}]},{\"@type\":\"Person\",\"@id\":\"https:\/\/www.visit-ulcinj.com\/blog\/#\/schema\/person\/dcab619c614d3038751c63bc2aadc06d\",\"name\":\"ulqini\",\"sameAs\":[\"http:\/\/www.visit-ulcinj.com\"],\"url\":\"https:\/\/www.visit-ulcinj.com\/blog\/author\/admin\/\"}]}<\/script>\n<!-- \/ Yoast SEO plugin. -->","yoast_head_json":{"title":"Organizata Turistike e Ulqinit mori pjes n\u00eb panairin e turizmit n\u00eb Berlin - Lajme nga Ulqini","description":"Organizat Turistike e Ulqinit morri pjes n\u00eb panairin e turizmit n\u00eb Berlin m\u00eb 14-17 mars 2010. Prezantimi i radhes i ofert\u00ebs turistike t\u00eb Organizates","robots":{"index":"index","follow":"follow","max-snippet":"max-snippet:-1","max-image-preview":"max-image-preview:large","max-video-preview":"max-video-preview:-1"},"canonical":"https:\/\/www.visit-ulcinj.com\/blog\/2010\/03\/17\/organizata-turistike-e-ulqinit-mori-pjes-ne-panairin-e-turizmit-ne-berlin\/","og_locale":"en_US","og_type":"article","og_title":"Organizata Turistike e Ulqinit mori pjes n\u00eb panairin e turizmit n\u00eb Berlin - Lajme nga Ulqini","og_description":"Organizat Turistike e Ulqinit morri pjes n\u00eb panairin e turizmit n\u00eb Berlin m\u00eb 14-17 mars 2010. Prezantimi i radhes i ofert\u00ebs turistike t\u00eb Organizates","og_url":"https:\/\/www.visit-ulcinj.com\/blog\/2010\/03\/17\/organizata-turistike-e-ulqinit-mori-pjes-ne-panairin-e-turizmit-ne-berlin\/","og_site_name":"Lajme nga Ulqini","article_published_time":"2010-03-17T18:06:12+00:00","article_modified_time":"2010-03-17T18:11:34+00:00","og_image":[{"url":"https:\/\/www.visit-ulcinj.com\/blog\/wp-content\/uploads\/2010\/03\/Organizata-Turistike-e-Ulqinit-ne-panairin-e-turizmit-ne-Berlin-150x150.jpg"}],"twitter_misc":{"Written by":"ulqini","Est. reading time":"3 minutes"},"schema":{"@context":"https:\/\/schema.org","@graph":[{"@type":"WebSite","@id":"https:\/\/www.visit-ulcinj.com\/blog\/#website","url":"https:\/\/www.visit-ulcinj.com\/blog\/","name":"Lajme nga Ulqini","description":"Lajme,Vijesti,Ulqini,Ulqin,Crna Gora,Mali i Zi","potentialAction":[{"@type":"SearchAction","target":{"@type":"EntryPoint","urlTemplate":"https:\/\/www.visit-ulcinj.com\/blog\/?s={search_term_string}"},"query-input":"required name=search_term_string"}],"inLanguage":"en-US"},{"@type":"ImageObject","inLanguage":"en-US","@id":"https:\/\/www.visit-ulcinj.com\/blog\/2010\/03\/17\/organizata-turistike-e-ulqinit-mori-pjes-ne-panairin-e-turizmit-ne-berlin\/#primaryimage","url":"https:\/\/www.visit-ulcinj.com\/blog\/wp-content\/uploads\/2010\/03\/Organizata-Turistike-e-Ulqinit-ne-panairin-e-turizmit-ne-Berlin.17.jpg","contentUrl":"https:\/\/www.visit-ulcinj.com\/blog\/wp-content\/uploads\/2010\/03\/Organizata-Turistike-e-Ulqinit-ne-panairin-e-turizmit-ne-Berlin.17.jpg","width":"1024","height":"768"},{"@type":"WebPage","@id":"https:\/\/www.visit-ulcinj.com\/blog\/2010\/03\/17\/organizata-turistike-e-ulqinit-mori-pjes-ne-panairin-e-turizmit-ne-berlin\/#webpage","url":"https:\/\/www.visit-ulcinj.com\/blog\/2010\/03\/17\/organizata-turistike-e-ulqinit-mori-pjes-ne-panairin-e-turizmit-ne-berlin\/","name":"Organizata Turistike e Ulqinit mori pjes n\u00eb panairin e turizmit n\u00eb Berlin - Lajme nga Ulqini","isPartOf":{"@id":"https:\/\/www.visit-ulcinj.com\/blog\/#website"},"primaryImageOfPage":{"@id":"https:\/\/www.visit-ulcinj.com\/blog\/2010\/03\/17\/organizata-turistike-e-ulqinit-mori-pjes-ne-panairin-e-turizmit-ne-berlin\/#primaryimage"},"datePublished":"2010-03-17T18:06:12+00:00","dateModified":"2010-03-17T18:11:34+00:00","author":{"@id":"https:\/\/www.visit-ulcinj.com\/blog\/#\/schema\/person\/dcab619c614d3038751c63bc2aadc06d"},"description":"Organizat Turistike e Ulqinit morri pjes n\u00eb panairin e turizmit n\u00eb Berlin m\u00eb 14-17 mars 2010. Prezantimi i radhes i ofert\u00ebs turistike t\u00eb Organizates","breadcrumb":{"@id":"https:\/\/www.visit-ulcinj.com\/blog\/2010\/03\/17\/organizata-turistike-e-ulqinit-mori-pjes-ne-panairin-e-turizmit-ne-berlin\/#breadcrumb"},"inLanguage":"en-US","potentialAction":[{"@type":"ReadAction","target":["https:\/\/www.visit-ulcinj.com\/blog\/2010\/03\/17\/organizata-turistike-e-ulqinit-mori-pjes-ne-panairin-e-turizmit-ne-berlin\/"]}]},{"@type":"BreadcrumbList","@id":"https:\/\/www.visit-ulcinj.com\/blog\/2010\/03\/17\/organizata-turistike-e-ulqinit-mori-pjes-ne-panairin-e-turizmit-ne-berlin\/#breadcrumb","itemListElement":[{"@type":"ListItem","position":1,"name":"Organizata Turistike e Ulqinit mori pjes n\u00eb panairin e turizmit n\u00eb Berlin"}]},{"@type":"Person","@id":"https:\/\/www.visit-ulcinj.com\/blog\/#\/schema\/person\/dcab619c614d3038751c63bc2aadc06d","name":"ulqini","sameAs":["http:\/\/www.visit-ulcinj.com"],"url":"https:\/\/www.visit-ulcinj.com\/blog\/author\/admin\/"}]}},"jetpack_featured_media_url":"","jetpack_sharing_enabled":true,"jetpack_shortlink":"https:\/\/wp.me\/pe6lTn-89F","_links":{"self":[{"href":"https:\/\/www.visit-ulcinj.com\/blog\/wp-json\/wp\/v2\/posts\/31351"}],"collection":[{"href":"https:\/\/www.visit-ulcinj.com\/blog\/wp-json\/wp\/v2\/posts"}],"about":[{"href":"https:\/\/www.visit-ulcinj.com\/blog\/wp-json\/wp\/v2\/types\/post"}],"author":[{"embeddable":true,"href":"https:\/\/www.visit-ulcinj.com\/blog\/wp-json\/wp\/v2\/users\/1"}],"replies":[{"embeddable":true,"href":"https:\/\/www.visit-ulcinj.com\/blog\/wp-json\/wp\/v2\/comments?post=31351"}],"version-history":[{"count":0,"href":"https:\/\/www.visit-ulcinj.com\/blog\/wp-json\/wp\/v2\/posts\/31351\/revisions"}],"wp:attachment":[{"href":"https:\/\/www.visit-ulcinj.com\/blog\/wp-json\/wp\/v2\/media?parent=31351"}],"wp:term":[{"taxonomy":"category","embeddable":true,"href":"https:\/\/www.visit-ulcinj.com\/blog\/wp-json\/wp\/v2\/categories?post=31351"},{"taxonomy":"post_tag","embeddable":true,"href":"https:\/\/www.visit-ulcinj.com\/blog\/wp-json\/wp\/v2\/tags?post=31351"}],"curies":[{"name":"wp","href":"https:\/\/api.w.org\/{rel}","templated":true}]}}