{"id":31385,"date":"2010-03-17T22:53:10","date_gmt":"2010-03-17T20:53:10","guid":{"rendered":"http:\/\/www.visit-ulcinj.com\/blog\/?p=31385"},"modified":"2010-03-17T23:11:27","modified_gmt":"2010-03-17T21:11:27","slug":"stari-grad-ulcinj-za-listu-unesco-a","status":"publish","type":"post","link":"https:\/\/www.visit-ulcinj.com\/blog\/2010\/03\/17\/stari-grad-ulcinj-za-listu-unesco-a\/","title":{"rendered":"Stari grad Ulcinj za Listu UNESCO-a"},"content":{"rendered":"<p><strong><a href=\"http:\/\/www.visit-ulcinj.com\/blog\/wp-content\/uploads\/2010\/03\/old-town-ulcinj-montenegro_UNESCO.1.JPG\"><img loading=\"lazy\" class=\"alignleft size-full wp-image-31388\" title=\"old town-ulcinj-montenegro_UNESCO.1\" src=\"http:\/\/www.visit-ulcinj.com\/blog\/wp-content\/uploads\/2010\/03\/old-town-ulcinj-montenegro_UNESCO.1.JPG\" alt=\"old town-ulcinj-montenegro_UNESCO.1\" width=\"580\" height=\"400\" \/><\/a>Stav<\/strong><br \/>\nDobra kulturnog naslje?a imaju osnovni zna?aj za razvoj kulturnog turizma. Kako navodi Konrad (1982): \u201c\u017delja za retrospekcijom, koja je prouzrokovana psiholo\u0161kom potrebom za kontinuitetom ili traganjem za korijenima, dovodi do interesa za pro\u0161lost\u201d. Dobra kulturnog naslje?a, kao \u0161to je milenijumski Stari grad Ulcinj, nije vi\u0161e samo reprezentacija pro\u0161losti, nego predstavlja i mjesto susreta razli?itih kultura.<br \/>\nKako se navodi u ?lanku UNESCO-a: \u201cSvako od nas, svaki gra?anin svijeta ima svoj &#8216;dio&#8217; u zajedni?kom naslje?u, ali njegovo pravo da ga &#8216;koristi&#8217; radi do\u017eivljaja i edukacije mora biti komplementarno i neodvojivo od obaveze njegovog razumjevanja i o?uvanja\u201d. \u201cDanas smo suo?eni sa novim izazovom: u?initi raznolikost instrumentom dijaloga i razumijevanja\u201d.<br \/>\nSve je ve?a zainteresovanost istra\u017eiva?a iz oblasti turizma, kao i turista, za kulturne pejza\u017ee. Prvi ekspertski sastanak o kulturnim pejza\u017eima koji pripadaju svijetskoj ba\u0161tini odr\u017ean je u Francuskoj 1992. godine (La Petite Pierre), na kojem se raspravljalo o kategorijama kulturnih pejza\u017ea i njihovoj izuzetnoj univerzalnoj vrijednosti. Ove kategorije su uklju?ene u Operativno uputstvo, na 16. sjednici Komiteta za svjetsku ba\u0161tinu, koja je odr\u017eana iste godine.<br \/>\nNajva\u017enija me?unarodna organizacija koja se bavi za\u0161titom dobara kulturnog naslije?a je ICOMOS &#8211; Me?unarodni savjet spomenika i lokaliteta, a dr\u017eave koje su ?lanice ICOMOS-a imaju svoje nacionalne komitete. Organizacija je osnovana 1965. godine i ima ?lanice u 107 zemalja. ICOMOS je glavni savjetnik u domenu konzervacije i za\u0161tite spomenika i lokaliteta UNESCO-a, a tako?e ima va\u017enu ulogu pri nominaciji novih lokaliteta za Listu svjetske ba\u0161tine.<br \/>\nPosljednjih godina UNESCO je prihvatio jedan inkluzivniji pristup nominaciji za Listu svjetske kulturne ba\u0161tine, fokusiraju?i se sve vi\u0161e na istorijske i kulturne vrijednosti kulturnih dobara, pored onih estetskih. Sve ve?i zna?aj pridaje se reprezentacijama neopipljivih dobara starosjedila?kih zajednica.<br \/>\nKonvencija o svjetskoj ba\u0161tini, ?iji je pravi naslov Konvencija o za\u0161titi svjetske kulturne i prirodne ba\u0161tine, izra?ena je od strane UNESCO-a 1972. godine, i ona defini\u0161e vrstu prirodnog i kulturnog dobra koje mo\u017ee da bude razmatrano za upisivanje u Listu svjetske ba\u0161tine, kao i obaveze dr\u017eava ?lanica prema ovim dobrima. Predlog za upis na Listu svjetske ba\u0161tine dolazi od zemlje ?lanice, i on uklju?uje detaljan plan upravljanja odnosno za\u0161tite prirodnog ili kulturnog dobra. Komitet za svjetsku ba\u0161tinu se sastaje jednom godi\u0161nje i tom prilikom ispituje ispunjenost uslova za nominaciju, na osnovu predloga ICOMOS-a i Svjetske konzervacione unije (IUCN).<br \/>\nPojam izuzetne univerzalne vrijednosti kulturnog dobra tako?e se defini\u0161e: spomenik, grupa zgrada ili mjesto koje je nominovano za Listu svjetske ba\u0161tine smatra?e se da imaju izuzetnu univerzalnu vrijednost (u smislu Konvencije) ako Komitet utvrdi da ispunjavaju jedan ili vi\u0161e od sljede?ih kriterijuma:<\/p>\n<ul>\n<li> <strong>1. reprezentuju jedinstveno umjetni?ko dostignu?e, djelo kreativnog genija; ili<\/strong><\/li>\n<li><strong> 2. imaju izuzetno velik uticaj u odre?enom vremenskom intervalu u oblasti kulture u svijetu, na razvoj arhitekture, spomeni?ku umjetnost ili planiranje gradova i pejza\u017ea; ili<\/strong><\/li>\n<li><strong> 3. predstavljaju jedinstveno ili barem izuzetno svjedo?enje o civilizaciji koja je nastala; ili<\/strong><\/li>\n<li><strong> 4. predstavljaju izuzetan primjer tipa zgrada ili arhitektonskih skupina koje ilustruju va\u017ean dio istorije; ili<\/strong><\/li>\n<li><strong> 5. predstavljaju izuzetan primjer tradicionalnih ljudskih naseobina koje reprezentuju kulturu i koje su izlo\u017eene uticaju nepovratnih promjena; ili<\/strong><\/li>\n<li><strong> 6. mogu biti asocirani na doga?aje, ideje ili vjerovanja od izuzetnog univerzalnog zna?aja (po ovom kriterijumu se mo\u017ee na Listu uklju?iti samo pod izuzetnim okolnostima ili ako ispunjavaju i druge kriterijume).<\/strong><\/li>\n<\/ul>\n<p>Mi\u0161ljenja smo da Stari grad Ulcinj zaslu\u017euje posebnu pa\u017enju po pitanju ispunjavanja jednog ili vi\u0161e od navedenih kriterijuma. Od 1992. godine i kulturni pejza\u017ei su stavljeni na Listu svjetske kulturne ba\u0161tine.<br \/>\nDr\u017eave ?lanice Konvencije treba da prepoznaju svoju odgovornost za o?uvanje svjetske ba\u0161tine na njihovoj teritoriji.<br \/>\nJedan od va\u017enih zadataka u o?uvanju izuzetnih kulturnih i prirodnih dobara je odsustvo plana za razvoj masovnog turizma na destinacijama na kojima su ova dobra, jer prisustvo velikog broja turista na ovim destinacijama mo\u017ee da stvori uslove za ubrzanu eroziju ovih dobara. Veoma je bitno i da lokalna zajednica bude upoznata sa zna?ajem prirodnog i kulturnog dobra sa Liste svjetske ba\u0161tine. Uloga lokalne zajednice u procesu upravljanja kulturnim dobrima je nezaobilazna, i ?lanovi lokalne zajednice su ?esto najbolji volonteri i grupa za podr\u0161ku cjelokupnim aktivnostima vezanim za kulturno dobro.<\/p>\n<p>Autor je predava? na Univerzitetu Crne Gore<br \/>\n<strong>Pi\u0161e: dr Maksut D\u017e. Had\u017eibrahimovi?<br \/>\n<a href=\"http:\/\/www.vijesti.me\">Vijesti<br \/>\n\n\t\t<style type=\"text\/css\">\n\t\t\t#gallery-1 {\n\t\t\t\tmargin: auto;\n\t\t\t}\n\t\t\t#gallery-1 .gallery-item {\n\t\t\t\tfloat: left;\n\t\t\t\tmargin-top: 10px;\n\t\t\t\ttext-align: center;\n\t\t\t\twidth: 33%;\n\t\t\t}\n\t\t\t#gallery-1 img {\n\t\t\t\tborder: 2px solid #cfcfcf;\n\t\t\t}\n\t\t\t#gallery-1 .gallery-caption {\n\t\t\t\tmargin-left: 0;\n\t\t\t}\n\t\t\t\/* see gallery_shortcode() in wp-includes\/media.php *\/\n\t\t<\/style>\n\t\t<div id='gallery-1' class='gallery galleryid-31385 gallery-columns-3 gallery-size-thumbnail'><dl class='gallery-item'>\n\t\t\t<dt class='gallery-icon landscape'>\n\t\t\t\t<a href='https:\/\/www.visit-ulcinj.com\/blog\/wp-content\/uploads\/2010\/03\/old-town-ulcinj-montenegro_UNESCO.1.JPG'><img width=\"150\" height=\"150\" src=\"https:\/\/www.visit-ulcinj.com\/blog\/wp-content\/uploads\/2010\/03\/old-town-ulcinj-montenegro_UNESCO.1-150x150.jpg\" class=\"attachment-thumbnail size-thumbnail\" alt=\"\" loading=\"lazy\" \/><\/a>\n\t\t\t<\/dt><\/dl><dl class='gallery-item'>\n\t\t\t<dt class='gallery-icon landscape'>\n\t\t\t\t<a href='https:\/\/www.visit-ulcinj.com\/blog\/wp-content\/uploads\/2010\/03\/Old-town-Ulcinj-Montenegro.1.jpg'><img width=\"150\" height=\"150\" src=\"https:\/\/www.visit-ulcinj.com\/blog\/wp-content\/uploads\/2010\/03\/Old-town-Ulcinj-Montenegro.1-150x150.jpg\" class=\"attachment-thumbnail size-thumbnail\" alt=\"\" loading=\"lazy\" \/><\/a>\n\t\t\t<\/dt><\/dl><dl class='gallery-item'>\n\t\t\t<dt class='gallery-icon portrait'>\n\t\t\t\t<a href='https:\/\/www.visit-ulcinj.com\/blog\/wp-content\/uploads\/2010\/03\/Old-town-Ulcinj-Montenegro.2.JPG'><img width=\"150\" height=\"150\" src=\"https:\/\/www.visit-ulcinj.com\/blog\/wp-content\/uploads\/2010\/03\/Old-town-Ulcinj-Montenegro.2-150x150.jpg\" class=\"attachment-thumbnail size-thumbnail\" alt=\"\" loading=\"lazy\" \/><\/a>\n\t\t\t<\/dt><\/dl><br style=\"clear: both\" \/><dl class='gallery-item'>\n\t\t\t<dt class='gallery-icon portrait'>\n\t\t\t\t<a href='https:\/\/www.visit-ulcinj.com\/blog\/wp-content\/uploads\/2010\/03\/Old-town-Ulcinj-Montenegro.3.jpg'><img width=\"150\" height=\"150\" src=\"https:\/\/www.visit-ulcinj.com\/blog\/wp-content\/uploads\/2010\/03\/Old-town-Ulcinj-Montenegro.3-150x150.jpg\" class=\"attachment-thumbnail size-thumbnail\" alt=\"\" loading=\"lazy\" \/><\/a>\n\t\t\t<\/dt><\/dl><dl class='gallery-item'>\n\t\t\t<dt class='gallery-icon portrait'>\n\t\t\t\t<a href='https:\/\/www.visit-ulcinj.com\/blog\/wp-content\/uploads\/2010\/03\/Old-town-Ulcinj-Montenegro.5.jpg'><img width=\"150\" height=\"150\" src=\"https:\/\/www.visit-ulcinj.com\/blog\/wp-content\/uploads\/2010\/03\/Old-town-Ulcinj-Montenegro.5-150x150.jpg\" class=\"attachment-thumbnail size-thumbnail\" alt=\"\" loading=\"lazy\" \/><\/a>\n\t\t\t<\/dt><\/dl><dl class='gallery-item'>\n\t\t\t<dt class='gallery-icon landscape'>\n\t\t\t\t<a href='https:\/\/www.visit-ulcinj.com\/blog\/wp-content\/uploads\/2010\/03\/Old-town-Ulcinj-Montenegro.6.jpg'><img width=\"150\" height=\"150\" src=\"https:\/\/www.visit-ulcinj.com\/blog\/wp-content\/uploads\/2010\/03\/Old-town-Ulcinj-Montenegro.6-150x150.jpg\" class=\"attachment-thumbnail size-thumbnail\" alt=\"\" loading=\"lazy\" \/><\/a>\n\t\t\t<\/dt><\/dl><br style=\"clear: both\" \/><dl class='gallery-item'>\n\t\t\t<dt class='gallery-icon landscape'>\n\t\t\t\t<a href='https:\/\/www.visit-ulcinj.com\/blog\/wp-content\/uploads\/2010\/03\/Old-town-Ulcinj-Montenegro.7.jpg'><img width=\"150\" height=\"150\" src=\"https:\/\/www.visit-ulcinj.com\/blog\/wp-content\/uploads\/2010\/03\/Old-town-Ulcinj-Montenegro.7-150x150.jpg\" class=\"attachment-thumbnail size-thumbnail\" alt=\"\" loading=\"lazy\" \/><\/a>\n\t\t\t<\/dt><\/dl><dl class='gallery-item'>\n\t\t\t<dt class='gallery-icon landscape'>\n\t\t\t\t<a href='https:\/\/www.visit-ulcinj.com\/blog\/wp-content\/uploads\/2010\/03\/Old-town-Ulcinj-Montenegro.8.jpg'><img width=\"150\" height=\"150\" src=\"https:\/\/www.visit-ulcinj.com\/blog\/wp-content\/uploads\/2010\/03\/Old-town-Ulcinj-Montenegro.8-150x150.jpg\" class=\"attachment-thumbnail size-thumbnail\" alt=\"\" loading=\"lazy\" \/><\/a>\n\t\t\t<\/dt><\/dl><dl class='gallery-item'>\n\t\t\t<dt class='gallery-icon portrait'>\n\t\t\t\t<a href='https:\/\/www.visit-ulcinj.com\/blog\/wp-content\/uploads\/2010\/03\/Old-town-Ulcinj-Montenegro.jpg'><img width=\"150\" height=\"150\" src=\"https:\/\/www.visit-ulcinj.com\/blog\/wp-content\/uploads\/2010\/03\/Old-town-Ulcinj-Montenegro-150x150.jpg\" class=\"attachment-thumbnail size-thumbnail\" alt=\"\" loading=\"lazy\" \/><\/a>\n\t\t\t<\/dt><\/dl><br style=\"clear: both\" \/>\n\t\t<\/div>\n<br \/>\n<\/a><\/strong>[flv width=&#8221;580&#8243;   height=&#8221;400&#8243;]http:\/\/video.zoover.nl\/media\/play\/2010\/01\/20100125130811_025.flv[\/flv]<a href=\"http:\/\/www.vijesti.me\"><\/a><\/p>\n","protected":false},"excerpt":{"rendered":"<p>Stav Dobra kulturnog naslje?a imaju osnovni zna?aj za razvoj kulturnog turizma. Kako navodi Konrad (1982): \u201c\u017delja za retrospekcijom, koja je prouzrokovana psiholo\u0161kom potrebom za kontinuitetom ili traganjem za korijenima, dovodi do interesa za pro\u0161lost\u201d. Dobra kulturnog naslje?a, kao \u0161to je milenijumski Stari grad Ulcinj, nije vi\u0161e samo reprezentacija pro\u0161losti, nego predstavlja i mjesto susreta razli?itih [&hellip;]<\/p>\n","protected":false},"author":1,"featured_media":0,"comment_status":"open","ping_status":"closed","sticky":false,"template":"","format":"standard","meta":{"spay_email":"","jetpack_publicize_message":"","jetpack_is_tweetstorm":false,"jetpack_publicize_feature_enabled":true},"categories":[8337],"tags":[9898,13594,307],"jetpack_publicize_connections":[],"yoast_head":"<!-- This site is optimized with the Yoast SEO plugin v19.1 - https:\/\/yoast.com\/wordpress\/plugins\/seo\/ -->\n<title>Stari grad Ulcinj za Listu UNESCO-a - Lajme nga Ulqini<\/title>\n<meta name=\"description\" content=\"Stav Dobra kulturnog naslje?a imaju osnovni zna?aj za razvoj kulturnog turizma. Kako navodi Konrad (1982): \u201c\u017delja za retrospekcijom, koja je prouzrokovana\" \/>\n<meta name=\"robots\" content=\"index, follow, max-snippet:-1, max-image-preview:large, max-video-preview:-1\" \/>\n<link rel=\"canonical\" href=\"https:\/\/www.visit-ulcinj.com\/blog\/2010\/03\/17\/stari-grad-ulcinj-za-listu-unesco-a\/\" \/>\n<meta property=\"og:locale\" content=\"en_US\" \/>\n<meta property=\"og:type\" content=\"article\" \/>\n<meta property=\"og:title\" content=\"Stari grad Ulcinj za Listu UNESCO-a - Lajme nga Ulqini\" \/>\n<meta property=\"og:description\" content=\"Stav Dobra kulturnog naslje?a imaju osnovni zna?aj za razvoj kulturnog turizma. Kako navodi Konrad (1982): \u201c\u017delja za retrospekcijom, koja je prouzrokovana\" \/>\n<meta property=\"og:url\" content=\"https:\/\/www.visit-ulcinj.com\/blog\/2010\/03\/17\/stari-grad-ulcinj-za-listu-unesco-a\/\" \/>\n<meta property=\"og:site_name\" content=\"Lajme nga Ulqini\" \/>\n<meta property=\"article:published_time\" content=\"2010-03-17T20:53:10+00:00\" \/>\n<meta property=\"article:modified_time\" content=\"2010-03-17T21:11:27+00:00\" \/>\n<meta property=\"og:image\" content=\"https:\/\/www.visit-ulcinj.com\/blog\/wp-content\/uploads\/2010\/03\/old-town-ulcinj-montenegro_UNESCO.1-150x150.jpg\" \/>\n<meta name=\"twitter:label1\" content=\"Written by\" \/>\n\t<meta name=\"twitter:data1\" content=\"ulqini\" \/>\n\t<meta name=\"twitter:label2\" content=\"Est. reading time\" \/>\n\t<meta name=\"twitter:data2\" content=\"4 minutes\" \/>\n<script type=\"application\/ld+json\" class=\"yoast-schema-graph\">{\"@context\":\"https:\/\/schema.org\",\"@graph\":[{\"@type\":\"WebSite\",\"@id\":\"https:\/\/www.visit-ulcinj.com\/blog\/#website\",\"url\":\"https:\/\/www.visit-ulcinj.com\/blog\/\",\"name\":\"Lajme nga Ulqini\",\"description\":\"Lajme,Vijesti,Ulqini,Ulqin,Crna Gora,Mali i Zi\",\"potentialAction\":[{\"@type\":\"SearchAction\",\"target\":{\"@type\":\"EntryPoint\",\"urlTemplate\":\"https:\/\/www.visit-ulcinj.com\/blog\/?s={search_term_string}\"},\"query-input\":\"required name=search_term_string\"}],\"inLanguage\":\"en-US\"},{\"@type\":\"ImageObject\",\"inLanguage\":\"en-US\",\"@id\":\"https:\/\/www.visit-ulcinj.com\/blog\/2010\/03\/17\/stari-grad-ulcinj-za-listu-unesco-a\/#primaryimage\",\"url\":\"https:\/\/www.visit-ulcinj.com\/blog\/wp-content\/uploads\/2010\/03\/old-town-ulcinj-montenegro_UNESCO.1.JPG\",\"contentUrl\":\"https:\/\/www.visit-ulcinj.com\/blog\/wp-content\/uploads\/2010\/03\/old-town-ulcinj-montenegro_UNESCO.1.JPG\",\"width\":\"1060\",\"height\":\"1040\"},{\"@type\":\"WebPage\",\"@id\":\"https:\/\/www.visit-ulcinj.com\/blog\/2010\/03\/17\/stari-grad-ulcinj-za-listu-unesco-a\/#webpage\",\"url\":\"https:\/\/www.visit-ulcinj.com\/blog\/2010\/03\/17\/stari-grad-ulcinj-za-listu-unesco-a\/\",\"name\":\"Stari grad Ulcinj za Listu UNESCO-a - Lajme nga Ulqini\",\"isPartOf\":{\"@id\":\"https:\/\/www.visit-ulcinj.com\/blog\/#website\"},\"primaryImageOfPage\":{\"@id\":\"https:\/\/www.visit-ulcinj.com\/blog\/2010\/03\/17\/stari-grad-ulcinj-za-listu-unesco-a\/#primaryimage\"},\"datePublished\":\"2010-03-17T20:53:10+00:00\",\"dateModified\":\"2010-03-17T21:11:27+00:00\",\"author\":{\"@id\":\"https:\/\/www.visit-ulcinj.com\/blog\/#\/schema\/person\/dcab619c614d3038751c63bc2aadc06d\"},\"description\":\"Stav Dobra kulturnog naslje?a imaju osnovni zna?aj za razvoj kulturnog turizma. Kako navodi Konrad (1982): \u201c\u017delja za retrospekcijom, koja je prouzrokovana\",\"breadcrumb\":{\"@id\":\"https:\/\/www.visit-ulcinj.com\/blog\/2010\/03\/17\/stari-grad-ulcinj-za-listu-unesco-a\/#breadcrumb\"},\"inLanguage\":\"en-US\",\"potentialAction\":[{\"@type\":\"ReadAction\",\"target\":[\"https:\/\/www.visit-ulcinj.com\/blog\/2010\/03\/17\/stari-grad-ulcinj-za-listu-unesco-a\/\"]}]},{\"@type\":\"BreadcrumbList\",\"@id\":\"https:\/\/www.visit-ulcinj.com\/blog\/2010\/03\/17\/stari-grad-ulcinj-za-listu-unesco-a\/#breadcrumb\",\"itemListElement\":[{\"@type\":\"ListItem\",\"position\":1,\"name\":\"Stari grad Ulcinj za Listu UNESCO-a\"}]},{\"@type\":\"Person\",\"@id\":\"https:\/\/www.visit-ulcinj.com\/blog\/#\/schema\/person\/dcab619c614d3038751c63bc2aadc06d\",\"name\":\"ulqini\",\"sameAs\":[\"http:\/\/www.visit-ulcinj.com\"],\"url\":\"https:\/\/www.visit-ulcinj.com\/blog\/author\/admin\/\"}]}<\/script>\n<!-- \/ Yoast SEO plugin. -->","yoast_head_json":{"title":"Stari grad Ulcinj za Listu UNESCO-a - Lajme nga Ulqini","description":"Stav Dobra kulturnog naslje?a imaju osnovni zna?aj za razvoj kulturnog turizma. Kako navodi Konrad (1982): \u201c\u017delja za retrospekcijom, koja je prouzrokovana","robots":{"index":"index","follow":"follow","max-snippet":"max-snippet:-1","max-image-preview":"max-image-preview:large","max-video-preview":"max-video-preview:-1"},"canonical":"https:\/\/www.visit-ulcinj.com\/blog\/2010\/03\/17\/stari-grad-ulcinj-za-listu-unesco-a\/","og_locale":"en_US","og_type":"article","og_title":"Stari grad Ulcinj za Listu UNESCO-a - Lajme nga Ulqini","og_description":"Stav Dobra kulturnog naslje?a imaju osnovni zna?aj za razvoj kulturnog turizma. Kako navodi Konrad (1982): \u201c\u017delja za retrospekcijom, koja je prouzrokovana","og_url":"https:\/\/www.visit-ulcinj.com\/blog\/2010\/03\/17\/stari-grad-ulcinj-za-listu-unesco-a\/","og_site_name":"Lajme nga Ulqini","article_published_time":"2010-03-17T20:53:10+00:00","article_modified_time":"2010-03-17T21:11:27+00:00","og_image":[{"url":"https:\/\/www.visit-ulcinj.com\/blog\/wp-content\/uploads\/2010\/03\/old-town-ulcinj-montenegro_UNESCO.1-150x150.jpg"}],"twitter_misc":{"Written by":"ulqini","Est. reading time":"4 minutes"},"schema":{"@context":"https:\/\/schema.org","@graph":[{"@type":"WebSite","@id":"https:\/\/www.visit-ulcinj.com\/blog\/#website","url":"https:\/\/www.visit-ulcinj.com\/blog\/","name":"Lajme nga Ulqini","description":"Lajme,Vijesti,Ulqini,Ulqin,Crna Gora,Mali i Zi","potentialAction":[{"@type":"SearchAction","target":{"@type":"EntryPoint","urlTemplate":"https:\/\/www.visit-ulcinj.com\/blog\/?s={search_term_string}"},"query-input":"required name=search_term_string"}],"inLanguage":"en-US"},{"@type":"ImageObject","inLanguage":"en-US","@id":"https:\/\/www.visit-ulcinj.com\/blog\/2010\/03\/17\/stari-grad-ulcinj-za-listu-unesco-a\/#primaryimage","url":"https:\/\/www.visit-ulcinj.com\/blog\/wp-content\/uploads\/2010\/03\/old-town-ulcinj-montenegro_UNESCO.1.JPG","contentUrl":"https:\/\/www.visit-ulcinj.com\/blog\/wp-content\/uploads\/2010\/03\/old-town-ulcinj-montenegro_UNESCO.1.JPG","width":"1060","height":"1040"},{"@type":"WebPage","@id":"https:\/\/www.visit-ulcinj.com\/blog\/2010\/03\/17\/stari-grad-ulcinj-za-listu-unesco-a\/#webpage","url":"https:\/\/www.visit-ulcinj.com\/blog\/2010\/03\/17\/stari-grad-ulcinj-za-listu-unesco-a\/","name":"Stari grad Ulcinj za Listu UNESCO-a - Lajme nga Ulqini","isPartOf":{"@id":"https:\/\/www.visit-ulcinj.com\/blog\/#website"},"primaryImageOfPage":{"@id":"https:\/\/www.visit-ulcinj.com\/blog\/2010\/03\/17\/stari-grad-ulcinj-za-listu-unesco-a\/#primaryimage"},"datePublished":"2010-03-17T20:53:10+00:00","dateModified":"2010-03-17T21:11:27+00:00","author":{"@id":"https:\/\/www.visit-ulcinj.com\/blog\/#\/schema\/person\/dcab619c614d3038751c63bc2aadc06d"},"description":"Stav Dobra kulturnog naslje?a imaju osnovni zna?aj za razvoj kulturnog turizma. Kako navodi Konrad (1982): \u201c\u017delja za retrospekcijom, koja je prouzrokovana","breadcrumb":{"@id":"https:\/\/www.visit-ulcinj.com\/blog\/2010\/03\/17\/stari-grad-ulcinj-za-listu-unesco-a\/#breadcrumb"},"inLanguage":"en-US","potentialAction":[{"@type":"ReadAction","target":["https:\/\/www.visit-ulcinj.com\/blog\/2010\/03\/17\/stari-grad-ulcinj-za-listu-unesco-a\/"]}]},{"@type":"BreadcrumbList","@id":"https:\/\/www.visit-ulcinj.com\/blog\/2010\/03\/17\/stari-grad-ulcinj-za-listu-unesco-a\/#breadcrumb","itemListElement":[{"@type":"ListItem","position":1,"name":"Stari grad Ulcinj za Listu UNESCO-a"}]},{"@type":"Person","@id":"https:\/\/www.visit-ulcinj.com\/blog\/#\/schema\/person\/dcab619c614d3038751c63bc2aadc06d","name":"ulqini","sameAs":["http:\/\/www.visit-ulcinj.com"],"url":"https:\/\/www.visit-ulcinj.com\/blog\/author\/admin\/"}]}},"jetpack_featured_media_url":"","jetpack_sharing_enabled":true,"jetpack_shortlink":"https:\/\/wp.me\/pe6lTn-8ad","_links":{"self":[{"href":"https:\/\/www.visit-ulcinj.com\/blog\/wp-json\/wp\/v2\/posts\/31385"}],"collection":[{"href":"https:\/\/www.visit-ulcinj.com\/blog\/wp-json\/wp\/v2\/posts"}],"about":[{"href":"https:\/\/www.visit-ulcinj.com\/blog\/wp-json\/wp\/v2\/types\/post"}],"author":[{"embeddable":true,"href":"https:\/\/www.visit-ulcinj.com\/blog\/wp-json\/wp\/v2\/users\/1"}],"replies":[{"embeddable":true,"href":"https:\/\/www.visit-ulcinj.com\/blog\/wp-json\/wp\/v2\/comments?post=31385"}],"version-history":[{"count":0,"href":"https:\/\/www.visit-ulcinj.com\/blog\/wp-json\/wp\/v2\/posts\/31385\/revisions"}],"wp:attachment":[{"href":"https:\/\/www.visit-ulcinj.com\/blog\/wp-json\/wp\/v2\/media?parent=31385"}],"wp:term":[{"taxonomy":"category","embeddable":true,"href":"https:\/\/www.visit-ulcinj.com\/blog\/wp-json\/wp\/v2\/categories?post=31385"},{"taxonomy":"post_tag","embeddable":true,"href":"https:\/\/www.visit-ulcinj.com\/blog\/wp-json\/wp\/v2\/tags?post=31385"}],"curies":[{"name":"wp","href":"https:\/\/api.w.org\/{rel}","templated":true}]}}