{"id":314,"date":"2008-01-28T14:28:22","date_gmt":"2008-01-28T19:28:22","guid":{"rendered":"http:\/\/www.visit-ulcinj.com\/blog\/2008\/01\/28\/vazhdon-seanca-e-kuvendit-te-komunes-se-ulqinit\/"},"modified":"2008-02-12T20:02:23","modified_gmt":"2008-02-13T01:02:23","slug":"vazhdon-seanca-e-kuvendit-te-komunes-se-ulqinit","status":"publish","type":"post","link":"https:\/\/www.visit-ulcinj.com\/blog\/2008\/01\/28\/vazhdon-seanca-e-kuvendit-te-komunes-se-ulqinit\/","title":{"rendered":"Vazhdon seanca e kuvendit t\u00eb Komun\u00ebs s\u00eb Ulqinit"},"content":{"rendered":"<p><a href=\"http:\/\/www.visit-ulcinj.com\/blog\/2008\/01\/28\/vazhdon-seanca-e-kuvendit-te-komunes-se-ulqinit\/buxheti-i-ulqinit\/\" rel=\"attachment wp-att-315\" title=\"Buxheti i Ulqinit\"><img loading=\"lazy\" src=\"http:\/\/www.visit-ulcinj.com\/blog\/wp-content\/uploads\/2008\/01\/buxheti-i-ulqinit.jpg\" alt=\"Buxheti i Ulqinit\" align=\"left\" height=\"88\" hspace=\"2\" vspace=\"2\" width=\"258\" \/><\/a><a href=\"http:\/\/www.kohajavore.cg.yu\" title=\"U miratuan Llogarit\u00eb p\u00ebrfundimtare t\u00eb komunes s\u00eb ulqinit\" target=\"_blank\"><strong>U miratuan Llogarit\u00eb p\u00ebrfundimtare<\/strong><\/a><br \/>\nUlqin &#8211; Kuvendi i Komun\u00ebs s\u00eb Ulqinit miratoi n\u00eb seanc\u00ebn e s\u00eb mart\u00ebs llogarit\u00eb p\u00ebrfundimtare p\u00ebr vitet 2004, 2005 dhe 2006. P\u00ebr llogarit\u00eb p\u00ebrfundimtare<!--more--> votuan k\u00ebshilltar\u00ebt e shumic\u00ebs parlamentare dhe nj\u00eb k\u00ebshilltar i BDSH-s\u00eb, kurse k\u00ebshilltar\u00ebt e Forc\u00ebs s\u00eb Re Demokratike, LD n\u00eb MZ dhe nj\u00eb k\u00ebshilltar i BDSH-s\u00eb e l\u00ebshuan Kuvendin.<br \/>\nLlogarit\u00eb p\u00ebrfundimtare u miratuan me obligimin e respektimit, zbatimit dhe m\u00ebnjanimit t\u00eb parregullsive t\u00eb v\u00ebrejtura nga Institucioni Shtet\u00ebror i Revizionit. Po ashtu me propozimin e shumic\u00ebs parlamentare u miratua p\u00ebrfundimi q\u00eb strukturat komunale n\u00eb afat prej 30 dit\u00ebsh t`i d\u00ebrgojn\u00eb Kuvendit raportin p\u00ebr aktivitetet e nd\u00ebrmarra dhe t\u00eb realizuara n\u00eb baz\u00eb t\u00eb rekomandimeve dhe sugjerimeve t\u00eb revizorit.<br \/>\nGjat\u00eb diskutimeve n\u00eb seanc\u00ebn e s\u00eb mart\u00ebs u d\u00ebgjuan mendime dhe kritika t\u00eb ndryshme p\u00ebr pun\u00ebn e struktur\u00ebs s\u00eb m\u00ebparshme udh\u00ebheq\u00ebse t\u00eb Komun\u00ebs s\u00eb Ulqinit.<\/p>\n<p>(Kohapress)<img loading=\"lazy\" src=\"http:\/\/www.kohajavore.cg.yu\/koha.jpg\" align=\"right\" height=\"38\" width=\"159\" \/><\/p>\n","protected":false},"excerpt":{"rendered":"<p><img loading=\"lazy\" src=\"http:\/\/www.visit-ulcinj.com\/blog\/wp-content\/uploads\/2008\/01\/buxheti-i-ulqinit.jpg\" alt=\"Buxheti i Ulqinit\" height=\"140\" width=\"140\" \/><\/p>\n","protected":false},"author":1,"featured_media":0,"comment_status":"open","ping_status":"closed","sticky":false,"template":"","format":"standard","meta":{"spay_email":"","jetpack_publicize_message":"","jetpack_is_tweetstorm":false,"jetpack_publicize_feature_enabled":true},"categories":[1],"tags":[1263,876,726,727,873,875,874,877,872,128],"jetpack_publicize_connections":[],"yoast_head":"<!-- This site is optimized with the Yoast SEO plugin v19.1 - https:\/\/yoast.com\/wordpress\/plugins\/seo\/ -->\n<title>Vazhdon seanca e kuvendit t\u00eb Komun\u00ebs s\u00eb Ulqinit - Lajme nga Ulqini<\/title>\n<meta name=\"robots\" content=\"index, follow, max-snippet:-1, max-image-preview:large, max-video-preview:-1\" \/>\n<link rel=\"canonical\" href=\"https:\/\/www.visit-ulcinj.com\/blog\/2008\/01\/28\/vazhdon-seanca-e-kuvendit-te-komunes-se-ulqinit\/\" \/>\n<meta property=\"og:locale\" content=\"en_US\" \/>\n<meta property=\"og:type\" content=\"article\" \/>\n<meta property=\"og:title\" content=\"Vazhdon seanca e kuvendit t\u00eb Komun\u00ebs s\u00eb Ulqinit - Lajme nga Ulqini\" \/>\n<meta property=\"og:url\" content=\"https:\/\/www.visit-ulcinj.com\/blog\/2008\/01\/28\/vazhdon-seanca-e-kuvendit-te-komunes-se-ulqinit\/\" \/>\n<meta property=\"og:site_name\" content=\"Lajme nga Ulqini\" \/>\n<meta property=\"article:published_time\" content=\"2008-01-28T19:28:22+00:00\" \/>\n<meta property=\"article:modified_time\" content=\"2008-02-13T01:02:23+00:00\" \/>\n<meta property=\"og:image\" content=\"http:\/\/www.visit-ulcinj.com\/blog\/wp-content\/uploads\/2008\/01\/buxheti-i-ulqinit.jpg\" \/>\n<meta name=\"twitter:label1\" content=\"Written by\" \/>\n\t<meta name=\"twitter:data1\" content=\"ulqini\" \/>\n\t<meta name=\"twitter:label2\" content=\"Est. reading time\" \/>\n\t<meta name=\"twitter:data2\" content=\"1 minute\" \/>\n<script type=\"application\/ld+json\" class=\"yoast-schema-graph\">{\"@context\":\"https:\/\/schema.org\",\"@graph\":[{\"@type\":\"WebSite\",\"@id\":\"https:\/\/www.visit-ulcinj.com\/blog\/#website\",\"url\":\"https:\/\/www.visit-ulcinj.com\/blog\/\",\"name\":\"Lajme nga Ulqini\",\"description\":\"Lajme,Vijesti,Ulqini,Ulqin,Crna Gora,Mali i Zi\",\"potentialAction\":[{\"@type\":\"SearchAction\",\"target\":{\"@type\":\"EntryPoint\",\"urlTemplate\":\"https:\/\/www.visit-ulcinj.com\/blog\/?s={search_term_string}\"},\"query-input\":\"required name=search_term_string\"}],\"inLanguage\":\"en-US\"},{\"@type\":\"ImageObject\",\"inLanguage\":\"en-US\",\"@id\":\"https:\/\/www.visit-ulcinj.com\/blog\/2008\/01\/28\/vazhdon-seanca-e-kuvendit-te-komunes-se-ulqinit\/#primaryimage\",\"url\":\"http:\/\/www.visit-ulcinj.com\/blog\/wp-content\/uploads\/2008\/01\/buxheti-i-ulqinit.jpg\",\"contentUrl\":\"http:\/\/www.visit-ulcinj.com\/blog\/wp-content\/uploads\/2008\/01\/buxheti-i-ulqinit.jpg\"},{\"@type\":\"WebPage\",\"@id\":\"https:\/\/www.visit-ulcinj.com\/blog\/2008\/01\/28\/vazhdon-seanca-e-kuvendit-te-komunes-se-ulqinit\/#webpage\",\"url\":\"https:\/\/www.visit-ulcinj.com\/blog\/2008\/01\/28\/vazhdon-seanca-e-kuvendit-te-komunes-se-ulqinit\/\",\"name\":\"Vazhdon seanca e kuvendit t\u00eb Komun\u00ebs s\u00eb Ulqinit - Lajme nga Ulqini\",\"isPartOf\":{\"@id\":\"https:\/\/www.visit-ulcinj.com\/blog\/#website\"},\"primaryImageOfPage\":{\"@id\":\"https:\/\/www.visit-ulcinj.com\/blog\/2008\/01\/28\/vazhdon-seanca-e-kuvendit-te-komunes-se-ulqinit\/#primaryimage\"},\"datePublished\":\"2008-01-28T19:28:22+00:00\",\"dateModified\":\"2008-02-13T01:02:23+00:00\",\"author\":{\"@id\":\"https:\/\/www.visit-ulcinj.com\/blog\/#\/schema\/person\/dcab619c614d3038751c63bc2aadc06d\"},\"breadcrumb\":{\"@id\":\"https:\/\/www.visit-ulcinj.com\/blog\/2008\/01\/28\/vazhdon-seanca-e-kuvendit-te-komunes-se-ulqinit\/#breadcrumb\"},\"inLanguage\":\"en-US\",\"potentialAction\":[{\"@type\":\"ReadAction\",\"target\":[\"https:\/\/www.visit-ulcinj.com\/blog\/2008\/01\/28\/vazhdon-seanca-e-kuvendit-te-komunes-se-ulqinit\/\"]}]},{\"@type\":\"BreadcrumbList\",\"@id\":\"https:\/\/www.visit-ulcinj.com\/blog\/2008\/01\/28\/vazhdon-seanca-e-kuvendit-te-komunes-se-ulqinit\/#breadcrumb\",\"itemListElement\":[{\"@type\":\"ListItem\",\"position\":1,\"name\":\"Vazhdon seanca e kuvendit t\u00eb Komun\u00ebs s\u00eb Ulqinit\"}]},{\"@type\":\"Person\",\"@id\":\"https:\/\/www.visit-ulcinj.com\/blog\/#\/schema\/person\/dcab619c614d3038751c63bc2aadc06d\",\"name\":\"ulqini\",\"sameAs\":[\"http:\/\/www.visit-ulcinj.com\"],\"url\":\"https:\/\/www.visit-ulcinj.com\/blog\/author\/admin\/\"}]}<\/script>\n<!-- \/ Yoast SEO plugin. -->","yoast_head_json":{"title":"Vazhdon seanca e kuvendit t\u00eb Komun\u00ebs s\u00eb Ulqinit - Lajme nga Ulqini","robots":{"index":"index","follow":"follow","max-snippet":"max-snippet:-1","max-image-preview":"max-image-preview:large","max-video-preview":"max-video-preview:-1"},"canonical":"https:\/\/www.visit-ulcinj.com\/blog\/2008\/01\/28\/vazhdon-seanca-e-kuvendit-te-komunes-se-ulqinit\/","og_locale":"en_US","og_type":"article","og_title":"Vazhdon seanca e kuvendit t\u00eb Komun\u00ebs s\u00eb Ulqinit - Lajme nga Ulqini","og_url":"https:\/\/www.visit-ulcinj.com\/blog\/2008\/01\/28\/vazhdon-seanca-e-kuvendit-te-komunes-se-ulqinit\/","og_site_name":"Lajme nga Ulqini","article_published_time":"2008-01-28T19:28:22+00:00","article_modified_time":"2008-02-13T01:02:23+00:00","og_image":[{"url":"http:\/\/www.visit-ulcinj.com\/blog\/wp-content\/uploads\/2008\/01\/buxheti-i-ulqinit.jpg"}],"twitter_misc":{"Written by":"ulqini","Est. reading time":"1 minute"},"schema":{"@context":"https:\/\/schema.org","@graph":[{"@type":"WebSite","@id":"https:\/\/www.visit-ulcinj.com\/blog\/#website","url":"https:\/\/www.visit-ulcinj.com\/blog\/","name":"Lajme nga Ulqini","description":"Lajme,Vijesti,Ulqini,Ulqin,Crna Gora,Mali i Zi","potentialAction":[{"@type":"SearchAction","target":{"@type":"EntryPoint","urlTemplate":"https:\/\/www.visit-ulcinj.com\/blog\/?s={search_term_string}"},"query-input":"required name=search_term_string"}],"inLanguage":"en-US"},{"@type":"ImageObject","inLanguage":"en-US","@id":"https:\/\/www.visit-ulcinj.com\/blog\/2008\/01\/28\/vazhdon-seanca-e-kuvendit-te-komunes-se-ulqinit\/#primaryimage","url":"http:\/\/www.visit-ulcinj.com\/blog\/wp-content\/uploads\/2008\/01\/buxheti-i-ulqinit.jpg","contentUrl":"http:\/\/www.visit-ulcinj.com\/blog\/wp-content\/uploads\/2008\/01\/buxheti-i-ulqinit.jpg"},{"@type":"WebPage","@id":"https:\/\/www.visit-ulcinj.com\/blog\/2008\/01\/28\/vazhdon-seanca-e-kuvendit-te-komunes-se-ulqinit\/#webpage","url":"https:\/\/www.visit-ulcinj.com\/blog\/2008\/01\/28\/vazhdon-seanca-e-kuvendit-te-komunes-se-ulqinit\/","name":"Vazhdon seanca e kuvendit t\u00eb Komun\u00ebs s\u00eb Ulqinit - Lajme nga Ulqini","isPartOf":{"@id":"https:\/\/www.visit-ulcinj.com\/blog\/#website"},"primaryImageOfPage":{"@id":"https:\/\/www.visit-ulcinj.com\/blog\/2008\/01\/28\/vazhdon-seanca-e-kuvendit-te-komunes-se-ulqinit\/#primaryimage"},"datePublished":"2008-01-28T19:28:22+00:00","dateModified":"2008-02-13T01:02:23+00:00","author":{"@id":"https:\/\/www.visit-ulcinj.com\/blog\/#\/schema\/person\/dcab619c614d3038751c63bc2aadc06d"},"breadcrumb":{"@id":"https:\/\/www.visit-ulcinj.com\/blog\/2008\/01\/28\/vazhdon-seanca-e-kuvendit-te-komunes-se-ulqinit\/#breadcrumb"},"inLanguage":"en-US","potentialAction":[{"@type":"ReadAction","target":["https:\/\/www.visit-ulcinj.com\/blog\/2008\/01\/28\/vazhdon-seanca-e-kuvendit-te-komunes-se-ulqinit\/"]}]},{"@type":"BreadcrumbList","@id":"https:\/\/www.visit-ulcinj.com\/blog\/2008\/01\/28\/vazhdon-seanca-e-kuvendit-te-komunes-se-ulqinit\/#breadcrumb","itemListElement":[{"@type":"ListItem","position":1,"name":"Vazhdon seanca e kuvendit t\u00eb Komun\u00ebs s\u00eb Ulqinit"}]},{"@type":"Person","@id":"https:\/\/www.visit-ulcinj.com\/blog\/#\/schema\/person\/dcab619c614d3038751c63bc2aadc06d","name":"ulqini","sameAs":["http:\/\/www.visit-ulcinj.com"],"url":"https:\/\/www.visit-ulcinj.com\/blog\/author\/admin\/"}]}},"jetpack_featured_media_url":"","jetpack_sharing_enabled":true,"jetpack_shortlink":"https:\/\/wp.me\/pe6lTn-54","_links":{"self":[{"href":"https:\/\/www.visit-ulcinj.com\/blog\/wp-json\/wp\/v2\/posts\/314"}],"collection":[{"href":"https:\/\/www.visit-ulcinj.com\/blog\/wp-json\/wp\/v2\/posts"}],"about":[{"href":"https:\/\/www.visit-ulcinj.com\/blog\/wp-json\/wp\/v2\/types\/post"}],"author":[{"embeddable":true,"href":"https:\/\/www.visit-ulcinj.com\/blog\/wp-json\/wp\/v2\/users\/1"}],"replies":[{"embeddable":true,"href":"https:\/\/www.visit-ulcinj.com\/blog\/wp-json\/wp\/v2\/comments?post=314"}],"version-history":[{"count":0,"href":"https:\/\/www.visit-ulcinj.com\/blog\/wp-json\/wp\/v2\/posts\/314\/revisions"}],"wp:attachment":[{"href":"https:\/\/www.visit-ulcinj.com\/blog\/wp-json\/wp\/v2\/media?parent=314"}],"wp:term":[{"taxonomy":"category","embeddable":true,"href":"https:\/\/www.visit-ulcinj.com\/blog\/wp-json\/wp\/v2\/categories?post=314"},{"taxonomy":"post_tag","embeddable":true,"href":"https:\/\/www.visit-ulcinj.com\/blog\/wp-json\/wp\/v2\/tags?post=314"}],"curies":[{"name":"wp","href":"https:\/\/api.w.org\/{rel}","templated":true}]}}