{"id":31403,"date":"2010-03-18T00:31:07","date_gmt":"2010-03-17T22:31:07","guid":{"rendered":"http:\/\/www.visit-ulcinj.com\/blog\/?p=31403"},"modified":"2010-03-18T00:32:12","modified_gmt":"2010-03-17T22:32:12","slug":"za-99-eura-svi-cemo-doci-u-crnu-goru","status":"publish","type":"post","link":"https:\/\/www.visit-ulcinj.com\/blog\/2010\/03\/18\/za-99-eura-svi-cemo-doci-u-crnu-goru\/","title":{"rendered":"Za 99 eura svi ?emo do?i u Crnu Goru"},"content":{"rendered":"<p><strong><img loading=\"lazy\" class=\"alignleft\" title=\"Za 99 eura svi u Crnu Goru\" src=\"http:\/\/www.visit-ulcinj.com\/blog\/wp-content\/uploads\/2010\/02\/Sommerurlaub-in-Montenegro.jpg\" alt=\"Za 99 eura svi ?emo do?i u Crnu Goru\" width=\"372\" height=\"454\" \/>Turoperatori iz Srbije, Republike Srpske i Makedonije sa nevjericom do?ekali ponudu predsjednika CTU<\/strong><br \/>\nKona?no je Crna Gora po\u0161la stopama Gr?ke i Egipta, tvrde predstavnici turisti?kih agencija iz Srbije<br \/>\nPonuda da gosti iz okru\u017eenja za 99 eura ljetuju u privatnom smje\u0161taju van sezone, uklju?uju?i i put, ne uvodi se zbog premo\u0161?avanja krize, ve? prvenstveno zbog percepcije da je Crna Gora izrazito skupa turisti?ka destinacija. \u017delimo da doka\u017eemo da nije tako i to je osnovna ambicija ovog plana, izjavio je &#8220;Danu&#8221; predsjednik Crnogorskog turisti?kog udru\u017eenja \u017darko Radulovi?.<br \/>\nNaglasio je da ?emo &#8220;pokvariti utisak&#8221; ukoliko ponudu ne budu pratilo sni\u017eenje u sektoru usluga.<br \/>\n\/ Na primjer, parking u Budvi je skuplji nego u Parizu, a cijene iznajmljivanja pla\u017enog mobilijara moraju biti ni\u017ee. Raduje me \u0161to je \u017deljezni?ki prevoz ve? reagovao pozitivno na na\u0161u inicijativu spu\u0161tanjem cijene karata od 1. aprila za petinu. S druge strane, statistika pokazuje da dvije tre?ine gostiju iz regiona dolaze u Crnu Goru sopstvenim prevozom, tako da u maju, junu i septembru mogu platiti svega 60 eura za desetodnevni boravak u budvanskom privatnom smje\u0161taju. Tako?e, razmatramo opciju da svima koji budu u?estvovali na aukciji privatnog smje\u0161taja omogu?imo da ne pla?aju ulaznice za muzeje i nacionalne parkove\/ naveo je Radulovi?.<br \/>\nPrecizirao je da je &#8220;aran\u017eman 99&#8221; ve? ugovoren sa izdavaocima privatnog smje\u0161taja na Primorju, navode?i da ?e se akciji uskoro priklju?iti i kolege iz centralnog i sjevernog dijela dr\u017eave.<br \/>\n\/ Razmi\u0161ljamo i o inicijativi za osloba?anje od poreza u naredne tri godine izdavaoca privatnog smje\u0161taja u seoskim doma?instvima, dok taj tip turizma ne stane na noge. CTU ?e uskoro osnovati i sektor za nauti?ki turizam \/ najavio je Radulovi?.<br \/>\nUpitan da li se &#8220;aran\u017emanom 99&#8243; dovodi u pitanje razvoj Crne Gore kao elitne turisti?ke destinacije, Radulovi? ka\u017ee da se taj ambiciozni plan ne mo\u017ee ostvariti preko no?i.<br \/>\n\/ Kad postavite najvi\u0161e ciljeve sigurno ?ete sti?i dalje nego ako ste skromni. Za elitni turizam potrebne su godine edukacije svih nas, jer pred elitom se moramo transformisati u pozori\u0161te i glumce. Naravno, treba da se izgradi adekvatna turisti?ka kultura kod doma?ina. \u0160ansa sigurno postoji, jer smo generalno gostoprimljiv narod, \u0161to i gosti primje?uju \/ izjavio je Radulovi?.<br \/>\nTuristi?ke agencije Srbije su ovu vijest do?ekale sa nevjericom.<br \/>\n\/ Crna Gora je najzad ne\u0161to tako morala da uradi jer u Srbiji nikada nije bilo ve?e interesovanje za Gr?ku nego ove godine, ?emu je doprinijelo ukidanje viza. Mnogi aran\u017emani za predsezonu i za punu sezonu za Gr?ku su ve? prodati i turisti iz Srbije hrle na sjever Gr?ke. Rezervacije za Crnu Goru se, ve? tradicionalno, rade tek u junu. Ina?e, najvi\u0161e putnika za Crnu Goru ide preko na\u0161e agencije, i ako je ovo zaista ponuda, za nas je atraktivna i mo?i ?e da konkuri\u0161e tradicionalnim autobuskim destinacijama kao \u0161to su Gr?ka i Turska \/ ka\u017ee ?or?e \u0160ibali? iz marketinga turisti?ke agencije \u201eD\u017eoli trevel&#8221;.<br \/>\nI u \u201eArgusu? su zate?eni ovom informacijom i ukazuju da nekoliko godina unazad imaju sve manje potra\u017enje za crnogorskim destinacijama.<br \/>\n\/ Obi?no nekoliko stotina ljudi ode preko na\u0161e agencije, \u0161to o?ekujemo i ove sezeone. Nijesmo obavije\u0161teni o ovoj ponudi, ali bismo se rado uklju?ili u prodaju aran\u017emana \/ ka\u017ee mend\u017eer Aleksandar Vu?kovi?, koji smatra da Crna Gora sa ovakvom ponudom mo\u017ee biti konkurentna drugim destinacijama.<br \/>\n\/ Ako zaista iza?u sa takvim cijenama to je prihvatljivo, a Crnoj Gori je krajnje vrijeme bilo da ponudi ne\u0161to konkurentno. Takve su cijene u Gr?koj i u Turskoj, s tim \u0161to je tamo usluga bolja \/ konstatuje direktorka marketinga agencije \u201eKonte travel? Aleksandra Rede?, isti?u?i da su Gr?ka i Egipat, zbog takvih cijena, postali tradicionalna srpska ljetnja destinacija.<br \/>\n&#8211; U egipatskoj Tabi 485 eura uklju?uje 11 dana u hotelu sa pet zvjezdica i putovanje avionom, tako da je krajnje vrijeme da Crna Gora iza?e sa konkurentnim cijenama \/ ka\u017ee Rede? i dodaje da moraju da provjere da li se ta cijena odnosi i na aran\u017eman koji obuhvata put autobusom.<\/p>\n<p><strong>EKIPA &#8220;DANA&#8221;<\/strong><\/p>\n<p><strong>Makedonci nude trampu: Ohrid za primorje<\/strong><br \/>\nTuristi?ke agencije iz Makedonije ?e rado prihvatiti sve aran\u017emane i za sezonu i za predsezonu u Crnoj Gori ako su cijene prihvatljive. Miodrag Lega iz turisti?ke agencije Luft hanza Siti centar, koja je generalni zastupnik njema?kih turoperatora Nekerman i Dertur, ka\u017ee da u Makedoniji vlada veliki interes za odmor van sezone u Crnoj Gori i to ilustruje primjerom da je ove zime postojao veliki interes kod Makedonaca za odmor u Crnoj Gori, prvenstveno u Herceg Novom i Ulcinju. Na\u017ealost, nijesu imali kompletne aran\u017emane, pa je veliki broj gostiju oti\u0161ao na zimski odmor u Sloveniju.<br \/>\n\/ Cijene u Sloveniji su vrlo prihvatljive, jer su dali ponudu &#8220;plati\u0161 za jednog, a odmara se dvoje&#8221;. Tako je u Rovinju i Portoro\u017eu sedmodnevni aran\u017eman sa prevozom za dvije osobe ko\u0161tao samo 300 eura. Interes Makedonaca je bio veliki i u slovena?kim hotelima zimovalo je vi\u0161e od hiljadu na\u0161ih gostiju \/ ka\u017ee Lega.<br \/>\nNehar turs iz Skoplja tradicionalno preko ljeta vodi goste na Crnogorsko primorje i spremni su u svakom momentu da prodaju turisti?ke aran\u017emane u Crnoj Gori i van sezoni ukoliko dobiju ponudu sa prihvatljivim cijenama.<br \/>\nAsocijacija turisti?kih agencija u Makedoniji nudi razmjenu aran\u017emana crnogorskim gostima preko zime u Ohridu, a da zauzvrat dobiju kapacitete na Crnogorskom primorju.<\/p>\n<p><strong>U RS nemaju puno izbora, jo\u0161 va\u017ei vizni re\u017eim<\/strong><\/p>\n<p>S obzirom da stanovnici Republike Srpske jo\u0161 ne mogu putovati bez viza, Crna Gora je po\u017eeljna destinacija, ka\u017eu u tamo\u0161njim turisti?kim agencijama.<br \/>\n\/ Pro\u0161le godine je najve?e interesovanje vladalo za crnogorske morske destinacije, a ponuda od 99 eura je i te kako primamljiva i vjerujem da ?e stanovnici juga RS biti zainteresovani \/ ka\u017ee Sla?ana Gaji?, menad\u017eer turisti?ke agencije &#8220;U\u0161?e travel&#8221; iz Trebinja.<br \/>\nI Maja Anti?, direktorica agencije &#8220;Hepytravel&#8221;, misli da je ponuda primamljiva i da ?e privu?i turiste iz Semberije.<br \/>\n\/ Problemi sa vizama su jedini razlog \u0161to ?e se vjerovatno prihvatiti tu ponudu, jer se turisti odavde \u017eale na usluge u Crnoj Gori \/ isti?e Anti?eva.<br \/>\nDirektor agencije Kontakt turs Pale Slobodan Jankovi? ka\u017ee da je i ranije vladao veliki intertes za Crnu Goru, ali da ?e ga ova ponuda pove?ati.<br \/>\n<a href=\"http:\/\/www.dan.co.me\/?nivo=3&amp;rubrika=Ekonomija&amp;clanak=223776&amp;datum=2010-03-17\" target=\"_blank\"><strong><br \/>\nDAN<\/strong><\/a><br \/>\n<object classid=\"clsid:d27cdb6e-ae6d-11cf-96b8-444553540000\" width=\"580\" height=\"400\" codebase=\"http:\/\/download.macromedia.com\/pub\/shockwave\/cabs\/flash\/swflash.cab#version=6,0,40,0\"><param name=\"allowFullScreen\" value=\"true\" \/><param name=\"allowScriptAccess\" value=\"always\" \/><param name=\"src\" value=\"http:\/\/www.dailymotion.com\/swf\/x1yc78&amp;autoPlay=1\" \/><param name=\"allowfullscreen\" value=\"true\" \/><\/object><\/p>\n","protected":false},"excerpt":{"rendered":"<p>Turoperatori iz Srbije, Republike Srpske i Makedonije sa nevjericom do?ekali ponudu predsjednika CTU Kona?no je Crna Gora po\u0161la stopama Gr?ke i Egipta, tvrde predstavnici turisti?kih agencija iz Srbije Ponuda da gosti iz okru\u017eenja za 99 eura ljetuju u privatnom smje\u0161taju van sezone, uklju?uju?i i put, ne uvodi se zbog premo\u0161?avanja krize, ve? prvenstveno zbog percepcije [&hellip;]<\/p>\n","protected":false},"author":1,"featured_media":0,"comment_status":"open","ping_status":"closed","sticky":false,"template":"","format":"standard","meta":{"spay_email":"","jetpack_publicize_message":"","jetpack_is_tweetstorm":false,"jetpack_publicize_feature_enabled":true},"categories":[8337],"tags":[20,13873],"jetpack_publicize_connections":[],"yoast_head":"<!-- This site is optimized with the Yoast SEO plugin v19.1 - https:\/\/yoast.com\/wordpress\/plugins\/seo\/ -->\n<title>Za 99 eura svi ?emo do?i u Crnu Goru - Lajme nga Ulqini<\/title>\n<meta name=\"description\" content=\"Turoperatori iz Srbije, Republike Srpske i Makedonije sa nevjericom do?ekali ponudu predsjednika CTU Kona?no je Crna Gora po\u0161la stopama Gr?ke i Egipta,\" \/>\n<meta name=\"robots\" content=\"index, follow, max-snippet:-1, max-image-preview:large, max-video-preview:-1\" \/>\n<link rel=\"canonical\" href=\"https:\/\/www.visit-ulcinj.com\/blog\/2010\/03\/18\/za-99-eura-svi-cemo-doci-u-crnu-goru\/\" \/>\n<meta property=\"og:locale\" content=\"en_US\" \/>\n<meta property=\"og:type\" content=\"article\" \/>\n<meta property=\"og:title\" content=\"Za 99 eura svi ?emo do?i u Crnu Goru - Lajme nga Ulqini\" \/>\n<meta property=\"og:description\" content=\"Turoperatori iz Srbije, Republike Srpske i Makedonije sa nevjericom do?ekali ponudu predsjednika CTU Kona?no je Crna Gora po\u0161la stopama Gr?ke i Egipta,\" \/>\n<meta property=\"og:url\" content=\"https:\/\/www.visit-ulcinj.com\/blog\/2010\/03\/18\/za-99-eura-svi-cemo-doci-u-crnu-goru\/\" \/>\n<meta property=\"og:site_name\" content=\"Lajme nga Ulqini\" \/>\n<meta property=\"article:published_time\" content=\"2010-03-17T22:31:07+00:00\" \/>\n<meta property=\"article:modified_time\" content=\"2010-03-17T22:32:12+00:00\" \/>\n<meta property=\"og:image\" content=\"http:\/\/www.visit-ulcinj.com\/blog\/wp-content\/uploads\/2010\/02\/Sommerurlaub-in-Montenegro.jpg\" \/>\n<meta name=\"twitter:label1\" content=\"Written by\" \/>\n\t<meta name=\"twitter:data1\" content=\"ulqini\" \/>\n\t<meta name=\"twitter:label2\" content=\"Est. reading time\" \/>\n\t<meta name=\"twitter:data2\" content=\"5 minutes\" \/>\n<script type=\"application\/ld+json\" class=\"yoast-schema-graph\">{\"@context\":\"https:\/\/schema.org\",\"@graph\":[{\"@type\":\"WebSite\",\"@id\":\"https:\/\/www.visit-ulcinj.com\/blog\/#website\",\"url\":\"https:\/\/www.visit-ulcinj.com\/blog\/\",\"name\":\"Lajme nga Ulqini\",\"description\":\"Lajme,Vijesti,Ulqini,Ulqin,Crna Gora,Mali i Zi\",\"potentialAction\":[{\"@type\":\"SearchAction\",\"target\":{\"@type\":\"EntryPoint\",\"urlTemplate\":\"https:\/\/www.visit-ulcinj.com\/blog\/?s={search_term_string}\"},\"query-input\":\"required name=search_term_string\"}],\"inLanguage\":\"en-US\"},{\"@type\":\"ImageObject\",\"inLanguage\":\"en-US\",\"@id\":\"https:\/\/www.visit-ulcinj.com\/blog\/2010\/03\/18\/za-99-eura-svi-cemo-doci-u-crnu-goru\/#primaryimage\",\"url\":\"https:\/\/www.visit-ulcinj.com\/blog\/wp-content\/uploads\/2010\/02\/Sommerurlaub-in-Montenegro.jpg\",\"contentUrl\":\"https:\/\/www.visit-ulcinj.com\/blog\/wp-content\/uploads\/2010\/02\/Sommerurlaub-in-Montenegro.jpg\",\"width\":\"454\",\"height\":\"556\"},{\"@type\":\"WebPage\",\"@id\":\"https:\/\/www.visit-ulcinj.com\/blog\/2010\/03\/18\/za-99-eura-svi-cemo-doci-u-crnu-goru\/#webpage\",\"url\":\"https:\/\/www.visit-ulcinj.com\/blog\/2010\/03\/18\/za-99-eura-svi-cemo-doci-u-crnu-goru\/\",\"name\":\"Za 99 eura svi ?emo do?i u Crnu Goru - Lajme nga Ulqini\",\"isPartOf\":{\"@id\":\"https:\/\/www.visit-ulcinj.com\/blog\/#website\"},\"primaryImageOfPage\":{\"@id\":\"https:\/\/www.visit-ulcinj.com\/blog\/2010\/03\/18\/za-99-eura-svi-cemo-doci-u-crnu-goru\/#primaryimage\"},\"datePublished\":\"2010-03-17T22:31:07+00:00\",\"dateModified\":\"2010-03-17T22:32:12+00:00\",\"author\":{\"@id\":\"https:\/\/www.visit-ulcinj.com\/blog\/#\/schema\/person\/dcab619c614d3038751c63bc2aadc06d\"},\"description\":\"Turoperatori iz Srbije, Republike Srpske i Makedonije sa nevjericom do?ekali ponudu predsjednika CTU Kona?no je Crna Gora po\u0161la stopama Gr?ke i Egipta,\",\"breadcrumb\":{\"@id\":\"https:\/\/www.visit-ulcinj.com\/blog\/2010\/03\/18\/za-99-eura-svi-cemo-doci-u-crnu-goru\/#breadcrumb\"},\"inLanguage\":\"en-US\",\"potentialAction\":[{\"@type\":\"ReadAction\",\"target\":[\"https:\/\/www.visit-ulcinj.com\/blog\/2010\/03\/18\/za-99-eura-svi-cemo-doci-u-crnu-goru\/\"]}]},{\"@type\":\"BreadcrumbList\",\"@id\":\"https:\/\/www.visit-ulcinj.com\/blog\/2010\/03\/18\/za-99-eura-svi-cemo-doci-u-crnu-goru\/#breadcrumb\",\"itemListElement\":[{\"@type\":\"ListItem\",\"position\":1,\"name\":\"Za 99 eura svi ?emo do?i u Crnu Goru\"}]},{\"@type\":\"Person\",\"@id\":\"https:\/\/www.visit-ulcinj.com\/blog\/#\/schema\/person\/dcab619c614d3038751c63bc2aadc06d\",\"name\":\"ulqini\",\"sameAs\":[\"http:\/\/www.visit-ulcinj.com\"],\"url\":\"https:\/\/www.visit-ulcinj.com\/blog\/author\/admin\/\"}]}<\/script>\n<!-- \/ Yoast SEO plugin. -->","yoast_head_json":{"title":"Za 99 eura svi ?emo do?i u Crnu Goru - Lajme nga Ulqini","description":"Turoperatori iz Srbije, Republike Srpske i Makedonije sa nevjericom do?ekali ponudu predsjednika CTU Kona?no je Crna Gora po\u0161la stopama Gr?ke i Egipta,","robots":{"index":"index","follow":"follow","max-snippet":"max-snippet:-1","max-image-preview":"max-image-preview:large","max-video-preview":"max-video-preview:-1"},"canonical":"https:\/\/www.visit-ulcinj.com\/blog\/2010\/03\/18\/za-99-eura-svi-cemo-doci-u-crnu-goru\/","og_locale":"en_US","og_type":"article","og_title":"Za 99 eura svi ?emo do?i u Crnu Goru - Lajme nga Ulqini","og_description":"Turoperatori iz Srbije, Republike Srpske i Makedonije sa nevjericom do?ekali ponudu predsjednika CTU Kona?no je Crna Gora po\u0161la stopama Gr?ke i Egipta,","og_url":"https:\/\/www.visit-ulcinj.com\/blog\/2010\/03\/18\/za-99-eura-svi-cemo-doci-u-crnu-goru\/","og_site_name":"Lajme nga Ulqini","article_published_time":"2010-03-17T22:31:07+00:00","article_modified_time":"2010-03-17T22:32:12+00:00","og_image":[{"url":"http:\/\/www.visit-ulcinj.com\/blog\/wp-content\/uploads\/2010\/02\/Sommerurlaub-in-Montenegro.jpg"}],"twitter_misc":{"Written by":"ulqini","Est. reading time":"5 minutes"},"schema":{"@context":"https:\/\/schema.org","@graph":[{"@type":"WebSite","@id":"https:\/\/www.visit-ulcinj.com\/blog\/#website","url":"https:\/\/www.visit-ulcinj.com\/blog\/","name":"Lajme nga Ulqini","description":"Lajme,Vijesti,Ulqini,Ulqin,Crna Gora,Mali i Zi","potentialAction":[{"@type":"SearchAction","target":{"@type":"EntryPoint","urlTemplate":"https:\/\/www.visit-ulcinj.com\/blog\/?s={search_term_string}"},"query-input":"required name=search_term_string"}],"inLanguage":"en-US"},{"@type":"ImageObject","inLanguage":"en-US","@id":"https:\/\/www.visit-ulcinj.com\/blog\/2010\/03\/18\/za-99-eura-svi-cemo-doci-u-crnu-goru\/#primaryimage","url":"https:\/\/www.visit-ulcinj.com\/blog\/wp-content\/uploads\/2010\/02\/Sommerurlaub-in-Montenegro.jpg","contentUrl":"https:\/\/www.visit-ulcinj.com\/blog\/wp-content\/uploads\/2010\/02\/Sommerurlaub-in-Montenegro.jpg","width":"454","height":"556"},{"@type":"WebPage","@id":"https:\/\/www.visit-ulcinj.com\/blog\/2010\/03\/18\/za-99-eura-svi-cemo-doci-u-crnu-goru\/#webpage","url":"https:\/\/www.visit-ulcinj.com\/blog\/2010\/03\/18\/za-99-eura-svi-cemo-doci-u-crnu-goru\/","name":"Za 99 eura svi ?emo do?i u Crnu Goru - Lajme nga Ulqini","isPartOf":{"@id":"https:\/\/www.visit-ulcinj.com\/blog\/#website"},"primaryImageOfPage":{"@id":"https:\/\/www.visit-ulcinj.com\/blog\/2010\/03\/18\/za-99-eura-svi-cemo-doci-u-crnu-goru\/#primaryimage"},"datePublished":"2010-03-17T22:31:07+00:00","dateModified":"2010-03-17T22:32:12+00:00","author":{"@id":"https:\/\/www.visit-ulcinj.com\/blog\/#\/schema\/person\/dcab619c614d3038751c63bc2aadc06d"},"description":"Turoperatori iz Srbije, Republike Srpske i Makedonije sa nevjericom do?ekali ponudu predsjednika CTU Kona?no je Crna Gora po\u0161la stopama Gr?ke i Egipta,","breadcrumb":{"@id":"https:\/\/www.visit-ulcinj.com\/blog\/2010\/03\/18\/za-99-eura-svi-cemo-doci-u-crnu-goru\/#breadcrumb"},"inLanguage":"en-US","potentialAction":[{"@type":"ReadAction","target":["https:\/\/www.visit-ulcinj.com\/blog\/2010\/03\/18\/za-99-eura-svi-cemo-doci-u-crnu-goru\/"]}]},{"@type":"BreadcrumbList","@id":"https:\/\/www.visit-ulcinj.com\/blog\/2010\/03\/18\/za-99-eura-svi-cemo-doci-u-crnu-goru\/#breadcrumb","itemListElement":[{"@type":"ListItem","position":1,"name":"Za 99 eura svi ?emo do?i u Crnu Goru"}]},{"@type":"Person","@id":"https:\/\/www.visit-ulcinj.com\/blog\/#\/schema\/person\/dcab619c614d3038751c63bc2aadc06d","name":"ulqini","sameAs":["http:\/\/www.visit-ulcinj.com"],"url":"https:\/\/www.visit-ulcinj.com\/blog\/author\/admin\/"}]}},"jetpack_featured_media_url":"","jetpack_sharing_enabled":true,"jetpack_shortlink":"https:\/\/wp.me\/pe6lTn-8av","_links":{"self":[{"href":"https:\/\/www.visit-ulcinj.com\/blog\/wp-json\/wp\/v2\/posts\/31403"}],"collection":[{"href":"https:\/\/www.visit-ulcinj.com\/blog\/wp-json\/wp\/v2\/posts"}],"about":[{"href":"https:\/\/www.visit-ulcinj.com\/blog\/wp-json\/wp\/v2\/types\/post"}],"author":[{"embeddable":true,"href":"https:\/\/www.visit-ulcinj.com\/blog\/wp-json\/wp\/v2\/users\/1"}],"replies":[{"embeddable":true,"href":"https:\/\/www.visit-ulcinj.com\/blog\/wp-json\/wp\/v2\/comments?post=31403"}],"version-history":[{"count":0,"href":"https:\/\/www.visit-ulcinj.com\/blog\/wp-json\/wp\/v2\/posts\/31403\/revisions"}],"wp:attachment":[{"href":"https:\/\/www.visit-ulcinj.com\/blog\/wp-json\/wp\/v2\/media?parent=31403"}],"wp:term":[{"taxonomy":"category","embeddable":true,"href":"https:\/\/www.visit-ulcinj.com\/blog\/wp-json\/wp\/v2\/categories?post=31403"},{"taxonomy":"post_tag","embeddable":true,"href":"https:\/\/www.visit-ulcinj.com\/blog\/wp-json\/wp\/v2\/tags?post=31403"}],"curies":[{"name":"wp","href":"https:\/\/api.w.org\/{rel}","templated":true}]}}