{"id":3141,"date":"2008-09-09T11:42:43","date_gmt":"2008-09-09T16:42:43","guid":{"rendered":"http:\/\/www.visit-ulcinj.com\/blog\/?p=3141"},"modified":"2008-09-09T11:42:43","modified_gmt":"2008-09-09T16:42:43","slug":"radikalizohen-shqiptaret-e-malit-te-zi","status":"publish","type":"post","link":"https:\/\/www.visit-ulcinj.com\/blog\/2008\/09\/09\/radikalizohen-shqiptaret-e-malit-te-zi\/","title":{"rendered":"Radikalizohen shqiptar\u00ebt e Malit t\u00eb Zi?"},"content":{"rendered":"<p><a href=\"http:\/\/www.visit-ulcinj.com\/blog\/wp-content\/uploads\/2008\/09\/bardhi.jpg\"><img loading=\"lazy\" class=\"alignleft size-medium wp-image-3142\" title=\"Mehmet Bardhi\" src=\"http:\/\/www.visit-ulcinj.com\/blog\/wp-content\/uploads\/2008\/09\/bardhi-249x300.jpg\" alt=\"\" width=\"249\" height=\"300\" srcset=\"https:\/\/www.visit-ulcinj.com\/blog\/wp-content\/uploads\/2008\/09\/bardhi-249x300.jpg 249w, https:\/\/www.visit-ulcinj.com\/blog\/wp-content\/uploads\/2008\/09\/bardhi.jpg 290w\" sizes=\"(max-width: 249px) 100vw, 249px\" \/><\/a>Nj\u00eb pjes\u00eb e shqiptar\u00ebve t\u00eb Malit t\u00eb Zi mund t\u00eb mos dalin fare n\u00eb zgjedhjet presidenciale malaziase t\u00eb cilat jan\u00eb parapar\u00eb t\u00eb mbahen me 6 prill 2009. K\u00ebt\u00eb q\u00ebndrim radikal e ka dh\u00ebn\u00eb Mehmet Bardhi kryetar i Lidhjes Demokratike n\u00eb Mal t\u00eb Zi (LD n\u00eb MZ) partia e t\u00eb cilit k\u00ebsaj radhe nuk po e p\u00ebrkrah asnj\u00eb kandidat presidencial.<br \/>\nJo rrall\u00eb her\u00eb vota e shqiptar\u00ebve ka qen\u00eb determinuese n\u00eb krijimin e pushtetit pro-evropian n\u00eb Mal t\u00eb Zi. Duket se k\u00ebsaj radhe n\u00eb nj\u00eb pjes\u00eb t\u00eb votave shqiptare nuk mund t\u00eb llogaris askush madje as partia e Milo Gjukanoviqit e cila tradicionalisht e ka \u00e7imentuar pushtetin mu me votat shqiptare.<br \/>\nMegjith\u00ebk\u00ebt\u00eb Mehmet Bardhi u ka th\u00ebn\u00eb an\u00ebtar\u00ebve dhe votuesve t\u00eb LD n\u00eb MZ q\u00eb asesi t\u00eb mos votojn\u00eb p\u00ebr \u201cata q\u00eb i kan\u00eb mb\u00ebshtetur luft\u00ebrat okupuese t\u00eb Beogradit, gjenocidet dhe spastrimet etnike t\u00eb shqiptar\u00ebve nga vatrat e tyre autoktone shekullore\u201d.<br \/>\n&#8220;Nuk mundemi t\u00eb mb\u00ebshtesim nj\u00eb kandidat i cili nuk e pranon ekzistimin e shqiptar\u00ebve, pavar\u00ebsin\u00eb e Kosov\u00ebs\u201d, thuhet n\u00eb komunikat\u00ebn e LD n\u00eb MZ.-s\u00eb e cila njiohet si partia e par\u00eb shqiptare n\u00eb Mal t\u00eb Zi.<br \/>\nDrejtuesit e LD n\u00eb MZ shkojn\u00eb edhe m\u00eb tej duke insistuar se nuk do i mb\u00ebshtesin as \u201cata t\u00eb cil\u00ebt e kan\u00eb instaluar qeverin\u00eb kukull komunale n\u00eb Ulqin me q\u00eblim t\u00eb shitjes s\u00eb pasuris\u00eb publike\u201d. Kjo parti po ashtu u deklarua se nuk mund t\u00eb votoj\u00eb p\u00ebr nj\u00eb kandidat i cili asnj\u00ebher\u00eb nuk ka b\u00ebr\u00eb hetim mbi tortur\u00ebn e b\u00ebr\u00eb ndaj t\u00eb akuzuarve n\u00eb rastin gjyq\u00ebsor \u201cFlutrurimi i Shqiponj\u00ebs\u201d.<br \/>\n&#8220;Lidhja Demokratike nuk mund t\u00eb mb\u00ebshtes\u00eb ata t\u00eb cil\u00ebt vendet kulturore shqiptare ia japin Kish\u00ebs ortodokse serbe\u201d, thuhet n\u00eb komunikat\u00ebn e LD n\u00eb MZ.<br \/>\n<strong>Burimi \/ Telegrafi<\/strong><\/p>\n<p style=\"text-align: center;\"><a href=\"http:\/\/www.visit-ulcinj.com\/?rub=taxicobi\"><img loading=\"lazy\" class=\"aligncenter size-full wp-image-2798\" title=\"taxi-cobi-ulqintaxi-cobi-ulcinjcrna-goramontenegromali-i-ziulqini\" src=\"http:\/\/www.visit-ulcinj.com\/blog\/wp-content\/uploads\/2008\/08\/taxi-cobi-ulqintaxi-cobi-ulcinjcrna-goramontenegromali-i-ziulqini.jpg\" alt=\"\" width=\"320\" height=\"150\" srcset=\"https:\/\/www.visit-ulcinj.com\/blog\/wp-content\/uploads\/2008\/08\/taxi-cobi-ulqintaxi-cobi-ulcinjcrna-goramontenegromali-i-ziulqini.jpg 320w, https:\/\/www.visit-ulcinj.com\/blog\/wp-content\/uploads\/2008\/08\/taxi-cobi-ulqintaxi-cobi-ulcinjcrna-goramontenegromali-i-ziulqini-300x140.jpg 300w\" sizes=\"(max-width: 320px) 100vw, 320px\" \/><\/a><\/p>\n","protected":false},"excerpt":{"rendered":"<p><img loading=\"lazy\" class=\"alignleft size-medium wp-image-3142\" title=\"Mehmet Bardhi\" src=\"http:\/\/www.visit-ulcinj.com\/blog\/wp-content\/uploads\/2008\/09\/bardhi-249x300.jpg\" alt=\"\" width=\"140\" height=\"140\" \/><\/p>\n","protected":false},"author":1,"featured_media":0,"comment_status":"open","ping_status":"closed","sticky":false,"template":"","format":"standard","meta":{"spay_email":"","jetpack_publicize_message":"","jetpack_is_tweetstorm":false,"jetpack_publicize_feature_enabled":true},"categories":[6,12],"tags":[347],"jetpack_publicize_connections":[],"yoast_head":"<!-- This site is optimized with the Yoast SEO plugin v19.1 - https:\/\/yoast.com\/wordpress\/plugins\/seo\/ -->\n<title>Radikalizohen shqiptar\u00ebt e Malit t\u00eb Zi? - Lajme nga Ulqini<\/title>\n<meta name=\"robots\" content=\"index, follow, max-snippet:-1, max-image-preview:large, max-video-preview:-1\" \/>\n<link rel=\"canonical\" href=\"https:\/\/www.visit-ulcinj.com\/blog\/2008\/09\/09\/radikalizohen-shqiptaret-e-malit-te-zi\/\" \/>\n<meta property=\"og:locale\" content=\"en_US\" \/>\n<meta property=\"og:type\" content=\"article\" \/>\n<meta property=\"og:title\" content=\"Radikalizohen shqiptar\u00ebt e Malit t\u00eb Zi? - Lajme nga Ulqini\" \/>\n<meta property=\"og:url\" content=\"https:\/\/www.visit-ulcinj.com\/blog\/2008\/09\/09\/radikalizohen-shqiptaret-e-malit-te-zi\/\" \/>\n<meta property=\"og:site_name\" content=\"Lajme nga Ulqini\" \/>\n<meta property=\"article:published_time\" content=\"2008-09-09T16:42:43+00:00\" \/>\n<meta property=\"og:image\" content=\"http:\/\/www.visit-ulcinj.com\/blog\/wp-content\/uploads\/2008\/09\/bardhi-249x300.jpg\" \/>\n<meta name=\"twitter:label1\" content=\"Written by\" \/>\n\t<meta name=\"twitter:data1\" content=\"ulqini\" \/>\n\t<meta name=\"twitter:label2\" content=\"Est. reading time\" \/>\n\t<meta name=\"twitter:data2\" content=\"2 minutes\" \/>\n<script type=\"application\/ld+json\" class=\"yoast-schema-graph\">{\"@context\":\"https:\/\/schema.org\",\"@graph\":[{\"@type\":\"WebSite\",\"@id\":\"https:\/\/www.visit-ulcinj.com\/blog\/#website\",\"url\":\"https:\/\/www.visit-ulcinj.com\/blog\/\",\"name\":\"Lajme nga Ulqini\",\"description\":\"Lajme,Vijesti,Ulqini,Ulqin,Crna Gora,Mali i Zi\",\"potentialAction\":[{\"@type\":\"SearchAction\",\"target\":{\"@type\":\"EntryPoint\",\"urlTemplate\":\"https:\/\/www.visit-ulcinj.com\/blog\/?s={search_term_string}\"},\"query-input\":\"required name=search_term_string\"}],\"inLanguage\":\"en-US\"},{\"@type\":\"ImageObject\",\"inLanguage\":\"en-US\",\"@id\":\"https:\/\/www.visit-ulcinj.com\/blog\/2008\/09\/09\/radikalizohen-shqiptaret-e-malit-te-zi\/#primaryimage\",\"url\":\"http:\/\/www.visit-ulcinj.com\/blog\/wp-content\/uploads\/2008\/09\/bardhi-249x300.jpg\",\"contentUrl\":\"http:\/\/www.visit-ulcinj.com\/blog\/wp-content\/uploads\/2008\/09\/bardhi-249x300.jpg\"},{\"@type\":\"WebPage\",\"@id\":\"https:\/\/www.visit-ulcinj.com\/blog\/2008\/09\/09\/radikalizohen-shqiptaret-e-malit-te-zi\/#webpage\",\"url\":\"https:\/\/www.visit-ulcinj.com\/blog\/2008\/09\/09\/radikalizohen-shqiptaret-e-malit-te-zi\/\",\"name\":\"Radikalizohen shqiptar\u00ebt e Malit t\u00eb Zi? - Lajme nga Ulqini\",\"isPartOf\":{\"@id\":\"https:\/\/www.visit-ulcinj.com\/blog\/#website\"},\"primaryImageOfPage\":{\"@id\":\"https:\/\/www.visit-ulcinj.com\/blog\/2008\/09\/09\/radikalizohen-shqiptaret-e-malit-te-zi\/#primaryimage\"},\"datePublished\":\"2008-09-09T16:42:43+00:00\",\"dateModified\":\"2008-09-09T16:42:43+00:00\",\"author\":{\"@id\":\"https:\/\/www.visit-ulcinj.com\/blog\/#\/schema\/person\/dcab619c614d3038751c63bc2aadc06d\"},\"breadcrumb\":{\"@id\":\"https:\/\/www.visit-ulcinj.com\/blog\/2008\/09\/09\/radikalizohen-shqiptaret-e-malit-te-zi\/#breadcrumb\"},\"inLanguage\":\"en-US\",\"potentialAction\":[{\"@type\":\"ReadAction\",\"target\":[\"https:\/\/www.visit-ulcinj.com\/blog\/2008\/09\/09\/radikalizohen-shqiptaret-e-malit-te-zi\/\"]}]},{\"@type\":\"BreadcrumbList\",\"@id\":\"https:\/\/www.visit-ulcinj.com\/blog\/2008\/09\/09\/radikalizohen-shqiptaret-e-malit-te-zi\/#breadcrumb\",\"itemListElement\":[{\"@type\":\"ListItem\",\"position\":1,\"name\":\"Radikalizohen shqiptar\u00ebt e Malit t\u00eb Zi?\"}]},{\"@type\":\"Person\",\"@id\":\"https:\/\/www.visit-ulcinj.com\/blog\/#\/schema\/person\/dcab619c614d3038751c63bc2aadc06d\",\"name\":\"ulqini\",\"sameAs\":[\"http:\/\/www.visit-ulcinj.com\"],\"url\":\"https:\/\/www.visit-ulcinj.com\/blog\/author\/admin\/\"}]}<\/script>\n<!-- \/ Yoast SEO plugin. -->","yoast_head_json":{"title":"Radikalizohen shqiptar\u00ebt e Malit t\u00eb Zi? - Lajme nga Ulqini","robots":{"index":"index","follow":"follow","max-snippet":"max-snippet:-1","max-image-preview":"max-image-preview:large","max-video-preview":"max-video-preview:-1"},"canonical":"https:\/\/www.visit-ulcinj.com\/blog\/2008\/09\/09\/radikalizohen-shqiptaret-e-malit-te-zi\/","og_locale":"en_US","og_type":"article","og_title":"Radikalizohen shqiptar\u00ebt e Malit t\u00eb Zi? - Lajme nga Ulqini","og_url":"https:\/\/www.visit-ulcinj.com\/blog\/2008\/09\/09\/radikalizohen-shqiptaret-e-malit-te-zi\/","og_site_name":"Lajme nga Ulqini","article_published_time":"2008-09-09T16:42:43+00:00","og_image":[{"url":"http:\/\/www.visit-ulcinj.com\/blog\/wp-content\/uploads\/2008\/09\/bardhi-249x300.jpg"}],"twitter_misc":{"Written by":"ulqini","Est. reading time":"2 minutes"},"schema":{"@context":"https:\/\/schema.org","@graph":[{"@type":"WebSite","@id":"https:\/\/www.visit-ulcinj.com\/blog\/#website","url":"https:\/\/www.visit-ulcinj.com\/blog\/","name":"Lajme nga Ulqini","description":"Lajme,Vijesti,Ulqini,Ulqin,Crna Gora,Mali i Zi","potentialAction":[{"@type":"SearchAction","target":{"@type":"EntryPoint","urlTemplate":"https:\/\/www.visit-ulcinj.com\/blog\/?s={search_term_string}"},"query-input":"required name=search_term_string"}],"inLanguage":"en-US"},{"@type":"ImageObject","inLanguage":"en-US","@id":"https:\/\/www.visit-ulcinj.com\/blog\/2008\/09\/09\/radikalizohen-shqiptaret-e-malit-te-zi\/#primaryimage","url":"http:\/\/www.visit-ulcinj.com\/blog\/wp-content\/uploads\/2008\/09\/bardhi-249x300.jpg","contentUrl":"http:\/\/www.visit-ulcinj.com\/blog\/wp-content\/uploads\/2008\/09\/bardhi-249x300.jpg"},{"@type":"WebPage","@id":"https:\/\/www.visit-ulcinj.com\/blog\/2008\/09\/09\/radikalizohen-shqiptaret-e-malit-te-zi\/#webpage","url":"https:\/\/www.visit-ulcinj.com\/blog\/2008\/09\/09\/radikalizohen-shqiptaret-e-malit-te-zi\/","name":"Radikalizohen shqiptar\u00ebt e Malit t\u00eb Zi? - Lajme nga Ulqini","isPartOf":{"@id":"https:\/\/www.visit-ulcinj.com\/blog\/#website"},"primaryImageOfPage":{"@id":"https:\/\/www.visit-ulcinj.com\/blog\/2008\/09\/09\/radikalizohen-shqiptaret-e-malit-te-zi\/#primaryimage"},"datePublished":"2008-09-09T16:42:43+00:00","dateModified":"2008-09-09T16:42:43+00:00","author":{"@id":"https:\/\/www.visit-ulcinj.com\/blog\/#\/schema\/person\/dcab619c614d3038751c63bc2aadc06d"},"breadcrumb":{"@id":"https:\/\/www.visit-ulcinj.com\/blog\/2008\/09\/09\/radikalizohen-shqiptaret-e-malit-te-zi\/#breadcrumb"},"inLanguage":"en-US","potentialAction":[{"@type":"ReadAction","target":["https:\/\/www.visit-ulcinj.com\/blog\/2008\/09\/09\/radikalizohen-shqiptaret-e-malit-te-zi\/"]}]},{"@type":"BreadcrumbList","@id":"https:\/\/www.visit-ulcinj.com\/blog\/2008\/09\/09\/radikalizohen-shqiptaret-e-malit-te-zi\/#breadcrumb","itemListElement":[{"@type":"ListItem","position":1,"name":"Radikalizohen shqiptar\u00ebt e Malit t\u00eb Zi?"}]},{"@type":"Person","@id":"https:\/\/www.visit-ulcinj.com\/blog\/#\/schema\/person\/dcab619c614d3038751c63bc2aadc06d","name":"ulqini","sameAs":["http:\/\/www.visit-ulcinj.com"],"url":"https:\/\/www.visit-ulcinj.com\/blog\/author\/admin\/"}]}},"jetpack_featured_media_url":"","jetpack_sharing_enabled":true,"jetpack_shortlink":"https:\/\/wp.me\/pe6lTn-OF","_links":{"self":[{"href":"https:\/\/www.visit-ulcinj.com\/blog\/wp-json\/wp\/v2\/posts\/3141"}],"collection":[{"href":"https:\/\/www.visit-ulcinj.com\/blog\/wp-json\/wp\/v2\/posts"}],"about":[{"href":"https:\/\/www.visit-ulcinj.com\/blog\/wp-json\/wp\/v2\/types\/post"}],"author":[{"embeddable":true,"href":"https:\/\/www.visit-ulcinj.com\/blog\/wp-json\/wp\/v2\/users\/1"}],"replies":[{"embeddable":true,"href":"https:\/\/www.visit-ulcinj.com\/blog\/wp-json\/wp\/v2\/comments?post=3141"}],"version-history":[{"count":0,"href":"https:\/\/www.visit-ulcinj.com\/blog\/wp-json\/wp\/v2\/posts\/3141\/revisions"}],"wp:attachment":[{"href":"https:\/\/www.visit-ulcinj.com\/blog\/wp-json\/wp\/v2\/media?parent=3141"}],"wp:term":[{"taxonomy":"category","embeddable":true,"href":"https:\/\/www.visit-ulcinj.com\/blog\/wp-json\/wp\/v2\/categories?post=3141"},{"taxonomy":"post_tag","embeddable":true,"href":"https:\/\/www.visit-ulcinj.com\/blog\/wp-json\/wp\/v2\/tags?post=3141"}],"curies":[{"name":"wp","href":"https:\/\/api.w.org\/{rel}","templated":true}]}}