{"id":31437,"date":"2010-03-19T20:01:03","date_gmt":"2010-03-19T18:01:03","guid":{"rendered":"http:\/\/www.visit-ulcinj.com\/blog\/2010\/03\/19\/capric-izvukao-deblji-kraj\/"},"modified":"2010-03-19T20:01:03","modified_gmt":"2010-03-19T18:01:03","slug":"capric-izvukao-deblji-kraj","status":"publish","type":"post","link":"https:\/\/www.visit-ulcinj.com\/blog\/2010\/03\/19\/capric-izvukao-deblji-kraj\/","title":{"rendered":"?apri? izvukao deblji kraj"},"content":{"rendered":"<p><strong>POTUKLI SE GLAVNI ADMINISTRATOR I \u0160EF KATASTRA<\/strong><\/p>\n<p>Ulcinj &#8211; Glavni administrator u op\u0161tini Ulcinj Pjeter Ljulj?uraj i \u0161ef  ulcinjskog Katastra D\u017eevdet ?apri?, preksino? su se  fizi?ki obra?unali  u kafe baru \u201cVenus\u201d u centru Ulcinja, saznaju \u201cVijesti\u201d iz vi\u0161e izvora.<br \/>\nLjilj?uraj i ?apri?, visoki funkcioneri Demokratske unije Albanaca i  Demokratske partije socijalista,  koje koaliciono vr\u0161e vlast u Ulcinju,  sukobili su se iz li?nih razloga.<br \/>\nTo  je \u201cVijestima\u201d potvrdio  sagovornik koji je prisustvovao sva?i, a  potom i obra?unu. Sukob nije imao politi?ku dimenziju i njih dvojica su  se kasnije pomirili\u201d, kazao je on insistiraju?i na anonimnosti.<br \/>\nKako saznajemo, u obra?unu su plju\u0161tali \u0161amari, a deblji kraj je izvukao  ?apri?.<br \/>\nLjljulj?uraj je u telefonskom razgovoru za \u201cVijesti\u201d sino? negirao  incident: \u201cPrvi put to ?ujem od vas. To je ?ovjek sa kojim uvijek rado  popijem kafu i tako ?e i biti i ubudu?e\u201d, kazao je on, previ?aju?i  ?injenicu da u incidentu oni ?apri? nisu bili sami u ekskluzivnom  lokalu.<br \/>\n\u201cVjesti\u201d iz pouzdanih izvora saznaju da je cijeli slu?aj zata\u0161kan i da o  njemu nije obavije\u0161tena policija.<\/p>\n<div><strong>S.A<\/strong><\/div>\n<div><strong>Vijesti<br \/>\n<\/strong><\/div>\n","protected":false},"excerpt":{"rendered":"<p>POTUKLI SE GLAVNI ADMINISTRATOR I \u0160EF KATASTRA Ulcinj &#8211; Glavni administrator u op\u0161tini Ulcinj Pjeter Ljulj?uraj i \u0161ef ulcinjskog Katastra D\u017eevdet ?apri?, preksino? su se fizi?ki obra?unali u kafe baru \u201cVenus\u201d u centru Ulcinja, saznaju \u201cVijesti\u201d iz vi\u0161e izvora. Ljilj?uraj i ?apri?, visoki funkcioneri Demokratske unije Albanaca i Demokratske partije socijalista, koje koaliciono vr\u0161e vlast [&hellip;]<\/p>\n","protected":false},"author":1,"featured_media":0,"comment_status":"open","ping_status":"closed","sticky":false,"template":"","format":"standard","meta":{"spay_email":"","jetpack_publicize_message":"","jetpack_is_tweetstorm":false,"jetpack_publicize_feature_enabled":true},"categories":[8],"tags":[],"jetpack_publicize_connections":[],"yoast_head":"<!-- This site is optimized with the Yoast SEO plugin v19.1 - https:\/\/yoast.com\/wordpress\/plugins\/seo\/ -->\n<title>?apri? izvukao deblji kraj - Lajme nga Ulqini<\/title>\n<meta name=\"description\" content=\"POTUKLI SE GLAVNI ADMINISTRATOR I \u0160EF KATASTRA Ulcinj - Glavni administrator u op\u0161tini Ulcinj Pjeter Ljulj?uraj i \u0161ef ulcinjskog Katastra D\u017eevdet ?apri?,\" \/>\n<meta name=\"robots\" content=\"index, follow, max-snippet:-1, max-image-preview:large, max-video-preview:-1\" \/>\n<link rel=\"canonical\" href=\"https:\/\/www.visit-ulcinj.com\/blog\/2010\/03\/19\/capric-izvukao-deblji-kraj\/\" \/>\n<meta property=\"og:locale\" content=\"en_US\" \/>\n<meta property=\"og:type\" content=\"article\" \/>\n<meta property=\"og:title\" content=\"?apri? izvukao deblji kraj - Lajme nga Ulqini\" \/>\n<meta property=\"og:description\" content=\"POTUKLI SE GLAVNI ADMINISTRATOR I \u0160EF KATASTRA Ulcinj - Glavni administrator u op\u0161tini Ulcinj Pjeter Ljulj?uraj i \u0161ef ulcinjskog Katastra D\u017eevdet ?apri?,\" \/>\n<meta property=\"og:url\" content=\"https:\/\/www.visit-ulcinj.com\/blog\/2010\/03\/19\/capric-izvukao-deblji-kraj\/\" \/>\n<meta property=\"og:site_name\" content=\"Lajme nga Ulqini\" \/>\n<meta property=\"article:published_time\" content=\"2010-03-19T18:01:03+00:00\" \/>\n<meta name=\"twitter:label1\" content=\"Written by\" \/>\n\t<meta name=\"twitter:data1\" content=\"ulqini\" \/>\n\t<meta name=\"twitter:label2\" content=\"Est. reading time\" \/>\n\t<meta name=\"twitter:data2\" content=\"1 minute\" \/>\n<script type=\"application\/ld+json\" class=\"yoast-schema-graph\">{\"@context\":\"https:\/\/schema.org\",\"@graph\":[{\"@type\":\"WebSite\",\"@id\":\"https:\/\/www.visit-ulcinj.com\/blog\/#website\",\"url\":\"https:\/\/www.visit-ulcinj.com\/blog\/\",\"name\":\"Lajme nga Ulqini\",\"description\":\"Lajme,Vijesti,Ulqini,Ulqin,Crna Gora,Mali i Zi\",\"potentialAction\":[{\"@type\":\"SearchAction\",\"target\":{\"@type\":\"EntryPoint\",\"urlTemplate\":\"https:\/\/www.visit-ulcinj.com\/blog\/?s={search_term_string}\"},\"query-input\":\"required name=search_term_string\"}],\"inLanguage\":\"en-US\"},{\"@type\":\"WebPage\",\"@id\":\"https:\/\/www.visit-ulcinj.com\/blog\/2010\/03\/19\/capric-izvukao-deblji-kraj\/#webpage\",\"url\":\"https:\/\/www.visit-ulcinj.com\/blog\/2010\/03\/19\/capric-izvukao-deblji-kraj\/\",\"name\":\"?apri? izvukao deblji kraj - Lajme nga Ulqini\",\"isPartOf\":{\"@id\":\"https:\/\/www.visit-ulcinj.com\/blog\/#website\"},\"datePublished\":\"2010-03-19T18:01:03+00:00\",\"dateModified\":\"2010-03-19T18:01:03+00:00\",\"author\":{\"@id\":\"https:\/\/www.visit-ulcinj.com\/blog\/#\/schema\/person\/dcab619c614d3038751c63bc2aadc06d\"},\"description\":\"POTUKLI SE GLAVNI ADMINISTRATOR I \u0160EF KATASTRA Ulcinj - Glavni administrator u op\u0161tini Ulcinj Pjeter Ljulj?uraj i \u0161ef ulcinjskog Katastra D\u017eevdet ?apri?,\",\"breadcrumb\":{\"@id\":\"https:\/\/www.visit-ulcinj.com\/blog\/2010\/03\/19\/capric-izvukao-deblji-kraj\/#breadcrumb\"},\"inLanguage\":\"en-US\",\"potentialAction\":[{\"@type\":\"ReadAction\",\"target\":[\"https:\/\/www.visit-ulcinj.com\/blog\/2010\/03\/19\/capric-izvukao-deblji-kraj\/\"]}]},{\"@type\":\"BreadcrumbList\",\"@id\":\"https:\/\/www.visit-ulcinj.com\/blog\/2010\/03\/19\/capric-izvukao-deblji-kraj\/#breadcrumb\",\"itemListElement\":[{\"@type\":\"ListItem\",\"position\":1,\"name\":\"?apri? izvukao deblji kraj\"}]},{\"@type\":\"Person\",\"@id\":\"https:\/\/www.visit-ulcinj.com\/blog\/#\/schema\/person\/dcab619c614d3038751c63bc2aadc06d\",\"name\":\"ulqini\",\"sameAs\":[\"http:\/\/www.visit-ulcinj.com\"],\"url\":\"https:\/\/www.visit-ulcinj.com\/blog\/author\/admin\/\"}]}<\/script>\n<!-- \/ Yoast SEO plugin. -->","yoast_head_json":{"title":"?apri? izvukao deblji kraj - Lajme nga Ulqini","description":"POTUKLI SE GLAVNI ADMINISTRATOR I \u0160EF KATASTRA Ulcinj - Glavni administrator u op\u0161tini Ulcinj Pjeter Ljulj?uraj i \u0161ef ulcinjskog Katastra D\u017eevdet ?apri?,","robots":{"index":"index","follow":"follow","max-snippet":"max-snippet:-1","max-image-preview":"max-image-preview:large","max-video-preview":"max-video-preview:-1"},"canonical":"https:\/\/www.visit-ulcinj.com\/blog\/2010\/03\/19\/capric-izvukao-deblji-kraj\/","og_locale":"en_US","og_type":"article","og_title":"?apri? izvukao deblji kraj - Lajme nga Ulqini","og_description":"POTUKLI SE GLAVNI ADMINISTRATOR I \u0160EF KATASTRA Ulcinj - Glavni administrator u op\u0161tini Ulcinj Pjeter Ljulj?uraj i \u0161ef ulcinjskog Katastra D\u017eevdet ?apri?,","og_url":"https:\/\/www.visit-ulcinj.com\/blog\/2010\/03\/19\/capric-izvukao-deblji-kraj\/","og_site_name":"Lajme nga Ulqini","article_published_time":"2010-03-19T18:01:03+00:00","twitter_misc":{"Written by":"ulqini","Est. reading time":"1 minute"},"schema":{"@context":"https:\/\/schema.org","@graph":[{"@type":"WebSite","@id":"https:\/\/www.visit-ulcinj.com\/blog\/#website","url":"https:\/\/www.visit-ulcinj.com\/blog\/","name":"Lajme nga Ulqini","description":"Lajme,Vijesti,Ulqini,Ulqin,Crna Gora,Mali i Zi","potentialAction":[{"@type":"SearchAction","target":{"@type":"EntryPoint","urlTemplate":"https:\/\/www.visit-ulcinj.com\/blog\/?s={search_term_string}"},"query-input":"required name=search_term_string"}],"inLanguage":"en-US"},{"@type":"WebPage","@id":"https:\/\/www.visit-ulcinj.com\/blog\/2010\/03\/19\/capric-izvukao-deblji-kraj\/#webpage","url":"https:\/\/www.visit-ulcinj.com\/blog\/2010\/03\/19\/capric-izvukao-deblji-kraj\/","name":"?apri? izvukao deblji kraj - Lajme nga Ulqini","isPartOf":{"@id":"https:\/\/www.visit-ulcinj.com\/blog\/#website"},"datePublished":"2010-03-19T18:01:03+00:00","dateModified":"2010-03-19T18:01:03+00:00","author":{"@id":"https:\/\/www.visit-ulcinj.com\/blog\/#\/schema\/person\/dcab619c614d3038751c63bc2aadc06d"},"description":"POTUKLI SE GLAVNI ADMINISTRATOR I \u0160EF KATASTRA Ulcinj - Glavni administrator u op\u0161tini Ulcinj Pjeter Ljulj?uraj i \u0161ef ulcinjskog Katastra D\u017eevdet ?apri?,","breadcrumb":{"@id":"https:\/\/www.visit-ulcinj.com\/blog\/2010\/03\/19\/capric-izvukao-deblji-kraj\/#breadcrumb"},"inLanguage":"en-US","potentialAction":[{"@type":"ReadAction","target":["https:\/\/www.visit-ulcinj.com\/blog\/2010\/03\/19\/capric-izvukao-deblji-kraj\/"]}]},{"@type":"BreadcrumbList","@id":"https:\/\/www.visit-ulcinj.com\/blog\/2010\/03\/19\/capric-izvukao-deblji-kraj\/#breadcrumb","itemListElement":[{"@type":"ListItem","position":1,"name":"?apri? izvukao deblji kraj"}]},{"@type":"Person","@id":"https:\/\/www.visit-ulcinj.com\/blog\/#\/schema\/person\/dcab619c614d3038751c63bc2aadc06d","name":"ulqini","sameAs":["http:\/\/www.visit-ulcinj.com"],"url":"https:\/\/www.visit-ulcinj.com\/blog\/author\/admin\/"}]}},"jetpack_featured_media_url":"","jetpack_sharing_enabled":true,"jetpack_shortlink":"https:\/\/wp.me\/pe6lTn-8b3","_links":{"self":[{"href":"https:\/\/www.visit-ulcinj.com\/blog\/wp-json\/wp\/v2\/posts\/31437"}],"collection":[{"href":"https:\/\/www.visit-ulcinj.com\/blog\/wp-json\/wp\/v2\/posts"}],"about":[{"href":"https:\/\/www.visit-ulcinj.com\/blog\/wp-json\/wp\/v2\/types\/post"}],"author":[{"embeddable":true,"href":"https:\/\/www.visit-ulcinj.com\/blog\/wp-json\/wp\/v2\/users\/1"}],"replies":[{"embeddable":true,"href":"https:\/\/www.visit-ulcinj.com\/blog\/wp-json\/wp\/v2\/comments?post=31437"}],"version-history":[{"count":0,"href":"https:\/\/www.visit-ulcinj.com\/blog\/wp-json\/wp\/v2\/posts\/31437\/revisions"}],"wp:attachment":[{"href":"https:\/\/www.visit-ulcinj.com\/blog\/wp-json\/wp\/v2\/media?parent=31437"}],"wp:term":[{"taxonomy":"category","embeddable":true,"href":"https:\/\/www.visit-ulcinj.com\/blog\/wp-json\/wp\/v2\/categories?post=31437"},{"taxonomy":"post_tag","embeddable":true,"href":"https:\/\/www.visit-ulcinj.com\/blog\/wp-json\/wp\/v2\/tags?post=31437"}],"curies":[{"name":"wp","href":"https:\/\/api.w.org\/{rel}","templated":true}]}}