{"id":31451,"date":"2010-03-20T20:13:42","date_gmt":"2010-03-20T18:13:42","guid":{"rendered":"http:\/\/www.visit-ulcinj.com\/blog\/?p=31451"},"modified":"2010-03-23T19:01:18","modified_gmt":"2010-03-23T17:01:18","slug":"aranzman-za-99-eura-u-ulcinj-postoji-vec-decenijama","status":"publish","type":"post","link":"https:\/\/www.visit-ulcinj.com\/blog\/2010\/03\/20\/aranzman-za-99-eura-u-ulcinj-postoji-vec-decenijama\/","title":{"rendered":"Aran\u017eman za 99 eura u Ulcinj postoji vec decenijama"},"content":{"rendered":"<p><a href=\"http:\/\/www.visit-ulcinj.com\/blog\/wp-content\/uploads\/2010\/03\/Velika-Pla\u017ea_Ulcinj_Crna-Gora.jpg\"><img loading=\"lazy\" class=\"alignleft size-full wp-image-31452\" title=\"Velika Pla\u017ea_Ulcinj_Crna Gora\" src=\"http:\/\/www.visit-ulcinj.com\/blog\/wp-content\/uploads\/2010\/03\/Velika-Pla\u017ea_Ulcinj_Crna-Gora.jpg\" alt=\"Velika Pla\u017ea_Ulcinj_Crna Gora\" width=\"580\" height=\"400\" \/><\/a>Ponuda da gosti iz okru\u017eenja za 99 eura ljetuju u privatnom smje\u0161taju  van sezone, ne uvodi se zbog premo\u0161?avanja krize, ve?  prvenstveno zbog percepcije da je Crna Gora izrazito skupa turisti?ka  destinacija. \u017delimo da doka\u017eemo da nije tako i to je osnovna ambicija  ovog plana.<\/p>\n<p>Treba da izrazim da ponuda u regiji Ulcinja postoji ve? decenijama,ovo nije ni\u0161ta novo za Ulcinj.Ali treba se izrazit da\u00a0 cijene iznajmljivanja pla\u017enog mobilijara moraju biti ni\u017ee nego smje\u0161taj.<\/p>\n<p>S druge strane, statistika pokazuje da dvije tre?ine gostiju iz regiona  dolaze u Crnu Goru sopstvenim prevozom, tako da u maju, junu i septembru  mogu platiti svega 40 do 60 eura za desetodnevni boravak u Ulcinjskom privatnom smje\u0161taju.<\/p>\n<p>CTU razmi\u0161lja i o inicijativi za osloba?anje od poreza u naredne tri  godine izdavaoca privatnog smje\u0161taja u seoskim doma?instvima, dok taj  tip turizma ne stane na noge.<br \/>\nPredsjednik Crnogorskog turisti?kog udru\u017eenja \u017darko Radulovi? ka\u017ee da se taj ambiciozni plan ne mo\u017ee ostvariti preko no?i.<\/p>\n<p>&#8220;Kad postavite najvi\u0161e ciljeve sigurno ?ete sti?i dalje nego ako ste  skromni. Za elitni turizam potrebne su godine edukacije svih nas, jer  pred elitom se moramo transformisati u pozori\u0161te i glumce. Naravno,  treba da se izgradi adekvatna turisti?ka kultura kod doma?ina. \u0160ansa  sigurno postoji, jer smo generalno gostoprimljiv narod, \u0161to i gosti  primje?uju izjavio je Radulovi?&#8221;.<\/p>\n<p>Dakle ponuda da gosti iz okru\u017eenja za 99 eura ljetuju u privatnom smje\u0161taju  van sezone, uklju?uju?i i put je realnost pa treba iskorisit.<br \/>\n\n\t\t<style type=\"text\/css\">\n\t\t\t#gallery-1 {\n\t\t\t\tmargin: auto;\n\t\t\t}\n\t\t\t#gallery-1 .gallery-item {\n\t\t\t\tfloat: left;\n\t\t\t\tmargin-top: 10px;\n\t\t\t\ttext-align: center;\n\t\t\t\twidth: 33%;\n\t\t\t}\n\t\t\t#gallery-1 img {\n\t\t\t\tborder: 2px solid #cfcfcf;\n\t\t\t}\n\t\t\t#gallery-1 .gallery-caption {\n\t\t\t\tmargin-left: 0;\n\t\t\t}\n\t\t\t\/* see gallery_shortcode() in wp-includes\/media.php *\/\n\t\t<\/style>\n\t\t<div id='gallery-1' class='gallery galleryid-31451 gallery-columns-3 gallery-size-thumbnail'><dl class='gallery-item'>\n\t\t\t<dt class='gallery-icon '>\n\t\t\t\t<a href='https:\/\/www.visit-ulcinj.com\/blog\/wp-content\/uploads\/2010\/03\/Velika-Pla\u00c5\u00bea_Ulcinj_Crna-Gora.jpg'><img width=\"1\" height=\"1\" src=\"https:\/\/www.visit-ulcinj.com\/blog\/wp-content\/uploads\/2010\/03\/Velika-Pla\u00c5\u00bea_Ulcinj_Crna-Gora.jpg\" class=\"attachment-thumbnail size-thumbnail\" alt=\"\" loading=\"lazy\" \/><\/a>\n\t\t\t<\/dt><\/dl><dl class='gallery-item'>\n\t\t\t<dt class='gallery-icon '>\n\t\t\t\t<a href='https:\/\/www.visit-ulcinj.com\/blog\/wp-content\/uploads\/2010\/03\/Velika-Pla\u00c5\u00bea_Ulcinj_Crna-Gora.1.jpg'><img width=\"1\" height=\"1\" src=\"https:\/\/www.visit-ulcinj.com\/blog\/wp-content\/uploads\/2010\/03\/Velika-Pla\u00c5\u00bea_Ulcinj_Crna-Gora.1.jpg\" class=\"attachment-thumbnail size-thumbnail\" alt=\"\" loading=\"lazy\" \/><\/a>\n\t\t\t<\/dt><\/dl><dl class='gallery-item'>\n\t\t\t<dt class='gallery-icon '>\n\t\t\t\t<a href='https:\/\/www.visit-ulcinj.com\/blog\/wp-content\/uploads\/2010\/03\/Velika-Pla\u00c5\u00bea_Ulcinj_Crna-Gora.2..jpg'><img width=\"1\" height=\"1\" src=\"https:\/\/www.visit-ulcinj.com\/blog\/wp-content\/uploads\/2010\/03\/Velika-Pla\u00c5\u00bea_Ulcinj_Crna-Gora.2..jpg\" class=\"attachment-thumbnail size-thumbnail\" alt=\"\" loading=\"lazy\" \/><\/a>\n\t\t\t<\/dt><\/dl><br style=\"clear: both\" \/><dl class='gallery-item'>\n\t\t\t<dt class='gallery-icon '>\n\t\t\t\t<a href='https:\/\/www.visit-ulcinj.com\/blog\/wp-content\/uploads\/2010\/03\/Velika-Pla\u00c5\u00bea_Ulcinj_Crna-Gora.3..jpg'><img width=\"1\" height=\"1\" src=\"https:\/\/www.visit-ulcinj.com\/blog\/wp-content\/uploads\/2010\/03\/Velika-Pla\u00c5\u00bea_Ulcinj_Crna-Gora.3..jpg\" class=\"attachment-thumbnail size-thumbnail\" alt=\"\" loading=\"lazy\" \/><\/a>\n\t\t\t<\/dt><\/dl><dl class='gallery-item'>\n\t\t\t<dt class='gallery-icon '>\n\t\t\t\t<a href='https:\/\/www.visit-ulcinj.com\/blog\/wp-content\/uploads\/2010\/03\/Velika-Pla\u00c5\u00bea_Ulcinj_Crna-Gora.4..jpg'><img width=\"1\" height=\"1\" src=\"https:\/\/www.visit-ulcinj.com\/blog\/wp-content\/uploads\/2010\/03\/Velika-Pla\u00c5\u00bea_Ulcinj_Crna-Gora.4..jpg\" class=\"attachment-thumbnail size-thumbnail\" alt=\"\" loading=\"lazy\" \/><\/a>\n\t\t\t<\/dt><\/dl><dl class='gallery-item'>\n\t\t\t<dt class='gallery-icon '>\n\t\t\t\t<a href='https:\/\/www.visit-ulcinj.com\/blog\/wp-content\/uploads\/2010\/03\/Velika-Pla\u00c5\u00bea_Ulcinj_Crna-Gora.5..jpg'><img width=\"1\" height=\"1\" src=\"https:\/\/www.visit-ulcinj.com\/blog\/wp-content\/uploads\/2010\/03\/Velika-Pla\u00c5\u00bea_Ulcinj_Crna-Gora.5..jpg\" class=\"attachment-thumbnail size-thumbnail\" alt=\"\" loading=\"lazy\" \/><\/a>\n\t\t\t<\/dt><\/dl><br style=\"clear: both\" \/>\n\t\t<\/div>\n<br \/>\n<object classid=\"clsid:d27cdb6e-ae6d-11cf-96b8-444553540000\" width=\"580\" height=\"400\" codebase=\"http:\/\/download.macromedia.com\/pub\/shockwave\/cabs\/flash\/swflash.cab#version=6,0,40,0\"><param name=\"allowFullScreen\" value=\"true\" \/><param name=\"allowScriptAccess\" value=\"always\" \/><param name=\"src\" value=\"http:\/\/www.dailymotion.com\/swf\/x1yc78&amp;autoPlay=1\" \/><param name=\"allowfullscreen\" value=\"true\" \/><\/object><\/p>\n","protected":false},"excerpt":{"rendered":"<p>Ponuda da gosti iz okru\u017eenja za 99 eura ljetuju u privatnom smje\u0161taju van sezone, ne uvodi se zbog premo\u0161?avanja krize, ve? prvenstveno zbog percepcije da je Crna Gora izrazito skupa turisti?ka destinacija. \u017delimo da doka\u017eemo da nije tako i to je osnovna ambicija ovog plana. Treba da izrazim da ponuda u regiji Ulcinja postoji ve? [&hellip;]<\/p>\n","protected":false},"author":1,"featured_media":0,"comment_status":"open","ping_status":"closed","sticky":false,"template":"","format":"standard","meta":{"spay_email":"","jetpack_publicize_message":"","jetpack_is_tweetstorm":false,"jetpack_publicize_feature_enabled":true},"categories":[15],"tags":[4032,13887,20,13889,13888,11044,2786,1316,3940,2477,19],"jetpack_publicize_connections":[],"yoast_head":"<!-- This site is optimized with the Yoast SEO plugin v19.1 - https:\/\/yoast.com\/wordpress\/plugins\/seo\/ -->\n<title>Aran\u017eman za 99 eura u Ulcinj postoji vec decenijama - Lajme nga Ulqini<\/title>\n<meta name=\"description\" content=\"Ponuda da gosti iz okru\u017eenja za 99 eura ljetuju u privatnom smje\u0161taju van sezone, ne uvodi se zbog premo\u0161?avanja krize, ve? prvenstveno zbog percepcije da\" \/>\n<meta name=\"robots\" content=\"index, follow, max-snippet:-1, max-image-preview:large, max-video-preview:-1\" \/>\n<link rel=\"canonical\" href=\"https:\/\/www.visit-ulcinj.com\/blog\/2010\/03\/20\/aranzman-za-99-eura-u-ulcinj-postoji-vec-decenijama\/\" \/>\n<meta property=\"og:locale\" content=\"en_US\" \/>\n<meta property=\"og:type\" content=\"article\" \/>\n<meta property=\"og:title\" content=\"Aran\u017eman za 99 eura u Ulcinj postoji vec decenijama - Lajme nga Ulqini\" \/>\n<meta property=\"og:description\" content=\"Ponuda da gosti iz okru\u017eenja za 99 eura ljetuju u privatnom smje\u0161taju van sezone, ne uvodi se zbog premo\u0161?avanja krize, ve? prvenstveno zbog percepcije da\" \/>\n<meta property=\"og:url\" content=\"https:\/\/www.visit-ulcinj.com\/blog\/2010\/03\/20\/aranzman-za-99-eura-u-ulcinj-postoji-vec-decenijama\/\" \/>\n<meta property=\"og:site_name\" content=\"Lajme nga Ulqini\" \/>\n<meta property=\"article:published_time\" content=\"2010-03-20T18:13:42+00:00\" \/>\n<meta property=\"article:modified_time\" content=\"2010-03-23T17:01:18+00:00\" \/>\n<meta property=\"og:image\" content=\"https:\/\/www.visit-ulcinj.com\/blog\/wp-content\/uploads\/2010\/03\/Velika-Pla\u00c5\u00bea_Ulcinj_Crna-Gora.jpg\" \/>\n<meta name=\"twitter:label1\" content=\"Written by\" \/>\n\t<meta name=\"twitter:data1\" content=\"ulqini\" \/>\n\t<meta name=\"twitter:label2\" content=\"Est. reading time\" \/>\n\t<meta name=\"twitter:data2\" content=\"1 minute\" \/>\n<script type=\"application\/ld+json\" class=\"yoast-schema-graph\">{\"@context\":\"https:\/\/schema.org\",\"@graph\":[{\"@type\":\"WebSite\",\"@id\":\"https:\/\/www.visit-ulcinj.com\/blog\/#website\",\"url\":\"https:\/\/www.visit-ulcinj.com\/blog\/\",\"name\":\"Lajme nga Ulqini\",\"description\":\"Lajme,Vijesti,Ulqini,Ulqin,Crna Gora,Mali i Zi\",\"potentialAction\":[{\"@type\":\"SearchAction\",\"target\":{\"@type\":\"EntryPoint\",\"urlTemplate\":\"https:\/\/www.visit-ulcinj.com\/blog\/?s={search_term_string}\"},\"query-input\":\"required name=search_term_string\"}],\"inLanguage\":\"en-US\"},{\"@type\":\"WebPage\",\"@id\":\"https:\/\/www.visit-ulcinj.com\/blog\/2010\/03\/20\/aranzman-za-99-eura-u-ulcinj-postoji-vec-decenijama\/#webpage\",\"url\":\"https:\/\/www.visit-ulcinj.com\/blog\/2010\/03\/20\/aranzman-za-99-eura-u-ulcinj-postoji-vec-decenijama\/\",\"name\":\"Aran\u017eman za 99 eura u Ulcinj postoji vec decenijama - Lajme nga Ulqini\",\"isPartOf\":{\"@id\":\"https:\/\/www.visit-ulcinj.com\/blog\/#website\"},\"datePublished\":\"2010-03-20T18:13:42+00:00\",\"dateModified\":\"2010-03-23T17:01:18+00:00\",\"author\":{\"@id\":\"https:\/\/www.visit-ulcinj.com\/blog\/#\/schema\/person\/dcab619c614d3038751c63bc2aadc06d\"},\"description\":\"Ponuda da gosti iz okru\u017eenja za 99 eura ljetuju u privatnom smje\u0161taju van sezone, ne uvodi se zbog premo\u0161?avanja krize, ve? prvenstveno zbog percepcije da\",\"breadcrumb\":{\"@id\":\"https:\/\/www.visit-ulcinj.com\/blog\/2010\/03\/20\/aranzman-za-99-eura-u-ulcinj-postoji-vec-decenijama\/#breadcrumb\"},\"inLanguage\":\"en-US\",\"potentialAction\":[{\"@type\":\"ReadAction\",\"target\":[\"https:\/\/www.visit-ulcinj.com\/blog\/2010\/03\/20\/aranzman-za-99-eura-u-ulcinj-postoji-vec-decenijama\/\"]}]},{\"@type\":\"BreadcrumbList\",\"@id\":\"https:\/\/www.visit-ulcinj.com\/blog\/2010\/03\/20\/aranzman-za-99-eura-u-ulcinj-postoji-vec-decenijama\/#breadcrumb\",\"itemListElement\":[{\"@type\":\"ListItem\",\"position\":1,\"name\":\"Aran\u017eman za 99 eura u Ulcinj postoji vec decenijama\"}]},{\"@type\":\"Person\",\"@id\":\"https:\/\/www.visit-ulcinj.com\/blog\/#\/schema\/person\/dcab619c614d3038751c63bc2aadc06d\",\"name\":\"ulqini\",\"sameAs\":[\"http:\/\/www.visit-ulcinj.com\"],\"url\":\"https:\/\/www.visit-ulcinj.com\/blog\/author\/admin\/\"}]}<\/script>\n<!-- \/ Yoast SEO plugin. -->","yoast_head_json":{"title":"Aran\u017eman za 99 eura u Ulcinj postoji vec decenijama - Lajme nga Ulqini","description":"Ponuda da gosti iz okru\u017eenja za 99 eura ljetuju u privatnom smje\u0161taju van sezone, ne uvodi se zbog premo\u0161?avanja krize, ve? prvenstveno zbog percepcije da","robots":{"index":"index","follow":"follow","max-snippet":"max-snippet:-1","max-image-preview":"max-image-preview:large","max-video-preview":"max-video-preview:-1"},"canonical":"https:\/\/www.visit-ulcinj.com\/blog\/2010\/03\/20\/aranzman-za-99-eura-u-ulcinj-postoji-vec-decenijama\/","og_locale":"en_US","og_type":"article","og_title":"Aran\u017eman za 99 eura u Ulcinj postoji vec decenijama - Lajme nga Ulqini","og_description":"Ponuda da gosti iz okru\u017eenja za 99 eura ljetuju u privatnom smje\u0161taju van sezone, ne uvodi se zbog premo\u0161?avanja krize, ve? prvenstveno zbog percepcije da","og_url":"https:\/\/www.visit-ulcinj.com\/blog\/2010\/03\/20\/aranzman-za-99-eura-u-ulcinj-postoji-vec-decenijama\/","og_site_name":"Lajme nga Ulqini","article_published_time":"2010-03-20T18:13:42+00:00","article_modified_time":"2010-03-23T17:01:18+00:00","og_image":[{"url":"https:\/\/www.visit-ulcinj.com\/blog\/wp-content\/uploads\/2010\/03\/Velika-Pla\u00c5\u00bea_Ulcinj_Crna-Gora.jpg"}],"twitter_misc":{"Written by":"ulqini","Est. reading time":"1 minute"},"schema":{"@context":"https:\/\/schema.org","@graph":[{"@type":"WebSite","@id":"https:\/\/www.visit-ulcinj.com\/blog\/#website","url":"https:\/\/www.visit-ulcinj.com\/blog\/","name":"Lajme nga Ulqini","description":"Lajme,Vijesti,Ulqini,Ulqin,Crna Gora,Mali i Zi","potentialAction":[{"@type":"SearchAction","target":{"@type":"EntryPoint","urlTemplate":"https:\/\/www.visit-ulcinj.com\/blog\/?s={search_term_string}"},"query-input":"required name=search_term_string"}],"inLanguage":"en-US"},{"@type":"WebPage","@id":"https:\/\/www.visit-ulcinj.com\/blog\/2010\/03\/20\/aranzman-za-99-eura-u-ulcinj-postoji-vec-decenijama\/#webpage","url":"https:\/\/www.visit-ulcinj.com\/blog\/2010\/03\/20\/aranzman-za-99-eura-u-ulcinj-postoji-vec-decenijama\/","name":"Aran\u017eman za 99 eura u Ulcinj postoji vec decenijama - Lajme nga Ulqini","isPartOf":{"@id":"https:\/\/www.visit-ulcinj.com\/blog\/#website"},"datePublished":"2010-03-20T18:13:42+00:00","dateModified":"2010-03-23T17:01:18+00:00","author":{"@id":"https:\/\/www.visit-ulcinj.com\/blog\/#\/schema\/person\/dcab619c614d3038751c63bc2aadc06d"},"description":"Ponuda da gosti iz okru\u017eenja za 99 eura ljetuju u privatnom smje\u0161taju van sezone, ne uvodi se zbog premo\u0161?avanja krize, ve? prvenstveno zbog percepcije da","breadcrumb":{"@id":"https:\/\/www.visit-ulcinj.com\/blog\/2010\/03\/20\/aranzman-za-99-eura-u-ulcinj-postoji-vec-decenijama\/#breadcrumb"},"inLanguage":"en-US","potentialAction":[{"@type":"ReadAction","target":["https:\/\/www.visit-ulcinj.com\/blog\/2010\/03\/20\/aranzman-za-99-eura-u-ulcinj-postoji-vec-decenijama\/"]}]},{"@type":"BreadcrumbList","@id":"https:\/\/www.visit-ulcinj.com\/blog\/2010\/03\/20\/aranzman-za-99-eura-u-ulcinj-postoji-vec-decenijama\/#breadcrumb","itemListElement":[{"@type":"ListItem","position":1,"name":"Aran\u017eman za 99 eura u Ulcinj postoji vec decenijama"}]},{"@type":"Person","@id":"https:\/\/www.visit-ulcinj.com\/blog\/#\/schema\/person\/dcab619c614d3038751c63bc2aadc06d","name":"ulqini","sameAs":["http:\/\/www.visit-ulcinj.com"],"url":"https:\/\/www.visit-ulcinj.com\/blog\/author\/admin\/"}]}},"jetpack_featured_media_url":"","jetpack_sharing_enabled":true,"jetpack_shortlink":"https:\/\/wp.me\/pe6lTn-8bh","_links":{"self":[{"href":"https:\/\/www.visit-ulcinj.com\/blog\/wp-json\/wp\/v2\/posts\/31451"}],"collection":[{"href":"https:\/\/www.visit-ulcinj.com\/blog\/wp-json\/wp\/v2\/posts"}],"about":[{"href":"https:\/\/www.visit-ulcinj.com\/blog\/wp-json\/wp\/v2\/types\/post"}],"author":[{"embeddable":true,"href":"https:\/\/www.visit-ulcinj.com\/blog\/wp-json\/wp\/v2\/users\/1"}],"replies":[{"embeddable":true,"href":"https:\/\/www.visit-ulcinj.com\/blog\/wp-json\/wp\/v2\/comments?post=31451"}],"version-history":[{"count":0,"href":"https:\/\/www.visit-ulcinj.com\/blog\/wp-json\/wp\/v2\/posts\/31451\/revisions"}],"wp:attachment":[{"href":"https:\/\/www.visit-ulcinj.com\/blog\/wp-json\/wp\/v2\/media?parent=31451"}],"wp:term":[{"taxonomy":"category","embeddable":true,"href":"https:\/\/www.visit-ulcinj.com\/blog\/wp-json\/wp\/v2\/categories?post=31451"},{"taxonomy":"post_tag","embeddable":true,"href":"https:\/\/www.visit-ulcinj.com\/blog\/wp-json\/wp\/v2\/tags?post=31451"}],"curies":[{"name":"wp","href":"https:\/\/api.w.org\/{rel}","templated":true}]}}