{"id":31476,"date":"2010-03-21T18:30:38","date_gmt":"2010-03-21T16:30:38","guid":{"rendered":"http:\/\/www.visit-ulcinj.com\/blog\/?p=31476"},"modified":"2010-03-29T22:18:35","modified_gmt":"2010-03-29T20:18:35","slug":"nje-shqiptare-per-here-te-pare-ne-krye-te-gjykates-themelore-te-ulqinit","status":"publish","type":"post","link":"https:\/\/www.visit-ulcinj.com\/blog\/2010\/03\/21\/nje-shqiptare-per-here-te-pare-ne-krye-te-gjykates-themelore-te-ulqinit\/","title":{"rendered":"Nj\u00eb shqiptare p\u00ebr her\u00eb t\u00eb par\u00eb n\u00eb krye t\u00eb Gjykat\u00ebs themelore t\u00eb Ulqinit"},"content":{"rendered":"<p><a href=\"http:\/\/www.visit-ulcinj.com\/blog\/wp-content\/uploads\/2010\/03\/Gjykata-themelore-e-Ulqinit.jpg\"><img loading=\"lazy\" class=\"alignleft size-full wp-image-31477\" title=\"Gjykata themelore e Ulqinit\" src=\"http:\/\/www.visit-ulcinj.com\/blog\/wp-content\/uploads\/2010\/03\/Gjykata-themelore-e-Ulqinit.jpg\" alt=\"Gjykata themelore e Ulqinit\" width=\"580\" height=\"400\" \/><\/a>Ulqin, 20 mars &#8211; P\u00ebr her\u00eb t\u00eb par\u00eb n\u00eb historin\u00eb e Gjykat\u00ebs themelore t\u00eb Ulqinit, kryetare e saj zgjidhet nj\u00eb shqiptare.<br \/>\nGjykat\u00ebsja ulqinake, Lirie Buzuku e mori k\u00ebt\u00eb post nj\u00eb dit\u00eb m\u00eb par\u00eb me vendimin e K\u00ebshillit Gjyq\u00ebsor Shtet\u00ebror t\u00eb Malit t\u00eb Zi.<br \/>\nAn\u00ebtari i k\u00ebtij k\u00ebshilli, kryetari i K\u00ebshillit Komunal t\u00eb Partis\u00eb Demokratike t\u00eb Socialist\u00ebve t\u00eb Milo Djukanoviqit n\u00eb pushtet, Luigj Shkreli, deputet i k\u00ebsaj partie n\u00eb parlamentin malazias, deklaroi t\u00eb shtun\u00ebn p\u00ebr KosovaLive se Buzuku n\u00eb t\u00eb gjitha fazat e konkurimit p\u00ebr k\u00ebt\u00eb post, \u00ebsht\u00eb d\u00ebshmuar si profesioniste shum\u00eb cil\u00ebsore.<br \/>\n\u201cZaten, kjo ka qen\u00eb vendimtare q\u00eb k\u00ebshilli pa asnj\u00eb hamendje, n\u00eb nj\u00eb konkurrenc\u00eb t\u00eb theksuar, \u00ebsht\u00eb p\u00ebrcaktuar p\u00ebr zonj\u00ebn Lirie\u201d, tha ai.<br \/>\nI pyetur n\u00ebse me k\u00ebt\u00eb em\u00ebrim p\u00ebrmbushen k\u00ebrkesat e kamotshme t\u00eb partive parlamentare shqiptare p\u00ebr nj\u00eb p\u00ebrfaq\u00ebsim t\u00eb duhur dhe proporcional t\u00eb shqiptar\u00ebve n\u00eb organet gjyq\u00ebsore n\u00eb Mal t\u00eb Zi, Shkreli thot\u00eb se ky \u00ebsht\u00eb nj\u00eb hap pozitiv, i cili hap rrug\u00eb p\u00ebr emrime t\u00eb reja.<br \/>\nNga ana tjet\u00ebr, ai konsideron se edhe partit\u00eb politike shqiptare duhet t\u00eb inkurajojn\u00eb t\u00eb rinjt\u00eb tan\u00eb q\u00eb kan\u00eb p\u00ebrgatitjet e duhura arsimore, q\u00eb t\u00eb konkurrojn\u00eb p\u00ebr organet gjyq\u00ebsore n\u00eb t\u00eb gjitha nivelet n\u00eb Malin e Zi.<br \/>\nSipas tij, n\u00eb radh\u00ebt e shqiptar\u00ebve n\u00eb Mal t\u00eb Zi ka jurist\u00eb shum\u00eb t\u00eb aft\u00eb dhe \u00ebsht\u00eb e pashpjegueshme pse ata hezitojn\u00eb t\u00eb paraqiten n\u00eb konkurset e institucioneve t\u00eb jurisprudenc\u00ebs malazeze.<\/p>\n<p><strong>Koha Ditore<\/strong><\/p>\n","protected":false},"excerpt":{"rendered":"<p>Ulqin, 20 mars &#8211; P\u00ebr her\u00eb t\u00eb par\u00eb n\u00eb historin\u00eb e Gjykat\u00ebs themelore t\u00eb Ulqinit, kryetare e saj zgjidhet nj\u00eb shqiptare. Gjykat\u00ebsja ulqinake, Lirie Buzuku e mori k\u00ebt\u00eb post nj\u00eb dit\u00eb m\u00eb par\u00eb me vendimin e K\u00ebshillit Gjyq\u00ebsor Shtet\u00ebror t\u00eb Malit t\u00eb Zi. An\u00ebtari i k\u00ebtij k\u00ebshilli, kryetari i K\u00ebshillit Komunal t\u00eb Partis\u00eb Demokratike t\u00eb [&hellip;]<\/p>\n","protected":false},"author":1,"featured_media":0,"comment_status":"open","ping_status":"closed","sticky":false,"template":"","format":"standard","meta":{"spay_email":"","jetpack_publicize_message":"","jetpack_is_tweetstorm":false,"jetpack_publicize_feature_enabled":true},"categories":[6],"tags":[13896,13897,13898],"jetpack_publicize_connections":[],"yoast_head":"<!-- This site is optimized with the Yoast SEO plugin v19.1 - https:\/\/yoast.com\/wordpress\/plugins\/seo\/ -->\n<title>Nj\u00eb shqiptare p\u00ebr her\u00eb t\u00eb par\u00eb n\u00eb krye t\u00eb Gjykat\u00ebs themelore t\u00eb Ulqinit - Lajme nga Ulqini<\/title>\n<meta name=\"description\" content=\"Ulqin, 20 mars - P\u00ebr her\u00eb t\u00eb par\u00eb n\u00eb historin\u00eb e Gjykat\u00ebs themelore t\u00eb Ulqinit, kryetare e saj zgjidhet nj\u00eb shqiptare. Gjykat\u00ebsja ulqinake, Lirie Buzuku e\" \/>\n<meta name=\"robots\" content=\"index, follow, max-snippet:-1, max-image-preview:large, max-video-preview:-1\" \/>\n<link rel=\"canonical\" href=\"https:\/\/www.visit-ulcinj.com\/blog\/2010\/03\/21\/nje-shqiptare-per-here-te-pare-ne-krye-te-gjykates-themelore-te-ulqinit\/\" \/>\n<meta property=\"og:locale\" content=\"en_US\" \/>\n<meta property=\"og:type\" content=\"article\" \/>\n<meta property=\"og:title\" content=\"Nj\u00eb shqiptare p\u00ebr her\u00eb t\u00eb par\u00eb n\u00eb krye t\u00eb Gjykat\u00ebs themelore t\u00eb Ulqinit - Lajme nga Ulqini\" \/>\n<meta property=\"og:description\" content=\"Ulqin, 20 mars - P\u00ebr her\u00eb t\u00eb par\u00eb n\u00eb historin\u00eb e Gjykat\u00ebs themelore t\u00eb Ulqinit, kryetare e saj zgjidhet nj\u00eb shqiptare. Gjykat\u00ebsja ulqinake, Lirie Buzuku e\" \/>\n<meta property=\"og:url\" content=\"https:\/\/www.visit-ulcinj.com\/blog\/2010\/03\/21\/nje-shqiptare-per-here-te-pare-ne-krye-te-gjykates-themelore-te-ulqinit\/\" \/>\n<meta property=\"og:site_name\" content=\"Lajme nga Ulqini\" \/>\n<meta property=\"article:published_time\" content=\"2010-03-21T16:30:38+00:00\" \/>\n<meta property=\"article:modified_time\" content=\"2010-03-29T20:18:35+00:00\" \/>\n<meta property=\"og:image\" content=\"http:\/\/www.visit-ulcinj.com\/blog\/wp-content\/uploads\/2010\/03\/Gjykata-themelore-e-Ulqinit.jpg\" \/>\n<meta name=\"twitter:label1\" content=\"Written by\" \/>\n\t<meta name=\"twitter:data1\" content=\"ulqini\" \/>\n\t<meta name=\"twitter:label2\" content=\"Est. reading time\" \/>\n\t<meta name=\"twitter:data2\" content=\"1 minute\" \/>\n<script type=\"application\/ld+json\" class=\"yoast-schema-graph\">{\"@context\":\"https:\/\/schema.org\",\"@graph\":[{\"@type\":\"WebSite\",\"@id\":\"https:\/\/www.visit-ulcinj.com\/blog\/#website\",\"url\":\"https:\/\/www.visit-ulcinj.com\/blog\/\",\"name\":\"Lajme nga Ulqini\",\"description\":\"Lajme,Vijesti,Ulqini,Ulqin,Crna Gora,Mali i Zi\",\"potentialAction\":[{\"@type\":\"SearchAction\",\"target\":{\"@type\":\"EntryPoint\",\"urlTemplate\":\"https:\/\/www.visit-ulcinj.com\/blog\/?s={search_term_string}\"},\"query-input\":\"required name=search_term_string\"}],\"inLanguage\":\"en-US\"},{\"@type\":\"ImageObject\",\"inLanguage\":\"en-US\",\"@id\":\"https:\/\/www.visit-ulcinj.com\/blog\/2010\/03\/21\/nje-shqiptare-per-here-te-pare-ne-krye-te-gjykates-themelore-te-ulqinit\/#primaryimage\",\"url\":\"https:\/\/www.visit-ulcinj.com\/blog\/wp-content\/uploads\/2010\/03\/Gjykata-themelore-e-Ulqinit.jpg\",\"contentUrl\":\"https:\/\/www.visit-ulcinj.com\/blog\/wp-content\/uploads\/2010\/03\/Gjykata-themelore-e-Ulqinit.jpg\",\"width\":\"800\",\"height\":\"600\"},{\"@type\":\"WebPage\",\"@id\":\"https:\/\/www.visit-ulcinj.com\/blog\/2010\/03\/21\/nje-shqiptare-per-here-te-pare-ne-krye-te-gjykates-themelore-te-ulqinit\/#webpage\",\"url\":\"https:\/\/www.visit-ulcinj.com\/blog\/2010\/03\/21\/nje-shqiptare-per-here-te-pare-ne-krye-te-gjykates-themelore-te-ulqinit\/\",\"name\":\"Nj\u00eb shqiptare p\u00ebr her\u00eb t\u00eb par\u00eb n\u00eb krye t\u00eb Gjykat\u00ebs themelore t\u00eb Ulqinit - Lajme nga Ulqini\",\"isPartOf\":{\"@id\":\"https:\/\/www.visit-ulcinj.com\/blog\/#website\"},\"primaryImageOfPage\":{\"@id\":\"https:\/\/www.visit-ulcinj.com\/blog\/2010\/03\/21\/nje-shqiptare-per-here-te-pare-ne-krye-te-gjykates-themelore-te-ulqinit\/#primaryimage\"},\"datePublished\":\"2010-03-21T16:30:38+00:00\",\"dateModified\":\"2010-03-29T20:18:35+00:00\",\"author\":{\"@id\":\"https:\/\/www.visit-ulcinj.com\/blog\/#\/schema\/person\/dcab619c614d3038751c63bc2aadc06d\"},\"description\":\"Ulqin, 20 mars - P\u00ebr her\u00eb t\u00eb par\u00eb n\u00eb historin\u00eb e Gjykat\u00ebs themelore t\u00eb Ulqinit, kryetare e saj zgjidhet nj\u00eb shqiptare. Gjykat\u00ebsja ulqinake, Lirie Buzuku e\",\"breadcrumb\":{\"@id\":\"https:\/\/www.visit-ulcinj.com\/blog\/2010\/03\/21\/nje-shqiptare-per-here-te-pare-ne-krye-te-gjykates-themelore-te-ulqinit\/#breadcrumb\"},\"inLanguage\":\"en-US\",\"potentialAction\":[{\"@type\":\"ReadAction\",\"target\":[\"https:\/\/www.visit-ulcinj.com\/blog\/2010\/03\/21\/nje-shqiptare-per-here-te-pare-ne-krye-te-gjykates-themelore-te-ulqinit\/\"]}]},{\"@type\":\"BreadcrumbList\",\"@id\":\"https:\/\/www.visit-ulcinj.com\/blog\/2010\/03\/21\/nje-shqiptare-per-here-te-pare-ne-krye-te-gjykates-themelore-te-ulqinit\/#breadcrumb\",\"itemListElement\":[{\"@type\":\"ListItem\",\"position\":1,\"name\":\"Nj\u00eb shqiptare p\u00ebr her\u00eb t\u00eb par\u00eb n\u00eb krye t\u00eb Gjykat\u00ebs themelore t\u00eb Ulqinit\"}]},{\"@type\":\"Person\",\"@id\":\"https:\/\/www.visit-ulcinj.com\/blog\/#\/schema\/person\/dcab619c614d3038751c63bc2aadc06d\",\"name\":\"ulqini\",\"sameAs\":[\"http:\/\/www.visit-ulcinj.com\"],\"url\":\"https:\/\/www.visit-ulcinj.com\/blog\/author\/admin\/\"}]}<\/script>\n<!-- \/ Yoast SEO plugin. -->","yoast_head_json":{"title":"Nj\u00eb shqiptare p\u00ebr her\u00eb t\u00eb par\u00eb n\u00eb krye t\u00eb Gjykat\u00ebs themelore t\u00eb Ulqinit - Lajme nga Ulqini","description":"Ulqin, 20 mars - P\u00ebr her\u00eb t\u00eb par\u00eb n\u00eb historin\u00eb e Gjykat\u00ebs themelore t\u00eb Ulqinit, kryetare e saj zgjidhet nj\u00eb shqiptare. Gjykat\u00ebsja ulqinake, Lirie Buzuku e","robots":{"index":"index","follow":"follow","max-snippet":"max-snippet:-1","max-image-preview":"max-image-preview:large","max-video-preview":"max-video-preview:-1"},"canonical":"https:\/\/www.visit-ulcinj.com\/blog\/2010\/03\/21\/nje-shqiptare-per-here-te-pare-ne-krye-te-gjykates-themelore-te-ulqinit\/","og_locale":"en_US","og_type":"article","og_title":"Nj\u00eb shqiptare p\u00ebr her\u00eb t\u00eb par\u00eb n\u00eb krye t\u00eb Gjykat\u00ebs themelore t\u00eb Ulqinit - Lajme nga Ulqini","og_description":"Ulqin, 20 mars - P\u00ebr her\u00eb t\u00eb par\u00eb n\u00eb historin\u00eb e Gjykat\u00ebs themelore t\u00eb Ulqinit, kryetare e saj zgjidhet nj\u00eb shqiptare. Gjykat\u00ebsja ulqinake, Lirie Buzuku e","og_url":"https:\/\/www.visit-ulcinj.com\/blog\/2010\/03\/21\/nje-shqiptare-per-here-te-pare-ne-krye-te-gjykates-themelore-te-ulqinit\/","og_site_name":"Lajme nga Ulqini","article_published_time":"2010-03-21T16:30:38+00:00","article_modified_time":"2010-03-29T20:18:35+00:00","og_image":[{"url":"http:\/\/www.visit-ulcinj.com\/blog\/wp-content\/uploads\/2010\/03\/Gjykata-themelore-e-Ulqinit.jpg"}],"twitter_misc":{"Written by":"ulqini","Est. reading time":"1 minute"},"schema":{"@context":"https:\/\/schema.org","@graph":[{"@type":"WebSite","@id":"https:\/\/www.visit-ulcinj.com\/blog\/#website","url":"https:\/\/www.visit-ulcinj.com\/blog\/","name":"Lajme nga Ulqini","description":"Lajme,Vijesti,Ulqini,Ulqin,Crna Gora,Mali i Zi","potentialAction":[{"@type":"SearchAction","target":{"@type":"EntryPoint","urlTemplate":"https:\/\/www.visit-ulcinj.com\/blog\/?s={search_term_string}"},"query-input":"required name=search_term_string"}],"inLanguage":"en-US"},{"@type":"ImageObject","inLanguage":"en-US","@id":"https:\/\/www.visit-ulcinj.com\/blog\/2010\/03\/21\/nje-shqiptare-per-here-te-pare-ne-krye-te-gjykates-themelore-te-ulqinit\/#primaryimage","url":"https:\/\/www.visit-ulcinj.com\/blog\/wp-content\/uploads\/2010\/03\/Gjykata-themelore-e-Ulqinit.jpg","contentUrl":"https:\/\/www.visit-ulcinj.com\/blog\/wp-content\/uploads\/2010\/03\/Gjykata-themelore-e-Ulqinit.jpg","width":"800","height":"600"},{"@type":"WebPage","@id":"https:\/\/www.visit-ulcinj.com\/blog\/2010\/03\/21\/nje-shqiptare-per-here-te-pare-ne-krye-te-gjykates-themelore-te-ulqinit\/#webpage","url":"https:\/\/www.visit-ulcinj.com\/blog\/2010\/03\/21\/nje-shqiptare-per-here-te-pare-ne-krye-te-gjykates-themelore-te-ulqinit\/","name":"Nj\u00eb shqiptare p\u00ebr her\u00eb t\u00eb par\u00eb n\u00eb krye t\u00eb Gjykat\u00ebs themelore t\u00eb Ulqinit - Lajme nga Ulqini","isPartOf":{"@id":"https:\/\/www.visit-ulcinj.com\/blog\/#website"},"primaryImageOfPage":{"@id":"https:\/\/www.visit-ulcinj.com\/blog\/2010\/03\/21\/nje-shqiptare-per-here-te-pare-ne-krye-te-gjykates-themelore-te-ulqinit\/#primaryimage"},"datePublished":"2010-03-21T16:30:38+00:00","dateModified":"2010-03-29T20:18:35+00:00","author":{"@id":"https:\/\/www.visit-ulcinj.com\/blog\/#\/schema\/person\/dcab619c614d3038751c63bc2aadc06d"},"description":"Ulqin, 20 mars - P\u00ebr her\u00eb t\u00eb par\u00eb n\u00eb historin\u00eb e Gjykat\u00ebs themelore t\u00eb Ulqinit, kryetare e saj zgjidhet nj\u00eb shqiptare. Gjykat\u00ebsja ulqinake, Lirie Buzuku e","breadcrumb":{"@id":"https:\/\/www.visit-ulcinj.com\/blog\/2010\/03\/21\/nje-shqiptare-per-here-te-pare-ne-krye-te-gjykates-themelore-te-ulqinit\/#breadcrumb"},"inLanguage":"en-US","potentialAction":[{"@type":"ReadAction","target":["https:\/\/www.visit-ulcinj.com\/blog\/2010\/03\/21\/nje-shqiptare-per-here-te-pare-ne-krye-te-gjykates-themelore-te-ulqinit\/"]}]},{"@type":"BreadcrumbList","@id":"https:\/\/www.visit-ulcinj.com\/blog\/2010\/03\/21\/nje-shqiptare-per-here-te-pare-ne-krye-te-gjykates-themelore-te-ulqinit\/#breadcrumb","itemListElement":[{"@type":"ListItem","position":1,"name":"Nj\u00eb shqiptare p\u00ebr her\u00eb t\u00eb par\u00eb n\u00eb krye t\u00eb Gjykat\u00ebs themelore t\u00eb Ulqinit"}]},{"@type":"Person","@id":"https:\/\/www.visit-ulcinj.com\/blog\/#\/schema\/person\/dcab619c614d3038751c63bc2aadc06d","name":"ulqini","sameAs":["http:\/\/www.visit-ulcinj.com"],"url":"https:\/\/www.visit-ulcinj.com\/blog\/author\/admin\/"}]}},"jetpack_featured_media_url":"","jetpack_sharing_enabled":true,"jetpack_shortlink":"https:\/\/wp.me\/pe6lTn-8bG","_links":{"self":[{"href":"https:\/\/www.visit-ulcinj.com\/blog\/wp-json\/wp\/v2\/posts\/31476"}],"collection":[{"href":"https:\/\/www.visit-ulcinj.com\/blog\/wp-json\/wp\/v2\/posts"}],"about":[{"href":"https:\/\/www.visit-ulcinj.com\/blog\/wp-json\/wp\/v2\/types\/post"}],"author":[{"embeddable":true,"href":"https:\/\/www.visit-ulcinj.com\/blog\/wp-json\/wp\/v2\/users\/1"}],"replies":[{"embeddable":true,"href":"https:\/\/www.visit-ulcinj.com\/blog\/wp-json\/wp\/v2\/comments?post=31476"}],"version-history":[{"count":0,"href":"https:\/\/www.visit-ulcinj.com\/blog\/wp-json\/wp\/v2\/posts\/31476\/revisions"}],"wp:attachment":[{"href":"https:\/\/www.visit-ulcinj.com\/blog\/wp-json\/wp\/v2\/media?parent=31476"}],"wp:term":[{"taxonomy":"category","embeddable":true,"href":"https:\/\/www.visit-ulcinj.com\/blog\/wp-json\/wp\/v2\/categories?post=31476"},{"taxonomy":"post_tag","embeddable":true,"href":"https:\/\/www.visit-ulcinj.com\/blog\/wp-json\/wp\/v2\/tags?post=31476"}],"curies":[{"name":"wp","href":"https:\/\/api.w.org\/{rel}","templated":true}]}}