{"id":31495,"date":"2010-03-22T20:18:28","date_gmt":"2010-03-22T18:18:28","guid":{"rendered":"http:\/\/www.visit-ulcinj.com\/blog\/?p=31495"},"modified":"2010-03-24T17:42:10","modified_gmt":"2010-03-24T15:42:10","slug":"programi-i-festes-te-dites-se-ulqinit-do-zgjas-3-dite","status":"publish","type":"post","link":"https:\/\/www.visit-ulcinj.com\/blog\/2010\/03\/22\/programi-i-festes-te-dites-se-ulqinit-do-zgjas-3-dite\/","title":{"rendered":"Programi i Fest\u00ebs t\u00eb dit\u00ebs s\u00eb Ulqinit do zgjas 3 dit\u00eb"},"content":{"rendered":"<p><strong><img loading=\"lazy\" class=\"alignleft\" title=\"Programi Dita e Komunes se Ulqinit 2010\" src=\"http:\/\/www.visit-ulcinj.com\/blog\/wp-content\/uploads\/2009\/03\/komuna-e-ulqinit2.jpg\" alt=\"\" width=\"580\" height=\"400\" \/>Programi Dita e Komunes se Ulqinit 2010<\/strong><\/p>\n<ul>\n<li><strong>1.04.2010 (e enjte) <\/strong><\/li>\n<li><strong>11.00 Pranimi i klerik\u00ebve n\u00eb Kabinetin e Kryetarit t\u00eb Komun\u00ebs<\/strong><\/li>\n<li><strong>18.00 Ndjarja e \u00e7mimeve nx\u00ebn\u00ebsve m\u00eb t\u00eb mir\u00eb t\u00eb shkollave fillore dhe t\u00eb\u00a0 mesme n\u00eb Ulqin, Odeoni i Pallatit t\u00eb kultur\u00ebs<\/strong><\/li>\n<li><strong>19.00 Koncert i nx\u00ebn\u00ebsve t\u00eb Shkoll\u00ebs s\u00eb muzik\u00ebs n\u00eb Ulqin, salla e Shkoll\u00ebs s\u00eb muzik\u00ebs <\/strong><\/li>\n<li><strong>2.04.2010 (e premte) <\/strong><\/li>\n<li><strong>11.00 Hapja e Konferenc\u00ebs \u2019\u2019 Investimet n\u00eb turiz\u00ebm si paraprij\u00ebs t\u00eb integrimeve rajonale\u2019\u2019, salla e Kuvendit Komunal t\u00eb Ulqinit<\/strong><\/li>\n<li><strong>14.00 Hapja e Qendr\u00ebs ditore p\u00ebr f\u00ebmij\u00ebt e hendikap<\/strong><\/li>\n<li><strong>19.00 Ekspozita e piktores Mersiha Resulbegoviq Mavriq, Odeoni i Pallatit t\u00eb Kultur\u00ebs <\/strong><\/li>\n<li><strong>3.04.2010 (e shtune) <\/strong><\/li>\n<li><strong>11.00 Seanca solemne e Kuvendit Komulat t\u00eb Ulqinit, Pallati i Kultur\u00ebs<\/strong><\/li>\n<li><strong>13.00 Koktej p\u00ebr t\u00eb\u00a0 ftuarit, Pallati i Kultur\u00ebs<\/strong><\/li>\n<li style=\"text-align: left;\"><strong>19.00 Koncert &#8211; Sheshi i Ullirit (te rrethi)<\/strong><\/li>\n<\/ul>\n<p><strong>Program Dan Opstine Ulcinj 2010<\/strong><\/p>\n<ul>\n<li><strong>1.04.2010 ?etvrtak <\/strong><\/li>\n<li><strong>&#8211; 11.00 Prijem vjerskih predstavnika kod predsjednika Op\u0161tine Ulcinj<\/strong><\/li>\n<li><strong>&#8211;\u00a0 18.00 Nagrade najboljim u?enicima osnovnih i srednjih \u0161kola u Ulcinju<\/strong><\/li>\n<li><strong>&#8211; 19.00 Koncert u?enika muzi?ke \u0161kole <\/strong><\/li>\n<li><strong>2.04.2010 petak <\/strong><\/li>\n<li><strong>&#8211; 11.00 Otvaranje konferencije \u2019\u2019Investicije u turizmu kao uslov regionalnih integracija\u2019\u2019<\/strong><\/li>\n<li><strong>&#8211; 14.00 Otvaranje Dnevnog centra za hendikepiranu djecu<\/strong><\/li>\n<li><strong>&#8211; 19.00 Izlo\u017eba slikarke Mersihe Resulbegovi? Mavri? <\/strong><\/li>\n<li><strong>3.04.2010 subota <\/strong><\/li>\n<li><strong>&#8211; 11.00 Sve?ana sjednica Skup\u0161tine Op\u0161tine Ulcinj<\/strong><\/li>\n<li><strong>&#8211; 13.00 Koktel za zvanice<\/strong><\/li>\n<li><strong>&#8211; 19.00 Koncert na Trgu masline (kod kru\u017enog toka)<br \/>\n<\/strong><\/li>\n<\/ul>\n<p><strong><span><span style=\"color: #00681c;\">Municipality of  Ulcinj \/ Ulqin \u2013 Arsllan  Hajdinaga<br \/>\n<\/span><\/span><\/strong><\/p>\n<p><strong>DAN OP\u0160TINE ULCINj 3. APRILA<br \/>\nSvetkovina tri dana<br \/>\n<\/strong><br \/>\n<a href=\"http:\/\/www.visit-ulcinj.com\/blog\/wp-content\/uploads\/2010\/03\/Arslan-Hajdinaga.jpg\"><img loading=\"lazy\" class=\"alignleft size-full wp-image-31496\" title=\"Arslan Hajdinaga\" src=\"http:\/\/www.visit-ulcinj.com\/blog\/wp-content\/uploads\/2010\/03\/Arslan-Hajdinaga.jpg\" alt=\"Arslan Hajdinaga\" width=\"287\" height=\"365\" srcset=\"https:\/\/www.visit-ulcinj.com\/blog\/wp-content\/uploads\/2010\/03\/Arslan-Hajdinaga.jpg 287w, https:\/\/www.visit-ulcinj.com\/blog\/wp-content\/uploads\/2010\/03\/Arslan-Hajdinaga-235x300.jpg 235w\" sizes=\"(max-width: 287px) 100vw, 287px\" \/><\/a>Ulcinj &#8211; Proslava Dana op\u0161tine Ulcinj ove godine traja?e tri dana \u2013 izjavio je Arslan Hajdinaga, savjetnik u kabinetu predsjednika i ?lan organizacionog odbora proslave Dana op\u0161tine Ulcinj.<\/p>\n<p>Dan op\u0161tine Ulcinj, koji se obilje\u017eava prve subote aprila, ove godine pada 3. aprila, kada ?e se odr\u017eati sve?ana sjednica Skup\u0161tine op\u0161tine ovog grada.<\/p>\n<p>Trudili smo se da program i ove godine bude sveobuhvatan i da sadr\u017ei niz kulturno-zabavnih manifestacija.<\/p>\n<p>Program po?inje prijemom vjerskih predstavnika kod predsjednika op\u0161tine. Ovo je 3. godina za redom otkad Red\u017eep ef. Lika, Don Toma Ko?ovi? i protojerej ulcinjski Radojica Bo\u017eovi? piju kafu sa predsjednikom. Ovaj doga?aj ima simboliku sa ciljem da potvrdi epitet koji na\u0161 grad nosi \u2013 grad multikulture i razli?itosti u kojem se skladno \u017eivi. Zatim slijedi dodjela priznanja i simboli?ne finansijske podr\u0161ke u?enicima srednjih i osnovnih \u0161kola i koncert pedagoga i u?enika ulcinjske muzi?ke \u0161kole, na kojem ?e specijalna go\u0161?a biti na\u0161a sugra?anka, sopran Majda Resulbegovi?, studentkinja Akademije umjetnosti u Tirani.<\/p>\n<p>Drugi dan proslave obilje\u017ei?e po?etak konferencije \u201eInvesticije u turizmu kao uslov regionalnih integracija\u201c u organizaciji Centra za ekonomska istra\u017eivanja i op\u0161tine Ulcinj, na kojoj ?e u?estvovati predava?i sa raznih univerzitata iz Crne Gore, Albanije i Kosova.<\/p>\n<p>Inauguracija Dnevnog centra za djecu sa smetnjama u razvoju bi?e jedna od aktivnosti tokom drugog dana. Centar je zajedni?ka investicija op\u0161tine, Ministarstva rada i socijalnog staranja i donatora i slu\u017ei?e za boravak i socijalizaciju djece sa posebnim potrebama. Obilazak bulevara Teuta, koji je dobio vrhunsko hortikulturno ruho, je tako?e jedna od aktivnosti. Na ovom bulevaru, koji vodi prema Velikoj pla\u017ei, zasa?eno je 80 palmi sorte va\u0161ingtonija robusta i to daje izvanredan vizuelni efekat. Drugi dan zavr\u0161ava se izlo\u017ebom radove ulcinjske slikarke Mersihe Resulegovi?-Mavri?.<\/p>\n<p>Sve?ana akademija SO Ulcinj odr\u017ea?e se 3. aprila u 11.00 sati, kada se o?ekuje veliki broj zvanica iz Crne Gore, Albanije, Kosova, Makedonije, Austrije, Ukrajine i Bosne. Proslava se zavr\u0161ava koncertom u ve?ernjim ?asovima na novoimenovanom Trgu masline, ?iji ?e po?etak obilje\u017eiti nastup lokalnih izvo?a?a, da bi potom uslijedio gost ve?eri &#8211; \u0161to ?e biti iznena?enje.<\/p>\n<p><a href=\"http:\/\/www.pobjeda.co.me\/citanje.php?datum=2010-03-22&amp;id=181830\" target=\"_blank\"><strong>Pobjeda<\/strong><\/a><\/p>\n","protected":false},"excerpt":{"rendered":"<p>Programi Dita e Komunes se Ulqinit 2010 1.04.2010 (e enjte) 11.00 Pranimi i klerik\u00ebve n\u00eb Kabinetin e Kryetarit t\u00eb Komun\u00ebs 18.00 Ndjarja e \u00e7mimeve nx\u00ebn\u00ebsve m\u00eb t\u00eb mir\u00eb t\u00eb shkollave fillore dhe t\u00eb\u00a0 mesme n\u00eb Ulqin, Odeoni i Pallatit t\u00eb kultur\u00ebs 19.00 Koncert i nx\u00ebn\u00ebsve t\u00eb Shkoll\u00ebs s\u00eb muzik\u00ebs n\u00eb Ulqin, salla e Shkoll\u00ebs s\u00eb [&hellip;]<\/p>\n","protected":false},"author":1,"featured_media":0,"comment_status":"open","ping_status":"closed","sticky":false,"template":"","format":"standard","meta":{"spay_email":"","jetpack_publicize_message":"","jetpack_is_tweetstorm":false,"jetpack_publicize_feature_enabled":true},"categories":[1],"tags":[13609,13932,8707,13930,6406,13931,13928,13929,13933],"jetpack_publicize_connections":[],"yoast_head":"<!-- This site is optimized with the Yoast SEO plugin v19.1 - https:\/\/yoast.com\/wordpress\/plugins\/seo\/ -->\n<title>Programi i Fest\u00ebs t\u00eb dit\u00ebs s\u00eb Ulqinit do zgjas 3 dit\u00eb - Lajme nga Ulqini<\/title>\n<meta name=\"description\" content=\"Programi Dita e Komunes se Ulqinit 2010 1.04.2010 (e enjte) 11.00 Pranimi i klerik\u00ebve n\u00eb Kabinetin e Kryetarit t\u00eb Komun\u00ebs 18.00 Ndjarja e \u00e7mimeve nx\u00ebn\u00ebsve\" \/>\n<meta name=\"robots\" content=\"index, follow, max-snippet:-1, max-image-preview:large, max-video-preview:-1\" \/>\n<link rel=\"canonical\" href=\"https:\/\/www.visit-ulcinj.com\/blog\/2010\/03\/22\/programi-i-festes-te-dites-se-ulqinit-do-zgjas-3-dite\/\" \/>\n<meta property=\"og:locale\" content=\"en_US\" \/>\n<meta property=\"og:type\" content=\"article\" \/>\n<meta property=\"og:title\" content=\"Programi i Fest\u00ebs t\u00eb dit\u00ebs s\u00eb Ulqinit do zgjas 3 dit\u00eb - Lajme nga Ulqini\" \/>\n<meta property=\"og:description\" content=\"Programi Dita e Komunes se Ulqinit 2010 1.04.2010 (e enjte) 11.00 Pranimi i klerik\u00ebve n\u00eb Kabinetin e Kryetarit t\u00eb Komun\u00ebs 18.00 Ndjarja e \u00e7mimeve nx\u00ebn\u00ebsve\" \/>\n<meta property=\"og:url\" content=\"https:\/\/www.visit-ulcinj.com\/blog\/2010\/03\/22\/programi-i-festes-te-dites-se-ulqinit-do-zgjas-3-dite\/\" \/>\n<meta property=\"og:site_name\" content=\"Lajme nga Ulqini\" \/>\n<meta property=\"article:published_time\" content=\"2010-03-22T18:18:28+00:00\" \/>\n<meta property=\"article:modified_time\" content=\"2010-03-24T15:42:10+00:00\" \/>\n<meta property=\"og:image\" content=\"http:\/\/www.visit-ulcinj.com\/blog\/wp-content\/uploads\/2009\/03\/komuna-e-ulqinit2.jpg\" \/>\n<meta name=\"twitter:label1\" content=\"Written by\" \/>\n\t<meta name=\"twitter:data1\" content=\"ulqini\" \/>\n\t<meta name=\"twitter:label2\" content=\"Est. reading time\" \/>\n\t<meta name=\"twitter:data2\" content=\"3 minutes\" \/>\n<script type=\"application\/ld+json\" class=\"yoast-schema-graph\">{\"@context\":\"https:\/\/schema.org\",\"@graph\":[{\"@type\":\"WebSite\",\"@id\":\"https:\/\/www.visit-ulcinj.com\/blog\/#website\",\"url\":\"https:\/\/www.visit-ulcinj.com\/blog\/\",\"name\":\"Lajme nga Ulqini\",\"description\":\"Lajme,Vijesti,Ulqini,Ulqin,Crna Gora,Mali i Zi\",\"potentialAction\":[{\"@type\":\"SearchAction\",\"target\":{\"@type\":\"EntryPoint\",\"urlTemplate\":\"https:\/\/www.visit-ulcinj.com\/blog\/?s={search_term_string}\"},\"query-input\":\"required name=search_term_string\"}],\"inLanguage\":\"en-US\"},{\"@type\":\"ImageObject\",\"inLanguage\":\"en-US\",\"@id\":\"https:\/\/www.visit-ulcinj.com\/blog\/2010\/03\/22\/programi-i-festes-te-dites-se-ulqinit-do-zgjas-3-dite\/#primaryimage\",\"url\":\"https:\/\/www.visit-ulcinj.com\/blog\/wp-content\/uploads\/2009\/03\/komuna-e-ulqinit2.jpg\",\"contentUrl\":\"https:\/\/www.visit-ulcinj.com\/blog\/wp-content\/uploads\/2009\/03\/komuna-e-ulqinit2.jpg\",\"width\":\"600\",\"height\":\"450\"},{\"@type\":\"WebPage\",\"@id\":\"https:\/\/www.visit-ulcinj.com\/blog\/2010\/03\/22\/programi-i-festes-te-dites-se-ulqinit-do-zgjas-3-dite\/#webpage\",\"url\":\"https:\/\/www.visit-ulcinj.com\/blog\/2010\/03\/22\/programi-i-festes-te-dites-se-ulqinit-do-zgjas-3-dite\/\",\"name\":\"Programi i Fest\u00ebs t\u00eb dit\u00ebs s\u00eb Ulqinit do zgjas 3 dit\u00eb - Lajme nga Ulqini\",\"isPartOf\":{\"@id\":\"https:\/\/www.visit-ulcinj.com\/blog\/#website\"},\"primaryImageOfPage\":{\"@id\":\"https:\/\/www.visit-ulcinj.com\/blog\/2010\/03\/22\/programi-i-festes-te-dites-se-ulqinit-do-zgjas-3-dite\/#primaryimage\"},\"datePublished\":\"2010-03-22T18:18:28+00:00\",\"dateModified\":\"2010-03-24T15:42:10+00:00\",\"author\":{\"@id\":\"https:\/\/www.visit-ulcinj.com\/blog\/#\/schema\/person\/dcab619c614d3038751c63bc2aadc06d\"},\"description\":\"Programi Dita e Komunes se Ulqinit 2010 1.04.2010 (e enjte) 11.00 Pranimi i klerik\u00ebve n\u00eb Kabinetin e Kryetarit t\u00eb Komun\u00ebs 18.00 Ndjarja e \u00e7mimeve nx\u00ebn\u00ebsve\",\"breadcrumb\":{\"@id\":\"https:\/\/www.visit-ulcinj.com\/blog\/2010\/03\/22\/programi-i-festes-te-dites-se-ulqinit-do-zgjas-3-dite\/#breadcrumb\"},\"inLanguage\":\"en-US\",\"potentialAction\":[{\"@type\":\"ReadAction\",\"target\":[\"https:\/\/www.visit-ulcinj.com\/blog\/2010\/03\/22\/programi-i-festes-te-dites-se-ulqinit-do-zgjas-3-dite\/\"]}]},{\"@type\":\"BreadcrumbList\",\"@id\":\"https:\/\/www.visit-ulcinj.com\/blog\/2010\/03\/22\/programi-i-festes-te-dites-se-ulqinit-do-zgjas-3-dite\/#breadcrumb\",\"itemListElement\":[{\"@type\":\"ListItem\",\"position\":1,\"name\":\"Programi i Fest\u00ebs t\u00eb dit\u00ebs s\u00eb Ulqinit do zgjas 3 dit\u00eb\"}]},{\"@type\":\"Person\",\"@id\":\"https:\/\/www.visit-ulcinj.com\/blog\/#\/schema\/person\/dcab619c614d3038751c63bc2aadc06d\",\"name\":\"ulqini\",\"sameAs\":[\"http:\/\/www.visit-ulcinj.com\"],\"url\":\"https:\/\/www.visit-ulcinj.com\/blog\/author\/admin\/\"}]}<\/script>\n<!-- \/ Yoast SEO plugin. -->","yoast_head_json":{"title":"Programi i Fest\u00ebs t\u00eb dit\u00ebs s\u00eb Ulqinit do zgjas 3 dit\u00eb - Lajme nga Ulqini","description":"Programi Dita e Komunes se Ulqinit 2010 1.04.2010 (e enjte) 11.00 Pranimi i klerik\u00ebve n\u00eb Kabinetin e Kryetarit t\u00eb Komun\u00ebs 18.00 Ndjarja e \u00e7mimeve nx\u00ebn\u00ebsve","robots":{"index":"index","follow":"follow","max-snippet":"max-snippet:-1","max-image-preview":"max-image-preview:large","max-video-preview":"max-video-preview:-1"},"canonical":"https:\/\/www.visit-ulcinj.com\/blog\/2010\/03\/22\/programi-i-festes-te-dites-se-ulqinit-do-zgjas-3-dite\/","og_locale":"en_US","og_type":"article","og_title":"Programi i Fest\u00ebs t\u00eb dit\u00ebs s\u00eb Ulqinit do zgjas 3 dit\u00eb - Lajme nga Ulqini","og_description":"Programi Dita e Komunes se Ulqinit 2010 1.04.2010 (e enjte) 11.00 Pranimi i klerik\u00ebve n\u00eb Kabinetin e Kryetarit t\u00eb Komun\u00ebs 18.00 Ndjarja e \u00e7mimeve nx\u00ebn\u00ebsve","og_url":"https:\/\/www.visit-ulcinj.com\/blog\/2010\/03\/22\/programi-i-festes-te-dites-se-ulqinit-do-zgjas-3-dite\/","og_site_name":"Lajme nga Ulqini","article_published_time":"2010-03-22T18:18:28+00:00","article_modified_time":"2010-03-24T15:42:10+00:00","og_image":[{"url":"http:\/\/www.visit-ulcinj.com\/blog\/wp-content\/uploads\/2009\/03\/komuna-e-ulqinit2.jpg"}],"twitter_misc":{"Written by":"ulqini","Est. reading time":"3 minutes"},"schema":{"@context":"https:\/\/schema.org","@graph":[{"@type":"WebSite","@id":"https:\/\/www.visit-ulcinj.com\/blog\/#website","url":"https:\/\/www.visit-ulcinj.com\/blog\/","name":"Lajme nga Ulqini","description":"Lajme,Vijesti,Ulqini,Ulqin,Crna Gora,Mali i Zi","potentialAction":[{"@type":"SearchAction","target":{"@type":"EntryPoint","urlTemplate":"https:\/\/www.visit-ulcinj.com\/blog\/?s={search_term_string}"},"query-input":"required name=search_term_string"}],"inLanguage":"en-US"},{"@type":"ImageObject","inLanguage":"en-US","@id":"https:\/\/www.visit-ulcinj.com\/blog\/2010\/03\/22\/programi-i-festes-te-dites-se-ulqinit-do-zgjas-3-dite\/#primaryimage","url":"https:\/\/www.visit-ulcinj.com\/blog\/wp-content\/uploads\/2009\/03\/komuna-e-ulqinit2.jpg","contentUrl":"https:\/\/www.visit-ulcinj.com\/blog\/wp-content\/uploads\/2009\/03\/komuna-e-ulqinit2.jpg","width":"600","height":"450"},{"@type":"WebPage","@id":"https:\/\/www.visit-ulcinj.com\/blog\/2010\/03\/22\/programi-i-festes-te-dites-se-ulqinit-do-zgjas-3-dite\/#webpage","url":"https:\/\/www.visit-ulcinj.com\/blog\/2010\/03\/22\/programi-i-festes-te-dites-se-ulqinit-do-zgjas-3-dite\/","name":"Programi i Fest\u00ebs t\u00eb dit\u00ebs s\u00eb Ulqinit do zgjas 3 dit\u00eb - Lajme nga Ulqini","isPartOf":{"@id":"https:\/\/www.visit-ulcinj.com\/blog\/#website"},"primaryImageOfPage":{"@id":"https:\/\/www.visit-ulcinj.com\/blog\/2010\/03\/22\/programi-i-festes-te-dites-se-ulqinit-do-zgjas-3-dite\/#primaryimage"},"datePublished":"2010-03-22T18:18:28+00:00","dateModified":"2010-03-24T15:42:10+00:00","author":{"@id":"https:\/\/www.visit-ulcinj.com\/blog\/#\/schema\/person\/dcab619c614d3038751c63bc2aadc06d"},"description":"Programi Dita e Komunes se Ulqinit 2010 1.04.2010 (e enjte) 11.00 Pranimi i klerik\u00ebve n\u00eb Kabinetin e Kryetarit t\u00eb Komun\u00ebs 18.00 Ndjarja e \u00e7mimeve nx\u00ebn\u00ebsve","breadcrumb":{"@id":"https:\/\/www.visit-ulcinj.com\/blog\/2010\/03\/22\/programi-i-festes-te-dites-se-ulqinit-do-zgjas-3-dite\/#breadcrumb"},"inLanguage":"en-US","potentialAction":[{"@type":"ReadAction","target":["https:\/\/www.visit-ulcinj.com\/blog\/2010\/03\/22\/programi-i-festes-te-dites-se-ulqinit-do-zgjas-3-dite\/"]}]},{"@type":"BreadcrumbList","@id":"https:\/\/www.visit-ulcinj.com\/blog\/2010\/03\/22\/programi-i-festes-te-dites-se-ulqinit-do-zgjas-3-dite\/#breadcrumb","itemListElement":[{"@type":"ListItem","position":1,"name":"Programi i Fest\u00ebs t\u00eb dit\u00ebs s\u00eb Ulqinit do zgjas 3 dit\u00eb"}]},{"@type":"Person","@id":"https:\/\/www.visit-ulcinj.com\/blog\/#\/schema\/person\/dcab619c614d3038751c63bc2aadc06d","name":"ulqini","sameAs":["http:\/\/www.visit-ulcinj.com"],"url":"https:\/\/www.visit-ulcinj.com\/blog\/author\/admin\/"}]}},"jetpack_featured_media_url":"","jetpack_sharing_enabled":true,"jetpack_shortlink":"https:\/\/wp.me\/pe6lTn-8bZ","_links":{"self":[{"href":"https:\/\/www.visit-ulcinj.com\/blog\/wp-json\/wp\/v2\/posts\/31495"}],"collection":[{"href":"https:\/\/www.visit-ulcinj.com\/blog\/wp-json\/wp\/v2\/posts"}],"about":[{"href":"https:\/\/www.visit-ulcinj.com\/blog\/wp-json\/wp\/v2\/types\/post"}],"author":[{"embeddable":true,"href":"https:\/\/www.visit-ulcinj.com\/blog\/wp-json\/wp\/v2\/users\/1"}],"replies":[{"embeddable":true,"href":"https:\/\/www.visit-ulcinj.com\/blog\/wp-json\/wp\/v2\/comments?post=31495"}],"version-history":[{"count":0,"href":"https:\/\/www.visit-ulcinj.com\/blog\/wp-json\/wp\/v2\/posts\/31495\/revisions"}],"wp:attachment":[{"href":"https:\/\/www.visit-ulcinj.com\/blog\/wp-json\/wp\/v2\/media?parent=31495"}],"wp:term":[{"taxonomy":"category","embeddable":true,"href":"https:\/\/www.visit-ulcinj.com\/blog\/wp-json\/wp\/v2\/categories?post=31495"},{"taxonomy":"post_tag","embeddable":true,"href":"https:\/\/www.visit-ulcinj.com\/blog\/wp-json\/wp\/v2\/tags?post=31495"}],"curies":[{"name":"wp","href":"https:\/\/api.w.org\/{rel}","templated":true}]}}