{"id":31510,"date":"2010-03-22T21:24:48","date_gmt":"2010-03-22T19:24:48","guid":{"rendered":"http:\/\/www.visit-ulcinj.com\/blog\/?p=31510"},"modified":"2010-03-22T21:24:48","modified_gmt":"2010-03-22T19:24:48","slug":"kryeministri-hashim-thaci-priti-ferhat-dinoshen","status":"publish","type":"post","link":"https:\/\/www.visit-ulcinj.com\/blog\/2010\/03\/22\/kryeministri-hashim-thaci-priti-ferhat-dinoshen\/","title":{"rendered":"Kryeministri Hashim Tha\u00e7i priti Ferhat Dinosh\u00ebn"},"content":{"rendered":"<p><a href=\"http:\/\/www.visit-ulcinj.com\/blog\/wp-content\/uploads\/2010\/03\/Kryeministri-Hashim-Tha\u00e7i-priti-Ferhat-Dinosh\u00ebn.jpg\"><img loading=\"lazy\" class=\"alignleft size-full wp-image-31511\" title=\"Kryeministri Hashim Tha\u00e7i priti Ferhat Dinosh\u00ebn\" src=\"http:\/\/www.visit-ulcinj.com\/blog\/wp-content\/uploads\/2010\/03\/Kryeministri-Hashim-Tha\u00e7i-priti-Ferhat-Dinosh\u00ebn.jpg\" alt=\"Kryeministri Hashim Tha\u00e7i priti Ferhat Dinosh\u00ebn\" width=\"580\" height=\"370\" \/><\/a>Prishtin\u00eb, 22 mars &#8211; Kryeministri i Republik\u00ebs s\u00eb Kosov\u00ebs, Hashim Tha\u00e7i ka pritur sot ministrin p\u00ebr mbrojtjen t\u00eb drejtave t\u00eb njeriut dhe pakicave n\u00eb Republik\u00ebn e Malit t\u00eb Zi, Ferat Dinosha.<br \/>\nN\u00eb takim, si\u00e7 njoftohet n\u00ebp\u00ebrmjet nj\u00eb komunikate,\u00a0 \u00ebsht\u00eb diskutuar p\u00ebr gjendjen aktuale politike n\u00eb Kosov\u00eb dhe n\u00eb rajon, p\u00ebr raportet mes Kosov\u00ebs dhe Malit t\u00eb Zi, si dhe p\u00ebr pozit\u00ebn e komunitetit shqiptar n\u00eb Mal t\u00eb Zi.<br \/>\nKryeministri Tha\u00e7i n\u00eb takim theksoi r\u00ebnd\u00ebsin\u00eb e thellimit t\u00eb raportetve t\u00eb gjithanshme mes Kosov\u00ebs dhe Malit t\u00eb Zi, pas njohjes q\u00eb Mali i Zi i ka b\u00ebr\u00eb shtetit t\u00eb Kosov\u00ebs.<br \/>\nQeveria e Republik\u00ebs s\u00eb Kosov\u00ebs \u00ebsht\u00eb e p\u00ebrkushtuar n\u00eb angazhimet e saj p\u00ebr thellimin e bashk\u00ebpunimit rajonal, me t\u00eb gjith\u00eb fqinj\u00ebt e\u00a0 Kosov\u00ebs, n\u00eb funksion t\u00eb paqes, t\u00eb zhvillimit dhe t\u00eb integrimit,\u00a0 tha Tha\u00e7i dhe shtoi se p\u00ebr Qeverin\u00eb e Kosov\u00ebs raportet me Malin e Zi kan\u00eb nj\u00eb r\u00ebnd\u00ebsi t\u00eb posa\u00e7me n\u00eb kuad\u00ebr t\u00eb k\u00ebtij bashk\u00ebpunimi.<br \/>\nKryeministri Hashim Tha\u00e7i n\u00eb takimin me Dinosh\u00ebn vler\u00ebsoi lart\u00eb rolin e shqiptar\u00ebve n\u00eb kuad\u00ebr t\u00eb shoq\u00ebris\u00eb dhe institucioneve t\u00eb Malit t\u00eb Zi dhe theksoi se p\u00ebrfaq\u00ebsimi i shqiptar\u00ebve n\u00eb k\u00ebto institucione \u00ebsht\u00eb i r\u00ebnd\u00ebsish\u00ebm p\u00ebr funksionimin demokratik t\u00eb tyre.<\/p>\n<p><strong>Koha Ditore<\/strong><\/p>\n","protected":false},"excerpt":{"rendered":"<p>Prishtin\u00eb, 22 mars &#8211; Kryeministri i Republik\u00ebs s\u00eb Kosov\u00ebs, Hashim Tha\u00e7i ka pritur sot ministrin p\u00ebr mbrojtjen t\u00eb drejtave t\u00eb njeriut dhe pakicave n\u00eb Republik\u00ebn e Malit t\u00eb Zi, Ferat Dinosha. N\u00eb takim, si\u00e7 njoftohet n\u00ebp\u00ebrmjet nj\u00eb komunikate,\u00a0 \u00ebsht\u00eb diskutuar p\u00ebr gjendjen aktuale politike n\u00eb Kosov\u00eb dhe n\u00eb rajon, p\u00ebr raportet mes Kosov\u00ebs dhe Malit [&hellip;]<\/p>\n","protected":false},"author":1,"featured_media":0,"comment_status":"open","ping_status":"closed","sticky":false,"template":"","format":"standard","meta":{"spay_email":"","jetpack_publicize_message":"","jetpack_is_tweetstorm":false,"jetpack_publicize_feature_enabled":true},"categories":[12],"tags":[97,61,49,95],"jetpack_publicize_connections":[],"yoast_head":"<!-- This site is optimized with the Yoast SEO plugin v19.1 - https:\/\/yoast.com\/wordpress\/plugins\/seo\/ -->\n<title>Kryeministri Hashim Tha\u00e7i priti Ferhat Dinosh\u00ebn - Lajme nga Ulqini<\/title>\n<meta name=\"description\" content=\"Prishtin\u00eb, 22 mars - Kryeministri i Republik\u00ebs s\u00eb Kosov\u00ebs, Hashim Tha\u00e7i ka pritur sot ministrin p\u00ebr mbrojtjen t\u00eb drejtave t\u00eb njeriut dhe pakicave n\u00eb\" \/>\n<meta name=\"robots\" content=\"index, follow, max-snippet:-1, max-image-preview:large, max-video-preview:-1\" \/>\n<link rel=\"canonical\" href=\"https:\/\/www.visit-ulcinj.com\/blog\/2010\/03\/22\/kryeministri-hashim-thaci-priti-ferhat-dinoshen\/\" \/>\n<meta property=\"og:locale\" content=\"en_US\" \/>\n<meta property=\"og:type\" content=\"article\" \/>\n<meta property=\"og:title\" content=\"Kryeministri Hashim Tha\u00e7i priti Ferhat Dinosh\u00ebn - Lajme nga Ulqini\" \/>\n<meta property=\"og:description\" content=\"Prishtin\u00eb, 22 mars - Kryeministri i Republik\u00ebs s\u00eb Kosov\u00ebs, Hashim Tha\u00e7i ka pritur sot ministrin p\u00ebr mbrojtjen t\u00eb drejtave t\u00eb njeriut dhe pakicave n\u00eb\" \/>\n<meta property=\"og:url\" content=\"https:\/\/www.visit-ulcinj.com\/blog\/2010\/03\/22\/kryeministri-hashim-thaci-priti-ferhat-dinoshen\/\" \/>\n<meta property=\"og:site_name\" content=\"Lajme nga Ulqini\" \/>\n<meta property=\"article:published_time\" content=\"2010-03-22T19:24:48+00:00\" \/>\n<meta name=\"twitter:label1\" content=\"Written by\" \/>\n\t<meta name=\"twitter:data1\" content=\"ulqini\" \/>\n\t<meta name=\"twitter:label2\" content=\"Est. reading time\" \/>\n\t<meta name=\"twitter:data2\" content=\"1 minute\" \/>\n<script type=\"application\/ld+json\" class=\"yoast-schema-graph\">{\"@context\":\"https:\/\/schema.org\",\"@graph\":[{\"@type\":\"WebSite\",\"@id\":\"https:\/\/www.visit-ulcinj.com\/blog\/#website\",\"url\":\"https:\/\/www.visit-ulcinj.com\/blog\/\",\"name\":\"Lajme nga Ulqini\",\"description\":\"Lajme,Vijesti,Ulqini,Ulqin,Crna Gora,Mali i Zi\",\"potentialAction\":[{\"@type\":\"SearchAction\",\"target\":{\"@type\":\"EntryPoint\",\"urlTemplate\":\"https:\/\/www.visit-ulcinj.com\/blog\/?s={search_term_string}\"},\"query-input\":\"required name=search_term_string\"}],\"inLanguage\":\"en-US\"},{\"@type\":\"WebPage\",\"@id\":\"https:\/\/www.visit-ulcinj.com\/blog\/2010\/03\/22\/kryeministri-hashim-thaci-priti-ferhat-dinoshen\/#webpage\",\"url\":\"https:\/\/www.visit-ulcinj.com\/blog\/2010\/03\/22\/kryeministri-hashim-thaci-priti-ferhat-dinoshen\/\",\"name\":\"Kryeministri Hashim Tha\u00e7i priti Ferhat Dinosh\u00ebn - Lajme nga Ulqini\",\"isPartOf\":{\"@id\":\"https:\/\/www.visit-ulcinj.com\/blog\/#website\"},\"datePublished\":\"2010-03-22T19:24:48+00:00\",\"dateModified\":\"2010-03-22T19:24:48+00:00\",\"author\":{\"@id\":\"https:\/\/www.visit-ulcinj.com\/blog\/#\/schema\/person\/dcab619c614d3038751c63bc2aadc06d\"},\"description\":\"Prishtin\u00eb, 22 mars - Kryeministri i Republik\u00ebs s\u00eb Kosov\u00ebs, Hashim Tha\u00e7i ka pritur sot ministrin p\u00ebr mbrojtjen t\u00eb drejtave t\u00eb njeriut dhe pakicave n\u00eb\",\"breadcrumb\":{\"@id\":\"https:\/\/www.visit-ulcinj.com\/blog\/2010\/03\/22\/kryeministri-hashim-thaci-priti-ferhat-dinoshen\/#breadcrumb\"},\"inLanguage\":\"en-US\",\"potentialAction\":[{\"@type\":\"ReadAction\",\"target\":[\"https:\/\/www.visit-ulcinj.com\/blog\/2010\/03\/22\/kryeministri-hashim-thaci-priti-ferhat-dinoshen\/\"]}]},{\"@type\":\"BreadcrumbList\",\"@id\":\"https:\/\/www.visit-ulcinj.com\/blog\/2010\/03\/22\/kryeministri-hashim-thaci-priti-ferhat-dinoshen\/#breadcrumb\",\"itemListElement\":[{\"@type\":\"ListItem\",\"position\":1,\"name\":\"Kryeministri Hashim Tha\u00e7i priti Ferhat Dinosh\u00ebn\"}]},{\"@type\":\"Person\",\"@id\":\"https:\/\/www.visit-ulcinj.com\/blog\/#\/schema\/person\/dcab619c614d3038751c63bc2aadc06d\",\"name\":\"ulqini\",\"sameAs\":[\"http:\/\/www.visit-ulcinj.com\"],\"url\":\"https:\/\/www.visit-ulcinj.com\/blog\/author\/admin\/\"}]}<\/script>\n<!-- \/ Yoast SEO plugin. -->","yoast_head_json":{"title":"Kryeministri Hashim Tha\u00e7i priti Ferhat Dinosh\u00ebn - Lajme nga Ulqini","description":"Prishtin\u00eb, 22 mars - Kryeministri i Republik\u00ebs s\u00eb Kosov\u00ebs, Hashim Tha\u00e7i ka pritur sot ministrin p\u00ebr mbrojtjen t\u00eb drejtave t\u00eb njeriut dhe pakicave n\u00eb","robots":{"index":"index","follow":"follow","max-snippet":"max-snippet:-1","max-image-preview":"max-image-preview:large","max-video-preview":"max-video-preview:-1"},"canonical":"https:\/\/www.visit-ulcinj.com\/blog\/2010\/03\/22\/kryeministri-hashim-thaci-priti-ferhat-dinoshen\/","og_locale":"en_US","og_type":"article","og_title":"Kryeministri Hashim Tha\u00e7i priti Ferhat Dinosh\u00ebn - Lajme nga Ulqini","og_description":"Prishtin\u00eb, 22 mars - Kryeministri i Republik\u00ebs s\u00eb Kosov\u00ebs, Hashim Tha\u00e7i ka pritur sot ministrin p\u00ebr mbrojtjen t\u00eb drejtave t\u00eb njeriut dhe pakicave n\u00eb","og_url":"https:\/\/www.visit-ulcinj.com\/blog\/2010\/03\/22\/kryeministri-hashim-thaci-priti-ferhat-dinoshen\/","og_site_name":"Lajme nga Ulqini","article_published_time":"2010-03-22T19:24:48+00:00","twitter_misc":{"Written by":"ulqini","Est. reading time":"1 minute"},"schema":{"@context":"https:\/\/schema.org","@graph":[{"@type":"WebSite","@id":"https:\/\/www.visit-ulcinj.com\/blog\/#website","url":"https:\/\/www.visit-ulcinj.com\/blog\/","name":"Lajme nga Ulqini","description":"Lajme,Vijesti,Ulqini,Ulqin,Crna Gora,Mali i Zi","potentialAction":[{"@type":"SearchAction","target":{"@type":"EntryPoint","urlTemplate":"https:\/\/www.visit-ulcinj.com\/blog\/?s={search_term_string}"},"query-input":"required name=search_term_string"}],"inLanguage":"en-US"},{"@type":"WebPage","@id":"https:\/\/www.visit-ulcinj.com\/blog\/2010\/03\/22\/kryeministri-hashim-thaci-priti-ferhat-dinoshen\/#webpage","url":"https:\/\/www.visit-ulcinj.com\/blog\/2010\/03\/22\/kryeministri-hashim-thaci-priti-ferhat-dinoshen\/","name":"Kryeministri Hashim Tha\u00e7i priti Ferhat Dinosh\u00ebn - Lajme nga Ulqini","isPartOf":{"@id":"https:\/\/www.visit-ulcinj.com\/blog\/#website"},"datePublished":"2010-03-22T19:24:48+00:00","dateModified":"2010-03-22T19:24:48+00:00","author":{"@id":"https:\/\/www.visit-ulcinj.com\/blog\/#\/schema\/person\/dcab619c614d3038751c63bc2aadc06d"},"description":"Prishtin\u00eb, 22 mars - Kryeministri i Republik\u00ebs s\u00eb Kosov\u00ebs, Hashim Tha\u00e7i ka pritur sot ministrin p\u00ebr mbrojtjen t\u00eb drejtave t\u00eb njeriut dhe pakicave n\u00eb","breadcrumb":{"@id":"https:\/\/www.visit-ulcinj.com\/blog\/2010\/03\/22\/kryeministri-hashim-thaci-priti-ferhat-dinoshen\/#breadcrumb"},"inLanguage":"en-US","potentialAction":[{"@type":"ReadAction","target":["https:\/\/www.visit-ulcinj.com\/blog\/2010\/03\/22\/kryeministri-hashim-thaci-priti-ferhat-dinoshen\/"]}]},{"@type":"BreadcrumbList","@id":"https:\/\/www.visit-ulcinj.com\/blog\/2010\/03\/22\/kryeministri-hashim-thaci-priti-ferhat-dinoshen\/#breadcrumb","itemListElement":[{"@type":"ListItem","position":1,"name":"Kryeministri Hashim Tha\u00e7i priti Ferhat Dinosh\u00ebn"}]},{"@type":"Person","@id":"https:\/\/www.visit-ulcinj.com\/blog\/#\/schema\/person\/dcab619c614d3038751c63bc2aadc06d","name":"ulqini","sameAs":["http:\/\/www.visit-ulcinj.com"],"url":"https:\/\/www.visit-ulcinj.com\/blog\/author\/admin\/"}]}},"jetpack_featured_media_url":"","jetpack_sharing_enabled":true,"jetpack_shortlink":"https:\/\/wp.me\/pe6lTn-8ce","_links":{"self":[{"href":"https:\/\/www.visit-ulcinj.com\/blog\/wp-json\/wp\/v2\/posts\/31510"}],"collection":[{"href":"https:\/\/www.visit-ulcinj.com\/blog\/wp-json\/wp\/v2\/posts"}],"about":[{"href":"https:\/\/www.visit-ulcinj.com\/blog\/wp-json\/wp\/v2\/types\/post"}],"author":[{"embeddable":true,"href":"https:\/\/www.visit-ulcinj.com\/blog\/wp-json\/wp\/v2\/users\/1"}],"replies":[{"embeddable":true,"href":"https:\/\/www.visit-ulcinj.com\/blog\/wp-json\/wp\/v2\/comments?post=31510"}],"version-history":[{"count":0,"href":"https:\/\/www.visit-ulcinj.com\/blog\/wp-json\/wp\/v2\/posts\/31510\/revisions"}],"wp:attachment":[{"href":"https:\/\/www.visit-ulcinj.com\/blog\/wp-json\/wp\/v2\/media?parent=31510"}],"wp:term":[{"taxonomy":"category","embeddable":true,"href":"https:\/\/www.visit-ulcinj.com\/blog\/wp-json\/wp\/v2\/categories?post=31510"},{"taxonomy":"post_tag","embeddable":true,"href":"https:\/\/www.visit-ulcinj.com\/blog\/wp-json\/wp\/v2\/tags?post=31510"}],"curies":[{"name":"wp","href":"https:\/\/api.w.org\/{rel}","templated":true}]}}