{"id":31515,"date":"2010-03-22T21:47:16","date_gmt":"2010-03-22T19:47:16","guid":{"rendered":"http:\/\/www.visit-ulcinj.com\/blog\/?p=31515"},"modified":"2010-03-22T21:47:16","modified_gmt":"2010-03-22T19:47:16","slug":"mali-i-zi-dhe-kroacia-ne-%e2%80%9clufte%e2%80%9d-per-turiste","status":"publish","type":"post","link":"https:\/\/www.visit-ulcinj.com\/blog\/2010\/03\/22\/mali-i-zi-dhe-kroacia-ne-%e2%80%9clufte%e2%80%9d-per-turiste\/","title":{"rendered":"Mali i Zi dhe Kroacia n\u00eb \u201cluft\u00eb\u201d p\u00ebr turist\u00eb"},"content":{"rendered":"<p><a href=\"http:\/\/www.visit-ulcinj.com\/blog\/wp-content\/uploads\/2010\/03\/Plazha-e-madhe-Ulqin.jpg\"><img loading=\"lazy\" class=\"alignleft size-full wp-image-31516\" title=\"Plazha e madhe Ulqin\" src=\"http:\/\/www.visit-ulcinj.com\/blog\/wp-content\/uploads\/2010\/03\/Plazha-e-madhe-Ulqin.jpg\" alt=\"Plazha e madhe Ulqin\" width=\"580\" height=\"385\" srcset=\"https:\/\/www.visit-ulcinj.com\/blog\/wp-content\/uploads\/2010\/03\/Plazha-e-madhe-Ulqin.jpg 580w, https:\/\/www.visit-ulcinj.com\/blog\/wp-content\/uploads\/2010\/03\/Plazha-e-madhe-Ulqin-300x199.jpg 300w\" sizes=\"(max-width: 580px) 100vw, 580px\" \/><\/a>Podgoric\u00eb, 22 mars \u2013 Mali i ZI dhe Kroacia, sipas shum\u00eb medieve, aktualisht po zhvillojn\u00eb \u201cluft\u00eb t\u00eb qet\u00eb\u201d p\u00ebr turist\u00ebt q\u00eb do t\u2019i vizitojn\u00eb ver\u00ebn e ardhshme. Kroacia vler\u00ebson se sh\u00ebrbimi i tyre i mir\u00eb \u00ebsht\u00eb ajo q\u00eb i rekomandon, nd\u00ebrsa Mali i Zi p\u00ebrdor\u00eb recet\u00ebn e njohur t\u00eb Mediteranit lindor dhe jugor, \u00e7mimet shum\u00eb t\u00eb lira.<br \/>\nMegjithat\u00eb, ministri malazez i turizmit, Predrag Neneziq, thekson se nuk ka \u201cluft\u00eb turistike\u201d dhe shpjegon se Kroacia dhe Mali i Zi nuk jan\u00eb konkurrente \u201cp\u00ebr shkak t\u00eb kushteve t\u00eb ndryshme natyrore, nivelit t\u00eb zhvillimit, kapaciteteve t\u00eb akomodimit, por edhe disa preferencave strategjike. Prandaj, t\u00eb dyja vendet nuk mund t\u00eb konsiderohen konkurrente\u201d, raporton B92.<br \/>\nNeneziq shton se paraqitja e p\u00ebrbashk\u00ebt e dy vendeve mund t\u00eb jet\u00eb ve\u00e7an\u00ebrisht e r\u00ebnd\u00ebsishme p\u00ebr t\u00ebrheqjen e turist\u00ebve nga vendet e Lindjes s\u00eb Mesme dhe nga kontinenti i Amerik\u00ebs Veriore.<br \/>\n<strong><br \/>\nKoha Ditore<\/strong><br \/>\n<object classid=\"clsid:d27cdb6e-ae6d-11cf-96b8-444553540000\" width=\"580\" height=\"400\" codebase=\"http:\/\/download.macromedia.com\/pub\/shockwave\/cabs\/flash\/swflash.cab#version=6,0,40,0\"><param name=\"allowFullScreen\" value=\"true\" \/><param name=\"allowScriptAccess\" value=\"always\" \/><param name=\"src\" value=\"http:\/\/www.dailymotion.com\/swf\/x1yc78&amp;autoPlay=1\" \/><param name=\"allowfullscreen\" value=\"true\" \/><\/object><\/p>\n","protected":false},"excerpt":{"rendered":"<p>Podgoric\u00eb, 22 mars \u2013 Mali i ZI dhe Kroacia, sipas shum\u00eb medieve, aktualisht po zhvillojn\u00eb \u201cluft\u00eb t\u00eb qet\u00eb\u201d p\u00ebr turist\u00ebt q\u00eb do t\u2019i vizitojn\u00eb ver\u00ebn e ardhshme. Kroacia vler\u00ebson se sh\u00ebrbimi i tyre i mir\u00eb \u00ebsht\u00eb ajo q\u00eb i rekomandon, nd\u00ebrsa Mali i Zi p\u00ebrdor\u00eb recet\u00ebn e njohur t\u00eb Mediteranit lindor dhe jugor, \u00e7mimet shum\u00eb [&hellip;]<\/p>\n","protected":false},"author":1,"featured_media":0,"comment_status":"open","ping_status":"closed","sticky":false,"template":"","format":"standard","meta":{"spay_email":"","jetpack_publicize_message":"","jetpack_is_tweetstorm":false,"jetpack_publicize_feature_enabled":true},"categories":[14],"tags":[241,13935,13936,200,18],"jetpack_publicize_connections":[],"yoast_head":"<!-- This site is optimized with the Yoast SEO plugin v19.1 - https:\/\/yoast.com\/wordpress\/plugins\/seo\/ -->\n<title>Mali i Zi dhe Kroacia n\u00eb \u201cluft\u00eb\u201d p\u00ebr turist\u00eb - Lajme nga Ulqini<\/title>\n<meta name=\"description\" content=\"Podgoric\u00eb, 22 mars \u2013 Mali i ZI dhe Kroacia, sipas shum\u00eb medieve, aktualisht po zhvillojn\u00eb \u201cluft\u00eb t\u00eb qet\u00eb\u201d p\u00ebr turist\u00ebt q\u00eb do t\u2019i vizitojn\u00eb ver\u00ebn e\" \/>\n<meta name=\"robots\" content=\"index, follow, max-snippet:-1, max-image-preview:large, max-video-preview:-1\" \/>\n<link rel=\"canonical\" href=\"https:\/\/www.visit-ulcinj.com\/blog\/2010\/03\/22\/mali-i-zi-dhe-kroacia-ne-\u201clufte\u201d-per-turiste\/\" \/>\n<meta property=\"og:locale\" content=\"en_US\" \/>\n<meta property=\"og:type\" content=\"article\" \/>\n<meta property=\"og:title\" content=\"Mali i Zi dhe Kroacia n\u00eb \u201cluft\u00eb\u201d p\u00ebr turist\u00eb - Lajme nga Ulqini\" \/>\n<meta property=\"og:description\" content=\"Podgoric\u00eb, 22 mars \u2013 Mali i ZI dhe Kroacia, sipas shum\u00eb medieve, aktualisht po zhvillojn\u00eb \u201cluft\u00eb t\u00eb qet\u00eb\u201d p\u00ebr turist\u00ebt q\u00eb do t\u2019i vizitojn\u00eb ver\u00ebn e\" \/>\n<meta property=\"og:url\" content=\"https:\/\/www.visit-ulcinj.com\/blog\/2010\/03\/22\/mali-i-zi-dhe-kroacia-ne-\u201clufte\u201d-per-turiste\/\" \/>\n<meta property=\"og:site_name\" content=\"Lajme nga Ulqini\" \/>\n<meta property=\"article:published_time\" content=\"2010-03-22T19:47:16+00:00\" \/>\n<meta property=\"og:image\" content=\"http:\/\/www.visit-ulcinj.com\/blog\/wp-content\/uploads\/2010\/03\/Plazha-e-madhe-Ulqin.jpg\" \/>\n<meta name=\"twitter:label1\" content=\"Written by\" \/>\n\t<meta name=\"twitter:data1\" content=\"ulqini\" \/>\n\t<meta name=\"twitter:label2\" content=\"Est. reading time\" \/>\n\t<meta name=\"twitter:data2\" content=\"1 minute\" \/>\n<script type=\"application\/ld+json\" class=\"yoast-schema-graph\">{\"@context\":\"https:\/\/schema.org\",\"@graph\":[{\"@type\":\"WebSite\",\"@id\":\"https:\/\/www.visit-ulcinj.com\/blog\/#website\",\"url\":\"https:\/\/www.visit-ulcinj.com\/blog\/\",\"name\":\"Lajme nga Ulqini\",\"description\":\"Lajme,Vijesti,Ulqini,Ulqin,Crna Gora,Mali i Zi\",\"potentialAction\":[{\"@type\":\"SearchAction\",\"target\":{\"@type\":\"EntryPoint\",\"urlTemplate\":\"https:\/\/www.visit-ulcinj.com\/blog\/?s={search_term_string}\"},\"query-input\":\"required name=search_term_string\"}],\"inLanguage\":\"en-US\"},{\"@type\":\"ImageObject\",\"inLanguage\":\"en-US\",\"@id\":\"https:\/\/www.visit-ulcinj.com\/blog\/2010\/03\/22\/mali-i-zi-dhe-kroacia-ne-%e2%80%9clufte%e2%80%9d-per-turiste\/#primaryimage\",\"url\":\"https:\/\/www.visit-ulcinj.com\/blog\/wp-content\/uploads\/2010\/03\/Plazha-e-madhe-Ulqin.jpg\",\"contentUrl\":\"https:\/\/www.visit-ulcinj.com\/blog\/wp-content\/uploads\/2010\/03\/Plazha-e-madhe-Ulqin.jpg\",\"width\":\"580\",\"height\":\"385\"},{\"@type\":\"WebPage\",\"@id\":\"https:\/\/www.visit-ulcinj.com\/blog\/2010\/03\/22\/mali-i-zi-dhe-kroacia-ne-%e2%80%9clufte%e2%80%9d-per-turiste\/#webpage\",\"url\":\"https:\/\/www.visit-ulcinj.com\/blog\/2010\/03\/22\/mali-i-zi-dhe-kroacia-ne-%e2%80%9clufte%e2%80%9d-per-turiste\/\",\"name\":\"Mali i Zi dhe Kroacia n\u00eb \u201cluft\u00eb\u201d p\u00ebr turist\u00eb - Lajme nga Ulqini\",\"isPartOf\":{\"@id\":\"https:\/\/www.visit-ulcinj.com\/blog\/#website\"},\"primaryImageOfPage\":{\"@id\":\"https:\/\/www.visit-ulcinj.com\/blog\/2010\/03\/22\/mali-i-zi-dhe-kroacia-ne-%e2%80%9clufte%e2%80%9d-per-turiste\/#primaryimage\"},\"datePublished\":\"2010-03-22T19:47:16+00:00\",\"dateModified\":\"2010-03-22T19:47:16+00:00\",\"author\":{\"@id\":\"https:\/\/www.visit-ulcinj.com\/blog\/#\/schema\/person\/dcab619c614d3038751c63bc2aadc06d\"},\"description\":\"Podgoric\u00eb, 22 mars \u2013 Mali i ZI dhe Kroacia, sipas shum\u00eb medieve, aktualisht po zhvillojn\u00eb \u201cluft\u00eb t\u00eb qet\u00eb\u201d p\u00ebr turist\u00ebt q\u00eb do t\u2019i vizitojn\u00eb ver\u00ebn e\",\"breadcrumb\":{\"@id\":\"https:\/\/www.visit-ulcinj.com\/blog\/2010\/03\/22\/mali-i-zi-dhe-kroacia-ne-%e2%80%9clufte%e2%80%9d-per-turiste\/#breadcrumb\"},\"inLanguage\":\"en-US\",\"potentialAction\":[{\"@type\":\"ReadAction\",\"target\":[\"https:\/\/www.visit-ulcinj.com\/blog\/2010\/03\/22\/mali-i-zi-dhe-kroacia-ne-%e2%80%9clufte%e2%80%9d-per-turiste\/\"]}]},{\"@type\":\"BreadcrumbList\",\"@id\":\"https:\/\/www.visit-ulcinj.com\/blog\/2010\/03\/22\/mali-i-zi-dhe-kroacia-ne-%e2%80%9clufte%e2%80%9d-per-turiste\/#breadcrumb\",\"itemListElement\":[{\"@type\":\"ListItem\",\"position\":1,\"name\":\"Mali i Zi dhe Kroacia n\u00eb \u201cluft\u00eb\u201d p\u00ebr turist\u00eb\"}]},{\"@type\":\"Person\",\"@id\":\"https:\/\/www.visit-ulcinj.com\/blog\/#\/schema\/person\/dcab619c614d3038751c63bc2aadc06d\",\"name\":\"ulqini\",\"sameAs\":[\"http:\/\/www.visit-ulcinj.com\"],\"url\":\"https:\/\/www.visit-ulcinj.com\/blog\/author\/admin\/\"}]}<\/script>\n<!-- \/ Yoast SEO plugin. -->","yoast_head_json":{"title":"Mali i Zi dhe Kroacia n\u00eb \u201cluft\u00eb\u201d p\u00ebr turist\u00eb - Lajme nga Ulqini","description":"Podgoric\u00eb, 22 mars \u2013 Mali i ZI dhe Kroacia, sipas shum\u00eb medieve, aktualisht po zhvillojn\u00eb \u201cluft\u00eb t\u00eb qet\u00eb\u201d p\u00ebr turist\u00ebt q\u00eb do t\u2019i vizitojn\u00eb ver\u00ebn e","robots":{"index":"index","follow":"follow","max-snippet":"max-snippet:-1","max-image-preview":"max-image-preview:large","max-video-preview":"max-video-preview:-1"},"canonical":"https:\/\/www.visit-ulcinj.com\/blog\/2010\/03\/22\/mali-i-zi-dhe-kroacia-ne-\u201clufte\u201d-per-turiste\/","og_locale":"en_US","og_type":"article","og_title":"Mali i Zi dhe Kroacia n\u00eb \u201cluft\u00eb\u201d p\u00ebr turist\u00eb - Lajme nga Ulqini","og_description":"Podgoric\u00eb, 22 mars \u2013 Mali i ZI dhe Kroacia, sipas shum\u00eb medieve, aktualisht po zhvillojn\u00eb \u201cluft\u00eb t\u00eb qet\u00eb\u201d p\u00ebr turist\u00ebt q\u00eb do t\u2019i vizitojn\u00eb ver\u00ebn e","og_url":"https:\/\/www.visit-ulcinj.com\/blog\/2010\/03\/22\/mali-i-zi-dhe-kroacia-ne-\u201clufte\u201d-per-turiste\/","og_site_name":"Lajme nga Ulqini","article_published_time":"2010-03-22T19:47:16+00:00","og_image":[{"url":"http:\/\/www.visit-ulcinj.com\/blog\/wp-content\/uploads\/2010\/03\/Plazha-e-madhe-Ulqin.jpg"}],"twitter_misc":{"Written by":"ulqini","Est. reading time":"1 minute"},"schema":{"@context":"https:\/\/schema.org","@graph":[{"@type":"WebSite","@id":"https:\/\/www.visit-ulcinj.com\/blog\/#website","url":"https:\/\/www.visit-ulcinj.com\/blog\/","name":"Lajme nga Ulqini","description":"Lajme,Vijesti,Ulqini,Ulqin,Crna Gora,Mali i Zi","potentialAction":[{"@type":"SearchAction","target":{"@type":"EntryPoint","urlTemplate":"https:\/\/www.visit-ulcinj.com\/blog\/?s={search_term_string}"},"query-input":"required name=search_term_string"}],"inLanguage":"en-US"},{"@type":"ImageObject","inLanguage":"en-US","@id":"https:\/\/www.visit-ulcinj.com\/blog\/2010\/03\/22\/mali-i-zi-dhe-kroacia-ne-%e2%80%9clufte%e2%80%9d-per-turiste\/#primaryimage","url":"https:\/\/www.visit-ulcinj.com\/blog\/wp-content\/uploads\/2010\/03\/Plazha-e-madhe-Ulqin.jpg","contentUrl":"https:\/\/www.visit-ulcinj.com\/blog\/wp-content\/uploads\/2010\/03\/Plazha-e-madhe-Ulqin.jpg","width":"580","height":"385"},{"@type":"WebPage","@id":"https:\/\/www.visit-ulcinj.com\/blog\/2010\/03\/22\/mali-i-zi-dhe-kroacia-ne-%e2%80%9clufte%e2%80%9d-per-turiste\/#webpage","url":"https:\/\/www.visit-ulcinj.com\/blog\/2010\/03\/22\/mali-i-zi-dhe-kroacia-ne-%e2%80%9clufte%e2%80%9d-per-turiste\/","name":"Mali i Zi dhe Kroacia n\u00eb \u201cluft\u00eb\u201d p\u00ebr turist\u00eb - Lajme nga Ulqini","isPartOf":{"@id":"https:\/\/www.visit-ulcinj.com\/blog\/#website"},"primaryImageOfPage":{"@id":"https:\/\/www.visit-ulcinj.com\/blog\/2010\/03\/22\/mali-i-zi-dhe-kroacia-ne-%e2%80%9clufte%e2%80%9d-per-turiste\/#primaryimage"},"datePublished":"2010-03-22T19:47:16+00:00","dateModified":"2010-03-22T19:47:16+00:00","author":{"@id":"https:\/\/www.visit-ulcinj.com\/blog\/#\/schema\/person\/dcab619c614d3038751c63bc2aadc06d"},"description":"Podgoric\u00eb, 22 mars \u2013 Mali i ZI dhe Kroacia, sipas shum\u00eb medieve, aktualisht po zhvillojn\u00eb \u201cluft\u00eb t\u00eb qet\u00eb\u201d p\u00ebr turist\u00ebt q\u00eb do t\u2019i vizitojn\u00eb ver\u00ebn e","breadcrumb":{"@id":"https:\/\/www.visit-ulcinj.com\/blog\/2010\/03\/22\/mali-i-zi-dhe-kroacia-ne-%e2%80%9clufte%e2%80%9d-per-turiste\/#breadcrumb"},"inLanguage":"en-US","potentialAction":[{"@type":"ReadAction","target":["https:\/\/www.visit-ulcinj.com\/blog\/2010\/03\/22\/mali-i-zi-dhe-kroacia-ne-%e2%80%9clufte%e2%80%9d-per-turiste\/"]}]},{"@type":"BreadcrumbList","@id":"https:\/\/www.visit-ulcinj.com\/blog\/2010\/03\/22\/mali-i-zi-dhe-kroacia-ne-%e2%80%9clufte%e2%80%9d-per-turiste\/#breadcrumb","itemListElement":[{"@type":"ListItem","position":1,"name":"Mali i Zi dhe Kroacia n\u00eb \u201cluft\u00eb\u201d p\u00ebr turist\u00eb"}]},{"@type":"Person","@id":"https:\/\/www.visit-ulcinj.com\/blog\/#\/schema\/person\/dcab619c614d3038751c63bc2aadc06d","name":"ulqini","sameAs":["http:\/\/www.visit-ulcinj.com"],"url":"https:\/\/www.visit-ulcinj.com\/blog\/author\/admin\/"}]}},"jetpack_featured_media_url":"","jetpack_sharing_enabled":true,"jetpack_shortlink":"https:\/\/wp.me\/pe6lTn-8cj","_links":{"self":[{"href":"https:\/\/www.visit-ulcinj.com\/blog\/wp-json\/wp\/v2\/posts\/31515"}],"collection":[{"href":"https:\/\/www.visit-ulcinj.com\/blog\/wp-json\/wp\/v2\/posts"}],"about":[{"href":"https:\/\/www.visit-ulcinj.com\/blog\/wp-json\/wp\/v2\/types\/post"}],"author":[{"embeddable":true,"href":"https:\/\/www.visit-ulcinj.com\/blog\/wp-json\/wp\/v2\/users\/1"}],"replies":[{"embeddable":true,"href":"https:\/\/www.visit-ulcinj.com\/blog\/wp-json\/wp\/v2\/comments?post=31515"}],"version-history":[{"count":0,"href":"https:\/\/www.visit-ulcinj.com\/blog\/wp-json\/wp\/v2\/posts\/31515\/revisions"}],"wp:attachment":[{"href":"https:\/\/www.visit-ulcinj.com\/blog\/wp-json\/wp\/v2\/media?parent=31515"}],"wp:term":[{"taxonomy":"category","embeddable":true,"href":"https:\/\/www.visit-ulcinj.com\/blog\/wp-json\/wp\/v2\/categories?post=31515"},{"taxonomy":"post_tag","embeddable":true,"href":"https:\/\/www.visit-ulcinj.com\/blog\/wp-json\/wp\/v2\/tags?post=31515"}],"curies":[{"name":"wp","href":"https:\/\/api.w.org\/{rel}","templated":true}]}}