{"id":3154,"date":"2008-09-10T11:55:49","date_gmt":"2008-09-10T16:55:49","guid":{"rendered":"http:\/\/www.visit-ulcinj.com\/blog\/?p=3154"},"modified":"2008-09-10T11:55:49","modified_gmt":"2008-09-10T16:55:49","slug":"afer-2000-adhurues-nga-shqiperia-do-te-shkojne-ne-budva","status":"publish","type":"post","link":"https:\/\/www.visit-ulcinj.com\/blog\/2008\/09\/10\/afer-2000-adhurues-nga-shqiperia-do-te-shkojne-ne-budva\/","title":{"rendered":"Af\u00ebr 2.000 adhurues nga Shqip\u00ebria do t\u00eb shkojn\u00eb n\u00eb Budva"},"content":{"rendered":"<p><a href=\"http:\/\/www.visit-ulcinj.com\/blog\/wp-content\/uploads\/2008\/09\/madonna_budva-2008.jpg\"><img loading=\"lazy\" class=\"alignleft size-medium wp-image-3155\" title=\"madonna_budva-2008\" src=\"http:\/\/www.visit-ulcinj.com\/blog\/wp-content\/uploads\/2008\/09\/madonna_budva-2008.jpg\" alt=\"\" width=\"210\" height=\"210\" srcset=\"https:\/\/www.visit-ulcinj.com\/blog\/wp-content\/uploads\/2008\/09\/madonna_budva-2008.jpg 210w, https:\/\/www.visit-ulcinj.com\/blog\/wp-content\/uploads\/2008\/09\/madonna_budva-2008-150x150.jpg 150w\" sizes=\"(max-width: 210px) 100vw, 210px\" \/><\/a>Af\u00ebr 2.000 qytetar\u00eb t\u00eb Shqip\u00ebris\u00eb do t\u00eb shohin nga af\u00ebr, koncertin e mbret\u00ebresh\u00ebs s\u00eb popit, Madonna, q\u00eb do t\u00eb mbahet n\u00eb dat\u00ebn 25 shtator n\u00eb plazhin Jaz n\u00eb Budva, njofton gazeta &#8220;Panorama&#8221;.<br \/>\nOrganizator\u00ebt e k\u00ebtij koncerti t\u00eb par\u00eb, t\u00eb konsideruar si nj\u00eb nga ngjarjet m\u00eb t\u00eb m\u00ebdha n\u00eb Evrop\u00ebn Juglindore, kan\u00eb b\u00ebr\u00eb t\u00eb ditur dje n\u00eb Tiran\u00eb shifrat e sakta dhe detajet rreth k\u00ebtij evenimenti.<br \/>\nT\u00eb pranish\u00ebm n\u00eb nj\u00eb konferenc\u00eb p\u00ebr shtyp n\u00eb ambientet e \u201cHotel Tirana International\u201d, Jelene Ragjenoviq, drejtoresha e organizat\u00ebs turistike t\u00eb komun\u00ebs s\u00eb Budv\u00ebs, \u00ebsht\u00eb shprehur se p\u00ebr shqiptar\u00ebt biletat e thjeshta kushtojn\u00eb 39.6 euro, nd\u00ebrkoh\u00eb paketa e plot\u00eb, n\u00eb t\u00eb cil\u00ebn p\u00ebrfshihet udh\u00ebtimi me autobus dhe akomodimi p\u00ebr nj\u00eb nat\u00eb kushton 120 euro. P\u00ebr biletat VIP, \u00e7mimi i bilet\u00ebs dhe akomodimit shkon 325 euro.<br \/>\nDeri tani numri i p\u00ebrgjithsh\u00ebm i biletave t\u00eb shitura p\u00ebr koncertin madh\u00ebshtor arrin n\u00eb 36 mij\u00eb. Sipas organizator\u00ebve, m\u00ebsohet se koncerti do t\u00eb nis\u00eb n\u00eb or\u00ebn 20:00 dhe do t\u00eb zgjas\u00eb dy or\u00eb. Koncerti do t\u00eb paraprihet nga k\u00ebng\u00ebtarja suedeze Robin. Nd\u00ebrkoh\u00eb mbret\u00ebresha e muzik\u00ebs, do t\u00eb q\u00ebndroj\u00eb p\u00ebr tri dit\u00eb me radh\u00eb n\u00eb Budva.<br \/>\nMe vete Madonna do t\u00eb sjell\u00eb kuzhinierin personal dhe p\u00ebr stafin q\u00eb do ta shoq\u00ebroj\u00eb jan\u00eb porositur plot 300 peshqir\u00eb dhe 300 sapun\u00eb. Gjat\u00eb dy or\u00ebve t\u00eb koncertit Madonna do t\u00eb interpretoj\u00eb k\u00ebng\u00eb nga albumi i saj i fundit \u201cHard Candy\u201d, n\u00eb kuad\u00ebr t\u00eb turit bot\u00ebror \u201cSticky end Sweet\u201d, nd\u00ebrkaq k\u00ebng\u00ebtarja e famshme nuk do t\u00eb jap\u00eb konferenc\u00eb p\u00ebr shtyp n\u00eb Budva.<br \/>\n<strong>Autor \/Panorama<\/strong><\/p>\n<!--YouTube Error: bad URL entered-->\n<p style=\"text-align: center;\"><a href=\"http:\/\/www.visit-ulcinj.com\/?rub=taxicobi\"><img loading=\"lazy\" class=\"aligncenter size-full wp-image-2798\" title=\"taxi-cobi-ulqintaxi-cobi-ulcinjcrna-goramontenegromali-i-ziulqini,MADONNA,MADONA,BUDVA,JAZ,\" src=\"http:\/\/www.visit-ulcinj.com\/blog\/wp-content\/uploads\/2008\/08\/taxi-cobi-ulqintaxi-cobi-ulcinjcrna-goramontenegromali-i-ziulqini.jpg\" alt=\"\" width=\"320\" height=\"150\" srcset=\"https:\/\/www.visit-ulcinj.com\/blog\/wp-content\/uploads\/2008\/08\/taxi-cobi-ulqintaxi-cobi-ulcinjcrna-goramontenegromali-i-ziulqini.jpg 320w, https:\/\/www.visit-ulcinj.com\/blog\/wp-content\/uploads\/2008\/08\/taxi-cobi-ulqintaxi-cobi-ulcinjcrna-goramontenegromali-i-ziulqini-300x140.jpg 300w\" sizes=\"(max-width: 320px) 100vw, 320px\" \/><\/a><\/p>\n","protected":false},"excerpt":{"rendered":"<p><img loading=\"lazy\" class=\"alignleft size-medium wp-image-3155\" title=\"madonna_budva-2008\" src=\"http:\/\/www.visit-ulcinj.com\/blog\/wp-content\/uploads\/2008\/09\/madonna_budva-2008.jpg\" alt=\"\" width=\"140\" height=\"140\" srcset=\"https:\/\/www.visit-ulcinj.com\/blog\/wp-content\/uploads\/2008\/09\/madonna_budva-2008.jpg 210w, https:\/\/www.visit-ulcinj.com\/blog\/wp-content\/uploads\/2008\/09\/madonna_budva-2008-150x150.jpg 150w\" sizes=\"(max-width: 140px) 100vw, 140px\" \/><\/p>\n","protected":false},"author":1,"featured_media":0,"comment_status":"open","ping_status":"closed","sticky":false,"template":"","format":"standard","meta":{"spay_email":"","jetpack_publicize_message":"","jetpack_is_tweetstorm":false,"jetpack_publicize_feature_enabled":true},"categories":[12],"tags":[4527,1331],"jetpack_publicize_connections":[],"yoast_head":"<!-- This site is optimized with the Yoast SEO plugin v19.1 - https:\/\/yoast.com\/wordpress\/plugins\/seo\/ -->\n<title>Af\u00ebr 2.000 adhurues nga Shqip\u00ebria do t\u00eb shkojn\u00eb n\u00eb Budva - Lajme nga Ulqini<\/title>\n<meta name=\"robots\" content=\"index, follow, max-snippet:-1, max-image-preview:large, max-video-preview:-1\" \/>\n<link rel=\"canonical\" href=\"https:\/\/www.visit-ulcinj.com\/blog\/2008\/09\/10\/afer-2000-adhurues-nga-shqiperia-do-te-shkojne-ne-budva\/\" \/>\n<meta property=\"og:locale\" content=\"en_US\" \/>\n<meta property=\"og:type\" content=\"article\" \/>\n<meta property=\"og:title\" content=\"Af\u00ebr 2.000 adhurues nga Shqip\u00ebria do t\u00eb shkojn\u00eb n\u00eb Budva - Lajme nga Ulqini\" \/>\n<meta property=\"og:url\" content=\"https:\/\/www.visit-ulcinj.com\/blog\/2008\/09\/10\/afer-2000-adhurues-nga-shqiperia-do-te-shkojne-ne-budva\/\" \/>\n<meta property=\"og:site_name\" content=\"Lajme nga Ulqini\" \/>\n<meta property=\"article:published_time\" content=\"2008-09-10T16:55:49+00:00\" \/>\n<meta property=\"og:image\" content=\"http:\/\/www.visit-ulcinj.com\/blog\/wp-content\/uploads\/2008\/09\/madonna_budva-2008.jpg\" \/>\n<meta name=\"twitter:label1\" content=\"Written by\" \/>\n\t<meta name=\"twitter:data1\" content=\"ulqini\" \/>\n\t<meta name=\"twitter:label2\" content=\"Est. reading time\" \/>\n\t<meta name=\"twitter:data2\" content=\"1 minute\" \/>\n<script type=\"application\/ld+json\" class=\"yoast-schema-graph\">{\"@context\":\"https:\/\/schema.org\",\"@graph\":[{\"@type\":\"WebSite\",\"@id\":\"https:\/\/www.visit-ulcinj.com\/blog\/#website\",\"url\":\"https:\/\/www.visit-ulcinj.com\/blog\/\",\"name\":\"Lajme nga Ulqini\",\"description\":\"Lajme,Vijesti,Ulqini,Ulqin,Crna Gora,Mali i Zi\",\"potentialAction\":[{\"@type\":\"SearchAction\",\"target\":{\"@type\":\"EntryPoint\",\"urlTemplate\":\"https:\/\/www.visit-ulcinj.com\/blog\/?s={search_term_string}\"},\"query-input\":\"required name=search_term_string\"}],\"inLanguage\":\"en-US\"},{\"@type\":\"ImageObject\",\"inLanguage\":\"en-US\",\"@id\":\"https:\/\/www.visit-ulcinj.com\/blog\/2008\/09\/10\/afer-2000-adhurues-nga-shqiperia-do-te-shkojne-ne-budva\/#primaryimage\",\"url\":\"http:\/\/www.visit-ulcinj.com\/blog\/wp-content\/uploads\/2008\/09\/madonna_budva-2008.jpg\",\"contentUrl\":\"http:\/\/www.visit-ulcinj.com\/blog\/wp-content\/uploads\/2008\/09\/madonna_budva-2008.jpg\"},{\"@type\":\"WebPage\",\"@id\":\"https:\/\/www.visit-ulcinj.com\/blog\/2008\/09\/10\/afer-2000-adhurues-nga-shqiperia-do-te-shkojne-ne-budva\/#webpage\",\"url\":\"https:\/\/www.visit-ulcinj.com\/blog\/2008\/09\/10\/afer-2000-adhurues-nga-shqiperia-do-te-shkojne-ne-budva\/\",\"name\":\"Af\u00ebr 2.000 adhurues nga Shqip\u00ebria do t\u00eb shkojn\u00eb n\u00eb Budva - Lajme nga Ulqini\",\"isPartOf\":{\"@id\":\"https:\/\/www.visit-ulcinj.com\/blog\/#website\"},\"primaryImageOfPage\":{\"@id\":\"https:\/\/www.visit-ulcinj.com\/blog\/2008\/09\/10\/afer-2000-adhurues-nga-shqiperia-do-te-shkojne-ne-budva\/#primaryimage\"},\"datePublished\":\"2008-09-10T16:55:49+00:00\",\"dateModified\":\"2008-09-10T16:55:49+00:00\",\"author\":{\"@id\":\"https:\/\/www.visit-ulcinj.com\/blog\/#\/schema\/person\/dcab619c614d3038751c63bc2aadc06d\"},\"breadcrumb\":{\"@id\":\"https:\/\/www.visit-ulcinj.com\/blog\/2008\/09\/10\/afer-2000-adhurues-nga-shqiperia-do-te-shkojne-ne-budva\/#breadcrumb\"},\"inLanguage\":\"en-US\",\"potentialAction\":[{\"@type\":\"ReadAction\",\"target\":[\"https:\/\/www.visit-ulcinj.com\/blog\/2008\/09\/10\/afer-2000-adhurues-nga-shqiperia-do-te-shkojne-ne-budva\/\"]}]},{\"@type\":\"BreadcrumbList\",\"@id\":\"https:\/\/www.visit-ulcinj.com\/blog\/2008\/09\/10\/afer-2000-adhurues-nga-shqiperia-do-te-shkojne-ne-budva\/#breadcrumb\",\"itemListElement\":[{\"@type\":\"ListItem\",\"position\":1,\"name\":\"Af\u00ebr 2.000 adhurues nga Shqip\u00ebria do t\u00eb shkojn\u00eb n\u00eb Budva\"}]},{\"@type\":\"Person\",\"@id\":\"https:\/\/www.visit-ulcinj.com\/blog\/#\/schema\/person\/dcab619c614d3038751c63bc2aadc06d\",\"name\":\"ulqini\",\"sameAs\":[\"http:\/\/www.visit-ulcinj.com\"],\"url\":\"https:\/\/www.visit-ulcinj.com\/blog\/author\/admin\/\"}]}<\/script>\n<!-- \/ Yoast SEO plugin. -->","yoast_head_json":{"title":"Af\u00ebr 2.000 adhurues nga Shqip\u00ebria do t\u00eb shkojn\u00eb n\u00eb Budva - Lajme nga Ulqini","robots":{"index":"index","follow":"follow","max-snippet":"max-snippet:-1","max-image-preview":"max-image-preview:large","max-video-preview":"max-video-preview:-1"},"canonical":"https:\/\/www.visit-ulcinj.com\/blog\/2008\/09\/10\/afer-2000-adhurues-nga-shqiperia-do-te-shkojne-ne-budva\/","og_locale":"en_US","og_type":"article","og_title":"Af\u00ebr 2.000 adhurues nga Shqip\u00ebria do t\u00eb shkojn\u00eb n\u00eb Budva - Lajme nga Ulqini","og_url":"https:\/\/www.visit-ulcinj.com\/blog\/2008\/09\/10\/afer-2000-adhurues-nga-shqiperia-do-te-shkojne-ne-budva\/","og_site_name":"Lajme nga Ulqini","article_published_time":"2008-09-10T16:55:49+00:00","og_image":[{"url":"http:\/\/www.visit-ulcinj.com\/blog\/wp-content\/uploads\/2008\/09\/madonna_budva-2008.jpg"}],"twitter_misc":{"Written by":"ulqini","Est. reading time":"1 minute"},"schema":{"@context":"https:\/\/schema.org","@graph":[{"@type":"WebSite","@id":"https:\/\/www.visit-ulcinj.com\/blog\/#website","url":"https:\/\/www.visit-ulcinj.com\/blog\/","name":"Lajme nga Ulqini","description":"Lajme,Vijesti,Ulqini,Ulqin,Crna Gora,Mali i Zi","potentialAction":[{"@type":"SearchAction","target":{"@type":"EntryPoint","urlTemplate":"https:\/\/www.visit-ulcinj.com\/blog\/?s={search_term_string}"},"query-input":"required name=search_term_string"}],"inLanguage":"en-US"},{"@type":"ImageObject","inLanguage":"en-US","@id":"https:\/\/www.visit-ulcinj.com\/blog\/2008\/09\/10\/afer-2000-adhurues-nga-shqiperia-do-te-shkojne-ne-budva\/#primaryimage","url":"http:\/\/www.visit-ulcinj.com\/blog\/wp-content\/uploads\/2008\/09\/madonna_budva-2008.jpg","contentUrl":"http:\/\/www.visit-ulcinj.com\/blog\/wp-content\/uploads\/2008\/09\/madonna_budva-2008.jpg"},{"@type":"WebPage","@id":"https:\/\/www.visit-ulcinj.com\/blog\/2008\/09\/10\/afer-2000-adhurues-nga-shqiperia-do-te-shkojne-ne-budva\/#webpage","url":"https:\/\/www.visit-ulcinj.com\/blog\/2008\/09\/10\/afer-2000-adhurues-nga-shqiperia-do-te-shkojne-ne-budva\/","name":"Af\u00ebr 2.000 adhurues nga Shqip\u00ebria do t\u00eb shkojn\u00eb n\u00eb Budva - Lajme nga Ulqini","isPartOf":{"@id":"https:\/\/www.visit-ulcinj.com\/blog\/#website"},"primaryImageOfPage":{"@id":"https:\/\/www.visit-ulcinj.com\/blog\/2008\/09\/10\/afer-2000-adhurues-nga-shqiperia-do-te-shkojne-ne-budva\/#primaryimage"},"datePublished":"2008-09-10T16:55:49+00:00","dateModified":"2008-09-10T16:55:49+00:00","author":{"@id":"https:\/\/www.visit-ulcinj.com\/blog\/#\/schema\/person\/dcab619c614d3038751c63bc2aadc06d"},"breadcrumb":{"@id":"https:\/\/www.visit-ulcinj.com\/blog\/2008\/09\/10\/afer-2000-adhurues-nga-shqiperia-do-te-shkojne-ne-budva\/#breadcrumb"},"inLanguage":"en-US","potentialAction":[{"@type":"ReadAction","target":["https:\/\/www.visit-ulcinj.com\/blog\/2008\/09\/10\/afer-2000-adhurues-nga-shqiperia-do-te-shkojne-ne-budva\/"]}]},{"@type":"BreadcrumbList","@id":"https:\/\/www.visit-ulcinj.com\/blog\/2008\/09\/10\/afer-2000-adhurues-nga-shqiperia-do-te-shkojne-ne-budva\/#breadcrumb","itemListElement":[{"@type":"ListItem","position":1,"name":"Af\u00ebr 2.000 adhurues nga Shqip\u00ebria do t\u00eb shkojn\u00eb n\u00eb Budva"}]},{"@type":"Person","@id":"https:\/\/www.visit-ulcinj.com\/blog\/#\/schema\/person\/dcab619c614d3038751c63bc2aadc06d","name":"ulqini","sameAs":["http:\/\/www.visit-ulcinj.com"],"url":"https:\/\/www.visit-ulcinj.com\/blog\/author\/admin\/"}]}},"jetpack_featured_media_url":"","jetpack_sharing_enabled":true,"jetpack_shortlink":"https:\/\/wp.me\/pe6lTn-OS","_links":{"self":[{"href":"https:\/\/www.visit-ulcinj.com\/blog\/wp-json\/wp\/v2\/posts\/3154"}],"collection":[{"href":"https:\/\/www.visit-ulcinj.com\/blog\/wp-json\/wp\/v2\/posts"}],"about":[{"href":"https:\/\/www.visit-ulcinj.com\/blog\/wp-json\/wp\/v2\/types\/post"}],"author":[{"embeddable":true,"href":"https:\/\/www.visit-ulcinj.com\/blog\/wp-json\/wp\/v2\/users\/1"}],"replies":[{"embeddable":true,"href":"https:\/\/www.visit-ulcinj.com\/blog\/wp-json\/wp\/v2\/comments?post=3154"}],"version-history":[{"count":0,"href":"https:\/\/www.visit-ulcinj.com\/blog\/wp-json\/wp\/v2\/posts\/3154\/revisions"}],"wp:attachment":[{"href":"https:\/\/www.visit-ulcinj.com\/blog\/wp-json\/wp\/v2\/media?parent=3154"}],"wp:term":[{"taxonomy":"category","embeddable":true,"href":"https:\/\/www.visit-ulcinj.com\/blog\/wp-json\/wp\/v2\/categories?post=3154"},{"taxonomy":"post_tag","embeddable":true,"href":"https:\/\/www.visit-ulcinj.com\/blog\/wp-json\/wp\/v2\/tags?post=3154"}],"curies":[{"name":"wp","href":"https:\/\/api.w.org\/{rel}","templated":true}]}}