{"id":31544,"date":"2010-03-24T18:19:58","date_gmt":"2010-03-24T16:19:58","guid":{"rendered":"http:\/\/www.visit-ulcinj.com\/blog\/?p=31544"},"modified":"2010-04-07T14:18:53","modified_gmt":"2010-04-07T12:18:53","slug":"haradinaj-ben-bashke-kreret-e-partive-shqiptare-te-malit-te-zi","status":"publish","type":"post","link":"https:\/\/www.visit-ulcinj.com\/blog\/2010\/03\/24\/haradinaj-ben-bashke-kreret-e-partive-shqiptare-te-malit-te-zi\/","title":{"rendered":"Haradinaj b\u00ebn bashk\u00eb krer\u00ebt e partive shqiptare t\u00eb Malit t\u00eb Zi &#8211; Video"},"content":{"rendered":"<p><a href=\"http:\/\/www.visit-ulcinj.com\/blog\/wp-content\/uploads\/2010\/03\/Ramush-Haradinaj-subjektet-politike-shqiptare-nga-Mali-i-Zi.jpg\"><img loading=\"lazy\" class=\"alignleft size-full wp-image-31686\" title=\"Ramush Haradinaj subjektet politike shqiptare nga Mali i Zi\" src=\"http:\/\/www.visit-ulcinj.com\/blog\/wp-content\/uploads\/2010\/03\/Ramush-Haradinaj-subjektet-politike-shqiptare-nga-Mali-i-Zi.jpg\" alt=\"Ramush Haradinaj subjektet politike shqiptare nga Mali i Zi\" width=\"580\" height=\"434\" srcset=\"https:\/\/www.visit-ulcinj.com\/blog\/wp-content\/uploads\/2010\/03\/Ramush-Haradinaj-subjektet-politike-shqiptare-nga-Mali-i-Zi.jpg 580w, https:\/\/www.visit-ulcinj.com\/blog\/wp-content\/uploads\/2010\/03\/Ramush-Haradinaj-subjektet-politike-shqiptare-nga-Mali-i-Zi-300x224.jpg 300w\" sizes=\"(max-width: 580px) 100vw, 580px\" \/><\/a>Pej\u00eb, 24 mars-Kryetari i Aleanc\u00ebs p\u00ebr Ardhm\u00ebrin\u00eb e Kosov\u00ebs, Ramush Haradinaj, ka b\u00ebr\u00eb bashk\u00eb p\u00ebrfaq\u00ebsuesit e 6 partive politike shqiptare t\u00eb Malit t\u00eb Zi, n\u00eb nj\u00eb takim pune, t\u00eb mart\u00ebn mbr\u00ebma, n\u00eb Pej\u00eb. Bashk\u00eb me bashk\u00ebpun\u00ebtor\u00ebt e tij t\u00eb ngusht\u00eb nga kryesia qendrore dhe me kryetarin e Pej\u00ebs, Ali Berisha, q\u00eb \u00ebsht\u00eb i t\u00eb nj\u00ebjtit subjekt politik, Haradinaj, u ka th\u00ebn\u00eb mysafir\u00ebve t\u00eb tij se takimi n\u00eb mbr\u00ebmje kishte p\u00ebr q\u00ebllim avancimin e marr\u00ebdh\u00ebnieve midis dy shteteve, Kosov\u00ebs dhe Malit t\u00eb Zi. \u201cD\u00ebshiroj\u00eb q\u00eb t\u00eb krijojm\u00eb raporte sa m\u00eb t\u00eb mira nd\u00ebrshtet\u00ebrore\u201d, ka th\u00ebn\u00eb Haradinaj, duke shtuar se ky nuk \u00ebsht\u00eb vet\u00ebm vullnet i subjektit t\u00eb tij politik, por i gjith\u00eb spektrit dhe i institucioneve t\u00eb tij. Lideri Haradinaj p\u00ebr m\u00eb shum\u00eb mysafir\u00ebve t\u00eb tij u ka sqaruar se takimin e kishte menduar si takim v\u00ebllaz\u00ebror midis shqiptar\u00ebve t\u00eb t\u00eb dyja shteteve e jo si takim partish\u00eb.<br \/>\nAi ka k\u00ebrkuar nga kryetar\u00ebt e 6 partive, prezent\u00eb n\u00eb k\u00ebt\u00eb takim dhe nga 3 prej 4 deputet\u00ebve shqiptar\u00eb n\u00eb Kuvendin e Malit t\u00eb Zi q\u00eb t\u00eb shk\u00ebmbejn\u00eb edhe p\u00ebrvojat, por nj\u00ebkoh\u00ebsisht t\u00eb identifikojn\u00eb t\u00eb arriturat e shqiptar\u00ebve atje dhe problemet met\u00eb cilat ballafaqohen.<br \/>\nFerhat Dinosha, minist\u00ebr p\u00ebr Mbrojtjen e t\u00eb Drejtave t\u00eb Njeriut dhe Pakicave n\u00eb Kuvendin e Republik\u00ebs s\u00eb Malit t\u00eb Zi ka treguar se shqiptar\u00ebt atje jan\u00eb duke jetuar n\u00eb nj\u00eb realitet t\u00eb ri, t\u00eb favorsh\u00ebm p\u00ebr ta. Ai ka lavd\u00ebruar qeverin\u00eb e udh\u00ebhequr nga Milo Gjukanoviqi p\u00ebr trajtimin e shqiptar\u00ebve n\u00eb k\u00ebt\u00eb shtet, por edhe p\u00ebr sjelljen e tij, si tha ai, t\u00eb p\u00ebrgjegjshme ndaj kriz\u00ebs s\u00eb para 11 viteve n\u00eb Kosov\u00eb.<br \/>\n\u201cMir\u00ebpo, nga t\u00eb gjitha k\u00ebto veprime duhet ve\u00e7uar aktin e pranimit t\u00eb pavar\u00ebsis\u00eb s\u00eb Kosov\u00ebs, ideator i t\u00eb cil\u00ebs ishte vet\u00eb Gjukanoviqi\u201d, ka th\u00ebn\u00eb Dinosha. N\u00eb k\u00ebt\u00eb mes,\u00a0 ai ka p\u00ebrmendur edhe \u00e7\u00ebshtjen tashm\u00eb shum\u00eb t\u00eb p\u00ebrfolur p\u00ebr pakic\u00ebn malaziase n\u00eb Kosov\u00eb. \u201cInstitucionet e Kosov\u00ebs duhet q\u00eb t\u00eb njohin realitetin e pakic\u00ebs malazeze n\u00eb Kosov\u00eb, ka th\u00ebn\u00eb Dinosha, duke shtuar se nuk ishte faji te institucionet e RP-s\u00eb se malazez\u00ebt nuk u b\u00ebn\u00eb pjes\u00eb e Kushtetut\u00ebs s\u00eb Kosov\u00ebs. \u201cMalazez\u00ebt ishin t\u00eb regjistruar si serb\u00eb dhe kjo ishte nisma e problemit t\u00eb mosp\u00ebrfshirjes s\u00eb tyre n\u00eb katin kryesor t\u00eb shtetit\u201d, ka th\u00ebn\u00eb Dinosha. Ai ka shtuar se \u00ebsht\u00eb n\u00eb interesin e Kosov\u00ebs q\u00eb t\u00eb njoh\u00eb pakic\u00ebn malazeze, pasi q\u00eb, si\u00e7 tha ai, shumica prej malazez\u00ebve q\u00eb jetojn\u00eb n\u00eb Kosov\u00eb njohin pavar\u00ebsin\u00eb e saj. \u201cKy fakt \u00ebsht\u00eb n\u00eb interes t\u00eb vet\u00eb Kosov\u00ebs\u201d, ka th\u00ebn\u00eb Dinosha. Ministri Dinosha ka paralajm\u00ebruar ngritjen e raporteve shum\u00eb shpejt n\u00eb nivel ambasador\u00ebsh midis dy vendeve.<br \/>\nKryetari Haradinaj \u00ebsht\u00eb pajtuar me konstatimin e ministrit Dinosha.\u00a0 Ka shtuar se pik\u00ebrisht p\u00ebr k\u00ebt\u00eb takimi i s\u00eb mart\u00ebs ishte takim p\u00ebr bashk\u00ebrenditje veprimesh p\u00ebr raporte sa m\u00eb t\u00eb mira me shtetin fqinj, Malin e Zi.<br \/>\nNd\u00ebrkaq, Nazif Cungu, kryetar i Forc\u00ebs s\u00eb Re Demokratike t\u00eb shqiptar\u00ebve t\u00eb Malit t\u00eb Zi ka lavd\u00ebruar Haradinajn p\u00ebr inisiativ\u00ebn p\u00ebr t\u00eb b\u00ebr\u00eb bashk\u00eb shqiptar\u00ebt e shp\u00ebrndar\u00eb n\u00eb 6 subjekte politike n\u00eb Mal t\u00eb Zi. \u201cJu jeni lideri i par\u00eb shqiptar q\u00eb merrni k\u00ebt\u00eb iniciativ\u00eb. Ne n\u00eb Mal t\u00eb Zi jemi pak, por probleme kemi shum\u00eb\u201d, \u00ebsht\u00eb shprehur Cungu.<br \/>\nTakimi i s\u00eb mart\u00ebs midis Haradinaj dhe kryetar\u00ebve t\u00eb partive politike t\u00eb shqiptar\u00ebve t\u00eb Malit t\u00eb Zi dhe deputet\u00ebve shqiptar\u00eb n\u00eb Parlamentin e k\u00ebtij shteti ka vazhduar m\u00eb pas me nj\u00eb bashk\u00ebbisedim midis miqsh.<\/p>\n<p><strong>K<\/strong><strong>oha Ditore<\/strong><br \/>\n<object type=\"application\/x-shockwave-flash\" style=\"width: 580px; height: 400px;\" data=\"http:\/\/forca.me\/plugins\/content\/jw_allvideos\/includes\/players\/mediaplayer\/player.swf\" title=\"JoomlaWorks AllVideos Player\"><param name=\"movie\" value=\"http:\/\/forca.me\/plugins\/content\/jw_allvideos\/includes\/players\/mediaplayer\/player.swf\"><param name=\"quality\" value=\"high\"><param name=\"wmode\" value=\"transparent\"><param name=\"bgcolor\" value=\"#010101\"><param name=\"autoplay\" value=\"false\"><param name=\"allowfullscreen\" value=\"true\"><param name=\"allowscriptaccess\" value=\"always\"><param name=\"flashvars\" value=\"file=http:\/\/forca.me\/images\/stories\/videos\/shqip_3.flv&amp;image=http:\/\/forca.me\/images\/stories\/videos\/shqip_3.jpg&amp;autostart=false&amp;fullscreen=true\"><\/object><\/p>\n","protected":false},"excerpt":{"rendered":"<p>Pej\u00eb, 24 mars-Kryetari i Aleanc\u00ebs p\u00ebr Ardhm\u00ebrin\u00eb e Kosov\u00ebs, Ramush Haradinaj, ka b\u00ebr\u00eb bashk\u00eb p\u00ebrfaq\u00ebsuesit e 6 partive politike shqiptare t\u00eb Malit t\u00eb Zi, n\u00eb nj\u00eb takim pune, t\u00eb mart\u00ebn mbr\u00ebma, n\u00eb Pej\u00eb. Bashk\u00eb me bashk\u00ebpun\u00ebtor\u00ebt e tij t\u00eb ngusht\u00eb nga kryesia qendrore dhe me kryetarin e Pej\u00ebs, Ali Berisha, q\u00eb \u00ebsht\u00eb i t\u00eb nj\u00ebjtit [&hellip;]<\/p>\n","protected":false},"author":1,"featured_media":0,"comment_status":"open","ping_status":"closed","sticky":false,"template":"","format":"standard","meta":{"spay_email":"","jetpack_publicize_message":"","jetpack_is_tweetstorm":false,"jetpack_publicize_feature_enabled":true},"categories":[12],"tags":[97,118,2476],"jetpack_publicize_connections":[],"yoast_head":"<!-- This site is optimized with the Yoast SEO plugin v19.1 - https:\/\/yoast.com\/wordpress\/plugins\/seo\/ -->\n<title>Haradinaj b\u00ebn bashk\u00eb krer\u00ebt e partive shqiptare t\u00eb Malit t\u00eb Zi - Video - Lajme nga Ulqini<\/title>\n<meta name=\"description\" content=\"Pej\u00eb, 24 mars-Kryetari i Aleanc\u00ebs p\u00ebr Ardhm\u00ebrin\u00eb e Kosov\u00ebs, Ramush Haradinaj, ka b\u00ebr\u00eb bashk\u00eb p\u00ebrfaq\u00ebsuesit e 6 partive politike shqiptare t\u00eb Malit t\u00eb Zi,\" \/>\n<meta name=\"robots\" content=\"index, follow, max-snippet:-1, max-image-preview:large, max-video-preview:-1\" \/>\n<link rel=\"canonical\" href=\"https:\/\/www.visit-ulcinj.com\/blog\/2010\/03\/24\/haradinaj-ben-bashke-kreret-e-partive-shqiptare-te-malit-te-zi\/\" \/>\n<meta property=\"og:locale\" content=\"en_US\" \/>\n<meta property=\"og:type\" content=\"article\" \/>\n<meta property=\"og:title\" content=\"Haradinaj b\u00ebn bashk\u00eb krer\u00ebt e partive shqiptare t\u00eb Malit t\u00eb Zi - Video - Lajme nga Ulqini\" \/>\n<meta property=\"og:description\" content=\"Pej\u00eb, 24 mars-Kryetari i Aleanc\u00ebs p\u00ebr Ardhm\u00ebrin\u00eb e Kosov\u00ebs, Ramush Haradinaj, ka b\u00ebr\u00eb bashk\u00eb p\u00ebrfaq\u00ebsuesit e 6 partive politike shqiptare t\u00eb Malit t\u00eb Zi,\" \/>\n<meta property=\"og:url\" content=\"https:\/\/www.visit-ulcinj.com\/blog\/2010\/03\/24\/haradinaj-ben-bashke-kreret-e-partive-shqiptare-te-malit-te-zi\/\" \/>\n<meta property=\"og:site_name\" content=\"Lajme nga Ulqini\" \/>\n<meta property=\"article:published_time\" content=\"2010-03-24T16:19:58+00:00\" \/>\n<meta property=\"article:modified_time\" content=\"2010-04-07T12:18:53+00:00\" \/>\n<meta property=\"og:image\" content=\"http:\/\/www.visit-ulcinj.com\/blog\/wp-content\/uploads\/2010\/03\/Ramush-Haradinaj-subjektet-politike-shqiptare-nga-Mali-i-Zi.jpg\" \/>\n<meta name=\"twitter:label1\" content=\"Written by\" \/>\n\t<meta name=\"twitter:data1\" content=\"ulqini\" \/>\n\t<meta name=\"twitter:label2\" content=\"Est. reading time\" \/>\n\t<meta name=\"twitter:data2\" content=\"3 minutes\" \/>\n<script type=\"application\/ld+json\" class=\"yoast-schema-graph\">{\"@context\":\"https:\/\/schema.org\",\"@graph\":[{\"@type\":\"WebSite\",\"@id\":\"https:\/\/www.visit-ulcinj.com\/blog\/#website\",\"url\":\"https:\/\/www.visit-ulcinj.com\/blog\/\",\"name\":\"Lajme nga Ulqini\",\"description\":\"Lajme,Vijesti,Ulqini,Ulqin,Crna Gora,Mali i Zi\",\"potentialAction\":[{\"@type\":\"SearchAction\",\"target\":{\"@type\":\"EntryPoint\",\"urlTemplate\":\"https:\/\/www.visit-ulcinj.com\/blog\/?s={search_term_string}\"},\"query-input\":\"required name=search_term_string\"}],\"inLanguage\":\"en-US\"},{\"@type\":\"ImageObject\",\"inLanguage\":\"en-US\",\"@id\":\"https:\/\/www.visit-ulcinj.com\/blog\/2010\/03\/24\/haradinaj-ben-bashke-kreret-e-partive-shqiptare-te-malit-te-zi\/#primaryimage\",\"url\":\"https:\/\/www.visit-ulcinj.com\/blog\/wp-content\/uploads\/2010\/03\/Ramush-Haradinaj-subjektet-politike-shqiptare-nga-Mali-i-Zi.jpg\",\"contentUrl\":\"https:\/\/www.visit-ulcinj.com\/blog\/wp-content\/uploads\/2010\/03\/Ramush-Haradinaj-subjektet-politike-shqiptare-nga-Mali-i-Zi.jpg\",\"width\":\"580\",\"height\":\"434\"},{\"@type\":\"WebPage\",\"@id\":\"https:\/\/www.visit-ulcinj.com\/blog\/2010\/03\/24\/haradinaj-ben-bashke-kreret-e-partive-shqiptare-te-malit-te-zi\/#webpage\",\"url\":\"https:\/\/www.visit-ulcinj.com\/blog\/2010\/03\/24\/haradinaj-ben-bashke-kreret-e-partive-shqiptare-te-malit-te-zi\/\",\"name\":\"Haradinaj b\u00ebn bashk\u00eb krer\u00ebt e partive shqiptare t\u00eb Malit t\u00eb Zi - Video - Lajme nga Ulqini\",\"isPartOf\":{\"@id\":\"https:\/\/www.visit-ulcinj.com\/blog\/#website\"},\"primaryImageOfPage\":{\"@id\":\"https:\/\/www.visit-ulcinj.com\/blog\/2010\/03\/24\/haradinaj-ben-bashke-kreret-e-partive-shqiptare-te-malit-te-zi\/#primaryimage\"},\"datePublished\":\"2010-03-24T16:19:58+00:00\",\"dateModified\":\"2010-04-07T12:18:53+00:00\",\"author\":{\"@id\":\"https:\/\/www.visit-ulcinj.com\/blog\/#\/schema\/person\/dcab619c614d3038751c63bc2aadc06d\"},\"description\":\"Pej\u00eb, 24 mars-Kryetari i Aleanc\u00ebs p\u00ebr Ardhm\u00ebrin\u00eb e Kosov\u00ebs, Ramush Haradinaj, ka b\u00ebr\u00eb bashk\u00eb p\u00ebrfaq\u00ebsuesit e 6 partive politike shqiptare t\u00eb Malit t\u00eb Zi,\",\"breadcrumb\":{\"@id\":\"https:\/\/www.visit-ulcinj.com\/blog\/2010\/03\/24\/haradinaj-ben-bashke-kreret-e-partive-shqiptare-te-malit-te-zi\/#breadcrumb\"},\"inLanguage\":\"en-US\",\"potentialAction\":[{\"@type\":\"ReadAction\",\"target\":[\"https:\/\/www.visit-ulcinj.com\/blog\/2010\/03\/24\/haradinaj-ben-bashke-kreret-e-partive-shqiptare-te-malit-te-zi\/\"]}]},{\"@type\":\"BreadcrumbList\",\"@id\":\"https:\/\/www.visit-ulcinj.com\/blog\/2010\/03\/24\/haradinaj-ben-bashke-kreret-e-partive-shqiptare-te-malit-te-zi\/#breadcrumb\",\"itemListElement\":[{\"@type\":\"ListItem\",\"position\":1,\"name\":\"Haradinaj b\u00ebn bashk\u00eb krer\u00ebt e partive shqiptare t\u00eb Malit t\u00eb Zi &#8211; Video\"}]},{\"@type\":\"Person\",\"@id\":\"https:\/\/www.visit-ulcinj.com\/blog\/#\/schema\/person\/dcab619c614d3038751c63bc2aadc06d\",\"name\":\"ulqini\",\"sameAs\":[\"http:\/\/www.visit-ulcinj.com\"],\"url\":\"https:\/\/www.visit-ulcinj.com\/blog\/author\/admin\/\"}]}<\/script>\n<!-- \/ Yoast SEO plugin. -->","yoast_head_json":{"title":"Haradinaj b\u00ebn bashk\u00eb krer\u00ebt e partive shqiptare t\u00eb Malit t\u00eb Zi - Video - Lajme nga Ulqini","description":"Pej\u00eb, 24 mars-Kryetari i Aleanc\u00ebs p\u00ebr Ardhm\u00ebrin\u00eb e Kosov\u00ebs, Ramush Haradinaj, ka b\u00ebr\u00eb bashk\u00eb p\u00ebrfaq\u00ebsuesit e 6 partive politike shqiptare t\u00eb Malit t\u00eb Zi,","robots":{"index":"index","follow":"follow","max-snippet":"max-snippet:-1","max-image-preview":"max-image-preview:large","max-video-preview":"max-video-preview:-1"},"canonical":"https:\/\/www.visit-ulcinj.com\/blog\/2010\/03\/24\/haradinaj-ben-bashke-kreret-e-partive-shqiptare-te-malit-te-zi\/","og_locale":"en_US","og_type":"article","og_title":"Haradinaj b\u00ebn bashk\u00eb krer\u00ebt e partive shqiptare t\u00eb Malit t\u00eb Zi - Video - Lajme nga Ulqini","og_description":"Pej\u00eb, 24 mars-Kryetari i Aleanc\u00ebs p\u00ebr Ardhm\u00ebrin\u00eb e Kosov\u00ebs, Ramush Haradinaj, ka b\u00ebr\u00eb bashk\u00eb p\u00ebrfaq\u00ebsuesit e 6 partive politike shqiptare t\u00eb Malit t\u00eb Zi,","og_url":"https:\/\/www.visit-ulcinj.com\/blog\/2010\/03\/24\/haradinaj-ben-bashke-kreret-e-partive-shqiptare-te-malit-te-zi\/","og_site_name":"Lajme nga Ulqini","article_published_time":"2010-03-24T16:19:58+00:00","article_modified_time":"2010-04-07T12:18:53+00:00","og_image":[{"url":"http:\/\/www.visit-ulcinj.com\/blog\/wp-content\/uploads\/2010\/03\/Ramush-Haradinaj-subjektet-politike-shqiptare-nga-Mali-i-Zi.jpg"}],"twitter_misc":{"Written by":"ulqini","Est. reading time":"3 minutes"},"schema":{"@context":"https:\/\/schema.org","@graph":[{"@type":"WebSite","@id":"https:\/\/www.visit-ulcinj.com\/blog\/#website","url":"https:\/\/www.visit-ulcinj.com\/blog\/","name":"Lajme nga Ulqini","description":"Lajme,Vijesti,Ulqini,Ulqin,Crna Gora,Mali i Zi","potentialAction":[{"@type":"SearchAction","target":{"@type":"EntryPoint","urlTemplate":"https:\/\/www.visit-ulcinj.com\/blog\/?s={search_term_string}"},"query-input":"required name=search_term_string"}],"inLanguage":"en-US"},{"@type":"ImageObject","inLanguage":"en-US","@id":"https:\/\/www.visit-ulcinj.com\/blog\/2010\/03\/24\/haradinaj-ben-bashke-kreret-e-partive-shqiptare-te-malit-te-zi\/#primaryimage","url":"https:\/\/www.visit-ulcinj.com\/blog\/wp-content\/uploads\/2010\/03\/Ramush-Haradinaj-subjektet-politike-shqiptare-nga-Mali-i-Zi.jpg","contentUrl":"https:\/\/www.visit-ulcinj.com\/blog\/wp-content\/uploads\/2010\/03\/Ramush-Haradinaj-subjektet-politike-shqiptare-nga-Mali-i-Zi.jpg","width":"580","height":"434"},{"@type":"WebPage","@id":"https:\/\/www.visit-ulcinj.com\/blog\/2010\/03\/24\/haradinaj-ben-bashke-kreret-e-partive-shqiptare-te-malit-te-zi\/#webpage","url":"https:\/\/www.visit-ulcinj.com\/blog\/2010\/03\/24\/haradinaj-ben-bashke-kreret-e-partive-shqiptare-te-malit-te-zi\/","name":"Haradinaj b\u00ebn bashk\u00eb krer\u00ebt e partive shqiptare t\u00eb Malit t\u00eb Zi - Video - Lajme nga Ulqini","isPartOf":{"@id":"https:\/\/www.visit-ulcinj.com\/blog\/#website"},"primaryImageOfPage":{"@id":"https:\/\/www.visit-ulcinj.com\/blog\/2010\/03\/24\/haradinaj-ben-bashke-kreret-e-partive-shqiptare-te-malit-te-zi\/#primaryimage"},"datePublished":"2010-03-24T16:19:58+00:00","dateModified":"2010-04-07T12:18:53+00:00","author":{"@id":"https:\/\/www.visit-ulcinj.com\/blog\/#\/schema\/person\/dcab619c614d3038751c63bc2aadc06d"},"description":"Pej\u00eb, 24 mars-Kryetari i Aleanc\u00ebs p\u00ebr Ardhm\u00ebrin\u00eb e Kosov\u00ebs, Ramush Haradinaj, ka b\u00ebr\u00eb bashk\u00eb p\u00ebrfaq\u00ebsuesit e 6 partive politike shqiptare t\u00eb Malit t\u00eb Zi,","breadcrumb":{"@id":"https:\/\/www.visit-ulcinj.com\/blog\/2010\/03\/24\/haradinaj-ben-bashke-kreret-e-partive-shqiptare-te-malit-te-zi\/#breadcrumb"},"inLanguage":"en-US","potentialAction":[{"@type":"ReadAction","target":["https:\/\/www.visit-ulcinj.com\/blog\/2010\/03\/24\/haradinaj-ben-bashke-kreret-e-partive-shqiptare-te-malit-te-zi\/"]}]},{"@type":"BreadcrumbList","@id":"https:\/\/www.visit-ulcinj.com\/blog\/2010\/03\/24\/haradinaj-ben-bashke-kreret-e-partive-shqiptare-te-malit-te-zi\/#breadcrumb","itemListElement":[{"@type":"ListItem","position":1,"name":"Haradinaj b\u00ebn bashk\u00eb krer\u00ebt e partive shqiptare t\u00eb Malit t\u00eb Zi &#8211; Video"}]},{"@type":"Person","@id":"https:\/\/www.visit-ulcinj.com\/blog\/#\/schema\/person\/dcab619c614d3038751c63bc2aadc06d","name":"ulqini","sameAs":["http:\/\/www.visit-ulcinj.com"],"url":"https:\/\/www.visit-ulcinj.com\/blog\/author\/admin\/"}]}},"jetpack_featured_media_url":"","jetpack_sharing_enabled":true,"jetpack_shortlink":"https:\/\/wp.me\/pe6lTn-8cM","_links":{"self":[{"href":"https:\/\/www.visit-ulcinj.com\/blog\/wp-json\/wp\/v2\/posts\/31544"}],"collection":[{"href":"https:\/\/www.visit-ulcinj.com\/blog\/wp-json\/wp\/v2\/posts"}],"about":[{"href":"https:\/\/www.visit-ulcinj.com\/blog\/wp-json\/wp\/v2\/types\/post"}],"author":[{"embeddable":true,"href":"https:\/\/www.visit-ulcinj.com\/blog\/wp-json\/wp\/v2\/users\/1"}],"replies":[{"embeddable":true,"href":"https:\/\/www.visit-ulcinj.com\/blog\/wp-json\/wp\/v2\/comments?post=31544"}],"version-history":[{"count":0,"href":"https:\/\/www.visit-ulcinj.com\/blog\/wp-json\/wp\/v2\/posts\/31544\/revisions"}],"wp:attachment":[{"href":"https:\/\/www.visit-ulcinj.com\/blog\/wp-json\/wp\/v2\/media?parent=31544"}],"wp:term":[{"taxonomy":"category","embeddable":true,"href":"https:\/\/www.visit-ulcinj.com\/blog\/wp-json\/wp\/v2\/categories?post=31544"},{"taxonomy":"post_tag","embeddable":true,"href":"https:\/\/www.visit-ulcinj.com\/blog\/wp-json\/wp\/v2\/tags?post=31544"}],"curies":[{"name":"wp","href":"https:\/\/api.w.org\/{rel}","templated":true}]}}