{"id":31553,"date":"2010-03-24T22:21:40","date_gmt":"2010-03-24T20:21:40","guid":{"rendered":"http:\/\/www.visit-ulcinj.com\/blog\/?p=31553"},"modified":"2010-03-29T22:17:30","modified_gmt":"2010-03-29T20:17:30","slug":"gjendet-trupi-i-pajete-i-peshkatarit-bilal-kurtit-54","status":"publish","type":"post","link":"https:\/\/www.visit-ulcinj.com\/blog\/2010\/03\/24\/gjendet-trupi-i-pajete-i-peshkatarit-bilal-kurtit-54\/","title":{"rendered":"Gjendet trupi i pajet\u00eb i peshkatarit Bilal Kurtit (54)"},"content":{"rendered":"<p><strong><img loading=\"lazy\" class=\"alignleft\" title=\"Gjendet i mbytur n\u00eb det peshkatari i zhdukur Bilal Kurti\" src=\"http:\/\/www.visit-ulcinj.com\/blog\/wp-content\/uploads\/2010\/03\/Bilal-Kurti-peshkatar-ulqinak.jpg\" alt=\"\" width=\"399\" height=\"361\" \/>Gjendet i mbytur peshkatari ulqinak Bilal Kurti i zhdukur me 12 mars 2010<\/strong><br \/>\nGjendet n\u00eb det trupi i pajet\u00eb i peshkatarit Bilal Kurtit, q\u00eb u zhduk dy jav\u00eb m\u00eb par\u00eb.Kufoma e tij \u00ebsht\u00eb par\u00eb rast\u00ebsisht nga nj\u00eb peshkatar duke gjuajtur peshk\u00eb ne delten e lumit Buna.Pas lajm\u00ebrimit t\u00eb autoriteteve p\u00ebr pranin\u00eb e nj\u00eb kufome n\u00eb det t\u00eb hapur, ka nisur menj\u00ebher\u00eb puna p\u00ebr rikuperimin e trupit. Ky fakt \u00ebsht\u00eb p\u00ebrforcuar nga familjar\u00ebt, t\u00eb cil\u00ebt kan\u00eb arritur ta identifikonin kufom\u00ebn nga rrobat q\u00eb mbante veshur Bilal\u00a0 Kurti. Sipas policis\u00eb 54-vje\u00e7ari Bilal Kurti kishte dal\u00eb p\u00ebr t\u00eb gjuajtur peshk rreth dy jav\u00eb m\u00eb par\u00eb, ku\u00a0 deti i eg\u00ebrsuar dhe era q\u00eb ka nisur t\u00eb fryj\u00eb papritur kan\u00eb p\u00ebrmbysur bark\u00ebn ,duke e l\u00ebn\u00eb peshkatarin n\u00eb mes t\u00eb detit.<\/p>\n<p><strong>Lajme nga Ulqini<\/strong><\/p>\n","protected":false},"excerpt":{"rendered":"<p>Gjendet i mbytur peshkatari ulqinak Bilal Kurti i zhdukur me 12 mars 2010 Gjendet n\u00eb det trupi i pajet\u00eb i peshkatarit Bilal Kurtit, q\u00eb u zhduk dy jav\u00eb m\u00eb par\u00eb.Kufoma e tij \u00ebsht\u00eb par\u00eb rast\u00ebsisht nga nj\u00eb peshkatar duke gjuajtur peshk\u00eb ne delten e lumit Buna.Pas lajm\u00ebrimit t\u00eb autoriteteve p\u00ebr pranin\u00eb e nj\u00eb kufome n\u00eb [&hellip;]<\/p>\n","protected":false},"author":1,"featured_media":0,"comment_status":"open","ping_status":"closed","sticky":false,"template":"","format":"standard","meta":{"spay_email":"","jetpack_publicize_message":"","jetpack_is_tweetstorm":false,"jetpack_publicize_feature_enabled":true},"categories":[8],"tags":[13794,13945],"jetpack_publicize_connections":[],"yoast_head":"<!-- This site is optimized with the Yoast SEO plugin v19.1 - https:\/\/yoast.com\/wordpress\/plugins\/seo\/ -->\n<title>Gjendet trupi i pajet\u00eb i peshkatarit Bilal Kurtit (54) - Lajme nga Ulqini<\/title>\n<meta name=\"description\" content=\"Gjendet i mbytur peshkatari ulqinak Bilal Kurti i zhdukur me 12 mars 2010 Gjendet n\u00eb det trupi i pajet\u00eb i peshkatarit Bilal Kurtit, q\u00eb u zhduk dy jav\u00eb m\u00eb\" \/>\n<meta name=\"robots\" content=\"index, follow, max-snippet:-1, max-image-preview:large, max-video-preview:-1\" \/>\n<link rel=\"canonical\" href=\"https:\/\/www.visit-ulcinj.com\/blog\/2010\/03\/24\/gjendet-trupi-i-pajete-i-peshkatarit-bilal-kurtit-54\/\" \/>\n<meta property=\"og:locale\" content=\"en_US\" \/>\n<meta property=\"og:type\" content=\"article\" \/>\n<meta property=\"og:title\" content=\"Gjendet trupi i pajet\u00eb i peshkatarit Bilal Kurtit (54) - Lajme nga Ulqini\" \/>\n<meta property=\"og:description\" content=\"Gjendet i mbytur peshkatari ulqinak Bilal Kurti i zhdukur me 12 mars 2010 Gjendet n\u00eb det trupi i pajet\u00eb i peshkatarit Bilal Kurtit, q\u00eb u zhduk dy jav\u00eb m\u00eb\" \/>\n<meta property=\"og:url\" content=\"https:\/\/www.visit-ulcinj.com\/blog\/2010\/03\/24\/gjendet-trupi-i-pajete-i-peshkatarit-bilal-kurtit-54\/\" \/>\n<meta property=\"og:site_name\" content=\"Lajme nga Ulqini\" \/>\n<meta property=\"article:published_time\" content=\"2010-03-24T20:21:40+00:00\" \/>\n<meta property=\"article:modified_time\" content=\"2010-03-29T20:17:30+00:00\" \/>\n<meta property=\"og:image\" content=\"http:\/\/www.visit-ulcinj.com\/blog\/wp-content\/uploads\/2010\/03\/Bilal-Kurti-peshkatar-ulqinak.jpg\" \/>\n<meta name=\"twitter:label1\" content=\"Written by\" \/>\n\t<meta name=\"twitter:data1\" content=\"ulqini\" \/>\n\t<meta name=\"twitter:label2\" content=\"Est. reading time\" \/>\n\t<meta name=\"twitter:data2\" content=\"1 minute\" \/>\n<script type=\"application\/ld+json\" class=\"yoast-schema-graph\">{\"@context\":\"https:\/\/schema.org\",\"@graph\":[{\"@type\":\"WebSite\",\"@id\":\"https:\/\/www.visit-ulcinj.com\/blog\/#website\",\"url\":\"https:\/\/www.visit-ulcinj.com\/blog\/\",\"name\":\"Lajme nga Ulqini\",\"description\":\"Lajme,Vijesti,Ulqini,Ulqin,Crna Gora,Mali i Zi\",\"potentialAction\":[{\"@type\":\"SearchAction\",\"target\":{\"@type\":\"EntryPoint\",\"urlTemplate\":\"https:\/\/www.visit-ulcinj.com\/blog\/?s={search_term_string}\"},\"query-input\":\"required name=search_term_string\"}],\"inLanguage\":\"en-US\"},{\"@type\":\"ImageObject\",\"inLanguage\":\"en-US\",\"@id\":\"https:\/\/www.visit-ulcinj.com\/blog\/2010\/03\/24\/gjendet-trupi-i-pajete-i-peshkatarit-bilal-kurtit-54\/#primaryimage\",\"url\":\"https:\/\/www.visit-ulcinj.com\/blog\/wp-content\/uploads\/2010\/03\/Bilal-Kurti-peshkatar-ulqinak.jpg\",\"contentUrl\":\"https:\/\/www.visit-ulcinj.com\/blog\/wp-content\/uploads\/2010\/03\/Bilal-Kurti-peshkatar-ulqinak.jpg\",\"width\":\"399\",\"height\":\"361\"},{\"@type\":\"WebPage\",\"@id\":\"https:\/\/www.visit-ulcinj.com\/blog\/2010\/03\/24\/gjendet-trupi-i-pajete-i-peshkatarit-bilal-kurtit-54\/#webpage\",\"url\":\"https:\/\/www.visit-ulcinj.com\/blog\/2010\/03\/24\/gjendet-trupi-i-pajete-i-peshkatarit-bilal-kurtit-54\/\",\"name\":\"Gjendet trupi i pajet\u00eb i peshkatarit Bilal Kurtit (54) - Lajme nga Ulqini\",\"isPartOf\":{\"@id\":\"https:\/\/www.visit-ulcinj.com\/blog\/#website\"},\"primaryImageOfPage\":{\"@id\":\"https:\/\/www.visit-ulcinj.com\/blog\/2010\/03\/24\/gjendet-trupi-i-pajete-i-peshkatarit-bilal-kurtit-54\/#primaryimage\"},\"datePublished\":\"2010-03-24T20:21:40+00:00\",\"dateModified\":\"2010-03-29T20:17:30+00:00\",\"author\":{\"@id\":\"https:\/\/www.visit-ulcinj.com\/blog\/#\/schema\/person\/dcab619c614d3038751c63bc2aadc06d\"},\"description\":\"Gjendet i mbytur peshkatari ulqinak Bilal Kurti i zhdukur me 12 mars 2010 Gjendet n\u00eb det trupi i pajet\u00eb i peshkatarit Bilal Kurtit, q\u00eb u zhduk dy jav\u00eb m\u00eb\",\"breadcrumb\":{\"@id\":\"https:\/\/www.visit-ulcinj.com\/blog\/2010\/03\/24\/gjendet-trupi-i-pajete-i-peshkatarit-bilal-kurtit-54\/#breadcrumb\"},\"inLanguage\":\"en-US\",\"potentialAction\":[{\"@type\":\"ReadAction\",\"target\":[\"https:\/\/www.visit-ulcinj.com\/blog\/2010\/03\/24\/gjendet-trupi-i-pajete-i-peshkatarit-bilal-kurtit-54\/\"]}]},{\"@type\":\"BreadcrumbList\",\"@id\":\"https:\/\/www.visit-ulcinj.com\/blog\/2010\/03\/24\/gjendet-trupi-i-pajete-i-peshkatarit-bilal-kurtit-54\/#breadcrumb\",\"itemListElement\":[{\"@type\":\"ListItem\",\"position\":1,\"name\":\"Gjendet trupi i pajet\u00eb i peshkatarit Bilal Kurtit (54)\"}]},{\"@type\":\"Person\",\"@id\":\"https:\/\/www.visit-ulcinj.com\/blog\/#\/schema\/person\/dcab619c614d3038751c63bc2aadc06d\",\"name\":\"ulqini\",\"sameAs\":[\"http:\/\/www.visit-ulcinj.com\"],\"url\":\"https:\/\/www.visit-ulcinj.com\/blog\/author\/admin\/\"}]}<\/script>\n<!-- \/ Yoast SEO plugin. -->","yoast_head_json":{"title":"Gjendet trupi i pajet\u00eb i peshkatarit Bilal Kurtit (54) - Lajme nga Ulqini","description":"Gjendet i mbytur peshkatari ulqinak Bilal Kurti i zhdukur me 12 mars 2010 Gjendet n\u00eb det trupi i pajet\u00eb i peshkatarit Bilal Kurtit, q\u00eb u zhduk dy jav\u00eb m\u00eb","robots":{"index":"index","follow":"follow","max-snippet":"max-snippet:-1","max-image-preview":"max-image-preview:large","max-video-preview":"max-video-preview:-1"},"canonical":"https:\/\/www.visit-ulcinj.com\/blog\/2010\/03\/24\/gjendet-trupi-i-pajete-i-peshkatarit-bilal-kurtit-54\/","og_locale":"en_US","og_type":"article","og_title":"Gjendet trupi i pajet\u00eb i peshkatarit Bilal Kurtit (54) - Lajme nga Ulqini","og_description":"Gjendet i mbytur peshkatari ulqinak Bilal Kurti i zhdukur me 12 mars 2010 Gjendet n\u00eb det trupi i pajet\u00eb i peshkatarit Bilal Kurtit, q\u00eb u zhduk dy jav\u00eb m\u00eb","og_url":"https:\/\/www.visit-ulcinj.com\/blog\/2010\/03\/24\/gjendet-trupi-i-pajete-i-peshkatarit-bilal-kurtit-54\/","og_site_name":"Lajme nga Ulqini","article_published_time":"2010-03-24T20:21:40+00:00","article_modified_time":"2010-03-29T20:17:30+00:00","og_image":[{"url":"http:\/\/www.visit-ulcinj.com\/blog\/wp-content\/uploads\/2010\/03\/Bilal-Kurti-peshkatar-ulqinak.jpg"}],"twitter_misc":{"Written by":"ulqini","Est. reading time":"1 minute"},"schema":{"@context":"https:\/\/schema.org","@graph":[{"@type":"WebSite","@id":"https:\/\/www.visit-ulcinj.com\/blog\/#website","url":"https:\/\/www.visit-ulcinj.com\/blog\/","name":"Lajme nga Ulqini","description":"Lajme,Vijesti,Ulqini,Ulqin,Crna Gora,Mali i Zi","potentialAction":[{"@type":"SearchAction","target":{"@type":"EntryPoint","urlTemplate":"https:\/\/www.visit-ulcinj.com\/blog\/?s={search_term_string}"},"query-input":"required name=search_term_string"}],"inLanguage":"en-US"},{"@type":"ImageObject","inLanguage":"en-US","@id":"https:\/\/www.visit-ulcinj.com\/blog\/2010\/03\/24\/gjendet-trupi-i-pajete-i-peshkatarit-bilal-kurtit-54\/#primaryimage","url":"https:\/\/www.visit-ulcinj.com\/blog\/wp-content\/uploads\/2010\/03\/Bilal-Kurti-peshkatar-ulqinak.jpg","contentUrl":"https:\/\/www.visit-ulcinj.com\/blog\/wp-content\/uploads\/2010\/03\/Bilal-Kurti-peshkatar-ulqinak.jpg","width":"399","height":"361"},{"@type":"WebPage","@id":"https:\/\/www.visit-ulcinj.com\/blog\/2010\/03\/24\/gjendet-trupi-i-pajete-i-peshkatarit-bilal-kurtit-54\/#webpage","url":"https:\/\/www.visit-ulcinj.com\/blog\/2010\/03\/24\/gjendet-trupi-i-pajete-i-peshkatarit-bilal-kurtit-54\/","name":"Gjendet trupi i pajet\u00eb i peshkatarit Bilal Kurtit (54) - Lajme nga Ulqini","isPartOf":{"@id":"https:\/\/www.visit-ulcinj.com\/blog\/#website"},"primaryImageOfPage":{"@id":"https:\/\/www.visit-ulcinj.com\/blog\/2010\/03\/24\/gjendet-trupi-i-pajete-i-peshkatarit-bilal-kurtit-54\/#primaryimage"},"datePublished":"2010-03-24T20:21:40+00:00","dateModified":"2010-03-29T20:17:30+00:00","author":{"@id":"https:\/\/www.visit-ulcinj.com\/blog\/#\/schema\/person\/dcab619c614d3038751c63bc2aadc06d"},"description":"Gjendet i mbytur peshkatari ulqinak Bilal Kurti i zhdukur me 12 mars 2010 Gjendet n\u00eb det trupi i pajet\u00eb i peshkatarit Bilal Kurtit, q\u00eb u zhduk dy jav\u00eb m\u00eb","breadcrumb":{"@id":"https:\/\/www.visit-ulcinj.com\/blog\/2010\/03\/24\/gjendet-trupi-i-pajete-i-peshkatarit-bilal-kurtit-54\/#breadcrumb"},"inLanguage":"en-US","potentialAction":[{"@type":"ReadAction","target":["https:\/\/www.visit-ulcinj.com\/blog\/2010\/03\/24\/gjendet-trupi-i-pajete-i-peshkatarit-bilal-kurtit-54\/"]}]},{"@type":"BreadcrumbList","@id":"https:\/\/www.visit-ulcinj.com\/blog\/2010\/03\/24\/gjendet-trupi-i-pajete-i-peshkatarit-bilal-kurtit-54\/#breadcrumb","itemListElement":[{"@type":"ListItem","position":1,"name":"Gjendet trupi i pajet\u00eb i peshkatarit Bilal Kurtit (54)"}]},{"@type":"Person","@id":"https:\/\/www.visit-ulcinj.com\/blog\/#\/schema\/person\/dcab619c614d3038751c63bc2aadc06d","name":"ulqini","sameAs":["http:\/\/www.visit-ulcinj.com"],"url":"https:\/\/www.visit-ulcinj.com\/blog\/author\/admin\/"}]}},"jetpack_featured_media_url":"","jetpack_sharing_enabled":true,"jetpack_shortlink":"https:\/\/wp.me\/pe6lTn-8cV","_links":{"self":[{"href":"https:\/\/www.visit-ulcinj.com\/blog\/wp-json\/wp\/v2\/posts\/31553"}],"collection":[{"href":"https:\/\/www.visit-ulcinj.com\/blog\/wp-json\/wp\/v2\/posts"}],"about":[{"href":"https:\/\/www.visit-ulcinj.com\/blog\/wp-json\/wp\/v2\/types\/post"}],"author":[{"embeddable":true,"href":"https:\/\/www.visit-ulcinj.com\/blog\/wp-json\/wp\/v2\/users\/1"}],"replies":[{"embeddable":true,"href":"https:\/\/www.visit-ulcinj.com\/blog\/wp-json\/wp\/v2\/comments?post=31553"}],"version-history":[{"count":0,"href":"https:\/\/www.visit-ulcinj.com\/blog\/wp-json\/wp\/v2\/posts\/31553\/revisions"}],"wp:attachment":[{"href":"https:\/\/www.visit-ulcinj.com\/blog\/wp-json\/wp\/v2\/media?parent=31553"}],"wp:term":[{"taxonomy":"category","embeddable":true,"href":"https:\/\/www.visit-ulcinj.com\/blog\/wp-json\/wp\/v2\/categories?post=31553"},{"taxonomy":"post_tag","embeddable":true,"href":"https:\/\/www.visit-ulcinj.com\/blog\/wp-json\/wp\/v2\/tags?post=31553"}],"curies":[{"name":"wp","href":"https:\/\/api.w.org\/{rel}","templated":true}]}}