{"id":31564,"date":"2010-03-29T20:56:53","date_gmt":"2010-03-29T18:56:53","guid":{"rendered":"http:\/\/www.visit-ulcinj.com\/blog\/?p=31564"},"modified":"2011-01-15T10:37:00","modified_gmt":"2011-01-15T09:37:00","slug":"cazim-cako-cuk-legenda-ugostitelja-ulcinja","status":"publish","type":"post","link":"https:\/\/www.visit-ulcinj.com\/blog\/2010\/03\/29\/cazim-cako-cuk-legenda-ugostitelja-ulcinja\/","title":{"rendered":"\u0106azim \u0106ako \u0106uk legenda ugostitelja Ulcinja"},"content":{"rendered":"<div id=\"photocaption_parent\">\n<div>\n<div><a href=\"http:\/\/www.visit-ulcinj.com\/blog\/wp-content\/uploads\/2010\/03\/?azim-?ako-?uk.jpg\"><img class=\"alignleft size-full wp-image-31565\" title=\"Cazim Cako Cuk\" src=\"http:\/\/www.visit-ulcinj.com\/blog\/wp-content\/uploads\/2010\/03\/?azim-?ako-?uk.jpg\" alt=\"\" \/><\/a><em>\u0106<\/em>azim- <em>\u0106<\/em>ako <em>\u0106<\/em>uk&#8230;Ako pro\u0161etate borovom  \u0161umom,  nemojte se iznenaditi kada ugledate ovog markantnog covjeka,  kako cuva par koza  i  kako ih tjera dale od puta..dok sam, polako \u0161eta i  razmi\u0161lja o \u017eivotu i prolaznosti..Mnogi koji \u0161etaju i hodaju  borovom  \u0161umom u nadi da ce skinuti neki kilogran, ili dok punim plu?ima uvlace  vazduh mora, znaju <em>\u0106<\/em>aka.Za one koji ga neznaju, napisacu par recenica,  kao podsjecanje na ovog izuzetno zgodnog i \u0161armantnog covjeka.<br \/>\nPonekad  i ja pro\u0161etam i kada ga  sretnem, popri?am s njim i podsjecam ga na ona  vremena iz &#8220;zlatnog doba &#8221; na\u0161eg turizma..<em>\u0106<\/em>ako je bio najbolji  ugostiteljski radnik, iz one plejade pravih  turistickih radnika,  vremena, kada je ovaj grad, bio prava &#8220;Meka&#8221;na\u0161eg turizma. Slu\u017eio je  izmedju ostalih i Tita, prilikom njegove posjete Ulcinju. Dugo godina je  radio po svim hotelima, obu?avaju?i i stvarajuci kadar, koji je nekad  krasio na\u0161e hotele.  \u0160kolovao se u Sarajevu, gdje je u hotelu &#8220;Evropa&#8221;  ostavio dubok i neisbrisiiv trag. Zadnjih godina je bio u svom&#8221;Galebu&#8221;,  dok mu danas ka\u017ee, du\u0161a place jer ga vi\u0161e nema. Skinuli su mi ga , ka\u017ee <em>\u0106<\/em>ako, neki  stranci,  ljudi bez du\u0161e koji ne vole ovaj grad i ovaj  narod.<br \/>\nU njemu su boravili mnogi stranci i gosti iz ?itavog svijeta,  i  koji su zaista u\u017eivali u gostoprimstvu, nas i na\u0161ih ljudi, ka\u017ee on.  Svake godine su nam se vra?ali. I ne samo za nas, ve? i za sve njih  &#8220;Galeb&#8221;je bio simbol, i maskota, ovog grada. Meni pada jo\u0161 te\u017ee, i sve  to do\u017eivljavam mnogo bolnije, ka\u017ee ?ako jer imam ku?u iznad &#8220;GALEBA&#8221; .  Svaki dan vi\u0161e puta prolazim pored mjesta gdje se on nekad ponosno  uzdizao. Dok vodim koze, ka\u017ee ?ako, koje ina?e znaju svoj put, toliko su  se odoma?ile..smirujem se. Poku\u0161avam da nacem svoj mir pod stare dane, i  zato ovo radim. Podsjecanja radi , za mladje ugostiteljske radnike, i za  one koji ?e mo\u017eda jednom  u buducnosti  slu\u017eiti u nekom elitnom hotelu,   a koji su danas na\u017ealost &#8220;mislene imenice&#8221;, <em>\u0106<\/em>ako je bio i ostao jedan  od najboljih ugostiteljskih radnika, koje je ovaj grad imao. Njegov duh,  njegov \u0161arm, i njegova markantna figura ?e jo\u0161 dugo biti idol mnogim.  Mo\u017eda ce se neko od njih i sjecati na ovu legendu na\u0161eg turizma kada u  buducnosti  bude radio u nekom elitnom hotelu.  Iskreno se nadam, da ce  se jednom i izgraditi, i da ?e se ovaj grad kao &#8220;fenix&#8221; uzdignuti iz  pepela i da ?e mu  se vratiti stari sjaj. I ja, i <em>\u0106<\/em>ako se nadamo da ?e  se jednom to i desiti.<\/div>\n<\/div>\n<\/div>\n<p><strong><a href=\"http:\/\/www.facebook.com\/profile.php?v=wall&amp;id=1359492972\" target=\"_blank\"><span>Ismet  Karamanaga<\/span><span title=\"HPHP\"> &#8211; Facebook<br \/>\n<\/span><\/a><\/strong><!--YouTube Error: bad URL entered--><\/p>\n","protected":false},"excerpt":{"rendered":"<p>\u0106azim- \u0106ako \u0106uk&#8230;Ako pro\u0161etate borovom \u0161umom, nemojte se iznenaditi kada ugledate ovog markantnog covjeka, kako cuva par koza i kako ih tjera dale od puta..dok sam, polako \u0161eta i razmi\u0161lja o \u017eivotu i prolaznosti..Mnogi koji \u0161etaju i hodaju borovom \u0161umom u nadi da ce skinuti neki kilogran, ili dok punim plu?ima uvlace vazduh mora, znaju [&hellip;]<\/p>\n","protected":false},"author":1,"featured_media":0,"comment_status":"open","ping_status":"closed","sticky":false,"template":"","format":"standard","meta":{"spay_email":"","jetpack_publicize_message":"","jetpack_is_tweetstorm":false,"jetpack_publicize_feature_enabled":true},"categories":[11],"tags":[13946,12769],"jetpack_publicize_connections":[],"yoast_head":"<!-- This site is optimized with the Yoast SEO plugin v19.1 - https:\/\/yoast.com\/wordpress\/plugins\/seo\/ -->\n<title>\u0106azim \u0106ako \u0106uk legenda ugostitelja Ulcinja - Lajme nga Ulqini<\/title>\n<meta name=\"description\" content=\"\u0106azim- \u0106ako \u0106uk...Ako pro\u0161etate borovom \u0161umom, nemojte se iznenaditi kada ugledate ovog markantnog covjeka, kako cuva par koza i kako ih tjera dale od\" \/>\n<meta name=\"robots\" content=\"index, follow, max-snippet:-1, max-image-preview:large, max-video-preview:-1\" \/>\n<link rel=\"canonical\" href=\"https:\/\/www.visit-ulcinj.com\/blog\/2010\/03\/29\/cazim-cako-cuk-legenda-ugostitelja-ulcinja\/\" \/>\n<meta property=\"og:locale\" content=\"en_US\" \/>\n<meta property=\"og:type\" content=\"article\" \/>\n<meta property=\"og:title\" content=\"\u0106azim \u0106ako \u0106uk legenda ugostitelja Ulcinja - Lajme nga Ulqini\" \/>\n<meta property=\"og:description\" content=\"\u0106azim- \u0106ako \u0106uk...Ako pro\u0161etate borovom \u0161umom, nemojte se iznenaditi kada ugledate ovog markantnog covjeka, kako cuva par koza i kako ih tjera dale od\" \/>\n<meta property=\"og:url\" content=\"https:\/\/www.visit-ulcinj.com\/blog\/2010\/03\/29\/cazim-cako-cuk-legenda-ugostitelja-ulcinja\/\" \/>\n<meta property=\"og:site_name\" content=\"Lajme nga Ulqini\" \/>\n<meta property=\"article:published_time\" content=\"2010-03-29T18:56:53+00:00\" \/>\n<meta property=\"article:modified_time\" content=\"2011-01-15T09:37:00+00:00\" \/>\n<meta property=\"og:image\" content=\"http:\/\/www.visit-ulcinj.com\/blog\/wp-content\/uploads\/2010\/03\/?azim-?ako-?uk.jpg\" \/>\n<meta name=\"twitter:label1\" content=\"Written by\" \/>\n\t<meta name=\"twitter:data1\" content=\"ulqini\" \/>\n\t<meta name=\"twitter:label2\" content=\"Est. reading time\" \/>\n\t<meta name=\"twitter:data2\" content=\"2 minutes\" \/>\n<script type=\"application\/ld+json\" class=\"yoast-schema-graph\">{\"@context\":\"https:\/\/schema.org\",\"@graph\":[{\"@type\":\"WebSite\",\"@id\":\"https:\/\/www.visit-ulcinj.com\/blog\/#website\",\"url\":\"https:\/\/www.visit-ulcinj.com\/blog\/\",\"name\":\"Lajme nga Ulqini\",\"description\":\"Lajme,Vijesti,Ulqini,Ulqin,Crna Gora,Mali i Zi\",\"potentialAction\":[{\"@type\":\"SearchAction\",\"target\":{\"@type\":\"EntryPoint\",\"urlTemplate\":\"https:\/\/www.visit-ulcinj.com\/blog\/?s={search_term_string}\"},\"query-input\":\"required name=search_term_string\"}],\"inLanguage\":\"en-US\"},{\"@type\":\"ImageObject\",\"inLanguage\":\"en-US\",\"@id\":\"https:\/\/www.visit-ulcinj.com\/blog\/2010\/03\/29\/cazim-cako-cuk-legenda-ugostitelja-ulcinja\/#primaryimage\",\"url\":\"http:\/\/www.visit-ulcinj.com\/blog\/wp-content\/uploads\/2010\/03\/?azim-?ako-?uk.jpg\",\"contentUrl\":\"http:\/\/www.visit-ulcinj.com\/blog\/wp-content\/uploads\/2010\/03\/?azim-?ako-?uk.jpg\"},{\"@type\":\"WebPage\",\"@id\":\"https:\/\/www.visit-ulcinj.com\/blog\/2010\/03\/29\/cazim-cako-cuk-legenda-ugostitelja-ulcinja\/#webpage\",\"url\":\"https:\/\/www.visit-ulcinj.com\/blog\/2010\/03\/29\/cazim-cako-cuk-legenda-ugostitelja-ulcinja\/\",\"name\":\"\u0106azim \u0106ako \u0106uk legenda ugostitelja Ulcinja - Lajme nga Ulqini\",\"isPartOf\":{\"@id\":\"https:\/\/www.visit-ulcinj.com\/blog\/#website\"},\"primaryImageOfPage\":{\"@id\":\"https:\/\/www.visit-ulcinj.com\/blog\/2010\/03\/29\/cazim-cako-cuk-legenda-ugostitelja-ulcinja\/#primaryimage\"},\"datePublished\":\"2010-03-29T18:56:53+00:00\",\"dateModified\":\"2011-01-15T09:37:00+00:00\",\"author\":{\"@id\":\"https:\/\/www.visit-ulcinj.com\/blog\/#\/schema\/person\/dcab619c614d3038751c63bc2aadc06d\"},\"description\":\"\u0106azim- \u0106ako \u0106uk...Ako pro\u0161etate borovom \u0161umom, nemojte se iznenaditi kada ugledate ovog markantnog covjeka, kako cuva par koza i kako ih tjera dale od\",\"breadcrumb\":{\"@id\":\"https:\/\/www.visit-ulcinj.com\/blog\/2010\/03\/29\/cazim-cako-cuk-legenda-ugostitelja-ulcinja\/#breadcrumb\"},\"inLanguage\":\"en-US\",\"potentialAction\":[{\"@type\":\"ReadAction\",\"target\":[\"https:\/\/www.visit-ulcinj.com\/blog\/2010\/03\/29\/cazim-cako-cuk-legenda-ugostitelja-ulcinja\/\"]}]},{\"@type\":\"BreadcrumbList\",\"@id\":\"https:\/\/www.visit-ulcinj.com\/blog\/2010\/03\/29\/cazim-cako-cuk-legenda-ugostitelja-ulcinja\/#breadcrumb\",\"itemListElement\":[{\"@type\":\"ListItem\",\"position\":1,\"name\":\"\u0106azim \u0106ako \u0106uk legenda ugostitelja Ulcinja\"}]},{\"@type\":\"Person\",\"@id\":\"https:\/\/www.visit-ulcinj.com\/blog\/#\/schema\/person\/dcab619c614d3038751c63bc2aadc06d\",\"name\":\"ulqini\",\"sameAs\":[\"http:\/\/www.visit-ulcinj.com\"],\"url\":\"https:\/\/www.visit-ulcinj.com\/blog\/author\/admin\/\"}]}<\/script>\n<!-- \/ Yoast SEO plugin. -->","yoast_head_json":{"title":"\u0106azim \u0106ako \u0106uk legenda ugostitelja Ulcinja - Lajme nga Ulqini","description":"\u0106azim- \u0106ako \u0106uk...Ako pro\u0161etate borovom \u0161umom, nemojte se iznenaditi kada ugledate ovog markantnog covjeka, kako cuva par koza i kako ih tjera dale od","robots":{"index":"index","follow":"follow","max-snippet":"max-snippet:-1","max-image-preview":"max-image-preview:large","max-video-preview":"max-video-preview:-1"},"canonical":"https:\/\/www.visit-ulcinj.com\/blog\/2010\/03\/29\/cazim-cako-cuk-legenda-ugostitelja-ulcinja\/","og_locale":"en_US","og_type":"article","og_title":"\u0106azim \u0106ako \u0106uk legenda ugostitelja Ulcinja - Lajme nga Ulqini","og_description":"\u0106azim- \u0106ako \u0106uk...Ako pro\u0161etate borovom \u0161umom, nemojte se iznenaditi kada ugledate ovog markantnog covjeka, kako cuva par koza i kako ih tjera dale od","og_url":"https:\/\/www.visit-ulcinj.com\/blog\/2010\/03\/29\/cazim-cako-cuk-legenda-ugostitelja-ulcinja\/","og_site_name":"Lajme nga Ulqini","article_published_time":"2010-03-29T18:56:53+00:00","article_modified_time":"2011-01-15T09:37:00+00:00","og_image":[{"url":"http:\/\/www.visit-ulcinj.com\/blog\/wp-content\/uploads\/2010\/03\/?azim-?ako-?uk.jpg"}],"twitter_misc":{"Written by":"ulqini","Est. reading time":"2 minutes"},"schema":{"@context":"https:\/\/schema.org","@graph":[{"@type":"WebSite","@id":"https:\/\/www.visit-ulcinj.com\/blog\/#website","url":"https:\/\/www.visit-ulcinj.com\/blog\/","name":"Lajme nga Ulqini","description":"Lajme,Vijesti,Ulqini,Ulqin,Crna Gora,Mali i Zi","potentialAction":[{"@type":"SearchAction","target":{"@type":"EntryPoint","urlTemplate":"https:\/\/www.visit-ulcinj.com\/blog\/?s={search_term_string}"},"query-input":"required name=search_term_string"}],"inLanguage":"en-US"},{"@type":"ImageObject","inLanguage":"en-US","@id":"https:\/\/www.visit-ulcinj.com\/blog\/2010\/03\/29\/cazim-cako-cuk-legenda-ugostitelja-ulcinja\/#primaryimage","url":"http:\/\/www.visit-ulcinj.com\/blog\/wp-content\/uploads\/2010\/03\/?azim-?ako-?uk.jpg","contentUrl":"http:\/\/www.visit-ulcinj.com\/blog\/wp-content\/uploads\/2010\/03\/?azim-?ako-?uk.jpg"},{"@type":"WebPage","@id":"https:\/\/www.visit-ulcinj.com\/blog\/2010\/03\/29\/cazim-cako-cuk-legenda-ugostitelja-ulcinja\/#webpage","url":"https:\/\/www.visit-ulcinj.com\/blog\/2010\/03\/29\/cazim-cako-cuk-legenda-ugostitelja-ulcinja\/","name":"\u0106azim \u0106ako \u0106uk legenda ugostitelja Ulcinja - Lajme nga Ulqini","isPartOf":{"@id":"https:\/\/www.visit-ulcinj.com\/blog\/#website"},"primaryImageOfPage":{"@id":"https:\/\/www.visit-ulcinj.com\/blog\/2010\/03\/29\/cazim-cako-cuk-legenda-ugostitelja-ulcinja\/#primaryimage"},"datePublished":"2010-03-29T18:56:53+00:00","dateModified":"2011-01-15T09:37:00+00:00","author":{"@id":"https:\/\/www.visit-ulcinj.com\/blog\/#\/schema\/person\/dcab619c614d3038751c63bc2aadc06d"},"description":"\u0106azim- \u0106ako \u0106uk...Ako pro\u0161etate borovom \u0161umom, nemojte se iznenaditi kada ugledate ovog markantnog covjeka, kako cuva par koza i kako ih tjera dale od","breadcrumb":{"@id":"https:\/\/www.visit-ulcinj.com\/blog\/2010\/03\/29\/cazim-cako-cuk-legenda-ugostitelja-ulcinja\/#breadcrumb"},"inLanguage":"en-US","potentialAction":[{"@type":"ReadAction","target":["https:\/\/www.visit-ulcinj.com\/blog\/2010\/03\/29\/cazim-cako-cuk-legenda-ugostitelja-ulcinja\/"]}]},{"@type":"BreadcrumbList","@id":"https:\/\/www.visit-ulcinj.com\/blog\/2010\/03\/29\/cazim-cako-cuk-legenda-ugostitelja-ulcinja\/#breadcrumb","itemListElement":[{"@type":"ListItem","position":1,"name":"\u0106azim \u0106ako \u0106uk legenda ugostitelja Ulcinja"}]},{"@type":"Person","@id":"https:\/\/www.visit-ulcinj.com\/blog\/#\/schema\/person\/dcab619c614d3038751c63bc2aadc06d","name":"ulqini","sameAs":["http:\/\/www.visit-ulcinj.com"],"url":"https:\/\/www.visit-ulcinj.com\/blog\/author\/admin\/"}]}},"jetpack_featured_media_url":"","jetpack_sharing_enabled":true,"jetpack_shortlink":"https:\/\/wp.me\/pe6lTn-8d6","_links":{"self":[{"href":"https:\/\/www.visit-ulcinj.com\/blog\/wp-json\/wp\/v2\/posts\/31564"}],"collection":[{"href":"https:\/\/www.visit-ulcinj.com\/blog\/wp-json\/wp\/v2\/posts"}],"about":[{"href":"https:\/\/www.visit-ulcinj.com\/blog\/wp-json\/wp\/v2\/types\/post"}],"author":[{"embeddable":true,"href":"https:\/\/www.visit-ulcinj.com\/blog\/wp-json\/wp\/v2\/users\/1"}],"replies":[{"embeddable":true,"href":"https:\/\/www.visit-ulcinj.com\/blog\/wp-json\/wp\/v2\/comments?post=31564"}],"version-history":[{"count":0,"href":"https:\/\/www.visit-ulcinj.com\/blog\/wp-json\/wp\/v2\/posts\/31564\/revisions"}],"wp:attachment":[{"href":"https:\/\/www.visit-ulcinj.com\/blog\/wp-json\/wp\/v2\/media?parent=31564"}],"wp:term":[{"taxonomy":"category","embeddable":true,"href":"https:\/\/www.visit-ulcinj.com\/blog\/wp-json\/wp\/v2\/categories?post=31564"},{"taxonomy":"post_tag","embeddable":true,"href":"https:\/\/www.visit-ulcinj.com\/blog\/wp-json\/wp\/v2\/tags?post=31564"}],"curies":[{"name":"wp","href":"https:\/\/api.w.org\/{rel}","templated":true}]}}