{"id":3157,"date":"2008-09-10T12:24:06","date_gmt":"2008-09-10T17:24:06","guid":{"rendered":"http:\/\/www.visit-ulcinj.com\/blog\/?p=3157"},"modified":"2008-09-10T12:24:06","modified_gmt":"2008-09-10T17:24:06","slug":"vaselj-sinistajdps-nema-rogove","status":"publish","type":"post","link":"https:\/\/www.visit-ulcinj.com\/blog\/2008\/09\/10\/vaselj-sinistajdps-nema-rogove\/","title":{"rendered":"Vaselj Sini\u0161taj:DPS nema rogove"},"content":{"rendered":"<p><a href=\"http:\/\/www.visit-ulcinj.com\/blog\/wp-content\/uploads\/2008\/09\/vasel-sinishtaj.jpg\"><img loading=\"lazy\" class=\"size-medium wp-image-3158 alignleft\" title=\"Vaselj Sini\u0161taj\" src=\"http:\/\/www.visit-ulcinj.com\/blog\/wp-content\/uploads\/2008\/09\/vasel-sinishtaj-300x237.jpg\" alt=\"\" width=\"300\" height=\"237\" srcset=\"https:\/\/www.visit-ulcinj.com\/blog\/wp-content\/uploads\/2008\/09\/vasel-sinishtaj-300x237.jpg 300w, https:\/\/www.visit-ulcinj.com\/blog\/wp-content\/uploads\/2008\/09\/vasel-sinishtaj.jpg 610w\" sizes=\"(max-width: 300px) 100vw, 300px\" \/><\/a><strong>Vaselj Sini\u0161taj smatra da u okviru zajedni?kog djelovanja opozicije postoji mogu?nost da budu zajedno sa dijelom SL-a, ali i ocjenjuje da DPS nema rogove.<\/strong><br \/>\nPODGORICA \u2013 Poslanik Albanske alterrnative Vaselj Sini\u0161taj ju?e je ocijenio postoji mogu?nost da oni u okviru zajedni?kog djelovanja opozicije sa dijelom Srpske liste budu zajedno, ali da li bi to bilo u redu o tome ?e odlu?iti njihovo predsjedni\u0161tvo.<br \/>\n&#8211; Sada je do\u0161lo neko druga?ije vrijeme i ne treba pla\u0161iti niti Srbe sa Albancima niti Albance sa Srbima, rekao je Sini\u0161taj za Republiku.<br \/>\nOn smatra da treba napraviti jedan zaokret, ali ne zbog Albanaca ili zbog Srba, nego zbog ukupnog stanja u Crnoj Gori.<br \/>\n&#8211; Ako od na\u0161ih zahtjeva ima ne\u0161to \u0161to je povoljnije i konkretno mo\u017ee da odlu?i, mi smo zaista spremni da to prihvatimo. Jer, ?ini mi se da ne\u0161to predugo traju na\u0161i zahtjevi, ali da se barem ne\u0161to rje\u0161ava u hodu, pojasnio je Sini\u0161taj.<br \/>\nNa pitanje da li je mudro za manjinske partije unaprijed obavezati se da ne?e ulaziti u koaliciju sa Demokratskom partijom socijalista, Sini\u0161taj je odgovorio da nije dobro isklju?iti ni jednu mogu?nost, posebno \u0161to DPS nema rogove.<br \/>\n&#8211; U toj partiji ima ljudi koji iskreno i mudro vode politiku na druga?iji na?in. Dodu\u0161e, ima i onih koji to ne rade na pravi na?in. Toga ima, ali mo\u017eda vrh DPS-a nije upoznat sa tim stvarima. Ina?e, zadr\u017eavam pravo rezerve da pravljenje neke budu?e Vlade i budu?e vlasti mo\u017ee zavisiti s jedne strane, samo od dobre volje, a s druge strane, da onaj ko bude imao ve?inu pripadnika manjina, mo\u017ee ra?unati da ?e imati stabilnu Vladu. Mi zaista nijesmo ponudili ni\u0161ta ni DPS-u ni drugoj strani &#8211; naglasio je Sini\u0161taj.<\/p>\n<div id=\"attachment_3159\" style=\"width: 268px\" class=\"wp-caption alignright\"><a href=\"http:\/\/www.visit-ulcinj.com\/blog\/wp-content\/uploads\/2008\/09\/sinishtaj.jpg\"><img aria-describedby=\"caption-attachment-3159\" loading=\"lazy\" class=\"size-medium wp-image-3159\" title=\"sinishtaj\" src=\"http:\/\/www.visit-ulcinj.com\/blog\/wp-content\/uploads\/2008\/09\/sinishtaj.jpg\" alt=\"Vaselj Sini\u0161taj\" width=\"258\" height=\"193\" \/><\/a><p id=\"caption-attachment-3159\" class=\"wp-caption-text\">Poslanik Albanske alterrnative Vaselj Sini\u0161taj<\/p><\/div>\n<p>Po njegovi rije?ima, platforma ima dobrih stvari i ona je prihvatljiva za sve i dodao da opozicija dr\u017ei do toga da nema saradnje, a ima saradnje u Plavu, Kola\u0161inu, Ulcinju. On je najavio da se to mora precizno razraditi.<br \/>\n&#8211; Nije na\u0161a namjera da istjeramo nekoga \u0161to se samo tako zove, nego da vidimo na koji na?in mo\u017eemo materijalno pobolj\u0161ati status svih gra?ana Crne Gore. Dakle, ne jedne manjine ili jedne ve?ine, ve? ukupno stanje &#8211; kako napraviti kvallitetniji \u017eivot u Crnoj Gori &#8211; objasnio je Sini\u0161taj.<br \/>\nOn je kazao da su na sjednici ovlastili predsjednika i Predsjedni\u0161tvo da prou?i i odlu?i kada ?e potpisati platformu.<\/p>\n<p>&#8211; Dobro bi bilo da je ponu?ena i jedna i druga strana da bi se uspostavio kontakt. Vaga je za mjerenje. Ko ponudi vi\u0161e i ko poka\u017ee ve?u spremnost, onda je politika kao trgovina, zaklju?io je Sini\u0161taj.<strong><br \/>\nH.?.<\/strong><strong><br \/>\nGO nije Op\u0161tina<\/strong><br \/>\nVaselj Sini\u0161taj podsjetio je da postoji obe?anje jo\u0161 od 1997. godine za osnivanje op\u0161tine Tuzi. -U sporazumu iz 1997. godine izme?u vlasti i dijela opozicije, pored ostalog, pominje se osnivanje novih op\u0161tina. Pred izbore daju se obe?anja, ali od toga ni\u0161ta. Ja ne dr\u017eim da je Gradska op\u0161tina prava op\u0161tina -rekao je Sini\u0161taj.<br \/>\n<strong>Izvor \/ Republika <\/strong><\/p>\n<p style=\"text-align: center;\"><a href=\"http:\/\/www.visit-ulcinj.com\/?rub=taxicobi\"><img loading=\"lazy\" class=\"aligncenter size-full wp-image-2798\" title=\"taxi-cobi-ulqintaxi-cobi-ulcinjcrna-goramontenegromali-i-ziulqini\" src=\"http:\/\/www.visit-ulcinj.com\/blog\/wp-content\/uploads\/2008\/08\/taxi-cobi-ulqintaxi-cobi-ulcinjcrna-goramontenegromali-i-ziulqini.jpg\" alt=\"\" width=\"320\" height=\"150\" srcset=\"https:\/\/www.visit-ulcinj.com\/blog\/wp-content\/uploads\/2008\/08\/taxi-cobi-ulqintaxi-cobi-ulcinjcrna-goramontenegromali-i-ziulqini.jpg 320w, https:\/\/www.visit-ulcinj.com\/blog\/wp-content\/uploads\/2008\/08\/taxi-cobi-ulqintaxi-cobi-ulcinjcrna-goramontenegromali-i-ziulqini-300x140.jpg 300w\" sizes=\"(max-width: 320px) 100vw, 320px\" \/><\/a><\/p>\n","protected":false},"excerpt":{"rendered":"<p><img loading=\"lazy\" class=\"size-medium wp-image-3158 alignleft\" title=\"Vaselj Sini\u0161taj\" src=\"http:\/\/www.visit-ulcinj.com\/blog\/wp-content\/uploads\/2008\/09\/vasel-sinishtaj-300x237.jpg\" alt=\"\" width=\"140\" height=\"140\" \/><\/p>\n","protected":false},"author":1,"featured_media":0,"comment_status":"open","ping_status":"closed","sticky":false,"template":"","format":"standard","meta":{"spay_email":"","jetpack_publicize_message":"","jetpack_is_tweetstorm":false,"jetpack_publicize_feature_enabled":true},"categories":[6,12],"tags":[4533],"jetpack_publicize_connections":[],"yoast_head":"<!-- This site is optimized with the Yoast SEO plugin v19.1 - https:\/\/yoast.com\/wordpress\/plugins\/seo\/ -->\n<title>Vaselj Sini\u0161taj:DPS nema rogove - Lajme nga Ulqini<\/title>\n<meta name=\"robots\" content=\"index, follow, max-snippet:-1, max-image-preview:large, max-video-preview:-1\" \/>\n<link rel=\"canonical\" href=\"https:\/\/www.visit-ulcinj.com\/blog\/2008\/09\/10\/vaselj-sinistajdps-nema-rogove\/\" \/>\n<meta property=\"og:locale\" content=\"en_US\" \/>\n<meta property=\"og:type\" content=\"article\" \/>\n<meta property=\"og:title\" content=\"Vaselj Sini\u0161taj:DPS nema rogove - Lajme nga Ulqini\" \/>\n<meta property=\"og:url\" content=\"https:\/\/www.visit-ulcinj.com\/blog\/2008\/09\/10\/vaselj-sinistajdps-nema-rogove\/\" \/>\n<meta property=\"og:site_name\" content=\"Lajme nga Ulqini\" \/>\n<meta property=\"article:published_time\" content=\"2008-09-10T17:24:06+00:00\" \/>\n<meta property=\"og:image\" content=\"http:\/\/www.visit-ulcinj.com\/blog\/wp-content\/uploads\/2008\/09\/vasel-sinishtaj-300x237.jpg\" \/>\n<meta name=\"twitter:label1\" content=\"Written by\" \/>\n\t<meta name=\"twitter:data1\" content=\"ulqini\" \/>\n\t<meta name=\"twitter:label2\" content=\"Est. reading time\" \/>\n\t<meta name=\"twitter:data2\" content=\"3 minutes\" \/>\n<script type=\"application\/ld+json\" class=\"yoast-schema-graph\">{\"@context\":\"https:\/\/schema.org\",\"@graph\":[{\"@type\":\"WebSite\",\"@id\":\"https:\/\/www.visit-ulcinj.com\/blog\/#website\",\"url\":\"https:\/\/www.visit-ulcinj.com\/blog\/\",\"name\":\"Lajme nga Ulqini\",\"description\":\"Lajme,Vijesti,Ulqini,Ulqin,Crna Gora,Mali i Zi\",\"potentialAction\":[{\"@type\":\"SearchAction\",\"target\":{\"@type\":\"EntryPoint\",\"urlTemplate\":\"https:\/\/www.visit-ulcinj.com\/blog\/?s={search_term_string}\"},\"query-input\":\"required name=search_term_string\"}],\"inLanguage\":\"en-US\"},{\"@type\":\"ImageObject\",\"inLanguage\":\"en-US\",\"@id\":\"https:\/\/www.visit-ulcinj.com\/blog\/2008\/09\/10\/vaselj-sinistajdps-nema-rogove\/#primaryimage\",\"url\":\"http:\/\/www.visit-ulcinj.com\/blog\/wp-content\/uploads\/2008\/09\/vasel-sinishtaj-300x237.jpg\",\"contentUrl\":\"http:\/\/www.visit-ulcinj.com\/blog\/wp-content\/uploads\/2008\/09\/vasel-sinishtaj-300x237.jpg\"},{\"@type\":\"WebPage\",\"@id\":\"https:\/\/www.visit-ulcinj.com\/blog\/2008\/09\/10\/vaselj-sinistajdps-nema-rogove\/#webpage\",\"url\":\"https:\/\/www.visit-ulcinj.com\/blog\/2008\/09\/10\/vaselj-sinistajdps-nema-rogove\/\",\"name\":\"Vaselj Sini\u0161taj:DPS nema rogove - Lajme nga Ulqini\",\"isPartOf\":{\"@id\":\"https:\/\/www.visit-ulcinj.com\/blog\/#website\"},\"primaryImageOfPage\":{\"@id\":\"https:\/\/www.visit-ulcinj.com\/blog\/2008\/09\/10\/vaselj-sinistajdps-nema-rogove\/#primaryimage\"},\"datePublished\":\"2008-09-10T17:24:06+00:00\",\"dateModified\":\"2008-09-10T17:24:06+00:00\",\"author\":{\"@id\":\"https:\/\/www.visit-ulcinj.com\/blog\/#\/schema\/person\/dcab619c614d3038751c63bc2aadc06d\"},\"breadcrumb\":{\"@id\":\"https:\/\/www.visit-ulcinj.com\/blog\/2008\/09\/10\/vaselj-sinistajdps-nema-rogove\/#breadcrumb\"},\"inLanguage\":\"en-US\",\"potentialAction\":[{\"@type\":\"ReadAction\",\"target\":[\"https:\/\/www.visit-ulcinj.com\/blog\/2008\/09\/10\/vaselj-sinistajdps-nema-rogove\/\"]}]},{\"@type\":\"BreadcrumbList\",\"@id\":\"https:\/\/www.visit-ulcinj.com\/blog\/2008\/09\/10\/vaselj-sinistajdps-nema-rogove\/#breadcrumb\",\"itemListElement\":[{\"@type\":\"ListItem\",\"position\":1,\"name\":\"Vaselj Sini\u0161taj:DPS nema rogove\"}]},{\"@type\":\"Person\",\"@id\":\"https:\/\/www.visit-ulcinj.com\/blog\/#\/schema\/person\/dcab619c614d3038751c63bc2aadc06d\",\"name\":\"ulqini\",\"sameAs\":[\"http:\/\/www.visit-ulcinj.com\"],\"url\":\"https:\/\/www.visit-ulcinj.com\/blog\/author\/admin\/\"}]}<\/script>\n<!-- \/ Yoast SEO plugin. -->","yoast_head_json":{"title":"Vaselj Sini\u0161taj:DPS nema rogove - Lajme nga Ulqini","robots":{"index":"index","follow":"follow","max-snippet":"max-snippet:-1","max-image-preview":"max-image-preview:large","max-video-preview":"max-video-preview:-1"},"canonical":"https:\/\/www.visit-ulcinj.com\/blog\/2008\/09\/10\/vaselj-sinistajdps-nema-rogove\/","og_locale":"en_US","og_type":"article","og_title":"Vaselj Sini\u0161taj:DPS nema rogove - Lajme nga Ulqini","og_url":"https:\/\/www.visit-ulcinj.com\/blog\/2008\/09\/10\/vaselj-sinistajdps-nema-rogove\/","og_site_name":"Lajme nga Ulqini","article_published_time":"2008-09-10T17:24:06+00:00","og_image":[{"url":"http:\/\/www.visit-ulcinj.com\/blog\/wp-content\/uploads\/2008\/09\/vasel-sinishtaj-300x237.jpg"}],"twitter_misc":{"Written by":"ulqini","Est. reading time":"3 minutes"},"schema":{"@context":"https:\/\/schema.org","@graph":[{"@type":"WebSite","@id":"https:\/\/www.visit-ulcinj.com\/blog\/#website","url":"https:\/\/www.visit-ulcinj.com\/blog\/","name":"Lajme nga Ulqini","description":"Lajme,Vijesti,Ulqini,Ulqin,Crna Gora,Mali i Zi","potentialAction":[{"@type":"SearchAction","target":{"@type":"EntryPoint","urlTemplate":"https:\/\/www.visit-ulcinj.com\/blog\/?s={search_term_string}"},"query-input":"required name=search_term_string"}],"inLanguage":"en-US"},{"@type":"ImageObject","inLanguage":"en-US","@id":"https:\/\/www.visit-ulcinj.com\/blog\/2008\/09\/10\/vaselj-sinistajdps-nema-rogove\/#primaryimage","url":"http:\/\/www.visit-ulcinj.com\/blog\/wp-content\/uploads\/2008\/09\/vasel-sinishtaj-300x237.jpg","contentUrl":"http:\/\/www.visit-ulcinj.com\/blog\/wp-content\/uploads\/2008\/09\/vasel-sinishtaj-300x237.jpg"},{"@type":"WebPage","@id":"https:\/\/www.visit-ulcinj.com\/blog\/2008\/09\/10\/vaselj-sinistajdps-nema-rogove\/#webpage","url":"https:\/\/www.visit-ulcinj.com\/blog\/2008\/09\/10\/vaselj-sinistajdps-nema-rogove\/","name":"Vaselj Sini\u0161taj:DPS nema rogove - Lajme nga Ulqini","isPartOf":{"@id":"https:\/\/www.visit-ulcinj.com\/blog\/#website"},"primaryImageOfPage":{"@id":"https:\/\/www.visit-ulcinj.com\/blog\/2008\/09\/10\/vaselj-sinistajdps-nema-rogove\/#primaryimage"},"datePublished":"2008-09-10T17:24:06+00:00","dateModified":"2008-09-10T17:24:06+00:00","author":{"@id":"https:\/\/www.visit-ulcinj.com\/blog\/#\/schema\/person\/dcab619c614d3038751c63bc2aadc06d"},"breadcrumb":{"@id":"https:\/\/www.visit-ulcinj.com\/blog\/2008\/09\/10\/vaselj-sinistajdps-nema-rogove\/#breadcrumb"},"inLanguage":"en-US","potentialAction":[{"@type":"ReadAction","target":["https:\/\/www.visit-ulcinj.com\/blog\/2008\/09\/10\/vaselj-sinistajdps-nema-rogove\/"]}]},{"@type":"BreadcrumbList","@id":"https:\/\/www.visit-ulcinj.com\/blog\/2008\/09\/10\/vaselj-sinistajdps-nema-rogove\/#breadcrumb","itemListElement":[{"@type":"ListItem","position":1,"name":"Vaselj Sini\u0161taj:DPS nema rogove"}]},{"@type":"Person","@id":"https:\/\/www.visit-ulcinj.com\/blog\/#\/schema\/person\/dcab619c614d3038751c63bc2aadc06d","name":"ulqini","sameAs":["http:\/\/www.visit-ulcinj.com"],"url":"https:\/\/www.visit-ulcinj.com\/blog\/author\/admin\/"}]}},"jetpack_featured_media_url":"","jetpack_sharing_enabled":true,"jetpack_shortlink":"https:\/\/wp.me\/pe6lTn-OV","_links":{"self":[{"href":"https:\/\/www.visit-ulcinj.com\/blog\/wp-json\/wp\/v2\/posts\/3157"}],"collection":[{"href":"https:\/\/www.visit-ulcinj.com\/blog\/wp-json\/wp\/v2\/posts"}],"about":[{"href":"https:\/\/www.visit-ulcinj.com\/blog\/wp-json\/wp\/v2\/types\/post"}],"author":[{"embeddable":true,"href":"https:\/\/www.visit-ulcinj.com\/blog\/wp-json\/wp\/v2\/users\/1"}],"replies":[{"embeddable":true,"href":"https:\/\/www.visit-ulcinj.com\/blog\/wp-json\/wp\/v2\/comments?post=3157"}],"version-history":[{"count":0,"href":"https:\/\/www.visit-ulcinj.com\/blog\/wp-json\/wp\/v2\/posts\/3157\/revisions"}],"wp:attachment":[{"href":"https:\/\/www.visit-ulcinj.com\/blog\/wp-json\/wp\/v2\/media?parent=3157"}],"wp:term":[{"taxonomy":"category","embeddable":true,"href":"https:\/\/www.visit-ulcinj.com\/blog\/wp-json\/wp\/v2\/categories?post=3157"},{"taxonomy":"post_tag","embeddable":true,"href":"https:\/\/www.visit-ulcinj.com\/blog\/wp-json\/wp\/v2\/tags?post=3157"}],"curies":[{"name":"wp","href":"https:\/\/api.w.org\/{rel}","templated":true}]}}