{"id":31572,"date":"2010-03-29T22:15:09","date_gmt":"2010-03-29T20:15:09","guid":{"rendered":"http:\/\/www.visit-ulcinj.com\/blog\/?p=31572"},"modified":"2010-03-29T22:19:32","modified_gmt":"2010-03-29T20:19:32","slug":"putovanje-dugo-cetiri-hiljade-milja","status":"publish","type":"post","link":"https:\/\/www.visit-ulcinj.com\/blog\/2010\/03\/29\/putovanje-dugo-cetiri-hiljade-milja\/","title":{"rendered":"Putovanje dugo ?etiri hiljade milja"},"content":{"rendered":"<p style=\"text-align: justify;\"><strong><a href=\"http:\/\/www.visit-ulcinj.com\/blog\/wp-content\/uploads\/2010\/03\/Mustafa-Canka.jpg\"><img loading=\"lazy\" class=\"alignleft size-full wp-image-31573\" title=\"Mustafa Canka\" src=\"http:\/\/www.visit-ulcinj.com\/blog\/wp-content\/uploads\/2010\/03\/Mustafa-Canka.jpg\" alt=\"Mustafa Canka\" width=\"580\" height=\"388\" srcset=\"https:\/\/www.visit-ulcinj.com\/blog\/wp-content\/uploads\/2010\/03\/Mustafa-Canka.jpg 580w, https:\/\/www.visit-ulcinj.com\/blog\/wp-content\/uploads\/2010\/03\/Mustafa-Canka-300x200.jpg 300w\" sizes=\"(max-width: 580px) 100vw, 580px\" \/><\/a>Iz svakog grada u kojem borave  novinari Deran i \u017deslen napi\u0161u reporta\u017eu za svoj medij. Opisuju?i  Ulcinj, posljednje gusarsko upori\u0161te u Evropi, mjesto &#8220;?e zavr\u0161ava jedan  i po?inje drugi svijet&#8221;, oni su zapisali: &#8220;Bez industrije, zaboravljen  od crnogorske Vlade i prodan od nekoliko korumpiranih politi?ara koji su  se obogatili zahvaljuju?i sumnjivim privatizacijama, grad lagano  umire&#8221;. Zato je, zaklju?uje on, krajnje vrijeme, ako ve? nije prekasno,  da Ulcinj i njegovi \u017eitelji preuzmu sudbinu u svoje ruke. Reporta\u017ea o  boravku Francuza u Crnoj Gori mo\u017ee se pro?itati na sljede?em linku: <\/strong><a href=\"http:\/\/venisemernoire.org\/\"><strong><span style=\"text-decoration: underline;\">http:\/\/venisemernoire.org\/<\/span><\/strong><\/a><\/p>\n<p style=\"text-align: justify;\">&#8220;Nijesam ni slutio da ?e ovo putovanje biti tako interesantno. Divno je  zaista hrvatsko i crnogorsko primorje i gradove na obali gledati sa ove  druge strane&#8221;, ka\u017ee novinar francuskog internet-portala &#8220;Le Courrier des  Balcans&#8221; (Balkanski glasnik), \u017dan-Arno Deran.<\/p>\n<p style=\"text-align: justify;\">On je 14. februara sa svoja tri  prijatelja, kolegom Loran \u017deslenom, skiperom Alenom i vlasnikom luksuzne  jahte \u201eVeton 3&#8243; \u017dozefom, krenuo na putovanje dugo ?etiri hiljade  nauti?kih milja, od Venecije do delte Dunava.<\/p>\n<p style=\"text-align: justify;\">Ovih su dana proputovali i crnogorskim  primorjem. Boravili su u Kotoru i Ulcinju, a posjetili su i Cetinje, ?e  je Deran \u017eivio ?etiri godine i izvje\u0161tavao za nekoliko medija u  Francuskoj, \u0160vajcarskoj i Italiji.<br \/>\n&#8220;\u017delja nam je da jahtom pove\u017eemo obale  Jadranskog, Egejskog, Jonskog i Crnog mora, dakle ?itav Balkan i dio  Kavkaza&#8221;, ka\u017ee Alen, stari &#8220;morski vuk&#8221; i graditelj brodova u rodnoj  Bretanji, na Atlantiku.<\/p>\n<p style=\"text-align: justify;\">Loran dodaje da sada informacije u  medijima idu brzo, i da su oni stoga odlu?ili da idu polako. &#8220;Plovimo  obi?no na jedro, \u0161est do sedam milja na sat. Planirali smo da u ovim  primorskim gradovima budemo upravo kada nije sezona kako bi na miru  mogli da ih razledamo i da opu\u0161teno komuniciramo sa ljudima. Uvjerili  smo se da je Jadran more bliskosti&#8221;, isti?e on.<\/p>\n<p style=\"text-align: justify;\">\u017dozef smatra da su ljudima u ovim  krajevima svakako interesantniji van dobro poznate ljetnje vreve, a i  oni su mnogo opu\u0161teniji.<\/p>\n<p style=\"text-align: justify;\">&#8220;Ljudi su ov?e srda?ni, a priroda  druga?ija i specifi?nija nego u Hrvatskoj&#8221;, ka\u017ee \u017dozef i dodaje da je  proces destrukcije u Crnoj Gori daleko odmakao.<\/p>\n<p style=\"text-align: justify;\">Prema rije?ima Derana, ljudskim nemarom i  pohlepom ugro\u017een je prekrasan prirodni ambijent i gotovo da je nestala  &#8216;kultura mora&#8217;.<\/p>\n<p style=\"text-align: justify;\">Putovanje na moru u ovom periodu ima  svoje dra\u017ei, kao i pote\u0161ko?e. More je obi?no nemirno, tako da su  Francuzi prinu?eni da mnogo du\u017ee borave u lukama nego \u0161to su planirali.<\/p>\n<p style=\"text-align: justify;\">No, njima se o?ito ne \u017euri. Ovo  putovanje, koje je po?elo sredinom februara iz Italije preko Hrvatske,  Crne Gore, Albanije, Gr?ke, Turske, Gruzije, Ukrajine, Rusije, pa sve do  obala Rumunije, traja?e ?ak \u2013 ?etiri mjeseca.<br \/>\n&#8220;Ostaje nam jo\u0161 &#8216;samo&#8217; dvije i po  hiljade milja do cilja&#8221;, ka\u017ee Alen dok se pozdravljamo na ulcinjskoj  Velikoj skeli.<\/p>\n<p style=\"text-align: justify;\">Mirno more i do?ite nam opet, dragi  prijatelji!<\/p>\n<p style=\"text-align: justify;\"><strong><br \/>\n<\/strong><\/p>\n<p style=\"text-align: justify;\"><strong><span>Mustafa Canka<br \/>\n<\/span><a href=\"http:\/\/www.e-balkan.net\/drustvo\/336-putovanje-dugo-etiri-hiljade-milja.html\" target=\"_blank\">e-Balkan<\/a><\/strong><\/p>\n<p style=\"text-align: justify;\"><!--YouTube Error: bad URL entered--><\/p>\n<p style=\"text-align: justify;\">\n","protected":false},"excerpt":{"rendered":"<p>Iz svakog grada u kojem borave novinari Deran i \u017deslen napi\u0161u reporta\u017eu za svoj medij. Opisuju?i Ulcinj, posljednje gusarsko upori\u0161te u Evropi, mjesto &#8220;?e zavr\u0161ava jedan i po?inje drugi svijet&#8221;, oni su zapisali: &#8220;Bez industrije, zaboravljen od crnogorske Vlade i prodan od nekoliko korumpiranih politi?ara koji su se obogatili zahvaljuju?i sumnjivim privatizacijama, grad lagano umire&#8221;. [&hellip;]<\/p>\n","protected":false},"author":1,"featured_media":0,"comment_status":"open","ping_status":"closed","sticky":false,"template":"","format":"standard","meta":{"spay_email":"","jetpack_publicize_message":"","jetpack_is_tweetstorm":false,"jetpack_publicize_feature_enabled":true},"categories":[11],"tags":[20,5276,19],"jetpack_publicize_connections":[],"yoast_head":"<!-- This site is optimized with the Yoast SEO plugin v19.1 - https:\/\/yoast.com\/wordpress\/plugins\/seo\/ -->\n<title>Putovanje dugo ?etiri hiljade milja - Lajme nga Ulqini<\/title>\n<meta name=\"description\" content=\"Iz svakog grada u kojem borave novinari Deran i \u017deslen napi\u0161u reporta\u017eu za svoj medij. Opisuju?i Ulcinj, posljednje gusarsko upori\u0161te u Evropi, mjesto &quot;?e\" \/>\n<meta name=\"robots\" content=\"index, follow, max-snippet:-1, max-image-preview:large, max-video-preview:-1\" \/>\n<link rel=\"canonical\" href=\"https:\/\/www.visit-ulcinj.com\/blog\/2010\/03\/29\/putovanje-dugo-cetiri-hiljade-milja\/\" \/>\n<meta property=\"og:locale\" content=\"en_US\" \/>\n<meta property=\"og:type\" content=\"article\" \/>\n<meta property=\"og:title\" content=\"Putovanje dugo ?etiri hiljade milja - Lajme nga Ulqini\" \/>\n<meta property=\"og:description\" content=\"Iz svakog grada u kojem borave novinari Deran i \u017deslen napi\u0161u reporta\u017eu za svoj medij. Opisuju?i Ulcinj, posljednje gusarsko upori\u0161te u Evropi, mjesto &quot;?e\" \/>\n<meta property=\"og:url\" content=\"https:\/\/www.visit-ulcinj.com\/blog\/2010\/03\/29\/putovanje-dugo-cetiri-hiljade-milja\/\" \/>\n<meta property=\"og:site_name\" content=\"Lajme nga Ulqini\" \/>\n<meta property=\"article:published_time\" content=\"2010-03-29T20:15:09+00:00\" \/>\n<meta property=\"article:modified_time\" content=\"2010-03-29T20:19:32+00:00\" \/>\n<meta property=\"og:image\" content=\"http:\/\/www.visit-ulcinj.com\/blog\/wp-content\/uploads\/2010\/03\/Mustafa-Canka.jpg\" \/>\n<meta name=\"twitter:label1\" content=\"Written by\" \/>\n\t<meta name=\"twitter:data1\" content=\"ulqini\" \/>\n\t<meta name=\"twitter:label2\" content=\"Est. reading time\" \/>\n\t<meta name=\"twitter:data2\" content=\"3 minutes\" \/>\n<script type=\"application\/ld+json\" class=\"yoast-schema-graph\">{\"@context\":\"https:\/\/schema.org\",\"@graph\":[{\"@type\":\"WebSite\",\"@id\":\"https:\/\/www.visit-ulcinj.com\/blog\/#website\",\"url\":\"https:\/\/www.visit-ulcinj.com\/blog\/\",\"name\":\"Lajme nga Ulqini\",\"description\":\"Lajme,Vijesti,Ulqini,Ulqin,Crna Gora,Mali i Zi\",\"potentialAction\":[{\"@type\":\"SearchAction\",\"target\":{\"@type\":\"EntryPoint\",\"urlTemplate\":\"https:\/\/www.visit-ulcinj.com\/blog\/?s={search_term_string}\"},\"query-input\":\"required name=search_term_string\"}],\"inLanguage\":\"en-US\"},{\"@type\":\"ImageObject\",\"inLanguage\":\"en-US\",\"@id\":\"https:\/\/www.visit-ulcinj.com\/blog\/2010\/03\/29\/putovanje-dugo-cetiri-hiljade-milja\/#primaryimage\",\"url\":\"https:\/\/www.visit-ulcinj.com\/blog\/wp-content\/uploads\/2010\/03\/Mustafa-Canka.jpg\",\"contentUrl\":\"https:\/\/www.visit-ulcinj.com\/blog\/wp-content\/uploads\/2010\/03\/Mustafa-Canka.jpg\",\"width\":\"580\",\"height\":\"388\"},{\"@type\":\"WebPage\",\"@id\":\"https:\/\/www.visit-ulcinj.com\/blog\/2010\/03\/29\/putovanje-dugo-cetiri-hiljade-milja\/#webpage\",\"url\":\"https:\/\/www.visit-ulcinj.com\/blog\/2010\/03\/29\/putovanje-dugo-cetiri-hiljade-milja\/\",\"name\":\"Putovanje dugo ?etiri hiljade milja - Lajme nga Ulqini\",\"isPartOf\":{\"@id\":\"https:\/\/www.visit-ulcinj.com\/blog\/#website\"},\"primaryImageOfPage\":{\"@id\":\"https:\/\/www.visit-ulcinj.com\/blog\/2010\/03\/29\/putovanje-dugo-cetiri-hiljade-milja\/#primaryimage\"},\"datePublished\":\"2010-03-29T20:15:09+00:00\",\"dateModified\":\"2010-03-29T20:19:32+00:00\",\"author\":{\"@id\":\"https:\/\/www.visit-ulcinj.com\/blog\/#\/schema\/person\/dcab619c614d3038751c63bc2aadc06d\"},\"description\":\"Iz svakog grada u kojem borave novinari Deran i \u017deslen napi\u0161u reporta\u017eu za svoj medij. Opisuju?i Ulcinj, posljednje gusarsko upori\u0161te u Evropi, mjesto \\\"?e\",\"breadcrumb\":{\"@id\":\"https:\/\/www.visit-ulcinj.com\/blog\/2010\/03\/29\/putovanje-dugo-cetiri-hiljade-milja\/#breadcrumb\"},\"inLanguage\":\"en-US\",\"potentialAction\":[{\"@type\":\"ReadAction\",\"target\":[\"https:\/\/www.visit-ulcinj.com\/blog\/2010\/03\/29\/putovanje-dugo-cetiri-hiljade-milja\/\"]}]},{\"@type\":\"BreadcrumbList\",\"@id\":\"https:\/\/www.visit-ulcinj.com\/blog\/2010\/03\/29\/putovanje-dugo-cetiri-hiljade-milja\/#breadcrumb\",\"itemListElement\":[{\"@type\":\"ListItem\",\"position\":1,\"name\":\"Putovanje dugo ?etiri hiljade milja\"}]},{\"@type\":\"Person\",\"@id\":\"https:\/\/www.visit-ulcinj.com\/blog\/#\/schema\/person\/dcab619c614d3038751c63bc2aadc06d\",\"name\":\"ulqini\",\"sameAs\":[\"http:\/\/www.visit-ulcinj.com\"],\"url\":\"https:\/\/www.visit-ulcinj.com\/blog\/author\/admin\/\"}]}<\/script>\n<!-- \/ Yoast SEO plugin. -->","yoast_head_json":{"title":"Putovanje dugo ?etiri hiljade milja - Lajme nga Ulqini","description":"Iz svakog grada u kojem borave novinari Deran i \u017deslen napi\u0161u reporta\u017eu za svoj medij. Opisuju?i Ulcinj, posljednje gusarsko upori\u0161te u Evropi, mjesto \"?e","robots":{"index":"index","follow":"follow","max-snippet":"max-snippet:-1","max-image-preview":"max-image-preview:large","max-video-preview":"max-video-preview:-1"},"canonical":"https:\/\/www.visit-ulcinj.com\/blog\/2010\/03\/29\/putovanje-dugo-cetiri-hiljade-milja\/","og_locale":"en_US","og_type":"article","og_title":"Putovanje dugo ?etiri hiljade milja - Lajme nga Ulqini","og_description":"Iz svakog grada u kojem borave novinari Deran i \u017deslen napi\u0161u reporta\u017eu za svoj medij. Opisuju?i Ulcinj, posljednje gusarsko upori\u0161te u Evropi, mjesto \"?e","og_url":"https:\/\/www.visit-ulcinj.com\/blog\/2010\/03\/29\/putovanje-dugo-cetiri-hiljade-milja\/","og_site_name":"Lajme nga Ulqini","article_published_time":"2010-03-29T20:15:09+00:00","article_modified_time":"2010-03-29T20:19:32+00:00","og_image":[{"url":"http:\/\/www.visit-ulcinj.com\/blog\/wp-content\/uploads\/2010\/03\/Mustafa-Canka.jpg"}],"twitter_misc":{"Written by":"ulqini","Est. reading time":"3 minutes"},"schema":{"@context":"https:\/\/schema.org","@graph":[{"@type":"WebSite","@id":"https:\/\/www.visit-ulcinj.com\/blog\/#website","url":"https:\/\/www.visit-ulcinj.com\/blog\/","name":"Lajme nga Ulqini","description":"Lajme,Vijesti,Ulqini,Ulqin,Crna Gora,Mali i Zi","potentialAction":[{"@type":"SearchAction","target":{"@type":"EntryPoint","urlTemplate":"https:\/\/www.visit-ulcinj.com\/blog\/?s={search_term_string}"},"query-input":"required name=search_term_string"}],"inLanguage":"en-US"},{"@type":"ImageObject","inLanguage":"en-US","@id":"https:\/\/www.visit-ulcinj.com\/blog\/2010\/03\/29\/putovanje-dugo-cetiri-hiljade-milja\/#primaryimage","url":"https:\/\/www.visit-ulcinj.com\/blog\/wp-content\/uploads\/2010\/03\/Mustafa-Canka.jpg","contentUrl":"https:\/\/www.visit-ulcinj.com\/blog\/wp-content\/uploads\/2010\/03\/Mustafa-Canka.jpg","width":"580","height":"388"},{"@type":"WebPage","@id":"https:\/\/www.visit-ulcinj.com\/blog\/2010\/03\/29\/putovanje-dugo-cetiri-hiljade-milja\/#webpage","url":"https:\/\/www.visit-ulcinj.com\/blog\/2010\/03\/29\/putovanje-dugo-cetiri-hiljade-milja\/","name":"Putovanje dugo ?etiri hiljade milja - Lajme nga Ulqini","isPartOf":{"@id":"https:\/\/www.visit-ulcinj.com\/blog\/#website"},"primaryImageOfPage":{"@id":"https:\/\/www.visit-ulcinj.com\/blog\/2010\/03\/29\/putovanje-dugo-cetiri-hiljade-milja\/#primaryimage"},"datePublished":"2010-03-29T20:15:09+00:00","dateModified":"2010-03-29T20:19:32+00:00","author":{"@id":"https:\/\/www.visit-ulcinj.com\/blog\/#\/schema\/person\/dcab619c614d3038751c63bc2aadc06d"},"description":"Iz svakog grada u kojem borave novinari Deran i \u017deslen napi\u0161u reporta\u017eu za svoj medij. Opisuju?i Ulcinj, posljednje gusarsko upori\u0161te u Evropi, mjesto \"?e","breadcrumb":{"@id":"https:\/\/www.visit-ulcinj.com\/blog\/2010\/03\/29\/putovanje-dugo-cetiri-hiljade-milja\/#breadcrumb"},"inLanguage":"en-US","potentialAction":[{"@type":"ReadAction","target":["https:\/\/www.visit-ulcinj.com\/blog\/2010\/03\/29\/putovanje-dugo-cetiri-hiljade-milja\/"]}]},{"@type":"BreadcrumbList","@id":"https:\/\/www.visit-ulcinj.com\/blog\/2010\/03\/29\/putovanje-dugo-cetiri-hiljade-milja\/#breadcrumb","itemListElement":[{"@type":"ListItem","position":1,"name":"Putovanje dugo ?etiri hiljade milja"}]},{"@type":"Person","@id":"https:\/\/www.visit-ulcinj.com\/blog\/#\/schema\/person\/dcab619c614d3038751c63bc2aadc06d","name":"ulqini","sameAs":["http:\/\/www.visit-ulcinj.com"],"url":"https:\/\/www.visit-ulcinj.com\/blog\/author\/admin\/"}]}},"jetpack_featured_media_url":"","jetpack_sharing_enabled":true,"jetpack_shortlink":"https:\/\/wp.me\/pe6lTn-8de","_links":{"self":[{"href":"https:\/\/www.visit-ulcinj.com\/blog\/wp-json\/wp\/v2\/posts\/31572"}],"collection":[{"href":"https:\/\/www.visit-ulcinj.com\/blog\/wp-json\/wp\/v2\/posts"}],"about":[{"href":"https:\/\/www.visit-ulcinj.com\/blog\/wp-json\/wp\/v2\/types\/post"}],"author":[{"embeddable":true,"href":"https:\/\/www.visit-ulcinj.com\/blog\/wp-json\/wp\/v2\/users\/1"}],"replies":[{"embeddable":true,"href":"https:\/\/www.visit-ulcinj.com\/blog\/wp-json\/wp\/v2\/comments?post=31572"}],"version-history":[{"count":0,"href":"https:\/\/www.visit-ulcinj.com\/blog\/wp-json\/wp\/v2\/posts\/31572\/revisions"}],"wp:attachment":[{"href":"https:\/\/www.visit-ulcinj.com\/blog\/wp-json\/wp\/v2\/media?parent=31572"}],"wp:term":[{"taxonomy":"category","embeddable":true,"href":"https:\/\/www.visit-ulcinj.com\/blog\/wp-json\/wp\/v2\/categories?post=31572"},{"taxonomy":"post_tag","embeddable":true,"href":"https:\/\/www.visit-ulcinj.com\/blog\/wp-json\/wp\/v2\/tags?post=31572"}],"curies":[{"name":"wp","href":"https:\/\/api.w.org\/{rel}","templated":true}]}}