{"id":31580,"date":"2010-03-30T21:57:48","date_gmt":"2010-03-30T19:57:48","guid":{"rendered":"http:\/\/www.visit-ulcinj.com\/blog\/?p=31580"},"modified":"2010-03-30T21:57:48","modified_gmt":"2010-03-30T19:57:48","slug":"stari-javor-bez-krosnje","status":"publish","type":"post","link":"https:\/\/www.visit-ulcinj.com\/blog\/2010\/03\/30\/stari-javor-bez-krosnje\/","title":{"rendered":"Stari javor bez kro\u0161nje"},"content":{"rendered":"<p><a href=\"http:\/\/www.visit-ulcinj.com\/blog\/wp-content\/uploads\/2010\/03\/Stari-javor-bez-kro\u0161nje-u-pristan_ulcinj.jpg\"><img loading=\"lazy\" class=\"alignleft size-full wp-image-31581\" title=\"Stari javor bez kro\u0161nje u pristan_ulcinj\" src=\"http:\/\/www.visit-ulcinj.com\/blog\/wp-content\/uploads\/2010\/03\/Stari-javor-bez-kro\u0161nje-u-pristan_ulcinj.jpg\" alt=\"Stari javor bez kro\u0161nje u pristan_ulcinj\" width=\"580\" height=\"400\" \/><\/a>Ulcinj &#8211; Direktor NVO \u201eZeleni korak\u201c D\u017eelal Hod\u017ei? optu\u017eio je Komunalnu  policiju da je sje?enjem kro\u0161nje od drevnog platana na Pristanu  napravila \u201erugobu\u201c, zahtijevaju?i od Op\u0161tine da u budu?im poslovima  rezidbe ulcinjskih drvoreda i stabala, uposli stru?njaka iz oblasti  hortikulture.<br \/>\n\u201cJavor na Maloj pla\u017ei, star oko 130 godina i visok 25 metara, decenijama  je bio simbol Pristana i orijentir ribarima i pomorcima sa pu?ine. To  je mjesto gdje su se u dubokoj hladovini rasko\u0161ne kro\u0161nje, sastajali  ribari, pomorci, zaljubljeni parovi, a po?etkom pro\u0161log stolje?a i  vjernici obli\u017enje tada\u0161nje \u2018d\u017eamije pomoraca\u2018. Sada je neki strani  dr\u017eavljanin, motornom \u0161egom i po ne?ijem nalogu, drevno stablo skratio  za pola i od njega napravio rugobu\u201d, kazao je Hod\u017ei? za \u201eVijesti\u201c.<br \/>\nOn je naveo da su se prisutni mje\u0161tani protivili sje?i javora, te da je  jedan od njih priveden u zgradu policije na informativni razgovor i  \u201enakon korektnog saslu\u0161anja pu\u0161ten\u201c.<br \/>\n\u201cDo prije nekoliko godina na javoru je stajala tabla sa natpisom  \u2018zakonom za\u0161ti?eno\u2018. Zna?i li to da uskoro mo\u017eemo o?ekivati saka?enje  tri mediteranska bora stara oko 300 godina, od kojih je jedan na  privatnoj parceli i od javora udaljen svega nekoliko desetina metara\u201d,  pitao je Hod\u017ei?.<br \/>\nSekretar za inspekcijske poslove Fikret Katana odbacio je Hod\u017ei?eve  optu\u017ebe uz tvrdnju da je rezidba spasla javor od su\u0161enja.<br \/>\n\u201cI prije dvije godine trebalo je da posje?emo kro\u0161nju javora, kao \u0161to  smo to uradili i na ostalim stablima u gradu, ali smo bili onemogu?eni  zbog privremenih objekata koji su se tada tu nalazili\u201d, kazao je Katana  za \u201eVijesti\u201c.<br \/>\nOn tvrdi da je ?ovjek iz Albanije, koga je Op\u0161tina anga\u017eovala da obavi  rezidbu, posao zavr\u0161io strogo profesionalno.<br \/>\n\u201cNajbolja potvrda za to su rezultati rezidbe, koju je isti obavio i  prije dvije godine. Sva stabla su spasena, a kro\u0161nje u cjelosti  revitalizovane\u201d, podsjetio je Katana.<br \/>\nOn je kazao da razumije emocije, ali i da ne zna koliko su u \u201eZelenom  koraku\u201c kvalifikovani da sude o rezidbi.<br \/>\n\u201cMo\u017eda sam za taj javor, emotivno vi\u0161e ja vezan nego svi oni zajedno.  Zato tvrdim da smo uradili koristan posao i da ?e na starom javoru  uskoro biti  nova, mlada kro\u0161nja\u201d, ocijenio je Katana.<\/p>\n<p>Turisti?ko ?udo<\/p>\n<p>Osim drevnog javora i tri stara mediteranska bora, kako je rekao Hod\u017ei?,  u Ulcinju postoji jo\u0161 vrijednih stabala koje bi trebalo zakonom  za\u0161titi.<br \/>\n\u201cTu je i javor u Limanu, ?ije stablo ima obim 6-7 metara. Svi znamo i za  stari hrast u Kru?ama, obima oko 10 metara, ali o tim stablima niko ne  vodi ra?una, iako bi ona uz malo dobre volje i neznatnih ulaganja mogla  postati dio turisti?ke ponude grada. Mo\u017eda bi trebalo da se ugledamo na  Barane koji su od stare masline u Mirovici napravili turisti?ko ?udo\u201d,  ocijenio je Hod\u017ei?.<\/p>\n<div><strong>S.A.<\/strong><\/div>\n<div><strong><a href=\"http:\/\/www.vijesti.me\/index.php?id_pre=333700&amp;godina=2010\" target=\"_blank\">Vijesti<\/a><\/strong><\/div>\n<div><strong>\n\t\t<style type=\"text\/css\">\n\t\t\t#gallery-1 {\n\t\t\t\tmargin: auto;\n\t\t\t}\n\t\t\t#gallery-1 .gallery-item {\n\t\t\t\tfloat: left;\n\t\t\t\tmargin-top: 10px;\n\t\t\t\ttext-align: center;\n\t\t\t\twidth: 33%;\n\t\t\t}\n\t\t\t#gallery-1 img {\n\t\t\t\tborder: 2px solid #cfcfcf;\n\t\t\t}\n\t\t\t#gallery-1 .gallery-caption {\n\t\t\t\tmargin-left: 0;\n\t\t\t}\n\t\t\t\/* see gallery_shortcode() in wp-includes\/media.php *\/\n\t\t<\/style>\n\t\t<div id='gallery-1' class='gallery galleryid-31580 gallery-columns-3 gallery-size-thumbnail'><dl class='gallery-item'>\n\t\t\t<dt class='gallery-icon '>\n\t\t\t\t<a href='https:\/\/www.visit-ulcinj.com\/blog\/wp-content\/uploads\/2010\/03\/Stari-javor-bez-kro\u00c5\u00a1nje-u-pristan_ulcinj.jpg'><img width=\"1\" height=\"1\" src=\"https:\/\/www.visit-ulcinj.com\/blog\/wp-content\/uploads\/2010\/03\/Stari-javor-bez-kro\u00c5\u00a1nje-u-pristan_ulcinj.jpg\" class=\"attachment-thumbnail size-thumbnail\" alt=\"\" loading=\"lazy\" \/><\/a>\n\t\t\t<\/dt><\/dl><dl class='gallery-item'>\n\t\t\t<dt class='gallery-icon '>\n\t\t\t\t<a href='https:\/\/www.visit-ulcinj.com\/blog\/wp-content\/uploads\/2010\/03\/Stari-javor-bez-kro\u00c5\u00a1nje-u-pristan_ulcinj.1.jpg'><img width=\"1\" height=\"1\" src=\"https:\/\/www.visit-ulcinj.com\/blog\/wp-content\/uploads\/2010\/03\/Stari-javor-bez-kro\u00c5\u00a1nje-u-pristan_ulcinj.1.jpg\" class=\"attachment-thumbnail size-thumbnail\" alt=\"\" loading=\"lazy\" \/><\/a>\n\t\t\t<\/dt><\/dl><dl class='gallery-item'>\n\t\t\t<dt class='gallery-icon '>\n\t\t\t\t<a href='https:\/\/www.visit-ulcinj.com\/blog\/wp-content\/uploads\/2010\/03\/Stari-javor-bez-kro\u00c5\u00a1nje-u-pristan_ulcinj.2.jpg'><img width=\"1\" height=\"1\" src=\"https:\/\/www.visit-ulcinj.com\/blog\/wp-content\/uploads\/2010\/03\/Stari-javor-bez-kro\u00c5\u00a1nje-u-pristan_ulcinj.2.jpg\" class=\"attachment-thumbnail size-thumbnail\" alt=\"\" loading=\"lazy\" \/><\/a>\n\t\t\t<\/dt><\/dl><br style=\"clear: both\" \/><dl class='gallery-item'>\n\t\t\t<dt class='gallery-icon '>\n\t\t\t\t<a href='https:\/\/www.visit-ulcinj.com\/blog\/wp-content\/uploads\/2010\/03\/Stari-javor-bez-kro\u00c5\u00a1nje-u-pristan_ulcinj.3.jpg'><img width=\"1\" height=\"1\" src=\"https:\/\/www.visit-ulcinj.com\/blog\/wp-content\/uploads\/2010\/03\/Stari-javor-bez-kro\u00c5\u00a1nje-u-pristan_ulcinj.3.jpg\" class=\"attachment-thumbnail size-thumbnail\" alt=\"\" loading=\"lazy\" \/><\/a>\n\t\t\t<\/dt><\/dl><dl class='gallery-item'>\n\t\t\t<dt class='gallery-icon '>\n\t\t\t\t<a href='https:\/\/www.visit-ulcinj.com\/blog\/wp-content\/uploads\/2010\/03\/Stari-javor-bez-kro\u00c5\u00a1nje-u-pristan_ulcinj.4.jpg'><img width=\"1\" height=\"1\" src=\"https:\/\/www.visit-ulcinj.com\/blog\/wp-content\/uploads\/2010\/03\/Stari-javor-bez-kro\u00c5\u00a1nje-u-pristan_ulcinj.4.jpg\" class=\"attachment-thumbnail size-thumbnail\" alt=\"\" loading=\"lazy\" \/><\/a>\n\t\t\t<\/dt><\/dl><dl class='gallery-item'>\n\t\t\t<dt class='gallery-icon '>\n\t\t\t\t<a href='https:\/\/www.visit-ulcinj.com\/blog\/wp-content\/uploads\/2010\/03\/Stari-javor-bez-kro\u00c5\u00a1nje-u-pristan_ulcinj.5.jpg'><img width=\"1\" height=\"1\" src=\"https:\/\/www.visit-ulcinj.com\/blog\/wp-content\/uploads\/2010\/03\/Stari-javor-bez-kro\u00c5\u00a1nje-u-pristan_ulcinj.5.jpg\" class=\"attachment-thumbnail size-thumbnail\" alt=\"\" loading=\"lazy\" \/><\/a>\n\t\t\t<\/dt><\/dl><br style=\"clear: both\" \/><dl class='gallery-item'>\n\t\t\t<dt class='gallery-icon '>\n\t\t\t\t<a href='https:\/\/www.visit-ulcinj.com\/blog\/wp-content\/uploads\/2010\/03\/Stari-javor-bez-kro\u00c5\u00a1nje-u-pristan_ulcinj.6.jpg'><img width=\"1\" height=\"1\" src=\"https:\/\/www.visit-ulcinj.com\/blog\/wp-content\/uploads\/2010\/03\/Stari-javor-bez-kro\u00c5\u00a1nje-u-pristan_ulcinj.6.jpg\" class=\"attachment-thumbnail size-thumbnail\" alt=\"\" loading=\"lazy\" \/><\/a>\n\t\t\t<\/dt><\/dl><dl class='gallery-item'>\n\t\t\t<dt class='gallery-icon '>\n\t\t\t\t<a href='https:\/\/www.visit-ulcinj.com\/blog\/wp-content\/uploads\/2010\/03\/Stari-javor-bez-kro\u00c5\u00a1nje-u-pristan_ulcinj.7.jpg'><img width=\"1\" height=\"1\" src=\"https:\/\/www.visit-ulcinj.com\/blog\/wp-content\/uploads\/2010\/03\/Stari-javor-bez-kro\u00c5\u00a1nje-u-pristan_ulcinj.7.jpg\" class=\"attachment-thumbnail size-thumbnail\" alt=\"\" loading=\"lazy\" \/><\/a>\n\t\t\t<\/dt><\/dl><dl class='gallery-item'>\n\t\t\t<dt class='gallery-icon '>\n\t\t\t\t<a href='https:\/\/www.visit-ulcinj.com\/blog\/wp-content\/uploads\/2010\/03\/Stari-javor-bez-kro\u00c5\u00a1nje-u-pristan_ulcinj.8.jpg'><img width=\"1\" height=\"1\" src=\"https:\/\/www.visit-ulcinj.com\/blog\/wp-content\/uploads\/2010\/03\/Stari-javor-bez-kro\u00c5\u00a1nje-u-pristan_ulcinj.8.jpg\" class=\"attachment-thumbnail size-thumbnail\" alt=\"\" loading=\"lazy\" \/><\/a>\n\t\t\t<\/dt><\/dl><br style=\"clear: both\" \/>\n\t\t<\/div>\n<br \/>\n<\/strong><\/div>\n","protected":false},"excerpt":{"rendered":"<p>Ulcinj &#8211; Direktor NVO \u201eZeleni korak\u201c D\u017eelal Hod\u017ei? optu\u017eio je Komunalnu policiju da je sje?enjem kro\u0161nje od drevnog platana na Pristanu napravila \u201erugobu\u201c, zahtijevaju?i od Op\u0161tine da u budu?im poslovima rezidbe ulcinjskih drvoreda i stabala, uposli stru?njaka iz oblasti hortikulture. \u201cJavor na Maloj pla\u017ei, star oko 130 godina i visok 25 metara, decenijama je bio [&hellip;]<\/p>\n","protected":false},"author":1,"featured_media":0,"comment_status":"open","ping_status":"closed","sticky":false,"template":"","format":"standard","meta":{"spay_email":"","jetpack_publicize_message":"","jetpack_is_tweetstorm":false,"jetpack_publicize_feature_enabled":true},"categories":[8337],"tags":[13947,13948,19],"jetpack_publicize_connections":[],"yoast_head":"<!-- This site is optimized with the Yoast SEO plugin v19.1 - https:\/\/yoast.com\/wordpress\/plugins\/seo\/ -->\n<title>Stari javor bez kro\u0161nje - Lajme nga Ulqini<\/title>\n<meta name=\"description\" content=\"Ulcinj - Direktor NVO \u201eZeleni korak\u201c D\u017eelal Hod\u017ei? optu\u017eio je Komunalnu policiju da je sje?enjem kro\u0161nje od drevnog platana na Pristanu napravila\" \/>\n<meta name=\"robots\" content=\"index, follow, max-snippet:-1, max-image-preview:large, max-video-preview:-1\" \/>\n<link rel=\"canonical\" href=\"https:\/\/www.visit-ulcinj.com\/blog\/2010\/03\/30\/stari-javor-bez-krosnje\/\" \/>\n<meta property=\"og:locale\" content=\"en_US\" \/>\n<meta property=\"og:type\" content=\"article\" \/>\n<meta property=\"og:title\" content=\"Stari javor bez kro\u0161nje - Lajme nga Ulqini\" \/>\n<meta property=\"og:description\" content=\"Ulcinj - Direktor NVO \u201eZeleni korak\u201c D\u017eelal Hod\u017ei? optu\u017eio je Komunalnu policiju da je sje?enjem kro\u0161nje od drevnog platana na Pristanu napravila\" \/>\n<meta property=\"og:url\" content=\"https:\/\/www.visit-ulcinj.com\/blog\/2010\/03\/30\/stari-javor-bez-krosnje\/\" \/>\n<meta property=\"og:site_name\" content=\"Lajme nga Ulqini\" \/>\n<meta property=\"article:published_time\" content=\"2010-03-30T19:57:48+00:00\" \/>\n<meta property=\"og:image\" content=\"https:\/\/www.visit-ulcinj.com\/blog\/wp-content\/uploads\/2010\/03\/Stari-javor-bez-kro\u00c5\u00a1nje-u-pristan_ulcinj.jpg\" \/>\n<meta name=\"twitter:label1\" content=\"Written by\" \/>\n\t<meta name=\"twitter:data1\" content=\"ulqini\" \/>\n\t<meta name=\"twitter:label2\" content=\"Est. reading time\" \/>\n\t<meta name=\"twitter:data2\" content=\"3 minutes\" \/>\n<script type=\"application\/ld+json\" class=\"yoast-schema-graph\">{\"@context\":\"https:\/\/schema.org\",\"@graph\":[{\"@type\":\"WebSite\",\"@id\":\"https:\/\/www.visit-ulcinj.com\/blog\/#website\",\"url\":\"https:\/\/www.visit-ulcinj.com\/blog\/\",\"name\":\"Lajme nga Ulqini\",\"description\":\"Lajme,Vijesti,Ulqini,Ulqin,Crna Gora,Mali i Zi\",\"potentialAction\":[{\"@type\":\"SearchAction\",\"target\":{\"@type\":\"EntryPoint\",\"urlTemplate\":\"https:\/\/www.visit-ulcinj.com\/blog\/?s={search_term_string}\"},\"query-input\":\"required name=search_term_string\"}],\"inLanguage\":\"en-US\"},{\"@type\":\"WebPage\",\"@id\":\"https:\/\/www.visit-ulcinj.com\/blog\/2010\/03\/30\/stari-javor-bez-krosnje\/#webpage\",\"url\":\"https:\/\/www.visit-ulcinj.com\/blog\/2010\/03\/30\/stari-javor-bez-krosnje\/\",\"name\":\"Stari javor bez kro\u0161nje - Lajme nga Ulqini\",\"isPartOf\":{\"@id\":\"https:\/\/www.visit-ulcinj.com\/blog\/#website\"},\"datePublished\":\"2010-03-30T19:57:48+00:00\",\"dateModified\":\"2010-03-30T19:57:48+00:00\",\"author\":{\"@id\":\"https:\/\/www.visit-ulcinj.com\/blog\/#\/schema\/person\/dcab619c614d3038751c63bc2aadc06d\"},\"description\":\"Ulcinj - Direktor NVO \u201eZeleni korak\u201c D\u017eelal Hod\u017ei? optu\u017eio je Komunalnu policiju da je sje?enjem kro\u0161nje od drevnog platana na Pristanu napravila\",\"breadcrumb\":{\"@id\":\"https:\/\/www.visit-ulcinj.com\/blog\/2010\/03\/30\/stari-javor-bez-krosnje\/#breadcrumb\"},\"inLanguage\":\"en-US\",\"potentialAction\":[{\"@type\":\"ReadAction\",\"target\":[\"https:\/\/www.visit-ulcinj.com\/blog\/2010\/03\/30\/stari-javor-bez-krosnje\/\"]}]},{\"@type\":\"BreadcrumbList\",\"@id\":\"https:\/\/www.visit-ulcinj.com\/blog\/2010\/03\/30\/stari-javor-bez-krosnje\/#breadcrumb\",\"itemListElement\":[{\"@type\":\"ListItem\",\"position\":1,\"name\":\"Stari javor bez kro\u0161nje\"}]},{\"@type\":\"Person\",\"@id\":\"https:\/\/www.visit-ulcinj.com\/blog\/#\/schema\/person\/dcab619c614d3038751c63bc2aadc06d\",\"name\":\"ulqini\",\"sameAs\":[\"http:\/\/www.visit-ulcinj.com\"],\"url\":\"https:\/\/www.visit-ulcinj.com\/blog\/author\/admin\/\"}]}<\/script>\n<!-- \/ Yoast SEO plugin. -->","yoast_head_json":{"title":"Stari javor bez kro\u0161nje - Lajme nga Ulqini","description":"Ulcinj - Direktor NVO \u201eZeleni korak\u201c D\u017eelal Hod\u017ei? optu\u017eio je Komunalnu policiju da je sje?enjem kro\u0161nje od drevnog platana na Pristanu napravila","robots":{"index":"index","follow":"follow","max-snippet":"max-snippet:-1","max-image-preview":"max-image-preview:large","max-video-preview":"max-video-preview:-1"},"canonical":"https:\/\/www.visit-ulcinj.com\/blog\/2010\/03\/30\/stari-javor-bez-krosnje\/","og_locale":"en_US","og_type":"article","og_title":"Stari javor bez kro\u0161nje - Lajme nga Ulqini","og_description":"Ulcinj - Direktor NVO \u201eZeleni korak\u201c D\u017eelal Hod\u017ei? optu\u017eio je Komunalnu policiju da je sje?enjem kro\u0161nje od drevnog platana na Pristanu napravila","og_url":"https:\/\/www.visit-ulcinj.com\/blog\/2010\/03\/30\/stari-javor-bez-krosnje\/","og_site_name":"Lajme nga Ulqini","article_published_time":"2010-03-30T19:57:48+00:00","og_image":[{"url":"https:\/\/www.visit-ulcinj.com\/blog\/wp-content\/uploads\/2010\/03\/Stari-javor-bez-kro\u00c5\u00a1nje-u-pristan_ulcinj.jpg"}],"twitter_misc":{"Written by":"ulqini","Est. reading time":"3 minutes"},"schema":{"@context":"https:\/\/schema.org","@graph":[{"@type":"WebSite","@id":"https:\/\/www.visit-ulcinj.com\/blog\/#website","url":"https:\/\/www.visit-ulcinj.com\/blog\/","name":"Lajme nga Ulqini","description":"Lajme,Vijesti,Ulqini,Ulqin,Crna Gora,Mali i Zi","potentialAction":[{"@type":"SearchAction","target":{"@type":"EntryPoint","urlTemplate":"https:\/\/www.visit-ulcinj.com\/blog\/?s={search_term_string}"},"query-input":"required name=search_term_string"}],"inLanguage":"en-US"},{"@type":"WebPage","@id":"https:\/\/www.visit-ulcinj.com\/blog\/2010\/03\/30\/stari-javor-bez-krosnje\/#webpage","url":"https:\/\/www.visit-ulcinj.com\/blog\/2010\/03\/30\/stari-javor-bez-krosnje\/","name":"Stari javor bez kro\u0161nje - Lajme nga Ulqini","isPartOf":{"@id":"https:\/\/www.visit-ulcinj.com\/blog\/#website"},"datePublished":"2010-03-30T19:57:48+00:00","dateModified":"2010-03-30T19:57:48+00:00","author":{"@id":"https:\/\/www.visit-ulcinj.com\/blog\/#\/schema\/person\/dcab619c614d3038751c63bc2aadc06d"},"description":"Ulcinj - Direktor NVO \u201eZeleni korak\u201c D\u017eelal Hod\u017ei? optu\u017eio je Komunalnu policiju da je sje?enjem kro\u0161nje od drevnog platana na Pristanu napravila","breadcrumb":{"@id":"https:\/\/www.visit-ulcinj.com\/blog\/2010\/03\/30\/stari-javor-bez-krosnje\/#breadcrumb"},"inLanguage":"en-US","potentialAction":[{"@type":"ReadAction","target":["https:\/\/www.visit-ulcinj.com\/blog\/2010\/03\/30\/stari-javor-bez-krosnje\/"]}]},{"@type":"BreadcrumbList","@id":"https:\/\/www.visit-ulcinj.com\/blog\/2010\/03\/30\/stari-javor-bez-krosnje\/#breadcrumb","itemListElement":[{"@type":"ListItem","position":1,"name":"Stari javor bez kro\u0161nje"}]},{"@type":"Person","@id":"https:\/\/www.visit-ulcinj.com\/blog\/#\/schema\/person\/dcab619c614d3038751c63bc2aadc06d","name":"ulqini","sameAs":["http:\/\/www.visit-ulcinj.com"],"url":"https:\/\/www.visit-ulcinj.com\/blog\/author\/admin\/"}]}},"jetpack_featured_media_url":"","jetpack_sharing_enabled":true,"jetpack_shortlink":"https:\/\/wp.me\/pe6lTn-8dm","_links":{"self":[{"href":"https:\/\/www.visit-ulcinj.com\/blog\/wp-json\/wp\/v2\/posts\/31580"}],"collection":[{"href":"https:\/\/www.visit-ulcinj.com\/blog\/wp-json\/wp\/v2\/posts"}],"about":[{"href":"https:\/\/www.visit-ulcinj.com\/blog\/wp-json\/wp\/v2\/types\/post"}],"author":[{"embeddable":true,"href":"https:\/\/www.visit-ulcinj.com\/blog\/wp-json\/wp\/v2\/users\/1"}],"replies":[{"embeddable":true,"href":"https:\/\/www.visit-ulcinj.com\/blog\/wp-json\/wp\/v2\/comments?post=31580"}],"version-history":[{"count":0,"href":"https:\/\/www.visit-ulcinj.com\/blog\/wp-json\/wp\/v2\/posts\/31580\/revisions"}],"wp:attachment":[{"href":"https:\/\/www.visit-ulcinj.com\/blog\/wp-json\/wp\/v2\/media?parent=31580"}],"wp:term":[{"taxonomy":"category","embeddable":true,"href":"https:\/\/www.visit-ulcinj.com\/blog\/wp-json\/wp\/v2\/categories?post=31580"},{"taxonomy":"post_tag","embeddable":true,"href":"https:\/\/www.visit-ulcinj.com\/blog\/wp-json\/wp\/v2\/tags?post=31580"}],"curies":[{"name":"wp","href":"https:\/\/api.w.org\/{rel}","templated":true}]}}