{"id":31597,"date":"2010-04-01T14:25:45","date_gmt":"2010-04-01T12:25:45","guid":{"rendered":"http:\/\/www.visit-ulcinj.com\/blog\/?p=31597"},"modified":"2010-04-01T14:25:45","modified_gmt":"2010-04-01T12:25:45","slug":"sot-kryetari-i-komunes-gezim-hajdinaga-priti-kleriket-e-ulqinit-prijem-vjerskih-predstavnika-kod-predsjednika-hajdinage","status":"publish","type":"post","link":"https:\/\/www.visit-ulcinj.com\/blog\/2010\/04\/01\/sot-kryetari-i-komunes-gezim-hajdinaga-priti-kleriket-e-ulqinit-prijem-vjerskih-predstavnika-kod-predsjednika-hajdinage\/","title":{"rendered":"Sot kryetari i komun\u00ebs G\u00ebzim Hajdinaga priti klerik\u00ebt e Ulqinit &#8211; Prijem vjerskih predstavnika kod predsjednika Hajdinage"},"content":{"rendered":"<p><strong><a href=\"http:\/\/www.visit-ulcinj.com\/blog\/wp-content\/uploads\/2010\/04\/Prijem-vjerskih-predstavnika-kod-predsjednika-Hajdinage.3.JPG\"><img loading=\"lazy\" class=\"alignleft size-full wp-image-31601\" title=\"Prijem vjerskih predstavnika kod predsjednika Hajdinage.3\" src=\"http:\/\/www.visit-ulcinj.com\/blog\/wp-content\/uploads\/2010\/04\/Prijem-vjerskih-predstavnika-kod-predsjednika-Hajdinage.3.JPG\" alt=\"Prijem vjerskih predstavnika kod predsjednika Hajdinage.3\" width=\"580\" height=\"400\" \/><\/a>Sot kryetari i komun\u00ebs G\u00ebzim Hajdinaga priti klerik\u00ebt e Ulqinit<br \/>\nPrijem vjerskih predstavnika kod predsjednika Hajdinage<\/strong><\/p>\n<p><strong>Municipality of Ulcinj \/ Ulqin<br \/>\nArsllan Hajdinaga<br \/>\n\n\t\t<style type=\"text\/css\">\n\t\t\t#gallery-1 {\n\t\t\t\tmargin: auto;\n\t\t\t}\n\t\t\t#gallery-1 .gallery-item {\n\t\t\t\tfloat: left;\n\t\t\t\tmargin-top: 10px;\n\t\t\t\ttext-align: center;\n\t\t\t\twidth: 33%;\n\t\t\t}\n\t\t\t#gallery-1 img {\n\t\t\t\tborder: 2px solid #cfcfcf;\n\t\t\t}\n\t\t\t#gallery-1 .gallery-caption {\n\t\t\t\tmargin-left: 0;\n\t\t\t}\n\t\t\t\/* see gallery_shortcode() in wp-includes\/media.php *\/\n\t\t<\/style>\n\t\t<div id='gallery-1' class='gallery galleryid-31597 gallery-columns-3 gallery-size-thumbnail'><dl class='gallery-item'>\n\t\t\t<dt class='gallery-icon landscape'>\n\t\t\t\t<a href='https:\/\/www.visit-ulcinj.com\/blog\/wp-content\/uploads\/2010\/04\/Prijem-vjerskih-predstavnika-kod-predsjednika-Hajdinage.JPG'><img width=\"150\" height=\"150\" src=\"https:\/\/www.visit-ulcinj.com\/blog\/wp-content\/uploads\/2010\/04\/Prijem-vjerskih-predstavnika-kod-predsjednika-Hajdinage-150x150.jpg\" class=\"attachment-thumbnail size-thumbnail\" alt=\"\" loading=\"lazy\" \/><\/a>\n\t\t\t<\/dt><\/dl><dl class='gallery-item'>\n\t\t\t<dt class='gallery-icon landscape'>\n\t\t\t\t<a href='https:\/\/www.visit-ulcinj.com\/blog\/wp-content\/uploads\/2010\/04\/Prijem-vjerskih-predstavnika-kod-predsjednika-Hajdinage.1.JPG'><img width=\"150\" height=\"150\" src=\"https:\/\/www.visit-ulcinj.com\/blog\/wp-content\/uploads\/2010\/04\/Prijem-vjerskih-predstavnika-kod-predsjednika-Hajdinage.1-150x150.jpg\" class=\"attachment-thumbnail size-thumbnail\" alt=\"\" loading=\"lazy\" \/><\/a>\n\t\t\t<\/dt><\/dl><dl class='gallery-item'>\n\t\t\t<dt class='gallery-icon landscape'>\n\t\t\t\t<a href='https:\/\/www.visit-ulcinj.com\/blog\/wp-content\/uploads\/2010\/04\/Prijem-vjerskih-predstavnika-kod-predsjednika-Hajdinage.2.JPG'><img width=\"150\" height=\"150\" src=\"https:\/\/www.visit-ulcinj.com\/blog\/wp-content\/uploads\/2010\/04\/Prijem-vjerskih-predstavnika-kod-predsjednika-Hajdinage.2-150x150.jpg\" class=\"attachment-thumbnail size-thumbnail\" alt=\"\" loading=\"lazy\" \/><\/a>\n\t\t\t<\/dt><\/dl><br style=\"clear: both\" \/><dl class='gallery-item'>\n\t\t\t<dt class='gallery-icon landscape'>\n\t\t\t\t<a href='https:\/\/www.visit-ulcinj.com\/blog\/wp-content\/uploads\/2010\/04\/Prijem-vjerskih-predstavnika-kod-predsjednika-Hajdinage.3.JPG'><img width=\"150\" height=\"150\" src=\"https:\/\/www.visit-ulcinj.com\/blog\/wp-content\/uploads\/2010\/04\/Prijem-vjerskih-predstavnika-kod-predsjednika-Hajdinage.3-150x150.jpg\" class=\"attachment-thumbnail size-thumbnail\" alt=\"\" loading=\"lazy\" \/><\/a>\n\t\t\t<\/dt><\/dl><dl class='gallery-item'>\n\t\t\t<dt class='gallery-icon landscape'>\n\t\t\t\t<a href='https:\/\/www.visit-ulcinj.com\/blog\/wp-content\/uploads\/2010\/04\/Prijem-vjerskih-predstavnika-kod-predsjednika-Hajdinage.4.JPG'><img width=\"150\" height=\"150\" src=\"https:\/\/www.visit-ulcinj.com\/blog\/wp-content\/uploads\/2010\/04\/Prijem-vjerskih-predstavnika-kod-predsjednika-Hajdinage.4-150x150.jpg\" class=\"attachment-thumbnail size-thumbnail\" alt=\"\" loading=\"lazy\" \/><\/a>\n\t\t\t<\/dt><\/dl><dl class='gallery-item'>\n\t\t\t<dt class='gallery-icon landscape'>\n\t\t\t\t<a href='https:\/\/www.visit-ulcinj.com\/blog\/wp-content\/uploads\/2010\/04\/Prijem-vjerskih-predstavnika-kod-predsjednika-Hajdinage.5.JPG'><img width=\"150\" height=\"150\" src=\"https:\/\/www.visit-ulcinj.com\/blog\/wp-content\/uploads\/2010\/04\/Prijem-vjerskih-predstavnika-kod-predsjednika-Hajdinage.5-150x150.jpg\" class=\"attachment-thumbnail size-thumbnail\" alt=\"\" loading=\"lazy\" \/><\/a>\n\t\t\t<\/dt><\/dl><br style=\"clear: both\" \/><dl class='gallery-item'>\n\t\t\t<dt class='gallery-icon landscape'>\n\t\t\t\t<a href='https:\/\/www.visit-ulcinj.com\/blog\/wp-content\/uploads\/2010\/04\/Prijem-vjerskih-predstavnika-kod-predsjednika-Hajdinage.6.JPG'><img width=\"150\" height=\"150\" src=\"https:\/\/www.visit-ulcinj.com\/blog\/wp-content\/uploads\/2010\/04\/Prijem-vjerskih-predstavnika-kod-predsjednika-Hajdinage.6-150x150.jpg\" class=\"attachment-thumbnail size-thumbnail\" alt=\"\" loading=\"lazy\" \/><\/a>\n\t\t\t<\/dt><\/dl><dl class='gallery-item'>\n\t\t\t<dt class='gallery-icon landscape'>\n\t\t\t\t<a href='https:\/\/www.visit-ulcinj.com\/blog\/wp-content\/uploads\/2010\/04\/Prijem-vjerskih-predstavnika-kod-predsjednika-Hajdinage.7.JPG'><img width=\"150\" height=\"150\" src=\"https:\/\/www.visit-ulcinj.com\/blog\/wp-content\/uploads\/2010\/04\/Prijem-vjerskih-predstavnika-kod-predsjednika-Hajdinage.7-150x150.jpg\" class=\"attachment-thumbnail size-thumbnail\" alt=\"\" loading=\"lazy\" \/><\/a>\n\t\t\t<\/dt><\/dl>\n\t\t\t<br style='clear: both' \/>\n\t\t<\/div>\n<\/p>\n<p><\/strong><\/p>\n","protected":false},"excerpt":{"rendered":"<p>Sot kryetari i komun\u00ebs G\u00ebzim Hajdinaga priti klerik\u00ebt e Ulqinit Prijem vjerskih predstavnika kod predsjednika Hajdinage Municipality of Ulcinj \/ Ulqin Arsllan Hajdinaga<\/p>\n","protected":false},"author":1,"featured_media":0,"comment_status":"open","ping_status":"closed","sticky":false,"template":"","format":"standard","meta":{"spay_email":"","jetpack_publicize_message":"","jetpack_is_tweetstorm":false,"jetpack_publicize_feature_enabled":true},"categories":[1],"tags":[9767,7358,222,13950,13951],"jetpack_publicize_connections":[],"yoast_head":"<!-- This site is optimized with the Yoast SEO plugin v19.1 - https:\/\/yoast.com\/wordpress\/plugins\/seo\/ -->\n<title>Sot kryetari i komun\u00ebs G\u00ebzim Hajdinaga priti klerik\u00ebt e Ulqinit - Prijem vjerskih predstavnika kod predsjednika Hajdinage - Lajme nga Ulqini<\/title>\n<meta name=\"description\" content=\"Sot kryetari i komun\u00ebs G\u00ebzim Hajdinaga priti klerik\u00ebt e Ulqinit Prijem vjerskih predstavnika kod predsjednika Hajdinage Municipality of Ulcinj \/ Ulqin\" \/>\n<meta name=\"robots\" content=\"index, follow, max-snippet:-1, max-image-preview:large, max-video-preview:-1\" \/>\n<link rel=\"canonical\" href=\"https:\/\/www.visit-ulcinj.com\/blog\/2010\/04\/01\/sot-kryetari-i-komunes-gezim-hajdinaga-priti-kleriket-e-ulqinit-prijem-vjerskih-predstavnika-kod-predsjednika-hajdinage\/\" \/>\n<meta property=\"og:locale\" content=\"en_US\" \/>\n<meta property=\"og:type\" content=\"article\" \/>\n<meta property=\"og:title\" content=\"Sot kryetari i komun\u00ebs G\u00ebzim Hajdinaga priti klerik\u00ebt e Ulqinit - Prijem vjerskih predstavnika kod predsjednika Hajdinage - Lajme nga Ulqini\" \/>\n<meta property=\"og:description\" content=\"Sot kryetari i komun\u00ebs G\u00ebzim Hajdinaga priti klerik\u00ebt e Ulqinit Prijem vjerskih predstavnika kod predsjednika Hajdinage Municipality of Ulcinj \/ Ulqin\" \/>\n<meta property=\"og:url\" content=\"https:\/\/www.visit-ulcinj.com\/blog\/2010\/04\/01\/sot-kryetari-i-komunes-gezim-hajdinaga-priti-kleriket-e-ulqinit-prijem-vjerskih-predstavnika-kod-predsjednika-hajdinage\/\" \/>\n<meta property=\"og:site_name\" content=\"Lajme nga Ulqini\" \/>\n<meta property=\"article:published_time\" content=\"2010-04-01T12:25:45+00:00\" \/>\n<meta property=\"og:image\" content=\"https:\/\/www.visit-ulcinj.com\/blog\/wp-content\/uploads\/2010\/04\/Prijem-vjerskih-predstavnika-kod-predsjednika-Hajdinage-150x150.jpg\" \/>\n<meta name=\"twitter:label1\" content=\"Written by\" \/>\n\t<meta name=\"twitter:data1\" content=\"ulqini\" \/>\n<script type=\"application\/ld+json\" class=\"yoast-schema-graph\">{\"@context\":\"https:\/\/schema.org\",\"@graph\":[{\"@type\":\"WebSite\",\"@id\":\"https:\/\/www.visit-ulcinj.com\/blog\/#website\",\"url\":\"https:\/\/www.visit-ulcinj.com\/blog\/\",\"name\":\"Lajme nga Ulqini\",\"description\":\"Lajme,Vijesti,Ulqini,Ulqin,Crna Gora,Mali i Zi\",\"potentialAction\":[{\"@type\":\"SearchAction\",\"target\":{\"@type\":\"EntryPoint\",\"urlTemplate\":\"https:\/\/www.visit-ulcinj.com\/blog\/?s={search_term_string}\"},\"query-input\":\"required name=search_term_string\"}],\"inLanguage\":\"en-US\"},{\"@type\":\"ImageObject\",\"inLanguage\":\"en-US\",\"@id\":\"https:\/\/www.visit-ulcinj.com\/blog\/2010\/04\/01\/sot-kryetari-i-komunes-gezim-hajdinaga-priti-kleriket-e-ulqinit-prijem-vjerskih-predstavnika-kod-predsjednika-hajdinage\/#primaryimage\",\"url\":\"https:\/\/www.visit-ulcinj.com\/blog\/wp-content\/uploads\/2010\/04\/Prijem-vjerskih-predstavnika-kod-predsjednika-Hajdinage.3.JPG\",\"contentUrl\":\"https:\/\/www.visit-ulcinj.com\/blog\/wp-content\/uploads\/2010\/04\/Prijem-vjerskih-predstavnika-kod-predsjednika-Hajdinage.3.JPG\",\"width\":\"800\",\"height\":\"533\"},{\"@type\":\"WebPage\",\"@id\":\"https:\/\/www.visit-ulcinj.com\/blog\/2010\/04\/01\/sot-kryetari-i-komunes-gezim-hajdinaga-priti-kleriket-e-ulqinit-prijem-vjerskih-predstavnika-kod-predsjednika-hajdinage\/#webpage\",\"url\":\"https:\/\/www.visit-ulcinj.com\/blog\/2010\/04\/01\/sot-kryetari-i-komunes-gezim-hajdinaga-priti-kleriket-e-ulqinit-prijem-vjerskih-predstavnika-kod-predsjednika-hajdinage\/\",\"name\":\"Sot kryetari i komun\u00ebs G\u00ebzim Hajdinaga priti klerik\u00ebt e Ulqinit - Prijem vjerskih predstavnika kod predsjednika Hajdinage - Lajme nga Ulqini\",\"isPartOf\":{\"@id\":\"https:\/\/www.visit-ulcinj.com\/blog\/#website\"},\"primaryImageOfPage\":{\"@id\":\"https:\/\/www.visit-ulcinj.com\/blog\/2010\/04\/01\/sot-kryetari-i-komunes-gezim-hajdinaga-priti-kleriket-e-ulqinit-prijem-vjerskih-predstavnika-kod-predsjednika-hajdinage\/#primaryimage\"},\"datePublished\":\"2010-04-01T12:25:45+00:00\",\"dateModified\":\"2010-04-01T12:25:45+00:00\",\"author\":{\"@id\":\"https:\/\/www.visit-ulcinj.com\/blog\/#\/schema\/person\/dcab619c614d3038751c63bc2aadc06d\"},\"description\":\"Sot kryetari i komun\u00ebs G\u00ebzim Hajdinaga priti klerik\u00ebt e Ulqinit Prijem vjerskih predstavnika kod predsjednika Hajdinage Municipality of Ulcinj \/ Ulqin\",\"breadcrumb\":{\"@id\":\"https:\/\/www.visit-ulcinj.com\/blog\/2010\/04\/01\/sot-kryetari-i-komunes-gezim-hajdinaga-priti-kleriket-e-ulqinit-prijem-vjerskih-predstavnika-kod-predsjednika-hajdinage\/#breadcrumb\"},\"inLanguage\":\"en-US\",\"potentialAction\":[{\"@type\":\"ReadAction\",\"target\":[\"https:\/\/www.visit-ulcinj.com\/blog\/2010\/04\/01\/sot-kryetari-i-komunes-gezim-hajdinaga-priti-kleriket-e-ulqinit-prijem-vjerskih-predstavnika-kod-predsjednika-hajdinage\/\"]}]},{\"@type\":\"BreadcrumbList\",\"@id\":\"https:\/\/www.visit-ulcinj.com\/blog\/2010\/04\/01\/sot-kryetari-i-komunes-gezim-hajdinaga-priti-kleriket-e-ulqinit-prijem-vjerskih-predstavnika-kod-predsjednika-hajdinage\/#breadcrumb\",\"itemListElement\":[{\"@type\":\"ListItem\",\"position\":1,\"name\":\"Sot kryetari i komun\u00ebs G\u00ebzim Hajdinaga priti klerik\u00ebt e Ulqinit &#8211; Prijem vjerskih predstavnika kod predsjednika Hajdinage\"}]},{\"@type\":\"Person\",\"@id\":\"https:\/\/www.visit-ulcinj.com\/blog\/#\/schema\/person\/dcab619c614d3038751c63bc2aadc06d\",\"name\":\"ulqini\",\"sameAs\":[\"http:\/\/www.visit-ulcinj.com\"],\"url\":\"https:\/\/www.visit-ulcinj.com\/blog\/author\/admin\/\"}]}<\/script>\n<!-- \/ Yoast SEO plugin. -->","yoast_head_json":{"title":"Sot kryetari i komun\u00ebs G\u00ebzim Hajdinaga priti klerik\u00ebt e Ulqinit - Prijem vjerskih predstavnika kod predsjednika Hajdinage - Lajme nga Ulqini","description":"Sot kryetari i komun\u00ebs G\u00ebzim Hajdinaga priti klerik\u00ebt e Ulqinit Prijem vjerskih predstavnika kod predsjednika Hajdinage Municipality of Ulcinj \/ Ulqin","robots":{"index":"index","follow":"follow","max-snippet":"max-snippet:-1","max-image-preview":"max-image-preview:large","max-video-preview":"max-video-preview:-1"},"canonical":"https:\/\/www.visit-ulcinj.com\/blog\/2010\/04\/01\/sot-kryetari-i-komunes-gezim-hajdinaga-priti-kleriket-e-ulqinit-prijem-vjerskih-predstavnika-kod-predsjednika-hajdinage\/","og_locale":"en_US","og_type":"article","og_title":"Sot kryetari i komun\u00ebs G\u00ebzim Hajdinaga priti klerik\u00ebt e Ulqinit - Prijem vjerskih predstavnika kod predsjednika Hajdinage - Lajme nga Ulqini","og_description":"Sot kryetari i komun\u00ebs G\u00ebzim Hajdinaga priti klerik\u00ebt e Ulqinit Prijem vjerskih predstavnika kod predsjednika Hajdinage Municipality of Ulcinj \/ Ulqin","og_url":"https:\/\/www.visit-ulcinj.com\/blog\/2010\/04\/01\/sot-kryetari-i-komunes-gezim-hajdinaga-priti-kleriket-e-ulqinit-prijem-vjerskih-predstavnika-kod-predsjednika-hajdinage\/","og_site_name":"Lajme nga Ulqini","article_published_time":"2010-04-01T12:25:45+00:00","og_image":[{"url":"https:\/\/www.visit-ulcinj.com\/blog\/wp-content\/uploads\/2010\/04\/Prijem-vjerskih-predstavnika-kod-predsjednika-Hajdinage-150x150.jpg"}],"twitter_misc":{"Written by":"ulqini"},"schema":{"@context":"https:\/\/schema.org","@graph":[{"@type":"WebSite","@id":"https:\/\/www.visit-ulcinj.com\/blog\/#website","url":"https:\/\/www.visit-ulcinj.com\/blog\/","name":"Lajme nga Ulqini","description":"Lajme,Vijesti,Ulqini,Ulqin,Crna Gora,Mali i Zi","potentialAction":[{"@type":"SearchAction","target":{"@type":"EntryPoint","urlTemplate":"https:\/\/www.visit-ulcinj.com\/blog\/?s={search_term_string}"},"query-input":"required name=search_term_string"}],"inLanguage":"en-US"},{"@type":"ImageObject","inLanguage":"en-US","@id":"https:\/\/www.visit-ulcinj.com\/blog\/2010\/04\/01\/sot-kryetari-i-komunes-gezim-hajdinaga-priti-kleriket-e-ulqinit-prijem-vjerskih-predstavnika-kod-predsjednika-hajdinage\/#primaryimage","url":"https:\/\/www.visit-ulcinj.com\/blog\/wp-content\/uploads\/2010\/04\/Prijem-vjerskih-predstavnika-kod-predsjednika-Hajdinage.3.JPG","contentUrl":"https:\/\/www.visit-ulcinj.com\/blog\/wp-content\/uploads\/2010\/04\/Prijem-vjerskih-predstavnika-kod-predsjednika-Hajdinage.3.JPG","width":"800","height":"533"},{"@type":"WebPage","@id":"https:\/\/www.visit-ulcinj.com\/blog\/2010\/04\/01\/sot-kryetari-i-komunes-gezim-hajdinaga-priti-kleriket-e-ulqinit-prijem-vjerskih-predstavnika-kod-predsjednika-hajdinage\/#webpage","url":"https:\/\/www.visit-ulcinj.com\/blog\/2010\/04\/01\/sot-kryetari-i-komunes-gezim-hajdinaga-priti-kleriket-e-ulqinit-prijem-vjerskih-predstavnika-kod-predsjednika-hajdinage\/","name":"Sot kryetari i komun\u00ebs G\u00ebzim Hajdinaga priti klerik\u00ebt e Ulqinit - Prijem vjerskih predstavnika kod predsjednika Hajdinage - Lajme nga Ulqini","isPartOf":{"@id":"https:\/\/www.visit-ulcinj.com\/blog\/#website"},"primaryImageOfPage":{"@id":"https:\/\/www.visit-ulcinj.com\/blog\/2010\/04\/01\/sot-kryetari-i-komunes-gezim-hajdinaga-priti-kleriket-e-ulqinit-prijem-vjerskih-predstavnika-kod-predsjednika-hajdinage\/#primaryimage"},"datePublished":"2010-04-01T12:25:45+00:00","dateModified":"2010-04-01T12:25:45+00:00","author":{"@id":"https:\/\/www.visit-ulcinj.com\/blog\/#\/schema\/person\/dcab619c614d3038751c63bc2aadc06d"},"description":"Sot kryetari i komun\u00ebs G\u00ebzim Hajdinaga priti klerik\u00ebt e Ulqinit Prijem vjerskih predstavnika kod predsjednika Hajdinage Municipality of Ulcinj \/ Ulqin","breadcrumb":{"@id":"https:\/\/www.visit-ulcinj.com\/blog\/2010\/04\/01\/sot-kryetari-i-komunes-gezim-hajdinaga-priti-kleriket-e-ulqinit-prijem-vjerskih-predstavnika-kod-predsjednika-hajdinage\/#breadcrumb"},"inLanguage":"en-US","potentialAction":[{"@type":"ReadAction","target":["https:\/\/www.visit-ulcinj.com\/blog\/2010\/04\/01\/sot-kryetari-i-komunes-gezim-hajdinaga-priti-kleriket-e-ulqinit-prijem-vjerskih-predstavnika-kod-predsjednika-hajdinage\/"]}]},{"@type":"BreadcrumbList","@id":"https:\/\/www.visit-ulcinj.com\/blog\/2010\/04\/01\/sot-kryetari-i-komunes-gezim-hajdinaga-priti-kleriket-e-ulqinit-prijem-vjerskih-predstavnika-kod-predsjednika-hajdinage\/#breadcrumb","itemListElement":[{"@type":"ListItem","position":1,"name":"Sot kryetari i komun\u00ebs G\u00ebzim Hajdinaga priti klerik\u00ebt e Ulqinit &#8211; Prijem vjerskih predstavnika kod predsjednika Hajdinage"}]},{"@type":"Person","@id":"https:\/\/www.visit-ulcinj.com\/blog\/#\/schema\/person\/dcab619c614d3038751c63bc2aadc06d","name":"ulqini","sameAs":["http:\/\/www.visit-ulcinj.com"],"url":"https:\/\/www.visit-ulcinj.com\/blog\/author\/admin\/"}]}},"jetpack_featured_media_url":"","jetpack_sharing_enabled":true,"jetpack_shortlink":"https:\/\/wp.me\/pe6lTn-8dD","_links":{"self":[{"href":"https:\/\/www.visit-ulcinj.com\/blog\/wp-json\/wp\/v2\/posts\/31597"}],"collection":[{"href":"https:\/\/www.visit-ulcinj.com\/blog\/wp-json\/wp\/v2\/posts"}],"about":[{"href":"https:\/\/www.visit-ulcinj.com\/blog\/wp-json\/wp\/v2\/types\/post"}],"author":[{"embeddable":true,"href":"https:\/\/www.visit-ulcinj.com\/blog\/wp-json\/wp\/v2\/users\/1"}],"replies":[{"embeddable":true,"href":"https:\/\/www.visit-ulcinj.com\/blog\/wp-json\/wp\/v2\/comments?post=31597"}],"version-history":[{"count":0,"href":"https:\/\/www.visit-ulcinj.com\/blog\/wp-json\/wp\/v2\/posts\/31597\/revisions"}],"wp:attachment":[{"href":"https:\/\/www.visit-ulcinj.com\/blog\/wp-json\/wp\/v2\/media?parent=31597"}],"wp:term":[{"taxonomy":"category","embeddable":true,"href":"https:\/\/www.visit-ulcinj.com\/blog\/wp-json\/wp\/v2\/categories?post=31597"},{"taxonomy":"post_tag","embeddable":true,"href":"https:\/\/www.visit-ulcinj.com\/blog\/wp-json\/wp\/v2\/tags?post=31597"}],"curies":[{"name":"wp","href":"https:\/\/api.w.org\/{rel}","templated":true}]}}