{"id":316,"date":"2008-01-28T14:55:34","date_gmt":"2008-01-28T19:55:34","guid":{"rendered":"http:\/\/www.visit-ulcinj.com\/blog\/2008\/01\/28\/kosova-ne-fazen-perfundimtare\/"},"modified":"2008-02-12T20:03:32","modified_gmt":"2008-02-13T01:03:32","slug":"kosova-ne-fazen-perfundimtare","status":"publish","type":"post","link":"https:\/\/www.visit-ulcinj.com\/blog\/2008\/01\/28\/kosova-ne-fazen-perfundimtare\/","title":{"rendered":"Kosova n\u00eb faz\u00ebn p\u00ebrfundimtare"},"content":{"rendered":"<p><a href=\"http:\/\/www.visit-ulcinj.com\/blog\/2008\/01\/28\/kosova-ne-fazen-perfundimtare\/le-premier-ministre-kosovar-hashim-thaci-solana\/\" rel=\"attachment wp-att-318\" title=\"Le Premier ministre kosovar Hashim Tha\u00e7i -Solana\"><\/a><strong><font face=\"Arial, Helvetica, sans-serif\" size=\"4\"><font color=\"#800000\"><a href=\"http:\/\/www.kohajavore.cg.yu\/index.phtml?akcija=vijest&amp;id=6748\"><img loading=\"lazy\" src=\"http:\/\/www.visit-ulcinj.com\/blog\/wp-content\/uploads\/2008\/01\/le-premier-ministre-kosovar-hashim-thaci-solana.thumbnail.jpg\" align=\"left\" border=\"0\" height=\"110\" hspace=\"4\" vspace=\"4\" width=\"128\" \/>A \u00ebsht\u00eb af\u00ebr pavar\u00ebsia?<\/a><\/font><\/font><\/strong><br \/>\nMbetet t\u00eb shihet se \u00e7far\u00eb do t\u00eb b\u00ebhet m\u00eb 28 shkurtin. Duke e pasur parasysh p\u00ebrvoj\u00ebn e deritashme kur \u00ebsht\u00eb b\u00ebr\u00eb shtyrja e shpalljes s\u00eb pavar\u00ebsis\u00eb, duke filluar nga fundi i vitit 2006, kur kjo u b\u00eb p\u00ebr shkak t\u00eb zgjedhjeve parlamentare n\u00eb Serbi, e p\u00ebrmes shpalljes s\u00eb pritur n\u00eb ver\u00eb t\u00eb vitit 2007, pastaj, shpalljes s\u00eb premtuar nga vet\u00eb krer\u00ebt e Kosov\u00ebs p\u00ebr dat\u00ebn e 28 N\u00ebntorit<!--more--> (q\u00eb shkoi), ndoshta edhe k\u00ebt\u00eb her\u00eb jemi duke shpresuar kot se m\u00eb n\u00eb fund do t\u00eb jemi m\u00eb af\u00ebr pavar\u00ebsis\u00eb, sepse askush nuk \u00ebsht\u00eb aq naiv q\u00eb t\u00eb mendoj\u00eb se shpalljet e pavar\u00ebsive b\u00ebhen n\u00eb moment, si n\u00eb shkopin magjik.M\u00eb n\u00eb fund, Kosova gjendet n\u00eb faz\u00ebn p\u00ebrfundimtare para shpalljes s\u00eb pavar\u00ebsis\u00eb. M\u00eb 28 janar, K\u00ebshilli i Bashkimit Europian do t\u00eb vendos\u00eb n\u00eb Bruksel mbi d\u00ebrgimin e misionit civil t\u00eb BE n\u00eb Kosov\u00eb. Ky mision do t\u00eb angazhohej n\u00eb \u00e7\u00ebshtjet e siguris\u00eb dhe jurisprudenc\u00ebs. N\u00eb k\u00ebt\u00eb m\u00ebnyr\u00eb do t\u00eb fillonte t\u00eb zbatohet plani i Ahtisarit mbi pavar\u00ebsin\u00eb e mbik\u00ebqyrur t\u00eb Kosov\u00ebs.<\/p>\n<p>Kryeministri i Kosov\u00ebs do ta vizitoj\u00eb Brukselin m\u00eb 23 dhe 24 janar, shkruante jav\u00ebn e kaluar &#8220;Koha Ditore&#8221;. Kjo vizit\u00eb \u00ebsht\u00eb e lidhur me shpalljen e pavar\u00ebsis\u00eb s\u00eb Kosov\u00ebs, e cila do t\u00eb shpallet, si\u00e7 deklaroi Tha\u00e7i, n\u00eb kordinim me Bashkimin Eurpian dhe SHBA-n\u00eb. Koh\u00eb m\u00eb par\u00eb, kancelarja gjermane Angela Merkel dhe presidenti i SHBA-s\u00eb, George Bush, n\u00eb bised\u00eb telefonike jan\u00eb dakorduar q\u00eb duhet pranuar pavar\u00ebsin\u00eb e Kosov\u00ebs dhe i kan\u00eb thirr\u00eb vendet e tjera q\u00eb edhe ato ta b\u00ebjn\u00eb k\u00ebt\u00eb. Nj\u00ebkoh\u00ebsisht, Serbia e ka v\u00ebn\u00eb parafin e n\u00ebnshkrimit n\u00eb Marr\u00ebveshjen mbi asocimin me BE, nj\u00ebkoh\u00ebsisht duke e kusht\u00ebzuar n\u00ebnshkrimin e ardhsh\u00ebm me ter\u00ebsin\u00eb territoriale&#8221;, pra, me Kosov\u00ebn n\u00eb kuadrin e saj.<br \/>\nMbetet t\u00eb shihet se \u00e7far\u00eb do t\u00eb b\u00ebhet m\u00eb 28 shkurtin. Duke e pasur parasysh p\u00ebrvoj\u00ebn e deritashme kur \u00ebsht\u00eb b\u00ebr\u00eb shtyrja e shpalljes s\u00eb pavar\u00ebsis\u00eb, duke filluar nga fundi i vitit 2006, kur kjo u b\u00eb p\u00ebr shkak t\u00eb zgjedhjeve parlamentare n\u00eb Serbi, e p\u00ebrmes shpalljes s\u00eb pritur n\u00eb ver\u00eb t\u00eb vitit 2007, pastaj, shpalljes s\u00eb premtuar nga vet\u00eb krer\u00ebt e Kosov\u00ebs p\u00ebr dat\u00ebn e 28 N\u00ebntorit (q\u00eb shkoi), ndoshta edhe k\u00ebt\u00eb her\u00eb jemi duke shpresuar kot se m\u00eb n\u00eb fund do t\u00eb jemi m\u00eb af\u00ebr pavar\u00ebsis\u00eb, sepse askush nuk \u00ebsht\u00eb aq naiv q\u00eb t\u00eb mendoj\u00eb se shpalljet e pavar\u00ebsive b\u00ebhen n\u00eb moment, si n\u00eb shkopin magjik.<br \/>\nKjo ndodh n\u00eb filma p\u00ebr f\u00ebmij\u00eb, por, jo edhe n\u00eb jet\u00ebn reale. K\u00ebto dit\u00eb, krer\u00ebt e Kosov\u00ebs, Sejdiu dhe Krasniqi, deklaruan se po b\u00ebhen p\u00ebrgatitjet p\u00ebr shpalljen e shpejt\u00eb t\u00eb pavar\u00ebsis\u00eb. T\u00eb mart\u00ebn q\u00eb shkoi, Angela Merkel deklaroi p\u00ebrs\u00ebri se Kosova duhet t\u00eb jet\u00eb e pavarur sa m\u00eb shpejt n\u00eb m\u00ebnyr\u00eb q\u00eb statusi i zgjidhur i Kosov\u00ebs t\u00eb ndikoj\u00eb n\u00eb stabilizimin e gjindjes n\u00eb t\u00ebr\u00eb Ballkanin.<br \/>\nMbetet t\u00eb shpresojm\u00eb se, rezultatet e zgjedhjeve n\u00eb Serbi, ku n\u00eb rrethin e par\u00eb fitoi kandidati ultranacionalist, nuk do t\u00eb jet\u00eb pretekst p\u00ebr shtyrjen e zgjidhjes s\u00eb statusit p\u00ebrfundimtar t\u00eb Kosov\u00ebs.<br \/>\nXhoana M. Perkaj<img loading=\"lazy\" src=\"http:\/\/www.kohajavore.cg.yu\/koha.jpg\" align=\"right\" height=\"37\" hspace=\"1\" vspace=\"1\" width=\"154\" \/><\/p>\n","protected":false},"excerpt":{"rendered":"<p><img loading=\"lazy\" src=\"http:\/\/www.visit-ulcinj.com\/blog\/wp-content\/uploads\/2008\/01\/le-premier-ministre-kosovar-hashim-thaci-solana.thumbnail.jpg\"  height=\"140\" width=\"140\" \/><\/p>\n","protected":false},"author":1,"featured_media":0,"comment_status":"open","ping_status":"closed","sticky":false,"template":"","format":"standard","meta":{"spay_email":"","jetpack_publicize_message":"","jetpack_is_tweetstorm":false,"jetpack_publicize_feature_enabled":true},"categories":[14],"tags":[],"jetpack_publicize_connections":[],"yoast_head":"<!-- This site is optimized with the Yoast SEO plugin v19.1 - https:\/\/yoast.com\/wordpress\/plugins\/seo\/ -->\n<title>Kosova n\u00eb faz\u00ebn p\u00ebrfundimtare - Lajme nga Ulqini<\/title>\n<meta name=\"robots\" content=\"index, follow, max-snippet:-1, max-image-preview:large, max-video-preview:-1\" \/>\n<link rel=\"canonical\" href=\"https:\/\/www.visit-ulcinj.com\/blog\/2008\/01\/28\/kosova-ne-fazen-perfundimtare\/\" \/>\n<meta property=\"og:locale\" content=\"en_US\" \/>\n<meta property=\"og:type\" content=\"article\" \/>\n<meta property=\"og:title\" content=\"Kosova n\u00eb faz\u00ebn p\u00ebrfundimtare - Lajme nga Ulqini\" \/>\n<meta property=\"og:url\" content=\"https:\/\/www.visit-ulcinj.com\/blog\/2008\/01\/28\/kosova-ne-fazen-perfundimtare\/\" \/>\n<meta property=\"og:site_name\" content=\"Lajme nga Ulqini\" \/>\n<meta property=\"article:published_time\" content=\"2008-01-28T19:55:34+00:00\" \/>\n<meta property=\"article:modified_time\" content=\"2008-02-13T01:03:32+00:00\" \/>\n<meta property=\"og:image\" content=\"http:\/\/www.visit-ulcinj.com\/blog\/wp-content\/uploads\/2008\/01\/le-premier-ministre-kosovar-hashim-thaci-solana.thumbnail.jpg\" \/>\n<meta name=\"twitter:label1\" content=\"Written by\" \/>\n\t<meta name=\"twitter:data1\" content=\"ulqini\" \/>\n\t<meta name=\"twitter:label2\" content=\"Est. reading time\" \/>\n\t<meta name=\"twitter:data2\" content=\"3 minutes\" \/>\n<script type=\"application\/ld+json\" class=\"yoast-schema-graph\">{\"@context\":\"https:\/\/schema.org\",\"@graph\":[{\"@type\":\"WebSite\",\"@id\":\"https:\/\/www.visit-ulcinj.com\/blog\/#website\",\"url\":\"https:\/\/www.visit-ulcinj.com\/blog\/\",\"name\":\"Lajme nga Ulqini\",\"description\":\"Lajme,Vijesti,Ulqini,Ulqin,Crna Gora,Mali i Zi\",\"potentialAction\":[{\"@type\":\"SearchAction\",\"target\":{\"@type\":\"EntryPoint\",\"urlTemplate\":\"https:\/\/www.visit-ulcinj.com\/blog\/?s={search_term_string}\"},\"query-input\":\"required name=search_term_string\"}],\"inLanguage\":\"en-US\"},{\"@type\":\"ImageObject\",\"inLanguage\":\"en-US\",\"@id\":\"https:\/\/www.visit-ulcinj.com\/blog\/2008\/01\/28\/kosova-ne-fazen-perfundimtare\/#primaryimage\",\"url\":\"http:\/\/www.visit-ulcinj.com\/blog\/wp-content\/uploads\/2008\/01\/le-premier-ministre-kosovar-hashim-thaci-solana.thumbnail.jpg\",\"contentUrl\":\"http:\/\/www.visit-ulcinj.com\/blog\/wp-content\/uploads\/2008\/01\/le-premier-ministre-kosovar-hashim-thaci-solana.thumbnail.jpg\"},{\"@type\":\"WebPage\",\"@id\":\"https:\/\/www.visit-ulcinj.com\/blog\/2008\/01\/28\/kosova-ne-fazen-perfundimtare\/#webpage\",\"url\":\"https:\/\/www.visit-ulcinj.com\/blog\/2008\/01\/28\/kosova-ne-fazen-perfundimtare\/\",\"name\":\"Kosova n\u00eb faz\u00ebn p\u00ebrfundimtare - Lajme nga Ulqini\",\"isPartOf\":{\"@id\":\"https:\/\/www.visit-ulcinj.com\/blog\/#website\"},\"primaryImageOfPage\":{\"@id\":\"https:\/\/www.visit-ulcinj.com\/blog\/2008\/01\/28\/kosova-ne-fazen-perfundimtare\/#primaryimage\"},\"datePublished\":\"2008-01-28T19:55:34+00:00\",\"dateModified\":\"2008-02-13T01:03:32+00:00\",\"author\":{\"@id\":\"https:\/\/www.visit-ulcinj.com\/blog\/#\/schema\/person\/dcab619c614d3038751c63bc2aadc06d\"},\"breadcrumb\":{\"@id\":\"https:\/\/www.visit-ulcinj.com\/blog\/2008\/01\/28\/kosova-ne-fazen-perfundimtare\/#breadcrumb\"},\"inLanguage\":\"en-US\",\"potentialAction\":[{\"@type\":\"ReadAction\",\"target\":[\"https:\/\/www.visit-ulcinj.com\/blog\/2008\/01\/28\/kosova-ne-fazen-perfundimtare\/\"]}]},{\"@type\":\"BreadcrumbList\",\"@id\":\"https:\/\/www.visit-ulcinj.com\/blog\/2008\/01\/28\/kosova-ne-fazen-perfundimtare\/#breadcrumb\",\"itemListElement\":[{\"@type\":\"ListItem\",\"position\":1,\"name\":\"Kosova n\u00eb faz\u00ebn p\u00ebrfundimtare\"}]},{\"@type\":\"Person\",\"@id\":\"https:\/\/www.visit-ulcinj.com\/blog\/#\/schema\/person\/dcab619c614d3038751c63bc2aadc06d\",\"name\":\"ulqini\",\"sameAs\":[\"http:\/\/www.visit-ulcinj.com\"],\"url\":\"https:\/\/www.visit-ulcinj.com\/blog\/author\/admin\/\"}]}<\/script>\n<!-- \/ Yoast SEO plugin. -->","yoast_head_json":{"title":"Kosova n\u00eb faz\u00ebn p\u00ebrfundimtare - Lajme nga Ulqini","robots":{"index":"index","follow":"follow","max-snippet":"max-snippet:-1","max-image-preview":"max-image-preview:large","max-video-preview":"max-video-preview:-1"},"canonical":"https:\/\/www.visit-ulcinj.com\/blog\/2008\/01\/28\/kosova-ne-fazen-perfundimtare\/","og_locale":"en_US","og_type":"article","og_title":"Kosova n\u00eb faz\u00ebn p\u00ebrfundimtare - Lajme nga Ulqini","og_url":"https:\/\/www.visit-ulcinj.com\/blog\/2008\/01\/28\/kosova-ne-fazen-perfundimtare\/","og_site_name":"Lajme nga Ulqini","article_published_time":"2008-01-28T19:55:34+00:00","article_modified_time":"2008-02-13T01:03:32+00:00","og_image":[{"url":"http:\/\/www.visit-ulcinj.com\/blog\/wp-content\/uploads\/2008\/01\/le-premier-ministre-kosovar-hashim-thaci-solana.thumbnail.jpg"}],"twitter_misc":{"Written by":"ulqini","Est. reading time":"3 minutes"},"schema":{"@context":"https:\/\/schema.org","@graph":[{"@type":"WebSite","@id":"https:\/\/www.visit-ulcinj.com\/blog\/#website","url":"https:\/\/www.visit-ulcinj.com\/blog\/","name":"Lajme nga Ulqini","description":"Lajme,Vijesti,Ulqini,Ulqin,Crna Gora,Mali i Zi","potentialAction":[{"@type":"SearchAction","target":{"@type":"EntryPoint","urlTemplate":"https:\/\/www.visit-ulcinj.com\/blog\/?s={search_term_string}"},"query-input":"required name=search_term_string"}],"inLanguage":"en-US"},{"@type":"ImageObject","inLanguage":"en-US","@id":"https:\/\/www.visit-ulcinj.com\/blog\/2008\/01\/28\/kosova-ne-fazen-perfundimtare\/#primaryimage","url":"http:\/\/www.visit-ulcinj.com\/blog\/wp-content\/uploads\/2008\/01\/le-premier-ministre-kosovar-hashim-thaci-solana.thumbnail.jpg","contentUrl":"http:\/\/www.visit-ulcinj.com\/blog\/wp-content\/uploads\/2008\/01\/le-premier-ministre-kosovar-hashim-thaci-solana.thumbnail.jpg"},{"@type":"WebPage","@id":"https:\/\/www.visit-ulcinj.com\/blog\/2008\/01\/28\/kosova-ne-fazen-perfundimtare\/#webpage","url":"https:\/\/www.visit-ulcinj.com\/blog\/2008\/01\/28\/kosova-ne-fazen-perfundimtare\/","name":"Kosova n\u00eb faz\u00ebn p\u00ebrfundimtare - Lajme nga Ulqini","isPartOf":{"@id":"https:\/\/www.visit-ulcinj.com\/blog\/#website"},"primaryImageOfPage":{"@id":"https:\/\/www.visit-ulcinj.com\/blog\/2008\/01\/28\/kosova-ne-fazen-perfundimtare\/#primaryimage"},"datePublished":"2008-01-28T19:55:34+00:00","dateModified":"2008-02-13T01:03:32+00:00","author":{"@id":"https:\/\/www.visit-ulcinj.com\/blog\/#\/schema\/person\/dcab619c614d3038751c63bc2aadc06d"},"breadcrumb":{"@id":"https:\/\/www.visit-ulcinj.com\/blog\/2008\/01\/28\/kosova-ne-fazen-perfundimtare\/#breadcrumb"},"inLanguage":"en-US","potentialAction":[{"@type":"ReadAction","target":["https:\/\/www.visit-ulcinj.com\/blog\/2008\/01\/28\/kosova-ne-fazen-perfundimtare\/"]}]},{"@type":"BreadcrumbList","@id":"https:\/\/www.visit-ulcinj.com\/blog\/2008\/01\/28\/kosova-ne-fazen-perfundimtare\/#breadcrumb","itemListElement":[{"@type":"ListItem","position":1,"name":"Kosova n\u00eb faz\u00ebn p\u00ebrfundimtare"}]},{"@type":"Person","@id":"https:\/\/www.visit-ulcinj.com\/blog\/#\/schema\/person\/dcab619c614d3038751c63bc2aadc06d","name":"ulqini","sameAs":["http:\/\/www.visit-ulcinj.com"],"url":"https:\/\/www.visit-ulcinj.com\/blog\/author\/admin\/"}]}},"jetpack_featured_media_url":"","jetpack_sharing_enabled":true,"jetpack_shortlink":"https:\/\/wp.me\/pe6lTn-56","_links":{"self":[{"href":"https:\/\/www.visit-ulcinj.com\/blog\/wp-json\/wp\/v2\/posts\/316"}],"collection":[{"href":"https:\/\/www.visit-ulcinj.com\/blog\/wp-json\/wp\/v2\/posts"}],"about":[{"href":"https:\/\/www.visit-ulcinj.com\/blog\/wp-json\/wp\/v2\/types\/post"}],"author":[{"embeddable":true,"href":"https:\/\/www.visit-ulcinj.com\/blog\/wp-json\/wp\/v2\/users\/1"}],"replies":[{"embeddable":true,"href":"https:\/\/www.visit-ulcinj.com\/blog\/wp-json\/wp\/v2\/comments?post=316"}],"version-history":[{"count":0,"href":"https:\/\/www.visit-ulcinj.com\/blog\/wp-json\/wp\/v2\/posts\/316\/revisions"}],"wp:attachment":[{"href":"https:\/\/www.visit-ulcinj.com\/blog\/wp-json\/wp\/v2\/media?parent=316"}],"wp:term":[{"taxonomy":"category","embeddable":true,"href":"https:\/\/www.visit-ulcinj.com\/blog\/wp-json\/wp\/v2\/categories?post=316"},{"taxonomy":"post_tag","embeddable":true,"href":"https:\/\/www.visit-ulcinj.com\/blog\/wp-json\/wp\/v2\/tags?post=316"}],"curies":[{"name":"wp","href":"https:\/\/api.w.org\/{rel}","templated":true}]}}