{"id":31608,"date":"2010-04-01T15:10:00","date_gmt":"2010-04-01T13:10:00","guid":{"rendered":"http:\/\/www.visit-ulcinj.com\/blog\/?p=31608"},"modified":"2010-04-01T15:10:00","modified_gmt":"2010-04-01T13:10:00","slug":"ne-kujtim-te-jusuf-cufo-misherrit","status":"publish","type":"post","link":"https:\/\/www.visit-ulcinj.com\/blog\/2010\/04\/01\/ne-kujtim-te-jusuf-cufo-misherrit\/","title":{"rendered":"Ne kujtim te Jusuf-Cufo Misherrit"},"content":{"rendered":"<p><a href=\"http:\/\/www.visit-ulcinj.com\/blog\/wp-content\/uploads\/2010\/04\/Jusuf-Cufo-Misherri.jpg\"><img loading=\"lazy\" class=\"alignleft size-full wp-image-31609\" title=\"Jusuf-Cufo Misherri\" src=\"http:\/\/www.visit-ulcinj.com\/blog\/wp-content\/uploads\/2010\/04\/Jusuf-Cufo-Misherri.jpg\" alt=\"Jusuf-Cufo Misherri\" width=\"580\" height=\"400\" \/><\/a>Jusuf-Cufo Misherri&#8230;Para disa dit\u00ebsh ndroj jet\u00eb, nj\u00eb njeri , i cili  mbi gjys\u00ebm shekullit ka punuar nj\u00eb zanat t\u00eb cilin e ka b\u00ebr\u00eb art dhe  mjeshtri. T\u00eb b\u00ebsh k\u00ebpuc\u00eb, t\u00eb ja jap\u00ebsh form\u00ebn e k\u00ebmb\u00ebs, ti qendis\u00ebsh,  dhe n\u00eb fund t\u00eb ja jap\u00ebsh shpirtin, k\u00ebt\u00eb, ka mundur vetum Cufi. K\u00ebt\u00eb e  pranojn\u00eb pa dyshim t\u00eb gjith\u00eb ata t\u00eb cil\u00ebt e kan\u00eb njohur, por edhe ata t\u00eb  cil\u00ebt jan\u00eb marr\u00eb m\u00eb t\u00eb njajtin zanat. Sot, me nj\u00eb pijetet t\u00eb madh, dhe  me nj\u00eb respekt t\u00eb ve\u00e7ant\u00eb, un\u00eb, por edhe t\u00eb gjith\u00eb ata t\u00eb cil\u00ebt e kan\u00eb  njohur, i kujtohet ky personazh i njohur i Pazarit ton\u00eb. T\u00eb gjith\u00eb ata  t\u00eb cil\u00ebve m\u00eb s\u00eb paku nj\u00eb her\u00eb i ka nd\u00ebrru apo i ka gadit ndonj\u00ebher\u00eb, por  edhe ata t\u00eb cil\u00ebt dikur kan\u00eb kaluar pran &#8220;duganj\u00ebs&#8221; ku ka punuar dhe  nodeluar Cufi, e p\u00ebrmendin me respekt..<\/p>\n<p><a href=\"http:\/\/www.facebook.com\/album.php?id=1359492972&amp;aid=2046669&amp;s=20&amp;hash=684ad246cd2315dea2f48a1159983083#!\/profile.php?v=wall&amp;id=1359492972\" target=\"_blank\"><strong>Ismet Karamanaga <span title=\"HPHP\">Facebook <\/span><\/strong><\/a><\/p>\n<!--YouTube Error: bad URL entered-->\n","protected":false},"excerpt":{"rendered":"<p>Jusuf-Cufo Misherri&#8230;Para disa dit\u00ebsh ndroj jet\u00eb, nj\u00eb njeri , i cili mbi gjys\u00ebm shekullit ka punuar nj\u00eb zanat t\u00eb cilin e ka b\u00ebr\u00eb art dhe mjeshtri. T\u00eb b\u00ebsh k\u00ebpuc\u00eb, t\u00eb ja jap\u00ebsh form\u00ebn e k\u00ebmb\u00ebs, ti qendis\u00ebsh, dhe n\u00eb fund t\u00eb ja jap\u00ebsh shpirtin, k\u00ebt\u00eb, ka mundur vetum Cufi. K\u00ebt\u00eb e pranojn\u00eb pa dyshim t\u00eb [&hellip;]<\/p>\n","protected":false},"author":1,"featured_media":0,"comment_status":"open","ping_status":"closed","sticky":false,"template":"","format":"standard","meta":{"spay_email":"","jetpack_publicize_message":"","jetpack_is_tweetstorm":false,"jetpack_publicize_feature_enabled":true},"categories":[11],"tags":[306,13952,200],"jetpack_publicize_connections":[],"yoast_head":"<!-- This site is optimized with the Yoast SEO plugin v19.1 - https:\/\/yoast.com\/wordpress\/plugins\/seo\/ -->\n<title>Ne kujtim te Jusuf-Cufo Misherrit - Lajme nga Ulqini<\/title>\n<meta name=\"description\" content=\"Jusuf-Cufo Misherri...Para disa dit\u00ebsh ndroj jet\u00eb, nj\u00eb njeri , i cili mbi gjys\u00ebm shekullit ka punuar nj\u00eb zanat t\u00eb cilin e ka b\u00ebr\u00eb art dhe mjeshtri. T\u00eb\" \/>\n<meta name=\"robots\" content=\"index, follow, max-snippet:-1, max-image-preview:large, max-video-preview:-1\" \/>\n<link rel=\"canonical\" href=\"https:\/\/www.visit-ulcinj.com\/blog\/2010\/04\/01\/ne-kujtim-te-jusuf-cufo-misherrit\/\" \/>\n<meta property=\"og:locale\" content=\"en_US\" \/>\n<meta property=\"og:type\" content=\"article\" \/>\n<meta property=\"og:title\" content=\"Ne kujtim te Jusuf-Cufo Misherrit - Lajme nga Ulqini\" \/>\n<meta property=\"og:description\" content=\"Jusuf-Cufo Misherri...Para disa dit\u00ebsh ndroj jet\u00eb, nj\u00eb njeri , i cili mbi gjys\u00ebm shekullit ka punuar nj\u00eb zanat t\u00eb cilin e ka b\u00ebr\u00eb art dhe mjeshtri. T\u00eb\" \/>\n<meta property=\"og:url\" content=\"https:\/\/www.visit-ulcinj.com\/blog\/2010\/04\/01\/ne-kujtim-te-jusuf-cufo-misherrit\/\" \/>\n<meta property=\"og:site_name\" content=\"Lajme nga Ulqini\" \/>\n<meta property=\"article:published_time\" content=\"2010-04-01T13:10:00+00:00\" \/>\n<meta property=\"og:image\" content=\"http:\/\/www.visit-ulcinj.com\/blog\/wp-content\/uploads\/2010\/04\/Jusuf-Cufo-Misherri.jpg\" \/>\n<meta name=\"twitter:label1\" content=\"Written by\" \/>\n\t<meta name=\"twitter:data1\" content=\"ulqini\" \/>\n\t<meta name=\"twitter:label2\" content=\"Est. reading time\" \/>\n\t<meta name=\"twitter:data2\" content=\"1 minute\" \/>\n<script type=\"application\/ld+json\" class=\"yoast-schema-graph\">{\"@context\":\"https:\/\/schema.org\",\"@graph\":[{\"@type\":\"WebSite\",\"@id\":\"https:\/\/www.visit-ulcinj.com\/blog\/#website\",\"url\":\"https:\/\/www.visit-ulcinj.com\/blog\/\",\"name\":\"Lajme nga Ulqini\",\"description\":\"Lajme,Vijesti,Ulqini,Ulqin,Crna Gora,Mali i Zi\",\"potentialAction\":[{\"@type\":\"SearchAction\",\"target\":{\"@type\":\"EntryPoint\",\"urlTemplate\":\"https:\/\/www.visit-ulcinj.com\/blog\/?s={search_term_string}\"},\"query-input\":\"required name=search_term_string\"}],\"inLanguage\":\"en-US\"},{\"@type\":\"ImageObject\",\"inLanguage\":\"en-US\",\"@id\":\"https:\/\/www.visit-ulcinj.com\/blog\/2010\/04\/01\/ne-kujtim-te-jusuf-cufo-misherrit\/#primaryimage\",\"url\":\"https:\/\/www.visit-ulcinj.com\/blog\/wp-content\/uploads\/2010\/04\/Jusuf-Cufo-Misherri.jpg\",\"contentUrl\":\"https:\/\/www.visit-ulcinj.com\/blog\/wp-content\/uploads\/2010\/04\/Jusuf-Cufo-Misherri.jpg\",\"width\":\"720\",\"height\":\"479\"},{\"@type\":\"WebPage\",\"@id\":\"https:\/\/www.visit-ulcinj.com\/blog\/2010\/04\/01\/ne-kujtim-te-jusuf-cufo-misherrit\/#webpage\",\"url\":\"https:\/\/www.visit-ulcinj.com\/blog\/2010\/04\/01\/ne-kujtim-te-jusuf-cufo-misherrit\/\",\"name\":\"Ne kujtim te Jusuf-Cufo Misherrit - Lajme nga Ulqini\",\"isPartOf\":{\"@id\":\"https:\/\/www.visit-ulcinj.com\/blog\/#website\"},\"primaryImageOfPage\":{\"@id\":\"https:\/\/www.visit-ulcinj.com\/blog\/2010\/04\/01\/ne-kujtim-te-jusuf-cufo-misherrit\/#primaryimage\"},\"datePublished\":\"2010-04-01T13:10:00+00:00\",\"dateModified\":\"2010-04-01T13:10:00+00:00\",\"author\":{\"@id\":\"https:\/\/www.visit-ulcinj.com\/blog\/#\/schema\/person\/dcab619c614d3038751c63bc2aadc06d\"},\"description\":\"Jusuf-Cufo Misherri...Para disa dit\u00ebsh ndroj jet\u00eb, nj\u00eb njeri , i cili mbi gjys\u00ebm shekullit ka punuar nj\u00eb zanat t\u00eb cilin e ka b\u00ebr\u00eb art dhe mjeshtri. T\u00eb\",\"breadcrumb\":{\"@id\":\"https:\/\/www.visit-ulcinj.com\/blog\/2010\/04\/01\/ne-kujtim-te-jusuf-cufo-misherrit\/#breadcrumb\"},\"inLanguage\":\"en-US\",\"potentialAction\":[{\"@type\":\"ReadAction\",\"target\":[\"https:\/\/www.visit-ulcinj.com\/blog\/2010\/04\/01\/ne-kujtim-te-jusuf-cufo-misherrit\/\"]}]},{\"@type\":\"BreadcrumbList\",\"@id\":\"https:\/\/www.visit-ulcinj.com\/blog\/2010\/04\/01\/ne-kujtim-te-jusuf-cufo-misherrit\/#breadcrumb\",\"itemListElement\":[{\"@type\":\"ListItem\",\"position\":1,\"name\":\"Ne kujtim te Jusuf-Cufo Misherrit\"}]},{\"@type\":\"Person\",\"@id\":\"https:\/\/www.visit-ulcinj.com\/blog\/#\/schema\/person\/dcab619c614d3038751c63bc2aadc06d\",\"name\":\"ulqini\",\"sameAs\":[\"http:\/\/www.visit-ulcinj.com\"],\"url\":\"https:\/\/www.visit-ulcinj.com\/blog\/author\/admin\/\"}]}<\/script>\n<!-- \/ Yoast SEO plugin. -->","yoast_head_json":{"title":"Ne kujtim te Jusuf-Cufo Misherrit - Lajme nga Ulqini","description":"Jusuf-Cufo Misherri...Para disa dit\u00ebsh ndroj jet\u00eb, nj\u00eb njeri , i cili mbi gjys\u00ebm shekullit ka punuar nj\u00eb zanat t\u00eb cilin e ka b\u00ebr\u00eb art dhe mjeshtri. T\u00eb","robots":{"index":"index","follow":"follow","max-snippet":"max-snippet:-1","max-image-preview":"max-image-preview:large","max-video-preview":"max-video-preview:-1"},"canonical":"https:\/\/www.visit-ulcinj.com\/blog\/2010\/04\/01\/ne-kujtim-te-jusuf-cufo-misherrit\/","og_locale":"en_US","og_type":"article","og_title":"Ne kujtim te Jusuf-Cufo Misherrit - Lajme nga Ulqini","og_description":"Jusuf-Cufo Misherri...Para disa dit\u00ebsh ndroj jet\u00eb, nj\u00eb njeri , i cili mbi gjys\u00ebm shekullit ka punuar nj\u00eb zanat t\u00eb cilin e ka b\u00ebr\u00eb art dhe mjeshtri. T\u00eb","og_url":"https:\/\/www.visit-ulcinj.com\/blog\/2010\/04\/01\/ne-kujtim-te-jusuf-cufo-misherrit\/","og_site_name":"Lajme nga Ulqini","article_published_time":"2010-04-01T13:10:00+00:00","og_image":[{"url":"http:\/\/www.visit-ulcinj.com\/blog\/wp-content\/uploads\/2010\/04\/Jusuf-Cufo-Misherri.jpg"}],"twitter_misc":{"Written by":"ulqini","Est. reading time":"1 minute"},"schema":{"@context":"https:\/\/schema.org","@graph":[{"@type":"WebSite","@id":"https:\/\/www.visit-ulcinj.com\/blog\/#website","url":"https:\/\/www.visit-ulcinj.com\/blog\/","name":"Lajme nga Ulqini","description":"Lajme,Vijesti,Ulqini,Ulqin,Crna Gora,Mali i Zi","potentialAction":[{"@type":"SearchAction","target":{"@type":"EntryPoint","urlTemplate":"https:\/\/www.visit-ulcinj.com\/blog\/?s={search_term_string}"},"query-input":"required name=search_term_string"}],"inLanguage":"en-US"},{"@type":"ImageObject","inLanguage":"en-US","@id":"https:\/\/www.visit-ulcinj.com\/blog\/2010\/04\/01\/ne-kujtim-te-jusuf-cufo-misherrit\/#primaryimage","url":"https:\/\/www.visit-ulcinj.com\/blog\/wp-content\/uploads\/2010\/04\/Jusuf-Cufo-Misherri.jpg","contentUrl":"https:\/\/www.visit-ulcinj.com\/blog\/wp-content\/uploads\/2010\/04\/Jusuf-Cufo-Misherri.jpg","width":"720","height":"479"},{"@type":"WebPage","@id":"https:\/\/www.visit-ulcinj.com\/blog\/2010\/04\/01\/ne-kujtim-te-jusuf-cufo-misherrit\/#webpage","url":"https:\/\/www.visit-ulcinj.com\/blog\/2010\/04\/01\/ne-kujtim-te-jusuf-cufo-misherrit\/","name":"Ne kujtim te Jusuf-Cufo Misherrit - Lajme nga Ulqini","isPartOf":{"@id":"https:\/\/www.visit-ulcinj.com\/blog\/#website"},"primaryImageOfPage":{"@id":"https:\/\/www.visit-ulcinj.com\/blog\/2010\/04\/01\/ne-kujtim-te-jusuf-cufo-misherrit\/#primaryimage"},"datePublished":"2010-04-01T13:10:00+00:00","dateModified":"2010-04-01T13:10:00+00:00","author":{"@id":"https:\/\/www.visit-ulcinj.com\/blog\/#\/schema\/person\/dcab619c614d3038751c63bc2aadc06d"},"description":"Jusuf-Cufo Misherri...Para disa dit\u00ebsh ndroj jet\u00eb, nj\u00eb njeri , i cili mbi gjys\u00ebm shekullit ka punuar nj\u00eb zanat t\u00eb cilin e ka b\u00ebr\u00eb art dhe mjeshtri. T\u00eb","breadcrumb":{"@id":"https:\/\/www.visit-ulcinj.com\/blog\/2010\/04\/01\/ne-kujtim-te-jusuf-cufo-misherrit\/#breadcrumb"},"inLanguage":"en-US","potentialAction":[{"@type":"ReadAction","target":["https:\/\/www.visit-ulcinj.com\/blog\/2010\/04\/01\/ne-kujtim-te-jusuf-cufo-misherrit\/"]}]},{"@type":"BreadcrumbList","@id":"https:\/\/www.visit-ulcinj.com\/blog\/2010\/04\/01\/ne-kujtim-te-jusuf-cufo-misherrit\/#breadcrumb","itemListElement":[{"@type":"ListItem","position":1,"name":"Ne kujtim te Jusuf-Cufo Misherrit"}]},{"@type":"Person","@id":"https:\/\/www.visit-ulcinj.com\/blog\/#\/schema\/person\/dcab619c614d3038751c63bc2aadc06d","name":"ulqini","sameAs":["http:\/\/www.visit-ulcinj.com"],"url":"https:\/\/www.visit-ulcinj.com\/blog\/author\/admin\/"}]}},"jetpack_featured_media_url":"","jetpack_sharing_enabled":true,"jetpack_shortlink":"https:\/\/wp.me\/pe6lTn-8dO","_links":{"self":[{"href":"https:\/\/www.visit-ulcinj.com\/blog\/wp-json\/wp\/v2\/posts\/31608"}],"collection":[{"href":"https:\/\/www.visit-ulcinj.com\/blog\/wp-json\/wp\/v2\/posts"}],"about":[{"href":"https:\/\/www.visit-ulcinj.com\/blog\/wp-json\/wp\/v2\/types\/post"}],"author":[{"embeddable":true,"href":"https:\/\/www.visit-ulcinj.com\/blog\/wp-json\/wp\/v2\/users\/1"}],"replies":[{"embeddable":true,"href":"https:\/\/www.visit-ulcinj.com\/blog\/wp-json\/wp\/v2\/comments?post=31608"}],"version-history":[{"count":0,"href":"https:\/\/www.visit-ulcinj.com\/blog\/wp-json\/wp\/v2\/posts\/31608\/revisions"}],"wp:attachment":[{"href":"https:\/\/www.visit-ulcinj.com\/blog\/wp-json\/wp\/v2\/media?parent=31608"}],"wp:term":[{"taxonomy":"category","embeddable":true,"href":"https:\/\/www.visit-ulcinj.com\/blog\/wp-json\/wp\/v2\/categories?post=31608"},{"taxonomy":"post_tag","embeddable":true,"href":"https:\/\/www.visit-ulcinj.com\/blog\/wp-json\/wp\/v2\/tags?post=31608"}],"curies":[{"name":"wp","href":"https:\/\/api.w.org\/{rel}","templated":true}]}}