{"id":31616,"date":"2010-04-01T21:21:24","date_gmt":"2010-04-01T19:21:24","guid":{"rendered":"http:\/\/www.visit-ulcinj.com\/blog\/?p=31616"},"modified":"2010-04-02T22:58:05","modified_gmt":"2010-04-02T20:58:05","slug":"otvaranje-dnevnog-centra-za-djecu-i-omladinu-sa-smetnjama-i-teskocama-u-razvoju-u-opstini-ulcinj","status":"publish","type":"post","link":"https:\/\/www.visit-ulcinj.com\/blog\/2010\/04\/01\/otvaranje-dnevnog-centra-za-djecu-i-omladinu-sa-smetnjama-i-teskocama-u-razvoju-u-opstini-ulcinj\/","title":{"rendered":"Otvaranje Dnevnog centra za djecu i omladinu sa smetnjama i te\u0161ko?ama u razvoju u op\u0161tini Ulcinj"},"content":{"rendered":"<p><a href=\"http:\/\/www.visit-ulcinj.com\/blog\/wp-content\/uploads\/2010\/04\/Hajdinaga_Nomanovic-na-otvaranju-Dnevnog-centra-za-djecu.5.JPG\"><img loading=\"lazy\" class=\"alignleft size-full wp-image-31625\" title=\"Hajdinaga_Nomanovic na otvaranju Dnevnog centra za djecu.5\" src=\"http:\/\/www.visit-ulcinj.com\/blog\/wp-content\/uploads\/2010\/04\/Hajdinaga_Nomanovic-na-otvaranju-Dnevnog-centra-za-djecu.5.JPG\" alt=\"Hajdinaga_Nomanovic na otvaranju Dnevnog centra za djecu.5\" width=\"580\" height=\"400\" \/><\/a><\/p>\n<p><strong><span id=\":az\">Hajdinaga na otvaranju Dnevnog  centra za djecu sa smetnjama u razvoju<\/span><\/strong><\/p>\n<p>Ministar rada i socijalnog staranja dr Suad Numanovi? i predsjednik op\u0161tine Ulcinj Gzim Hajdinaga sve?ano su otvorili u petak, 2. aprila 2010. godine, Dnevni centar za djecu i omladinu sa smetnjama i te\u0161ko?ama u razvoju u op\u0161tini Ulcinj.<br \/>\nOsnivanje mre\u017ee dnevnih centara za djecu sa smetnjama i te\u0161ko?ama u razvoju je u skladu sa Strategijom za integraciju osoba sa invaliditetom za period 2008 \u2013 2016. godine koju je usvojila Vlada Crne Gore, i ide u pravcu unapre?enja deinstitucionalizacije i decentralizacije sistema socijalne za\u0161tite u Crnoj Gori. Osnivanje dnevnih centara doprinosi za\u0161titi djece i omladine sa smetnjama u razvoju, omogu?ava njihovu socijalizaciju i doprinosi pripremama za njihovo inkluzivno obrazovanje. Prvi ovakav dnevni centar otvoren je u Bijelom Polju. Pro\u0161le godine su zavr\u0161eni gra?evinski radovi u dnevnim centrima u Nik\u0161i?u i Pljevljima, a o?ekuje se da uskoro bude zavr\u0161en i Dnevni centar u Beranama. Ovi centri trebalo bi da po?nu sa radom tokom ove godine. U cilju izgradnje Dnevnog centra u Baru potpisan je Memorandum o saradnji sa op\u0161tinom Bar.<br \/>\nSve?ano otvaranje Dnevnog centra u op\u0161tini Ulcinj bi?e u 14.00 sati, a nakon toga ?e ministar rada i socijalnog staranja dr Suad Numanovi? i predsjednik op\u0161tine Ulcinj Gzim Hajdinaga dati izjave za medije.<\/p>\n<p><em><strong><a href=\"http:\/\/www.gov.me\/infobiro\">Biro za odnose s javno\u0161?u<br \/>\n<\/a><\/strong><\/em><a href=\"http:\/\/www.gov.me\/vijesti.php?akcija=vijesti&amp;id=180963\" target=\"_blank\"><strong>Vlade Crne Gore<\/strong><\/a><br \/>\n\n\t\t<style type=\"text\/css\">\n\t\t\t#gallery-1 {\n\t\t\t\tmargin: auto;\n\t\t\t}\n\t\t\t#gallery-1 .gallery-item {\n\t\t\t\tfloat: left;\n\t\t\t\tmargin-top: 10px;\n\t\t\t\ttext-align: center;\n\t\t\t\twidth: 33%;\n\t\t\t}\n\t\t\t#gallery-1 img {\n\t\t\t\tborder: 2px solid #cfcfcf;\n\t\t\t}\n\t\t\t#gallery-1 .gallery-caption {\n\t\t\t\tmargin-left: 0;\n\t\t\t}\n\t\t\t\/* see gallery_shortcode() in wp-includes\/media.php *\/\n\t\t<\/style>\n\t\t<div id='gallery-1' class='gallery galleryid-31616 gallery-columns-3 gallery-size-thumbnail'><dl class='gallery-item'>\n\t\t\t<dt class='gallery-icon landscape'>\n\t\t\t\t<a href='https:\/\/www.visit-ulcinj.com\/blog\/wp-content\/uploads\/2010\/04\/Hajdinaga_Nomanovic-na-otvaranju-Dnevnog-centra-za-djecu.JPG'><img width=\"150\" height=\"150\" src=\"https:\/\/www.visit-ulcinj.com\/blog\/wp-content\/uploads\/2010\/04\/Hajdinaga_Nomanovic-na-otvaranju-Dnevnog-centra-za-djecu-150x150.jpg\" class=\"attachment-thumbnail size-thumbnail\" alt=\"\" loading=\"lazy\" \/><\/a>\n\t\t\t<\/dt><\/dl><dl class='gallery-item'>\n\t\t\t<dt class='gallery-icon landscape'>\n\t\t\t\t<a href='https:\/\/www.visit-ulcinj.com\/blog\/wp-content\/uploads\/2010\/04\/Hajdinaga_Nomanovic-na-otvaranju-Dnevnog-centra-za-djecu.1.JPG'><img width=\"150\" height=\"150\" src=\"https:\/\/www.visit-ulcinj.com\/blog\/wp-content\/uploads\/2010\/04\/Hajdinaga_Nomanovic-na-otvaranju-Dnevnog-centra-za-djecu.1-150x150.jpg\" class=\"attachment-thumbnail size-thumbnail\" alt=\"\" loading=\"lazy\" \/><\/a>\n\t\t\t<\/dt><\/dl><dl class='gallery-item'>\n\t\t\t<dt class='gallery-icon landscape'>\n\t\t\t\t<a href='https:\/\/www.visit-ulcinj.com\/blog\/wp-content\/uploads\/2010\/04\/Hajdinaga_Nomanovic-na-otvaranju-Dnevnog-centra-za-djecu.2.JPG'><img width=\"150\" height=\"150\" src=\"https:\/\/www.visit-ulcinj.com\/blog\/wp-content\/uploads\/2010\/04\/Hajdinaga_Nomanovic-na-otvaranju-Dnevnog-centra-za-djecu.2-150x150.jpg\" class=\"attachment-thumbnail size-thumbnail\" alt=\"\" loading=\"lazy\" \/><\/a>\n\t\t\t<\/dt><\/dl><br style=\"clear: both\" \/><dl class='gallery-item'>\n\t\t\t<dt class='gallery-icon landscape'>\n\t\t\t\t<a href='https:\/\/www.visit-ulcinj.com\/blog\/wp-content\/uploads\/2010\/04\/Hajdinaga_Nomanovic-na-otvaranju-Dnevnog-centra-za-djecu.3.JPG'><img width=\"150\" height=\"150\" src=\"https:\/\/www.visit-ulcinj.com\/blog\/wp-content\/uploads\/2010\/04\/Hajdinaga_Nomanovic-na-otvaranju-Dnevnog-centra-za-djecu.3-150x150.jpg\" class=\"attachment-thumbnail size-thumbnail\" alt=\"\" loading=\"lazy\" \/><\/a>\n\t\t\t<\/dt><\/dl><dl class='gallery-item'>\n\t\t\t<dt class='gallery-icon landscape'>\n\t\t\t\t<a href='https:\/\/www.visit-ulcinj.com\/blog\/wp-content\/uploads\/2010\/04\/Hajdinaga_Nomanovic-na-otvaranju-Dnevnog-centra-za-djecu.4.JPG'><img width=\"150\" height=\"150\" src=\"https:\/\/www.visit-ulcinj.com\/blog\/wp-content\/uploads\/2010\/04\/Hajdinaga_Nomanovic-na-otvaranju-Dnevnog-centra-za-djecu.4-150x150.jpg\" class=\"attachment-thumbnail size-thumbnail\" alt=\"\" loading=\"lazy\" \/><\/a>\n\t\t\t<\/dt><\/dl><dl class='gallery-item'>\n\t\t\t<dt class='gallery-icon landscape'>\n\t\t\t\t<a href='https:\/\/www.visit-ulcinj.com\/blog\/wp-content\/uploads\/2010\/04\/Hajdinaga_Nomanovic-na-otvaranju-Dnevnog-centra-za-djecu.5.JPG'><img width=\"150\" height=\"150\" src=\"https:\/\/www.visit-ulcinj.com\/blog\/wp-content\/uploads\/2010\/04\/Hajdinaga_Nomanovic-na-otvaranju-Dnevnog-centra-za-djecu.5-150x150.jpg\" class=\"attachment-thumbnail size-thumbnail\" alt=\"\" loading=\"lazy\" \/><\/a>\n\t\t\t<\/dt><\/dl><br style=\"clear: both\" \/><dl class='gallery-item'>\n\t\t\t<dt class='gallery-icon landscape'>\n\t\t\t\t<a href='https:\/\/www.visit-ulcinj.com\/blog\/wp-content\/uploads\/2010\/04\/Hajdinaga_Nomanovic-na-otvaranju-Dnevnog-centra-za-djecu.6.JPG'><img width=\"150\" height=\"150\" src=\"https:\/\/www.visit-ulcinj.com\/blog\/wp-content\/uploads\/2010\/04\/Hajdinaga_Nomanovic-na-otvaranju-Dnevnog-centra-za-djecu.6-150x150.jpg\" class=\"attachment-thumbnail size-thumbnail\" alt=\"\" loading=\"lazy\" \/><\/a>\n\t\t\t<\/dt><\/dl><dl class='gallery-item'>\n\t\t\t<dt class='gallery-icon landscape'>\n\t\t\t\t<a href='https:\/\/www.visit-ulcinj.com\/blog\/wp-content\/uploads\/2010\/04\/Hajdinaga_Nomanovic-na-otvaranju-Dnevnog-centra-za-djecu.7.JPG'><img width=\"150\" height=\"150\" src=\"https:\/\/www.visit-ulcinj.com\/blog\/wp-content\/uploads\/2010\/04\/Hajdinaga_Nomanovic-na-otvaranju-Dnevnog-centra-za-djecu.7-150x150.jpg\" class=\"attachment-thumbnail size-thumbnail\" alt=\"\" loading=\"lazy\" \/><\/a>\n\t\t\t<\/dt><\/dl><dl class='gallery-item'>\n\t\t\t<dt class='gallery-icon landscape'>\n\t\t\t\t<a href='https:\/\/www.visit-ulcinj.com\/blog\/wp-content\/uploads\/2010\/04\/Hajdinaga_Nomanovic-na-otvaranju-Dnevnog-centra-za-djecu.8.JPG'><img width=\"150\" height=\"150\" src=\"https:\/\/www.visit-ulcinj.com\/blog\/wp-content\/uploads\/2010\/04\/Hajdinaga_Nomanovic-na-otvaranju-Dnevnog-centra-za-djecu.8-150x150.jpg\" class=\"attachment-thumbnail size-thumbnail\" alt=\"\" loading=\"lazy\" \/><\/a>\n\t\t\t<\/dt><\/dl><br style=\"clear: both\" \/>\n\t\t<\/div>\n<br \/>\n<strong>Fotografije Municipality of Ulcinj \/ Ulqin<br \/>\nArsllan Hajdinaga<\/strong><\/p>\n","protected":false},"excerpt":{"rendered":"<p>Hajdinaga na otvaranju Dnevnog centra za djecu sa smetnjama u razvoju Ministar rada i socijalnog staranja dr Suad Numanovi? i predsjednik op\u0161tine Ulcinj Gzim Hajdinaga sve?ano su otvorili u petak, 2. aprila 2010. godine, Dnevni centar za djecu i omladinu sa smetnjama i te\u0161ko?ama u razvoju u op\u0161tini Ulcinj. Osnivanje mre\u017ee dnevnih centara za djecu [&hellip;]<\/p>\n","protected":false},"author":1,"featured_media":0,"comment_status":"open","ping_status":"closed","sticky":false,"template":"","format":"standard","meta":{"spay_email":"","jetpack_publicize_message":"","jetpack_is_tweetstorm":false,"jetpack_publicize_feature_enabled":true},"categories":[8337],"tags":[8625,13510],"jetpack_publicize_connections":[],"yoast_head":"<!-- This site is optimized with the Yoast SEO plugin v19.1 - https:\/\/yoast.com\/wordpress\/plugins\/seo\/ -->\n<title>Otvaranje Dnevnog centra za djecu i omladinu sa smetnjama i te\u0161ko?ama u razvoju u op\u0161tini Ulcinj - Lajme nga Ulqini<\/title>\n<meta name=\"description\" content=\"Hajdinaga na otvaranju Dnevnog centra za djecu sa smetnjama u razvoju Ministar rada i socijalnog staranja dr Suad Numanovi? i predsjednik op\u0161tine Ulcinj\" \/>\n<meta name=\"robots\" content=\"index, follow, max-snippet:-1, max-image-preview:large, max-video-preview:-1\" \/>\n<link rel=\"canonical\" href=\"https:\/\/www.visit-ulcinj.com\/blog\/2010\/04\/01\/otvaranje-dnevnog-centra-za-djecu-i-omladinu-sa-smetnjama-i-teskocama-u-razvoju-u-opstini-ulcinj\/\" \/>\n<meta property=\"og:locale\" content=\"en_US\" \/>\n<meta property=\"og:type\" content=\"article\" \/>\n<meta property=\"og:title\" content=\"Otvaranje Dnevnog centra za djecu i omladinu sa smetnjama i te\u0161ko?ama u razvoju u op\u0161tini Ulcinj - Lajme nga Ulqini\" \/>\n<meta property=\"og:description\" content=\"Hajdinaga na otvaranju Dnevnog centra za djecu sa smetnjama u razvoju Ministar rada i socijalnog staranja dr Suad Numanovi? i predsjednik op\u0161tine Ulcinj\" \/>\n<meta property=\"og:url\" content=\"https:\/\/www.visit-ulcinj.com\/blog\/2010\/04\/01\/otvaranje-dnevnog-centra-za-djecu-i-omladinu-sa-smetnjama-i-teskocama-u-razvoju-u-opstini-ulcinj\/\" \/>\n<meta property=\"og:site_name\" content=\"Lajme nga Ulqini\" \/>\n<meta property=\"article:published_time\" content=\"2010-04-01T19:21:24+00:00\" \/>\n<meta property=\"article:modified_time\" content=\"2010-04-02T20:58:05+00:00\" \/>\n<meta property=\"og:image\" content=\"https:\/\/www.visit-ulcinj.com\/blog\/wp-content\/uploads\/2010\/04\/Hajdinaga_Nomanovic-na-otvaranju-Dnevnog-centra-za-djecu-150x150.jpg\" \/>\n<meta name=\"twitter:label1\" content=\"Written by\" \/>\n\t<meta name=\"twitter:data1\" content=\"ulqini\" \/>\n\t<meta name=\"twitter:label2\" content=\"Est. reading time\" \/>\n\t<meta name=\"twitter:data2\" content=\"1 minute\" \/>\n<script type=\"application\/ld+json\" class=\"yoast-schema-graph\">{\"@context\":\"https:\/\/schema.org\",\"@graph\":[{\"@type\":\"WebSite\",\"@id\":\"https:\/\/www.visit-ulcinj.com\/blog\/#website\",\"url\":\"https:\/\/www.visit-ulcinj.com\/blog\/\",\"name\":\"Lajme nga Ulqini\",\"description\":\"Lajme,Vijesti,Ulqini,Ulqin,Crna Gora,Mali i Zi\",\"potentialAction\":[{\"@type\":\"SearchAction\",\"target\":{\"@type\":\"EntryPoint\",\"urlTemplate\":\"https:\/\/www.visit-ulcinj.com\/blog\/?s={search_term_string}\"},\"query-input\":\"required name=search_term_string\"}],\"inLanguage\":\"en-US\"},{\"@type\":\"ImageObject\",\"inLanguage\":\"en-US\",\"@id\":\"https:\/\/www.visit-ulcinj.com\/blog\/2010\/04\/01\/otvaranje-dnevnog-centra-za-djecu-i-omladinu-sa-smetnjama-i-teskocama-u-razvoju-u-opstini-ulcinj\/#primaryimage\",\"url\":\"https:\/\/www.visit-ulcinj.com\/blog\/wp-content\/uploads\/2010\/04\/Hajdinaga_Nomanovic-na-otvaranju-Dnevnog-centra-za-djecu.5.JPG\",\"contentUrl\":\"https:\/\/www.visit-ulcinj.com\/blog\/wp-content\/uploads\/2010\/04\/Hajdinaga_Nomanovic-na-otvaranju-Dnevnog-centra-za-djecu.5.JPG\",\"width\":\"800\",\"height\":\"533\"},{\"@type\":\"WebPage\",\"@id\":\"https:\/\/www.visit-ulcinj.com\/blog\/2010\/04\/01\/otvaranje-dnevnog-centra-za-djecu-i-omladinu-sa-smetnjama-i-teskocama-u-razvoju-u-opstini-ulcinj\/#webpage\",\"url\":\"https:\/\/www.visit-ulcinj.com\/blog\/2010\/04\/01\/otvaranje-dnevnog-centra-za-djecu-i-omladinu-sa-smetnjama-i-teskocama-u-razvoju-u-opstini-ulcinj\/\",\"name\":\"Otvaranje Dnevnog centra za djecu i omladinu sa smetnjama i te\u0161ko?ama u razvoju u op\u0161tini Ulcinj - Lajme nga Ulqini\",\"isPartOf\":{\"@id\":\"https:\/\/www.visit-ulcinj.com\/blog\/#website\"},\"primaryImageOfPage\":{\"@id\":\"https:\/\/www.visit-ulcinj.com\/blog\/2010\/04\/01\/otvaranje-dnevnog-centra-za-djecu-i-omladinu-sa-smetnjama-i-teskocama-u-razvoju-u-opstini-ulcinj\/#primaryimage\"},\"datePublished\":\"2010-04-01T19:21:24+00:00\",\"dateModified\":\"2010-04-02T20:58:05+00:00\",\"author\":{\"@id\":\"https:\/\/www.visit-ulcinj.com\/blog\/#\/schema\/person\/dcab619c614d3038751c63bc2aadc06d\"},\"description\":\"Hajdinaga na otvaranju Dnevnog centra za djecu sa smetnjama u razvoju Ministar rada i socijalnog staranja dr Suad Numanovi? i predsjednik op\u0161tine Ulcinj\",\"breadcrumb\":{\"@id\":\"https:\/\/www.visit-ulcinj.com\/blog\/2010\/04\/01\/otvaranje-dnevnog-centra-za-djecu-i-omladinu-sa-smetnjama-i-teskocama-u-razvoju-u-opstini-ulcinj\/#breadcrumb\"},\"inLanguage\":\"en-US\",\"potentialAction\":[{\"@type\":\"ReadAction\",\"target\":[\"https:\/\/www.visit-ulcinj.com\/blog\/2010\/04\/01\/otvaranje-dnevnog-centra-za-djecu-i-omladinu-sa-smetnjama-i-teskocama-u-razvoju-u-opstini-ulcinj\/\"]}]},{\"@type\":\"BreadcrumbList\",\"@id\":\"https:\/\/www.visit-ulcinj.com\/blog\/2010\/04\/01\/otvaranje-dnevnog-centra-za-djecu-i-omladinu-sa-smetnjama-i-teskocama-u-razvoju-u-opstini-ulcinj\/#breadcrumb\",\"itemListElement\":[{\"@type\":\"ListItem\",\"position\":1,\"name\":\"Otvaranje Dnevnog centra za djecu i omladinu sa smetnjama i te\u0161ko?ama u razvoju u op\u0161tini Ulcinj\"}]},{\"@type\":\"Person\",\"@id\":\"https:\/\/www.visit-ulcinj.com\/blog\/#\/schema\/person\/dcab619c614d3038751c63bc2aadc06d\",\"name\":\"ulqini\",\"sameAs\":[\"http:\/\/www.visit-ulcinj.com\"],\"url\":\"https:\/\/www.visit-ulcinj.com\/blog\/author\/admin\/\"}]}<\/script>\n<!-- \/ Yoast SEO plugin. -->","yoast_head_json":{"title":"Otvaranje Dnevnog centra za djecu i omladinu sa smetnjama i te\u0161ko?ama u razvoju u op\u0161tini Ulcinj - Lajme nga Ulqini","description":"Hajdinaga na otvaranju Dnevnog centra za djecu sa smetnjama u razvoju Ministar rada i socijalnog staranja dr Suad Numanovi? i predsjednik op\u0161tine Ulcinj","robots":{"index":"index","follow":"follow","max-snippet":"max-snippet:-1","max-image-preview":"max-image-preview:large","max-video-preview":"max-video-preview:-1"},"canonical":"https:\/\/www.visit-ulcinj.com\/blog\/2010\/04\/01\/otvaranje-dnevnog-centra-za-djecu-i-omladinu-sa-smetnjama-i-teskocama-u-razvoju-u-opstini-ulcinj\/","og_locale":"en_US","og_type":"article","og_title":"Otvaranje Dnevnog centra za djecu i omladinu sa smetnjama i te\u0161ko?ama u razvoju u op\u0161tini Ulcinj - Lajme nga Ulqini","og_description":"Hajdinaga na otvaranju Dnevnog centra za djecu sa smetnjama u razvoju Ministar rada i socijalnog staranja dr Suad Numanovi? i predsjednik op\u0161tine Ulcinj","og_url":"https:\/\/www.visit-ulcinj.com\/blog\/2010\/04\/01\/otvaranje-dnevnog-centra-za-djecu-i-omladinu-sa-smetnjama-i-teskocama-u-razvoju-u-opstini-ulcinj\/","og_site_name":"Lajme nga Ulqini","article_published_time":"2010-04-01T19:21:24+00:00","article_modified_time":"2010-04-02T20:58:05+00:00","og_image":[{"url":"https:\/\/www.visit-ulcinj.com\/blog\/wp-content\/uploads\/2010\/04\/Hajdinaga_Nomanovic-na-otvaranju-Dnevnog-centra-za-djecu-150x150.jpg"}],"twitter_misc":{"Written by":"ulqini","Est. reading time":"1 minute"},"schema":{"@context":"https:\/\/schema.org","@graph":[{"@type":"WebSite","@id":"https:\/\/www.visit-ulcinj.com\/blog\/#website","url":"https:\/\/www.visit-ulcinj.com\/blog\/","name":"Lajme nga Ulqini","description":"Lajme,Vijesti,Ulqini,Ulqin,Crna Gora,Mali i Zi","potentialAction":[{"@type":"SearchAction","target":{"@type":"EntryPoint","urlTemplate":"https:\/\/www.visit-ulcinj.com\/blog\/?s={search_term_string}"},"query-input":"required name=search_term_string"}],"inLanguage":"en-US"},{"@type":"ImageObject","inLanguage":"en-US","@id":"https:\/\/www.visit-ulcinj.com\/blog\/2010\/04\/01\/otvaranje-dnevnog-centra-za-djecu-i-omladinu-sa-smetnjama-i-teskocama-u-razvoju-u-opstini-ulcinj\/#primaryimage","url":"https:\/\/www.visit-ulcinj.com\/blog\/wp-content\/uploads\/2010\/04\/Hajdinaga_Nomanovic-na-otvaranju-Dnevnog-centra-za-djecu.5.JPG","contentUrl":"https:\/\/www.visit-ulcinj.com\/blog\/wp-content\/uploads\/2010\/04\/Hajdinaga_Nomanovic-na-otvaranju-Dnevnog-centra-za-djecu.5.JPG","width":"800","height":"533"},{"@type":"WebPage","@id":"https:\/\/www.visit-ulcinj.com\/blog\/2010\/04\/01\/otvaranje-dnevnog-centra-za-djecu-i-omladinu-sa-smetnjama-i-teskocama-u-razvoju-u-opstini-ulcinj\/#webpage","url":"https:\/\/www.visit-ulcinj.com\/blog\/2010\/04\/01\/otvaranje-dnevnog-centra-za-djecu-i-omladinu-sa-smetnjama-i-teskocama-u-razvoju-u-opstini-ulcinj\/","name":"Otvaranje Dnevnog centra za djecu i omladinu sa smetnjama i te\u0161ko?ama u razvoju u op\u0161tini Ulcinj - Lajme nga Ulqini","isPartOf":{"@id":"https:\/\/www.visit-ulcinj.com\/blog\/#website"},"primaryImageOfPage":{"@id":"https:\/\/www.visit-ulcinj.com\/blog\/2010\/04\/01\/otvaranje-dnevnog-centra-za-djecu-i-omladinu-sa-smetnjama-i-teskocama-u-razvoju-u-opstini-ulcinj\/#primaryimage"},"datePublished":"2010-04-01T19:21:24+00:00","dateModified":"2010-04-02T20:58:05+00:00","author":{"@id":"https:\/\/www.visit-ulcinj.com\/blog\/#\/schema\/person\/dcab619c614d3038751c63bc2aadc06d"},"description":"Hajdinaga na otvaranju Dnevnog centra za djecu sa smetnjama u razvoju Ministar rada i socijalnog staranja dr Suad Numanovi? i predsjednik op\u0161tine Ulcinj","breadcrumb":{"@id":"https:\/\/www.visit-ulcinj.com\/blog\/2010\/04\/01\/otvaranje-dnevnog-centra-za-djecu-i-omladinu-sa-smetnjama-i-teskocama-u-razvoju-u-opstini-ulcinj\/#breadcrumb"},"inLanguage":"en-US","potentialAction":[{"@type":"ReadAction","target":["https:\/\/www.visit-ulcinj.com\/blog\/2010\/04\/01\/otvaranje-dnevnog-centra-za-djecu-i-omladinu-sa-smetnjama-i-teskocama-u-razvoju-u-opstini-ulcinj\/"]}]},{"@type":"BreadcrumbList","@id":"https:\/\/www.visit-ulcinj.com\/blog\/2010\/04\/01\/otvaranje-dnevnog-centra-za-djecu-i-omladinu-sa-smetnjama-i-teskocama-u-razvoju-u-opstini-ulcinj\/#breadcrumb","itemListElement":[{"@type":"ListItem","position":1,"name":"Otvaranje Dnevnog centra za djecu i omladinu sa smetnjama i te\u0161ko?ama u razvoju u op\u0161tini Ulcinj"}]},{"@type":"Person","@id":"https:\/\/www.visit-ulcinj.com\/blog\/#\/schema\/person\/dcab619c614d3038751c63bc2aadc06d","name":"ulqini","sameAs":["http:\/\/www.visit-ulcinj.com"],"url":"https:\/\/www.visit-ulcinj.com\/blog\/author\/admin\/"}]}},"jetpack_featured_media_url":"","jetpack_sharing_enabled":true,"jetpack_shortlink":"https:\/\/wp.me\/pe6lTn-8dW","_links":{"self":[{"href":"https:\/\/www.visit-ulcinj.com\/blog\/wp-json\/wp\/v2\/posts\/31616"}],"collection":[{"href":"https:\/\/www.visit-ulcinj.com\/blog\/wp-json\/wp\/v2\/posts"}],"about":[{"href":"https:\/\/www.visit-ulcinj.com\/blog\/wp-json\/wp\/v2\/types\/post"}],"author":[{"embeddable":true,"href":"https:\/\/www.visit-ulcinj.com\/blog\/wp-json\/wp\/v2\/users\/1"}],"replies":[{"embeddable":true,"href":"https:\/\/www.visit-ulcinj.com\/blog\/wp-json\/wp\/v2\/comments?post=31616"}],"version-history":[{"count":0,"href":"https:\/\/www.visit-ulcinj.com\/blog\/wp-json\/wp\/v2\/posts\/31616\/revisions"}],"wp:attachment":[{"href":"https:\/\/www.visit-ulcinj.com\/blog\/wp-json\/wp\/v2\/media?parent=31616"}],"wp:term":[{"taxonomy":"category","embeddable":true,"href":"https:\/\/www.visit-ulcinj.com\/blog\/wp-json\/wp\/v2\/categories?post=31616"},{"taxonomy":"post_tag","embeddable":true,"href":"https:\/\/www.visit-ulcinj.com\/blog\/wp-json\/wp\/v2\/tags?post=31616"}],"curies":[{"name":"wp","href":"https:\/\/api.w.org\/{rel}","templated":true}]}}