{"id":31639,"date":"2010-04-02T22:15:22","date_gmt":"2010-04-02T20:15:22","guid":{"rendered":"http:\/\/www.visit-ulcinj.com\/blog\/?p=31639"},"modified":"2010-04-11T19:46:51","modified_gmt":"2010-04-11T17:46:51","slug":"hajdinaga-mori-pjes-ne-ekspoziten-e-piktorit-akademik-gjergj-noc-martinit","status":"publish","type":"post","link":"https:\/\/www.visit-ulcinj.com\/blog\/2010\/04\/02\/hajdinaga-mori-pjes-ne-ekspoziten-e-piktorit-akademik-gjergj-noc-martinit\/","title":{"rendered":"Hajdinaga mori pjes n\u00eb ekspoziten e piktorit akademik Gjergj Noc Martinit"},"content":{"rendered":"<p><strong><a href=\"http:\/\/www.visit-ulcinj.com\/blog\/wp-content\/uploads\/2010\/04\/Hajdinaga-na-otvranju-izlozbe-akademskog-slikara-Djerdja-Noc-Martinija.6.JPG\"><img loading=\"lazy\" class=\"alignleft size-full wp-image-31646\" title=\"Hajdinaga na otvranju izlozbe akademskog slikara Djerdja Noc Martinija.6\" src=\"http:\/\/www.visit-ulcinj.com\/blog\/wp-content\/uploads\/2010\/04\/Hajdinaga-na-otvranju-izlozbe-akademskog-slikara-Djerdja-Noc-Martinija.6.JPG\" alt=\"Hajdinaga na otvranju izlozbe akademskog slikara Djerdja Noc Martinija.6\" width=\"580\" height=\"400\" \/><\/a>Ulqin: Ekspozit\u00eb e piktorit Gjergj Noc Martini<\/strong><br \/>\nUlqin, 3 prill-\u00a0 N\u00eb kuad\u00ebr t\u00eb kremtimit t\u00eb Dit\u00ebs s\u00eb Komun\u00ebs, n\u00eb Galerin\u00eb moderne t\u00eb Qendr\u00ebs s\u00eb Kultur\u00ebs s\u00eb Ulqinit, n\u00eb mbr\u00ebmjen e s\u00eb premtes para nj\u00eb audiroriumi t\u00eb jasht\u00ebzakonsh\u00ebm, t\u00eb ardhur nga Podgorica, Prishtina, Shkodra, Tirana dhe diaspora u hap ekspozita e njerit nd\u00ebr piktor\u00ebt m\u00eb t\u00eb spikatur shqiptar n\u00eb Malin e Zi, Gjergj Noc Martini, i cili tash gjysm\u00eb shekulli jeton n\u00eb kryeqytetin malazias, Podgoric\u00eb, raporton KosovaLive.<br \/>\nAnton K. Bershaj, i ardhur nga Prishtina, duke folur mbi opusin krijues t\u00eb piktorit ulqinak Gjergj Noc Martini tha se emocionet bivalente, koloriti i dritave dhe personazheve mal\u00ebsore shqiptare, dinamika e jet\u00ebs, aroma e Mediteranit e imazheve t\u00eb Shtojit t\u00eb tij t\u00eb lindjes, karakterizojn\u00eb piktur\u00ebn e k\u00ebtij mjeshtri t\u00eb arteve pamore.<br \/>\nNd\u00ebrkaq, shkrimtari i njohur, me prejardhje shqiptare nga De\u00e7ani, Zuvdi Hoxhiq-Berisha thot\u00eb p\u00ebr KosovaLive se Gjergj Noc Martini, pas Gjelosh Gjokajt, \u00ebsht\u00eb piktori m\u00eb i mir\u00eb bashk\u00ebkohor shqiptar, jo vet\u00ebm n\u00eb Malin Zi. Shprehjet e tij individuale edhe monumentale, ritmet stilistike, elementet fantastike, komponimi i figurave mal\u00ebsore t\u00eb vendlindjes, nd\u00ebrtojn\u00eb ter\u00ebsin\u00eb e fokusit t\u00eb autorit, shprehet Zuvdiu.<br \/>\nIsh \u2013 nx\u00ebn\u00ebsi i tij n\u00eb Gjimnazin e Ulqinit t\u00eb fillimit t\u00eb viteve \u201870, publicisti Dr. Nail Draga thot\u00eb se profesor Gjergji vazhdimisht ka inkurajuar talent\u00ebt e rinj dhe mbi k\u00ebto baza sot kemi nj\u00eb plejad\u00eb t\u00eb t\u00ebr\u00eb piktor\u00ebsh shqiptar\u00eb n\u00eb Mal t\u00eb Zi q\u00eb kan\u00eb dalur dhe jan\u00eb afirmuar nga \u201cshkolla \u201c e tij.<\/p>\n<p><strong>Koha Net<\/strong><\/p>\n<p><strong><span id=\":9\">Hajdinaga na otvranju izlozbe  akademskog slikara Djerdja Noc Martinija<br \/>\n\n\t\t<style type=\"text\/css\">\n\t\t\t#gallery-1 {\n\t\t\t\tmargin: auto;\n\t\t\t}\n\t\t\t#gallery-1 .gallery-item {\n\t\t\t\tfloat: left;\n\t\t\t\tmargin-top: 10px;\n\t\t\t\ttext-align: center;\n\t\t\t\twidth: 33%;\n\t\t\t}\n\t\t\t#gallery-1 img {\n\t\t\t\tborder: 2px solid #cfcfcf;\n\t\t\t}\n\t\t\t#gallery-1 .gallery-caption {\n\t\t\t\tmargin-left: 0;\n\t\t\t}\n\t\t\t\/* see gallery_shortcode() in wp-includes\/media.php *\/\n\t\t<\/style>\n\t\t<div id='gallery-1' class='gallery galleryid-31639 gallery-columns-3 gallery-size-thumbnail'><dl class='gallery-item'>\n\t\t\t<dt class='gallery-icon landscape'>\n\t\t\t\t<a href='https:\/\/www.visit-ulcinj.com\/blog\/wp-content\/uploads\/2010\/04\/Hajdinaga-na-otvranju-izlozbe-akademskog-slikara-Djerdja-Noc-Martinija.JPG'><img width=\"150\" height=\"150\" src=\"https:\/\/www.visit-ulcinj.com\/blog\/wp-content\/uploads\/2010\/04\/Hajdinaga-na-otvranju-izlozbe-akademskog-slikara-Djerdja-Noc-Martinija-150x150.jpg\" class=\"attachment-thumbnail size-thumbnail\" alt=\"\" loading=\"lazy\" \/><\/a>\n\t\t\t<\/dt><\/dl><dl class='gallery-item'>\n\t\t\t<dt class='gallery-icon landscape'>\n\t\t\t\t<a href='https:\/\/www.visit-ulcinj.com\/blog\/wp-content\/uploads\/2010\/04\/Hajdinaga-na-otvranju-izlozbe-akademskog-slikara-Djerdja-Noc-Martinija.1.JPG'><img width=\"150\" height=\"150\" src=\"https:\/\/www.visit-ulcinj.com\/blog\/wp-content\/uploads\/2010\/04\/Hajdinaga-na-otvranju-izlozbe-akademskog-slikara-Djerdja-Noc-Martinija.1-150x150.jpg\" class=\"attachment-thumbnail size-thumbnail\" alt=\"\" loading=\"lazy\" \/><\/a>\n\t\t\t<\/dt><\/dl><dl class='gallery-item'>\n\t\t\t<dt class='gallery-icon landscape'>\n\t\t\t\t<a href='https:\/\/www.visit-ulcinj.com\/blog\/wp-content\/uploads\/2010\/04\/Hajdinaga-na-otvranju-izlozbe-akademskog-slikara-Djerdja-Noc-Martinija.2.JPG'><img width=\"150\" height=\"150\" src=\"https:\/\/www.visit-ulcinj.com\/blog\/wp-content\/uploads\/2010\/04\/Hajdinaga-na-otvranju-izlozbe-akademskog-slikara-Djerdja-Noc-Martinija.2-150x150.jpg\" class=\"attachment-thumbnail size-thumbnail\" alt=\"\" loading=\"lazy\" \/><\/a>\n\t\t\t<\/dt><\/dl><br style=\"clear: both\" \/><dl class='gallery-item'>\n\t\t\t<dt class='gallery-icon landscape'>\n\t\t\t\t<a href='https:\/\/www.visit-ulcinj.com\/blog\/wp-content\/uploads\/2010\/04\/Hajdinaga-na-otvranju-izlozbe-akademskog-slikara-Djerdja-Noc-Martinija.3.JPG'><img width=\"150\" height=\"150\" src=\"https:\/\/www.visit-ulcinj.com\/blog\/wp-content\/uploads\/2010\/04\/Hajdinaga-na-otvranju-izlozbe-akademskog-slikara-Djerdja-Noc-Martinija.3-150x150.jpg\" class=\"attachment-thumbnail size-thumbnail\" alt=\"\" loading=\"lazy\" \/><\/a>\n\t\t\t<\/dt><\/dl><dl class='gallery-item'>\n\t\t\t<dt class='gallery-icon landscape'>\n\t\t\t\t<a href='https:\/\/www.visit-ulcinj.com\/blog\/wp-content\/uploads\/2010\/04\/Hajdinaga-na-otvranju-izlozbe-akademskog-slikara-Djerdja-Noc-Martinija.4.JPG'><img width=\"150\" height=\"150\" src=\"https:\/\/www.visit-ulcinj.com\/blog\/wp-content\/uploads\/2010\/04\/Hajdinaga-na-otvranju-izlozbe-akademskog-slikara-Djerdja-Noc-Martinija.4-150x150.jpg\" class=\"attachment-thumbnail size-thumbnail\" alt=\"\" loading=\"lazy\" \/><\/a>\n\t\t\t<\/dt><\/dl><dl class='gallery-item'>\n\t\t\t<dt class='gallery-icon landscape'>\n\t\t\t\t<a href='https:\/\/www.visit-ulcinj.com\/blog\/wp-content\/uploads\/2010\/04\/Hajdinaga-na-otvranju-izlozbe-akademskog-slikara-Djerdja-Noc-Martinija.5.JPG'><img width=\"150\" height=\"150\" src=\"https:\/\/www.visit-ulcinj.com\/blog\/wp-content\/uploads\/2010\/04\/Hajdinaga-na-otvranju-izlozbe-akademskog-slikara-Djerdja-Noc-Martinija.5-150x150.jpg\" class=\"attachment-thumbnail size-thumbnail\" alt=\"\" loading=\"lazy\" \/><\/a>\n\t\t\t<\/dt><\/dl><br style=\"clear: both\" \/><dl class='gallery-item'>\n\t\t\t<dt class='gallery-icon landscape'>\n\t\t\t\t<a href='https:\/\/www.visit-ulcinj.com\/blog\/wp-content\/uploads\/2010\/04\/Hajdinaga-na-otvranju-izlozbe-akademskog-slikara-Djerdja-Noc-Martinija.6.JPG'><img width=\"150\" height=\"150\" src=\"https:\/\/www.visit-ulcinj.com\/blog\/wp-content\/uploads\/2010\/04\/Hajdinaga-na-otvranju-izlozbe-akademskog-slikara-Djerdja-Noc-Martinija.6-150x150.jpg\" class=\"attachment-thumbnail size-thumbnail\" alt=\"\" loading=\"lazy\" \/><\/a>\n\t\t\t<\/dt><\/dl><dl class='gallery-item'>\n\t\t\t<dt class='gallery-icon portrait'>\n\t\t\t\t<a href='https:\/\/www.visit-ulcinj.com\/blog\/wp-content\/uploads\/2010\/04\/Hajdinaga-na-otvranju-izlozbe-akademskog-slikara-Djerdja-Noc-Martinija.7.JPG'><img width=\"150\" height=\"150\" src=\"https:\/\/www.visit-ulcinj.com\/blog\/wp-content\/uploads\/2010\/04\/Hajdinaga-na-otvranju-izlozbe-akademskog-slikara-Djerdja-Noc-Martinija.7-150x150.jpg\" class=\"attachment-thumbnail size-thumbnail\" alt=\"\" loading=\"lazy\" \/><\/a>\n\t\t\t<\/dt><\/dl><dl class='gallery-item'>\n\t\t\t<dt class='gallery-icon landscape'>\n\t\t\t\t<a href='https:\/\/www.visit-ulcinj.com\/blog\/wp-content\/uploads\/2010\/04\/Hajdinaga-na-otvranju-izlozbe-akademskog-slikara-Djerdja-Noc-Martinija.8.JPG'><img width=\"150\" height=\"150\" src=\"https:\/\/www.visit-ulcinj.com\/blog\/wp-content\/uploads\/2010\/04\/Hajdinaga-na-otvranju-izlozbe-akademskog-slikara-Djerdja-Noc-Martinija.8-150x150.jpg\" class=\"attachment-thumbnail size-thumbnail\" alt=\"\" loading=\"lazy\" \/><\/a>\n\t\t\t<\/dt><\/dl><br style=\"clear: both\" \/><dl class='gallery-item'>\n\t\t\t<dt class='gallery-icon landscape'>\n\t\t\t\t<a href='https:\/\/www.visit-ulcinj.com\/blog\/wp-content\/uploads\/2010\/04\/Hajdinaga-na-otvranju-izlozbe-akademskog-slikara-Djerdja-Noc-Martinija.9.JPG'><img width=\"150\" height=\"150\" src=\"https:\/\/www.visit-ulcinj.com\/blog\/wp-content\/uploads\/2010\/04\/Hajdinaga-na-otvranju-izlozbe-akademskog-slikara-Djerdja-Noc-Martinija.9-150x150.jpg\" class=\"attachment-thumbnail size-thumbnail\" alt=\"\" loading=\"lazy\" \/><\/a>\n\t\t\t<\/dt><\/dl><dl class='gallery-item'>\n\t\t\t<dt class='gallery-icon landscape'>\n\t\t\t\t<a href='https:\/\/www.visit-ulcinj.com\/blog\/wp-content\/uploads\/2010\/04\/Hajdinaga-na-otvranju-izlozbe-akademskog-slikara-Djerdja-Noc-Martinija.10.JPG'><img width=\"150\" height=\"150\" src=\"https:\/\/www.visit-ulcinj.com\/blog\/wp-content\/uploads\/2010\/04\/Hajdinaga-na-otvranju-izlozbe-akademskog-slikara-Djerdja-Noc-Martinija.10-150x150.jpg\" class=\"attachment-thumbnail size-thumbnail\" alt=\"\" loading=\"lazy\" \/><\/a>\n\t\t\t<\/dt><\/dl>\n\t\t\t<br style='clear: both' \/>\n\t\t<\/div>\n<br \/>\n<strong>Municipality of Ulcinj \/ Ulqin<br \/>\nArsllan Hajdinaga<\/strong><\/span><\/strong><\/p>\n","protected":false},"excerpt":{"rendered":"<p>Ulqin: Ekspozit\u00eb e piktorit Gjergj Noc Martini Ulqin, 3 prill-\u00a0 N\u00eb kuad\u00ebr t\u00eb kremtimit t\u00eb Dit\u00ebs s\u00eb Komun\u00ebs, n\u00eb Galerin\u00eb moderne t\u00eb Qendr\u00ebs s\u00eb Kultur\u00ebs s\u00eb Ulqinit, n\u00eb mbr\u00ebmjen e s\u00eb premtes para nj\u00eb audiroriumi t\u00eb jasht\u00ebzakonsh\u00ebm, t\u00eb ardhur nga Podgorica, Prishtina, Shkodra, Tirana dhe diaspora u hap ekspozita e njerit nd\u00ebr piktor\u00ebt m\u00eb t\u00eb [&hellip;]<\/p>\n","protected":false},"author":1,"featured_media":0,"comment_status":"open","ping_status":"closed","sticky":false,"template":"","format":"standard","meta":{"spay_email":"","jetpack_publicize_message":"","jetpack_is_tweetstorm":false,"jetpack_publicize_feature_enabled":true},"categories":[4],"tags":[8714,13955,3289,2417,19],"jetpack_publicize_connections":[],"yoast_head":"<!-- This site is optimized with the Yoast SEO plugin v19.1 - https:\/\/yoast.com\/wordpress\/plugins\/seo\/ -->\n<title>Hajdinaga mori pjes n\u00eb ekspoziten e piktorit akademik Gjergj Noc Martinit - Lajme nga Ulqini<\/title>\n<meta name=\"description\" content=\"Ulqin: Ekspozit\u00eb e piktorit Gjergj Noc Martini Ulqin, 3 prill-\u00a0 N\u00eb kuad\u00ebr t\u00eb kremtimit t\u00eb Dit\u00ebs s\u00eb Komun\u00ebs, n\u00eb Galerin\u00eb moderne t\u00eb Qendr\u00ebs s\u00eb Kultur\u00ebs s\u00eb\" \/>\n<meta name=\"robots\" content=\"index, follow, max-snippet:-1, max-image-preview:large, max-video-preview:-1\" \/>\n<link rel=\"canonical\" href=\"https:\/\/www.visit-ulcinj.com\/blog\/2010\/04\/02\/hajdinaga-mori-pjes-ne-ekspoziten-e-piktorit-akademik-gjergj-noc-martinit\/\" \/>\n<meta property=\"og:locale\" content=\"en_US\" \/>\n<meta property=\"og:type\" content=\"article\" \/>\n<meta property=\"og:title\" content=\"Hajdinaga mori pjes n\u00eb ekspoziten e piktorit akademik Gjergj Noc Martinit - Lajme nga Ulqini\" \/>\n<meta property=\"og:description\" content=\"Ulqin: Ekspozit\u00eb e piktorit Gjergj Noc Martini Ulqin, 3 prill-\u00a0 N\u00eb kuad\u00ebr t\u00eb kremtimit t\u00eb Dit\u00ebs s\u00eb Komun\u00ebs, n\u00eb Galerin\u00eb moderne t\u00eb Qendr\u00ebs s\u00eb Kultur\u00ebs s\u00eb\" \/>\n<meta property=\"og:url\" content=\"https:\/\/www.visit-ulcinj.com\/blog\/2010\/04\/02\/hajdinaga-mori-pjes-ne-ekspoziten-e-piktorit-akademik-gjergj-noc-martinit\/\" \/>\n<meta property=\"og:site_name\" content=\"Lajme nga Ulqini\" \/>\n<meta property=\"article:published_time\" content=\"2010-04-02T20:15:22+00:00\" \/>\n<meta property=\"article:modified_time\" content=\"2010-04-11T17:46:51+00:00\" \/>\n<meta property=\"og:image\" content=\"https:\/\/www.visit-ulcinj.com\/blog\/wp-content\/uploads\/2010\/04\/Hajdinaga-na-otvranju-izlozbe-akademskog-slikara-Djerdja-Noc-Martinija-150x150.jpg\" \/>\n<meta name=\"twitter:label1\" content=\"Written by\" \/>\n\t<meta name=\"twitter:data1\" content=\"ulqini\" \/>\n\t<meta name=\"twitter:label2\" content=\"Est. reading time\" \/>\n\t<meta name=\"twitter:data2\" content=\"1 minute\" \/>\n<script type=\"application\/ld+json\" class=\"yoast-schema-graph\">{\"@context\":\"https:\/\/schema.org\",\"@graph\":[{\"@type\":\"WebSite\",\"@id\":\"https:\/\/www.visit-ulcinj.com\/blog\/#website\",\"url\":\"https:\/\/www.visit-ulcinj.com\/blog\/\",\"name\":\"Lajme nga Ulqini\",\"description\":\"Lajme,Vijesti,Ulqini,Ulqin,Crna Gora,Mali i Zi\",\"potentialAction\":[{\"@type\":\"SearchAction\",\"target\":{\"@type\":\"EntryPoint\",\"urlTemplate\":\"https:\/\/www.visit-ulcinj.com\/blog\/?s={search_term_string}\"},\"query-input\":\"required name=search_term_string\"}],\"inLanguage\":\"en-US\"},{\"@type\":\"ImageObject\",\"inLanguage\":\"en-US\",\"@id\":\"https:\/\/www.visit-ulcinj.com\/blog\/2010\/04\/02\/hajdinaga-mori-pjes-ne-ekspoziten-e-piktorit-akademik-gjergj-noc-martinit\/#primaryimage\",\"url\":\"https:\/\/www.visit-ulcinj.com\/blog\/wp-content\/uploads\/2010\/04\/Hajdinaga-na-otvranju-izlozbe-akademskog-slikara-Djerdja-Noc-Martinija.6.JPG\",\"contentUrl\":\"https:\/\/www.visit-ulcinj.com\/blog\/wp-content\/uploads\/2010\/04\/Hajdinaga-na-otvranju-izlozbe-akademskog-slikara-Djerdja-Noc-Martinija.6.JPG\",\"width\":\"800\",\"height\":\"533\"},{\"@type\":\"WebPage\",\"@id\":\"https:\/\/www.visit-ulcinj.com\/blog\/2010\/04\/02\/hajdinaga-mori-pjes-ne-ekspoziten-e-piktorit-akademik-gjergj-noc-martinit\/#webpage\",\"url\":\"https:\/\/www.visit-ulcinj.com\/blog\/2010\/04\/02\/hajdinaga-mori-pjes-ne-ekspoziten-e-piktorit-akademik-gjergj-noc-martinit\/\",\"name\":\"Hajdinaga mori pjes n\u00eb ekspoziten e piktorit akademik Gjergj Noc Martinit - Lajme nga Ulqini\",\"isPartOf\":{\"@id\":\"https:\/\/www.visit-ulcinj.com\/blog\/#website\"},\"primaryImageOfPage\":{\"@id\":\"https:\/\/www.visit-ulcinj.com\/blog\/2010\/04\/02\/hajdinaga-mori-pjes-ne-ekspoziten-e-piktorit-akademik-gjergj-noc-martinit\/#primaryimage\"},\"datePublished\":\"2010-04-02T20:15:22+00:00\",\"dateModified\":\"2010-04-11T17:46:51+00:00\",\"author\":{\"@id\":\"https:\/\/www.visit-ulcinj.com\/blog\/#\/schema\/person\/dcab619c614d3038751c63bc2aadc06d\"},\"description\":\"Ulqin: Ekspozit\u00eb e piktorit Gjergj Noc Martini Ulqin, 3 prill-\u00a0 N\u00eb kuad\u00ebr t\u00eb kremtimit t\u00eb Dit\u00ebs s\u00eb Komun\u00ebs, n\u00eb Galerin\u00eb moderne t\u00eb Qendr\u00ebs s\u00eb Kultur\u00ebs s\u00eb\",\"breadcrumb\":{\"@id\":\"https:\/\/www.visit-ulcinj.com\/blog\/2010\/04\/02\/hajdinaga-mori-pjes-ne-ekspoziten-e-piktorit-akademik-gjergj-noc-martinit\/#breadcrumb\"},\"inLanguage\":\"en-US\",\"potentialAction\":[{\"@type\":\"ReadAction\",\"target\":[\"https:\/\/www.visit-ulcinj.com\/blog\/2010\/04\/02\/hajdinaga-mori-pjes-ne-ekspoziten-e-piktorit-akademik-gjergj-noc-martinit\/\"]}]},{\"@type\":\"BreadcrumbList\",\"@id\":\"https:\/\/www.visit-ulcinj.com\/blog\/2010\/04\/02\/hajdinaga-mori-pjes-ne-ekspoziten-e-piktorit-akademik-gjergj-noc-martinit\/#breadcrumb\",\"itemListElement\":[{\"@type\":\"ListItem\",\"position\":1,\"name\":\"Hajdinaga mori pjes n\u00eb ekspoziten e piktorit akademik Gjergj Noc Martinit\"}]},{\"@type\":\"Person\",\"@id\":\"https:\/\/www.visit-ulcinj.com\/blog\/#\/schema\/person\/dcab619c614d3038751c63bc2aadc06d\",\"name\":\"ulqini\",\"sameAs\":[\"http:\/\/www.visit-ulcinj.com\"],\"url\":\"https:\/\/www.visit-ulcinj.com\/blog\/author\/admin\/\"}]}<\/script>\n<!-- \/ Yoast SEO plugin. -->","yoast_head_json":{"title":"Hajdinaga mori pjes n\u00eb ekspoziten e piktorit akademik Gjergj Noc Martinit - Lajme nga Ulqini","description":"Ulqin: Ekspozit\u00eb e piktorit Gjergj Noc Martini Ulqin, 3 prill-\u00a0 N\u00eb kuad\u00ebr t\u00eb kremtimit t\u00eb Dit\u00ebs s\u00eb Komun\u00ebs, n\u00eb Galerin\u00eb moderne t\u00eb Qendr\u00ebs s\u00eb Kultur\u00ebs s\u00eb","robots":{"index":"index","follow":"follow","max-snippet":"max-snippet:-1","max-image-preview":"max-image-preview:large","max-video-preview":"max-video-preview:-1"},"canonical":"https:\/\/www.visit-ulcinj.com\/blog\/2010\/04\/02\/hajdinaga-mori-pjes-ne-ekspoziten-e-piktorit-akademik-gjergj-noc-martinit\/","og_locale":"en_US","og_type":"article","og_title":"Hajdinaga mori pjes n\u00eb ekspoziten e piktorit akademik Gjergj Noc Martinit - Lajme nga Ulqini","og_description":"Ulqin: Ekspozit\u00eb e piktorit Gjergj Noc Martini Ulqin, 3 prill-\u00a0 N\u00eb kuad\u00ebr t\u00eb kremtimit t\u00eb Dit\u00ebs s\u00eb Komun\u00ebs, n\u00eb Galerin\u00eb moderne t\u00eb Qendr\u00ebs s\u00eb Kultur\u00ebs s\u00eb","og_url":"https:\/\/www.visit-ulcinj.com\/blog\/2010\/04\/02\/hajdinaga-mori-pjes-ne-ekspoziten-e-piktorit-akademik-gjergj-noc-martinit\/","og_site_name":"Lajme nga Ulqini","article_published_time":"2010-04-02T20:15:22+00:00","article_modified_time":"2010-04-11T17:46:51+00:00","og_image":[{"url":"https:\/\/www.visit-ulcinj.com\/blog\/wp-content\/uploads\/2010\/04\/Hajdinaga-na-otvranju-izlozbe-akademskog-slikara-Djerdja-Noc-Martinija-150x150.jpg"}],"twitter_misc":{"Written by":"ulqini","Est. reading time":"1 minute"},"schema":{"@context":"https:\/\/schema.org","@graph":[{"@type":"WebSite","@id":"https:\/\/www.visit-ulcinj.com\/blog\/#website","url":"https:\/\/www.visit-ulcinj.com\/blog\/","name":"Lajme nga Ulqini","description":"Lajme,Vijesti,Ulqini,Ulqin,Crna Gora,Mali i Zi","potentialAction":[{"@type":"SearchAction","target":{"@type":"EntryPoint","urlTemplate":"https:\/\/www.visit-ulcinj.com\/blog\/?s={search_term_string}"},"query-input":"required name=search_term_string"}],"inLanguage":"en-US"},{"@type":"ImageObject","inLanguage":"en-US","@id":"https:\/\/www.visit-ulcinj.com\/blog\/2010\/04\/02\/hajdinaga-mori-pjes-ne-ekspoziten-e-piktorit-akademik-gjergj-noc-martinit\/#primaryimage","url":"https:\/\/www.visit-ulcinj.com\/blog\/wp-content\/uploads\/2010\/04\/Hajdinaga-na-otvranju-izlozbe-akademskog-slikara-Djerdja-Noc-Martinija.6.JPG","contentUrl":"https:\/\/www.visit-ulcinj.com\/blog\/wp-content\/uploads\/2010\/04\/Hajdinaga-na-otvranju-izlozbe-akademskog-slikara-Djerdja-Noc-Martinija.6.JPG","width":"800","height":"533"},{"@type":"WebPage","@id":"https:\/\/www.visit-ulcinj.com\/blog\/2010\/04\/02\/hajdinaga-mori-pjes-ne-ekspoziten-e-piktorit-akademik-gjergj-noc-martinit\/#webpage","url":"https:\/\/www.visit-ulcinj.com\/blog\/2010\/04\/02\/hajdinaga-mori-pjes-ne-ekspoziten-e-piktorit-akademik-gjergj-noc-martinit\/","name":"Hajdinaga mori pjes n\u00eb ekspoziten e piktorit akademik Gjergj Noc Martinit - Lajme nga Ulqini","isPartOf":{"@id":"https:\/\/www.visit-ulcinj.com\/blog\/#website"},"primaryImageOfPage":{"@id":"https:\/\/www.visit-ulcinj.com\/blog\/2010\/04\/02\/hajdinaga-mori-pjes-ne-ekspoziten-e-piktorit-akademik-gjergj-noc-martinit\/#primaryimage"},"datePublished":"2010-04-02T20:15:22+00:00","dateModified":"2010-04-11T17:46:51+00:00","author":{"@id":"https:\/\/www.visit-ulcinj.com\/blog\/#\/schema\/person\/dcab619c614d3038751c63bc2aadc06d"},"description":"Ulqin: Ekspozit\u00eb e piktorit Gjergj Noc Martini Ulqin, 3 prill-\u00a0 N\u00eb kuad\u00ebr t\u00eb kremtimit t\u00eb Dit\u00ebs s\u00eb Komun\u00ebs, n\u00eb Galerin\u00eb moderne t\u00eb Qendr\u00ebs s\u00eb Kultur\u00ebs s\u00eb","breadcrumb":{"@id":"https:\/\/www.visit-ulcinj.com\/blog\/2010\/04\/02\/hajdinaga-mori-pjes-ne-ekspoziten-e-piktorit-akademik-gjergj-noc-martinit\/#breadcrumb"},"inLanguage":"en-US","potentialAction":[{"@type":"ReadAction","target":["https:\/\/www.visit-ulcinj.com\/blog\/2010\/04\/02\/hajdinaga-mori-pjes-ne-ekspoziten-e-piktorit-akademik-gjergj-noc-martinit\/"]}]},{"@type":"BreadcrumbList","@id":"https:\/\/www.visit-ulcinj.com\/blog\/2010\/04\/02\/hajdinaga-mori-pjes-ne-ekspoziten-e-piktorit-akademik-gjergj-noc-martinit\/#breadcrumb","itemListElement":[{"@type":"ListItem","position":1,"name":"Hajdinaga mori pjes n\u00eb ekspoziten e piktorit akademik Gjergj Noc Martinit"}]},{"@type":"Person","@id":"https:\/\/www.visit-ulcinj.com\/blog\/#\/schema\/person\/dcab619c614d3038751c63bc2aadc06d","name":"ulqini","sameAs":["http:\/\/www.visit-ulcinj.com"],"url":"https:\/\/www.visit-ulcinj.com\/blog\/author\/admin\/"}]}},"jetpack_featured_media_url":"","jetpack_sharing_enabled":true,"jetpack_shortlink":"https:\/\/wp.me\/pe6lTn-8ej","_links":{"self":[{"href":"https:\/\/www.visit-ulcinj.com\/blog\/wp-json\/wp\/v2\/posts\/31639"}],"collection":[{"href":"https:\/\/www.visit-ulcinj.com\/blog\/wp-json\/wp\/v2\/posts"}],"about":[{"href":"https:\/\/www.visit-ulcinj.com\/blog\/wp-json\/wp\/v2\/types\/post"}],"author":[{"embeddable":true,"href":"https:\/\/www.visit-ulcinj.com\/blog\/wp-json\/wp\/v2\/users\/1"}],"replies":[{"embeddable":true,"href":"https:\/\/www.visit-ulcinj.com\/blog\/wp-json\/wp\/v2\/comments?post=31639"}],"version-history":[{"count":0,"href":"https:\/\/www.visit-ulcinj.com\/blog\/wp-json\/wp\/v2\/posts\/31639\/revisions"}],"wp:attachment":[{"href":"https:\/\/www.visit-ulcinj.com\/blog\/wp-json\/wp\/v2\/media?parent=31639"}],"wp:term":[{"taxonomy":"category","embeddable":true,"href":"https:\/\/www.visit-ulcinj.com\/blog\/wp-json\/wp\/v2\/categories?post=31639"},{"taxonomy":"post_tag","embeddable":true,"href":"https:\/\/www.visit-ulcinj.com\/blog\/wp-json\/wp\/v2\/tags?post=31639"}],"curies":[{"name":"wp","href":"https:\/\/api.w.org\/{rel}","templated":true}]}}