{"id":31653,"date":"2010-04-02T22:33:23","date_gmt":"2010-04-02T20:33:23","guid":{"rendered":"http:\/\/www.visit-ulcinj.com\/blog\/?p=31653"},"modified":"2010-04-02T22:33:23","modified_gmt":"2010-04-02T20:33:23","slug":"klubi-i-karatese-%e2%80%9culqini%e2%80%9d-uikendin-e-kaluar-mori-pjese-ne-kampionatin-e-karatese-se-malit-te-zi-per-seniore","status":"publish","type":"post","link":"https:\/\/www.visit-ulcinj.com\/blog\/2010\/04\/02\/klubi-i-karatese-%e2%80%9culqini%e2%80%9d-uikendin-e-kaluar-mori-pjese-ne-kampionatin-e-karatese-se-malit-te-zi-per-seniore\/","title":{"rendered":"Klubi i karates\u00eb  \u201cUlqini\u201d uikendin e kaluar mori pjes\u00eb  n\u00eb Kampionatin e Karates\u00eb s\u00eb Malit t\u00eb Zi p\u00ebr senior\u00eb"},"content":{"rendered":"<p><strong><a href=\"http:\/\/www.visit-ulcinj.com\/blog\/wp-content\/uploads\/2010\/04\/karate-klub-Ulqini.JPG\"><img loading=\"lazy\" class=\"alignleft size-full wp-image-31656\" title=\"karate klub Ulqini\" src=\"http:\/\/www.visit-ulcinj.com\/blog\/wp-content\/uploads\/2010\/04\/karate-klub-Ulqini.JPG\" alt=\"karate klub Ulqini\" width=\"580\" height=\"400\" \/><\/a>KK \u201dUlqini\u201d shpallet nen kampion i Malit te Zi,ne kata dhe luft\u00ebra ekipore <\/strong><br \/>\nMe 28 mars 2010 n\u00eb\u00a0 Podgoric\u00eb u mbajt Kampionati i Karates\u00eb s\u00eb Malit t\u00eb Zi p\u00ebr senior\u00eb, n\u00eb t\u00eb cilin karateist\u00ebt e Klubit t\u00eb karates\u00eb \u201cUlqini\u201d u kuror\u00ebzuan me 9 medalje, prej tyre 8 t\u00eb argjendta dhe 1 t\u00eb bronzt\u00eb . N\u00eb k\u00ebt\u00eb Kampionat Klubi i karates\u00eb \u201cUlqini\u201d u paraqit me 4 garues.<\/p>\n<p>N\u00ebnkampion i Malit t\u00eb Zi u shpall Viktor Curoviq n\u00eb luft\u00ebra individuale n\u00eb kategorin\u00eb -67 kg, nd\u00ebrsa me medalje t\u00eb bronzt\u00eb u kuror\u00ebzua Dardan Ceka n\u00eb luft\u00ebra individuale\u00a0 n\u00eb kategorin\u00eb -61 kg. N\u00ebnkampion\u00eb t\u00eb\u00a0 Malit t\u00eb Zi u shpall\u00ebn dy ekipet n\u00eb kata dhe n\u00eb luft\u00ebra pas ekipit t\u00eb KK \u201cBuduqnost\u201d t\u00eb Podgoric\u00ebs. N\u00eb ekipin e katave punuan Liridon Elezi, Viktor Curoviq dhe Dardan Ceka, nd\u00ebrsa n\u00eb ekipin e luft\u00ebrave punuan Blerim Sukaliq, Viktor Curoviq, Dardan Ceka dhe Liridon\u00a0 Elezi.<\/p>\n<p>\u201cKjo \u00ebsht\u00eb edhe nj\u00eb arritje e shk\u00eblqyeshme e klubit ton\u00eb, sepse nuk \u00ebsht\u00eb leht\u00eb t\u00eb jesh n\u00eb mesin e m\u00eb t\u00eb mir\u00ebve n\u00eb konkurrenc\u00ebn e senior\u00ebve. Do t\u00eb vazhdojm\u00eb t\u00eb punojm\u00eb me t\u00eb rinjt\u00eb tan\u00eb, q\u00eb edhe n\u00eb t\u00eb ardhmen t\u00eb marrim pjes\u00eb me sukses edhe n\u00eb gara t\u00eb tjera p\u00ebr senior\u00eb\u201d, shprehen t\u00eb k\u00ebnaqur trajner\u00ebt e klubit Naim Duraku, Kujtim Sukaliqi dhe kryetrajneri Ruzhdi Rama, t\u00eb cil\u00ebt i kan\u00eb p\u00ebrgatitur ekipet p\u00ebr gar\u00eb.<\/p>\n<p>P\u00ebr ndihm\u00ebn e dh\u00ebn\u00eb p\u00ebr pjes\u00ebmarrje n\u00eb k\u00ebt\u00eb gar\u00eb ata fal\u00ebnderojn\u00eb restaurantin \u201cRozafa\u201d, prind\u00ebrit e garuesve, si dhe kryesin\u00eb e klubit.<\/p>\n<p><strong>Sherbimi informativ\u00eb i KK \u201dUlqini\u201d<\/strong><\/p>\n","protected":false},"excerpt":{"rendered":"<p>KK \u201dUlqini\u201d shpallet nen kampion i Malit te Zi,ne kata dhe luft\u00ebra ekipore Me 28 mars 2010 n\u00eb\u00a0 Podgoric\u00eb u mbajt Kampionati i Karates\u00eb s\u00eb Malit t\u00eb Zi p\u00ebr senior\u00eb, n\u00eb t\u00eb cilin karateist\u00ebt e Klubit t\u00eb karates\u00eb \u201cUlqini\u201d u kuror\u00ebzuan me 9 medalje, prej tyre 8 t\u00eb argjendta dhe 1 t\u00eb bronzt\u00eb . N\u00eb [&hellip;]<\/p>\n","protected":false},"author":1,"featured_media":0,"comment_status":"open","ping_status":"closed","sticky":false,"template":"","format":"standard","meta":{"spay_email":"","jetpack_publicize_message":"","jetpack_is_tweetstorm":false,"jetpack_publicize_feature_enabled":true},"categories":[3],"tags":[5025,13956],"jetpack_publicize_connections":[],"yoast_head":"<!-- This site is optimized with the Yoast SEO plugin v19.1 - https:\/\/yoast.com\/wordpress\/plugins\/seo\/ -->\n<title>Klubi i karates\u00eb \u201cUlqini\u201d uikendin e kaluar mori pjes\u00eb n\u00eb Kampionatin e Karates\u00eb s\u00eb Malit t\u00eb Zi p\u00ebr senior\u00eb - Lajme nga Ulqini<\/title>\n<meta name=\"description\" content=\"KK \u201dUlqini\u201d shpallet nen kampion i Malit te Zi,ne kata dhe luft\u00ebra ekipore Me 28 mars 2010 n\u00eb\u00a0 Podgoric\u00eb u mbajt Kampionati i Karates\u00eb s\u00eb Malit t\u00eb Zi p\u00ebr\" \/>\n<meta name=\"robots\" content=\"index, follow, max-snippet:-1, max-image-preview:large, max-video-preview:-1\" \/>\n<link rel=\"canonical\" href=\"https:\/\/www.visit-ulcinj.com\/blog\/2010\/04\/02\/klubi-i-karatese-\u201culqini\u201d-uikendin-e-kaluar-mori-pjese-ne-kampionatin-e-karatese-se-malit-te-zi-per-seniore\/\" \/>\n<meta property=\"og:locale\" content=\"en_US\" \/>\n<meta property=\"og:type\" content=\"article\" \/>\n<meta property=\"og:title\" content=\"Klubi i karates\u00eb \u201cUlqini\u201d uikendin e kaluar mori pjes\u00eb n\u00eb Kampionatin e Karates\u00eb s\u00eb Malit t\u00eb Zi p\u00ebr senior\u00eb - Lajme nga Ulqini\" \/>\n<meta property=\"og:description\" content=\"KK \u201dUlqini\u201d shpallet nen kampion i Malit te Zi,ne kata dhe luft\u00ebra ekipore Me 28 mars 2010 n\u00eb\u00a0 Podgoric\u00eb u mbajt Kampionati i Karates\u00eb s\u00eb Malit t\u00eb Zi p\u00ebr\" \/>\n<meta property=\"og:url\" content=\"https:\/\/www.visit-ulcinj.com\/blog\/2010\/04\/02\/klubi-i-karatese-\u201culqini\u201d-uikendin-e-kaluar-mori-pjese-ne-kampionatin-e-karatese-se-malit-te-zi-per-seniore\/\" \/>\n<meta property=\"og:site_name\" content=\"Lajme nga Ulqini\" \/>\n<meta property=\"article:published_time\" content=\"2010-04-02T20:33:23+00:00\" \/>\n<meta property=\"og:image\" content=\"http:\/\/www.visit-ulcinj.com\/blog\/wp-content\/uploads\/2010\/04\/karate-klub-Ulqini.JPG\" \/>\n<meta name=\"twitter:label1\" content=\"Written by\" \/>\n\t<meta name=\"twitter:data1\" content=\"ulqini\" \/>\n\t<meta name=\"twitter:label2\" content=\"Est. reading time\" \/>\n\t<meta name=\"twitter:data2\" content=\"1 minute\" \/>\n<script type=\"application\/ld+json\" class=\"yoast-schema-graph\">{\"@context\":\"https:\/\/schema.org\",\"@graph\":[{\"@type\":\"WebSite\",\"@id\":\"https:\/\/www.visit-ulcinj.com\/blog\/#website\",\"url\":\"https:\/\/www.visit-ulcinj.com\/blog\/\",\"name\":\"Lajme nga Ulqini\",\"description\":\"Lajme,Vijesti,Ulqini,Ulqin,Crna Gora,Mali i Zi\",\"potentialAction\":[{\"@type\":\"SearchAction\",\"target\":{\"@type\":\"EntryPoint\",\"urlTemplate\":\"https:\/\/www.visit-ulcinj.com\/blog\/?s={search_term_string}\"},\"query-input\":\"required name=search_term_string\"}],\"inLanguage\":\"en-US\"},{\"@type\":\"ImageObject\",\"inLanguage\":\"en-US\",\"@id\":\"https:\/\/www.visit-ulcinj.com\/blog\/2010\/04\/02\/klubi-i-karatese-%e2%80%9culqini%e2%80%9d-uikendin-e-kaluar-mori-pjese-ne-kampionatin-e-karatese-se-malit-te-zi-per-seniore\/#primaryimage\",\"url\":\"https:\/\/www.visit-ulcinj.com\/blog\/wp-content\/uploads\/2010\/04\/karate-klub-Ulqini.JPG\",\"contentUrl\":\"https:\/\/www.visit-ulcinj.com\/blog\/wp-content\/uploads\/2010\/04\/karate-klub-Ulqini.JPG\",\"width\":\"1021\",\"height\":\"765\"},{\"@type\":\"WebPage\",\"@id\":\"https:\/\/www.visit-ulcinj.com\/blog\/2010\/04\/02\/klubi-i-karatese-%e2%80%9culqini%e2%80%9d-uikendin-e-kaluar-mori-pjese-ne-kampionatin-e-karatese-se-malit-te-zi-per-seniore\/#webpage\",\"url\":\"https:\/\/www.visit-ulcinj.com\/blog\/2010\/04\/02\/klubi-i-karatese-%e2%80%9culqini%e2%80%9d-uikendin-e-kaluar-mori-pjese-ne-kampionatin-e-karatese-se-malit-te-zi-per-seniore\/\",\"name\":\"Klubi i karates\u00eb \u201cUlqini\u201d uikendin e kaluar mori pjes\u00eb n\u00eb Kampionatin e Karates\u00eb s\u00eb Malit t\u00eb Zi p\u00ebr senior\u00eb - Lajme nga Ulqini\",\"isPartOf\":{\"@id\":\"https:\/\/www.visit-ulcinj.com\/blog\/#website\"},\"primaryImageOfPage\":{\"@id\":\"https:\/\/www.visit-ulcinj.com\/blog\/2010\/04\/02\/klubi-i-karatese-%e2%80%9culqini%e2%80%9d-uikendin-e-kaluar-mori-pjese-ne-kampionatin-e-karatese-se-malit-te-zi-per-seniore\/#primaryimage\"},\"datePublished\":\"2010-04-02T20:33:23+00:00\",\"dateModified\":\"2010-04-02T20:33:23+00:00\",\"author\":{\"@id\":\"https:\/\/www.visit-ulcinj.com\/blog\/#\/schema\/person\/dcab619c614d3038751c63bc2aadc06d\"},\"description\":\"KK \u201dUlqini\u201d shpallet nen kampion i Malit te Zi,ne kata dhe luft\u00ebra ekipore Me 28 mars 2010 n\u00eb\u00a0 Podgoric\u00eb u mbajt Kampionati i Karates\u00eb s\u00eb Malit t\u00eb Zi p\u00ebr\",\"breadcrumb\":{\"@id\":\"https:\/\/www.visit-ulcinj.com\/blog\/2010\/04\/02\/klubi-i-karatese-%e2%80%9culqini%e2%80%9d-uikendin-e-kaluar-mori-pjese-ne-kampionatin-e-karatese-se-malit-te-zi-per-seniore\/#breadcrumb\"},\"inLanguage\":\"en-US\",\"potentialAction\":[{\"@type\":\"ReadAction\",\"target\":[\"https:\/\/www.visit-ulcinj.com\/blog\/2010\/04\/02\/klubi-i-karatese-%e2%80%9culqini%e2%80%9d-uikendin-e-kaluar-mori-pjese-ne-kampionatin-e-karatese-se-malit-te-zi-per-seniore\/\"]}]},{\"@type\":\"BreadcrumbList\",\"@id\":\"https:\/\/www.visit-ulcinj.com\/blog\/2010\/04\/02\/klubi-i-karatese-%e2%80%9culqini%e2%80%9d-uikendin-e-kaluar-mori-pjese-ne-kampionatin-e-karatese-se-malit-te-zi-per-seniore\/#breadcrumb\",\"itemListElement\":[{\"@type\":\"ListItem\",\"position\":1,\"name\":\"Klubi i karates\u00eb \u201cUlqini\u201d uikendin e kaluar mori pjes\u00eb n\u00eb Kampionatin e Karates\u00eb s\u00eb Malit t\u00eb Zi p\u00ebr senior\u00eb\"}]},{\"@type\":\"Person\",\"@id\":\"https:\/\/www.visit-ulcinj.com\/blog\/#\/schema\/person\/dcab619c614d3038751c63bc2aadc06d\",\"name\":\"ulqini\",\"sameAs\":[\"http:\/\/www.visit-ulcinj.com\"],\"url\":\"https:\/\/www.visit-ulcinj.com\/blog\/author\/admin\/\"}]}<\/script>\n<!-- \/ Yoast SEO plugin. -->","yoast_head_json":{"title":"Klubi i karates\u00eb \u201cUlqini\u201d uikendin e kaluar mori pjes\u00eb n\u00eb Kampionatin e Karates\u00eb s\u00eb Malit t\u00eb Zi p\u00ebr senior\u00eb - Lajme nga Ulqini","description":"KK \u201dUlqini\u201d shpallet nen kampion i Malit te Zi,ne kata dhe luft\u00ebra ekipore Me 28 mars 2010 n\u00eb\u00a0 Podgoric\u00eb u mbajt Kampionati i Karates\u00eb s\u00eb Malit t\u00eb Zi p\u00ebr","robots":{"index":"index","follow":"follow","max-snippet":"max-snippet:-1","max-image-preview":"max-image-preview:large","max-video-preview":"max-video-preview:-1"},"canonical":"https:\/\/www.visit-ulcinj.com\/blog\/2010\/04\/02\/klubi-i-karatese-\u201culqini\u201d-uikendin-e-kaluar-mori-pjese-ne-kampionatin-e-karatese-se-malit-te-zi-per-seniore\/","og_locale":"en_US","og_type":"article","og_title":"Klubi i karates\u00eb \u201cUlqini\u201d uikendin e kaluar mori pjes\u00eb n\u00eb Kampionatin e Karates\u00eb s\u00eb Malit t\u00eb Zi p\u00ebr senior\u00eb - Lajme nga Ulqini","og_description":"KK \u201dUlqini\u201d shpallet nen kampion i Malit te Zi,ne kata dhe luft\u00ebra ekipore Me 28 mars 2010 n\u00eb\u00a0 Podgoric\u00eb u mbajt Kampionati i Karates\u00eb s\u00eb Malit t\u00eb Zi p\u00ebr","og_url":"https:\/\/www.visit-ulcinj.com\/blog\/2010\/04\/02\/klubi-i-karatese-\u201culqini\u201d-uikendin-e-kaluar-mori-pjese-ne-kampionatin-e-karatese-se-malit-te-zi-per-seniore\/","og_site_name":"Lajme nga Ulqini","article_published_time":"2010-04-02T20:33:23+00:00","og_image":[{"url":"http:\/\/www.visit-ulcinj.com\/blog\/wp-content\/uploads\/2010\/04\/karate-klub-Ulqini.JPG"}],"twitter_misc":{"Written by":"ulqini","Est. reading time":"1 minute"},"schema":{"@context":"https:\/\/schema.org","@graph":[{"@type":"WebSite","@id":"https:\/\/www.visit-ulcinj.com\/blog\/#website","url":"https:\/\/www.visit-ulcinj.com\/blog\/","name":"Lajme nga Ulqini","description":"Lajme,Vijesti,Ulqini,Ulqin,Crna Gora,Mali i Zi","potentialAction":[{"@type":"SearchAction","target":{"@type":"EntryPoint","urlTemplate":"https:\/\/www.visit-ulcinj.com\/blog\/?s={search_term_string}"},"query-input":"required name=search_term_string"}],"inLanguage":"en-US"},{"@type":"ImageObject","inLanguage":"en-US","@id":"https:\/\/www.visit-ulcinj.com\/blog\/2010\/04\/02\/klubi-i-karatese-%e2%80%9culqini%e2%80%9d-uikendin-e-kaluar-mori-pjese-ne-kampionatin-e-karatese-se-malit-te-zi-per-seniore\/#primaryimage","url":"https:\/\/www.visit-ulcinj.com\/blog\/wp-content\/uploads\/2010\/04\/karate-klub-Ulqini.JPG","contentUrl":"https:\/\/www.visit-ulcinj.com\/blog\/wp-content\/uploads\/2010\/04\/karate-klub-Ulqini.JPG","width":"1021","height":"765"},{"@type":"WebPage","@id":"https:\/\/www.visit-ulcinj.com\/blog\/2010\/04\/02\/klubi-i-karatese-%e2%80%9culqini%e2%80%9d-uikendin-e-kaluar-mori-pjese-ne-kampionatin-e-karatese-se-malit-te-zi-per-seniore\/#webpage","url":"https:\/\/www.visit-ulcinj.com\/blog\/2010\/04\/02\/klubi-i-karatese-%e2%80%9culqini%e2%80%9d-uikendin-e-kaluar-mori-pjese-ne-kampionatin-e-karatese-se-malit-te-zi-per-seniore\/","name":"Klubi i karates\u00eb \u201cUlqini\u201d uikendin e kaluar mori pjes\u00eb n\u00eb Kampionatin e Karates\u00eb s\u00eb Malit t\u00eb Zi p\u00ebr senior\u00eb - Lajme nga Ulqini","isPartOf":{"@id":"https:\/\/www.visit-ulcinj.com\/blog\/#website"},"primaryImageOfPage":{"@id":"https:\/\/www.visit-ulcinj.com\/blog\/2010\/04\/02\/klubi-i-karatese-%e2%80%9culqini%e2%80%9d-uikendin-e-kaluar-mori-pjese-ne-kampionatin-e-karatese-se-malit-te-zi-per-seniore\/#primaryimage"},"datePublished":"2010-04-02T20:33:23+00:00","dateModified":"2010-04-02T20:33:23+00:00","author":{"@id":"https:\/\/www.visit-ulcinj.com\/blog\/#\/schema\/person\/dcab619c614d3038751c63bc2aadc06d"},"description":"KK \u201dUlqini\u201d shpallet nen kampion i Malit te Zi,ne kata dhe luft\u00ebra ekipore Me 28 mars 2010 n\u00eb\u00a0 Podgoric\u00eb u mbajt Kampionati i Karates\u00eb s\u00eb Malit t\u00eb Zi p\u00ebr","breadcrumb":{"@id":"https:\/\/www.visit-ulcinj.com\/blog\/2010\/04\/02\/klubi-i-karatese-%e2%80%9culqini%e2%80%9d-uikendin-e-kaluar-mori-pjese-ne-kampionatin-e-karatese-se-malit-te-zi-per-seniore\/#breadcrumb"},"inLanguage":"en-US","potentialAction":[{"@type":"ReadAction","target":["https:\/\/www.visit-ulcinj.com\/blog\/2010\/04\/02\/klubi-i-karatese-%e2%80%9culqini%e2%80%9d-uikendin-e-kaluar-mori-pjese-ne-kampionatin-e-karatese-se-malit-te-zi-per-seniore\/"]}]},{"@type":"BreadcrumbList","@id":"https:\/\/www.visit-ulcinj.com\/blog\/2010\/04\/02\/klubi-i-karatese-%e2%80%9culqini%e2%80%9d-uikendin-e-kaluar-mori-pjese-ne-kampionatin-e-karatese-se-malit-te-zi-per-seniore\/#breadcrumb","itemListElement":[{"@type":"ListItem","position":1,"name":"Klubi i karates\u00eb \u201cUlqini\u201d uikendin e kaluar mori pjes\u00eb n\u00eb Kampionatin e Karates\u00eb s\u00eb Malit t\u00eb Zi p\u00ebr senior\u00eb"}]},{"@type":"Person","@id":"https:\/\/www.visit-ulcinj.com\/blog\/#\/schema\/person\/dcab619c614d3038751c63bc2aadc06d","name":"ulqini","sameAs":["http:\/\/www.visit-ulcinj.com"],"url":"https:\/\/www.visit-ulcinj.com\/blog\/author\/admin\/"}]}},"jetpack_featured_media_url":"","jetpack_sharing_enabled":true,"jetpack_shortlink":"https:\/\/wp.me\/pe6lTn-8ex","_links":{"self":[{"href":"https:\/\/www.visit-ulcinj.com\/blog\/wp-json\/wp\/v2\/posts\/31653"}],"collection":[{"href":"https:\/\/www.visit-ulcinj.com\/blog\/wp-json\/wp\/v2\/posts"}],"about":[{"href":"https:\/\/www.visit-ulcinj.com\/blog\/wp-json\/wp\/v2\/types\/post"}],"author":[{"embeddable":true,"href":"https:\/\/www.visit-ulcinj.com\/blog\/wp-json\/wp\/v2\/users\/1"}],"replies":[{"embeddable":true,"href":"https:\/\/www.visit-ulcinj.com\/blog\/wp-json\/wp\/v2\/comments?post=31653"}],"version-history":[{"count":0,"href":"https:\/\/www.visit-ulcinj.com\/blog\/wp-json\/wp\/v2\/posts\/31653\/revisions"}],"wp:attachment":[{"href":"https:\/\/www.visit-ulcinj.com\/blog\/wp-json\/wp\/v2\/media?parent=31653"}],"wp:term":[{"taxonomy":"category","embeddable":true,"href":"https:\/\/www.visit-ulcinj.com\/blog\/wp-json\/wp\/v2\/categories?post=31653"},{"taxonomy":"post_tag","embeddable":true,"href":"https:\/\/www.visit-ulcinj.com\/blog\/wp-json\/wp\/v2\/tags?post=31653"}],"curies":[{"name":"wp","href":"https:\/\/api.w.org\/{rel}","templated":true}]}}