{"id":31694,"date":"2010-04-05T14:58:12","date_gmt":"2010-04-05T12:58:12","guid":{"rendered":"http:\/\/www.visit-ulcinj.com\/blog\/?p=31694"},"modified":"2010-04-14T19:54:57","modified_gmt":"2010-04-14T17:54:57","slug":"svecano-obiljezen-dan-opstine-ulcinj","status":"publish","type":"post","link":"https:\/\/www.visit-ulcinj.com\/blog\/2010\/04\/05\/svecano-obiljezen-dan-opstine-ulcinj\/","title":{"rendered":"SVE?ANO OBILjE\u017dEN DAN OP\u0160TINE ULCINj"},"content":{"rendered":"<p><strong><a href=\"http:\/\/www.visit-ulcinj.com\/blog\/wp-content\/uploads\/2010\/04\/Koncert-na-Trgu-masline-u-Ulcinju.JPG\"><img loading=\"lazy\" class=\"alignleft size-full wp-image-31695\" title=\"Koncert na Trgu masline u Ulcinju\" src=\"http:\/\/www.visit-ulcinj.com\/blog\/wp-content\/uploads\/2010\/04\/Koncert-na-Trgu-masline-u-Ulcinju.JPG\" alt=\"Koncert na Trgu masline u Ulcinju\" width=\"580\" height=\"400\" \/><\/a>Gradi?e kapitalne objekte<\/strong><\/p>\n<p>Most na Port Mileni, ?ija ?e izgradnja ko\u0161tati 18 miliona, jedan je  od kapitalnih objekata. Od turizma o?ekujemo mnogo. Ponosni smo na  me?unarodno priznanje koje je pripalo Ulcinju \u2013 rekao je Hajdinaga<\/p>\n<p>Ulcinj &#8211; Crnogorskom himnom \u201eOj svijetla majska zoro\u201c, ju?e je u  velikoj dvorani Doma kulture, najavljen po?etak sve?ane sjednice  Skup\u0161tine op\u0161tine, kojom je obilje\u017een Dan op\u0161tine Ulcinj. Prva subota u  aprilu od strane svih gra?ana prihva?ena je kao dan op\u0161tine &#8211;  dan kada  se u na\u0161oj najju\u017enijoj op\u0161tini ozna?ava zavr\u0161etak berbe masline i  izlaska ulcinjskih moreplovaca na more. Pored op\u0161tinskog rukovodstva i  odbornika SO Ulcinj sve?anosti su, uz predstavnike dr\u017eavnog i lokalnog  privrednog i kulturnog \u017eivota, prisustvovali i predsjednik Crne Gore  Filip Vujanovi?, ministri u Vladi, predsjednici nekoliko crnogorskih  op\u0161tina, predstavnici diplomatskog kora i bratskih i prijateljskih  gradova sa podru?ja biv\u0161e Jugoslavije i Albanije.<\/p>\n<p>&#8211; Anga\u017eovani smo na mnogim podru?jima i aktivnostima koje su  imale za cilj blagostanje gra?ana i konstituisanje Ulcinja u moderan i  perspektivan grad. Nastavili smo pozitivan trend na planu prostornog  ure?enja na\u0161e op\u0161tine. Posebno bih izdvojio urbanisti?ko-prostorni plan,  kapitalni projekat koji realizujemo u saradnji sa Ministarstvom  ure?enja prostora &#8211; rekao je Gzim Hajdinaga, predsjednik op\u0161tine Ulcinj,  na  sve?anoj sjednici.<\/p>\n<p>&#8211; Izgradnja infrastrukture bila je i ostala na\u0161 prioritet.  Izgradnju mnogih puteva smo ve? realizovali, a u planu je nastavak.  Poslije desetak godina ponovo smo osposobili jedan od simbola grada tzv.  ?esmu sa stepeni\u0161tem. Sa posebnim zadovoljstvom najavljujem projekat  mosta na Port Mileni, za koji je objavljen tender, a ?ija ?e izgradnja  ko\u0161tati 18 miliona eura i bi?e jedinstven. Most ?e imati ?etiri trake i  pokretni dio. Na taj na?in ?e se ostvariti davna\u0161nji san na\u0161ih predaka  da kanal Port Milena bude plovan &#8211; istakao je predsjednik op\u0161tine Ulcinj  najavljuju?i uskoro postavljanje kamena temeljca  za taj objekat. Uz to  objavljen je tender i za izgradnju saobra?ajnice Ulcinj \u2013 Sukobin, koji  ima poseban zna?aj zbog grani?nog prelaza za Albaniju.<\/p>\n<p>&#8211; Turizam jeste i ostaje va\u017ena oblast za sve nas, a i lani smo  imali zavidne rezultate. Uspjeli smo da vratimo na\u0161e stare goste i  otvorimo neka nova tr\u017ei\u0161ta. Ponosni smo \u0161to je na\u0161 grad progla\u0161en za  najbolji grad multikulture Crne Gore &#8211; kazao je Hajdinaga i podsjetio da  je dan uo?i proslave Dana op\u0161tine u tom gradu otvoren dnevni centar za  djecu sa smetnjama u razvoju. On je najavio sadnju palmi kojima ?e biti  ukra\u0161en ovaj turisti?ki centar.<\/p>\n<p>Vujanovi?: Uvjeren sam u prosperitet Ulcinja<\/p>\n<p>&#8211; Gra?anima Ulcinja, odbornicima, predsjedniku Skup\u0161tine i  predsjedniku op\u0161tine, gospodinu Hajdinagi ?estitam praznik i iskazujem  po\u0161tovanje za sve ono \u0161to su u?inili izme?u dva praznika. Posebno  izra\u017eavam uvjerenje da ?e projekti koji su planirani realizovati se u  jednoj dobroj dinamici i uz dobru komunikaciju sa Vladom i svima iz  me?unarodnih organizacija koje ih poma\u017eu. Posebno me raduje dobra  priprema turisti?ke sezone. Uvjeren sam da ?e ona biti kvalitetna i da  ?e biti na dobro svih gra?ana Ulcinja. Uvjeren sam i u prosperitet  Ulcinja i u maksimalno kori\u0161?enje svih resursa. Koristim priliku da  ?estitam lokalnoj upravi na svemu onome \u0161to je uradila u korist Ulcinja i  Crne Gore \u2013 izjavio je predsjednik Crne Gore Filip Vujanovi?.<\/p>\n<p><a href=\"http:\/\/www.pobjeda.co.me\/citanje.php?datum=2010-04-04&amp;id=182603\" target=\"_blank\"><strong>Pobjeda<\/strong><\/a><br \/>\n\n\t\t<style type=\"text\/css\">\n\t\t\t#gallery-1 {\n\t\t\t\tmargin: auto;\n\t\t\t}\n\t\t\t#gallery-1 .gallery-item {\n\t\t\t\tfloat: left;\n\t\t\t\tmargin-top: 10px;\n\t\t\t\ttext-align: center;\n\t\t\t\twidth: 33%;\n\t\t\t}\n\t\t\t#gallery-1 img {\n\t\t\t\tborder: 2px solid #cfcfcf;\n\t\t\t}\n\t\t\t#gallery-1 .gallery-caption {\n\t\t\t\tmargin-left: 0;\n\t\t\t}\n\t\t\t\/* see gallery_shortcode() in wp-includes\/media.php *\/\n\t\t<\/style>\n\t\t<div id='gallery-1' class='gallery galleryid-31694 gallery-columns-3 gallery-size-thumbnail'><dl class='gallery-item'>\n\t\t\t<dt class='gallery-icon landscape'>\n\t\t\t\t<a href='https:\/\/www.visit-ulcinj.com\/blog\/wp-content\/uploads\/2010\/04\/Koncert-na-Trgu-masline-u-Ulcinju.JPG'><img width=\"150\" height=\"150\" src=\"https:\/\/www.visit-ulcinj.com\/blog\/wp-content\/uploads\/2010\/04\/Koncert-na-Trgu-masline-u-Ulcinju-150x150.jpg\" class=\"attachment-thumbnail size-thumbnail\" alt=\"\" loading=\"lazy\" \/><\/a>\n\t\t\t<\/dt><\/dl><dl class='gallery-item'>\n\t\t\t<dt class='gallery-icon landscape'>\n\t\t\t\t<a href='https:\/\/www.visit-ulcinj.com\/blog\/wp-content\/uploads\/2010\/04\/Koncert-na-Trgu-masline-u-Ulcinju.1.JPG'><img width=\"150\" height=\"150\" src=\"https:\/\/www.visit-ulcinj.com\/blog\/wp-content\/uploads\/2010\/04\/Koncert-na-Trgu-masline-u-Ulcinju.1-150x150.jpg\" class=\"attachment-thumbnail size-thumbnail\" alt=\"\" loading=\"lazy\" \/><\/a>\n\t\t\t<\/dt><\/dl><dl class='gallery-item'>\n\t\t\t<dt class='gallery-icon landscape'>\n\t\t\t\t<a href='https:\/\/www.visit-ulcinj.com\/blog\/wp-content\/uploads\/2010\/04\/Koncert-na-Trgu-masline-u-Ulcinju.2.JPG'><img width=\"150\" height=\"150\" src=\"https:\/\/www.visit-ulcinj.com\/blog\/wp-content\/uploads\/2010\/04\/Koncert-na-Trgu-masline-u-Ulcinju.2-150x150.jpg\" class=\"attachment-thumbnail size-thumbnail\" alt=\"\" loading=\"lazy\" \/><\/a>\n\t\t\t<\/dt><\/dl><br style=\"clear: both\" \/><dl class='gallery-item'>\n\t\t\t<dt class='gallery-icon landscape'>\n\t\t\t\t<a href='https:\/\/www.visit-ulcinj.com\/blog\/wp-content\/uploads\/2010\/04\/Koncert-na-Trgu-masline-u-Ulcinju.3.JPG'><img width=\"150\" height=\"150\" src=\"https:\/\/www.visit-ulcinj.com\/blog\/wp-content\/uploads\/2010\/04\/Koncert-na-Trgu-masline-u-Ulcinju.3-150x150.jpg\" class=\"attachment-thumbnail size-thumbnail\" alt=\"\" loading=\"lazy\" \/><\/a>\n\t\t\t<\/dt><\/dl><dl class='gallery-item'>\n\t\t\t<dt class='gallery-icon landscape'>\n\t\t\t\t<a href='https:\/\/www.visit-ulcinj.com\/blog\/wp-content\/uploads\/2010\/04\/Koncert-na-Trgu-masline-u-Ulcinju.4.JPG'><img width=\"150\" height=\"150\" src=\"https:\/\/www.visit-ulcinj.com\/blog\/wp-content\/uploads\/2010\/04\/Koncert-na-Trgu-masline-u-Ulcinju.4-150x150.jpg\" class=\"attachment-thumbnail size-thumbnail\" alt=\"\" loading=\"lazy\" \/><\/a>\n\t\t\t<\/dt><\/dl><dl class='gallery-item'>\n\t\t\t<dt class='gallery-icon landscape'>\n\t\t\t\t<a href='https:\/\/www.visit-ulcinj.com\/blog\/wp-content\/uploads\/2010\/04\/Koncert-na-Trgu-masline-u-Ulcinju.5.JPG'><img width=\"150\" height=\"150\" src=\"https:\/\/www.visit-ulcinj.com\/blog\/wp-content\/uploads\/2010\/04\/Koncert-na-Trgu-masline-u-Ulcinju.5-150x150.jpg\" class=\"attachment-thumbnail size-thumbnail\" alt=\"\" loading=\"lazy\" \/><\/a>\n\t\t\t<\/dt><\/dl><br style=\"clear: both\" \/><dl class='gallery-item'>\n\t\t\t<dt class='gallery-icon landscape'>\n\t\t\t\t<a href='https:\/\/www.visit-ulcinj.com\/blog\/wp-content\/uploads\/2010\/04\/Koncert-na-Trgu-masline-u-Ulcinju.6.JPG'><img width=\"150\" height=\"150\" src=\"https:\/\/www.visit-ulcinj.com\/blog\/wp-content\/uploads\/2010\/04\/Koncert-na-Trgu-masline-u-Ulcinju.6-150x150.jpg\" class=\"attachment-thumbnail size-thumbnail\" alt=\"\" loading=\"lazy\" \/><\/a>\n\t\t\t<\/dt><\/dl><dl class='gallery-item'>\n\t\t\t<dt class='gallery-icon landscape'>\n\t\t\t\t<a href='https:\/\/www.visit-ulcinj.com\/blog\/wp-content\/uploads\/2010\/04\/Koncert-na-Trgu-masline-u-Ulcinju7.JPG'><img width=\"150\" height=\"150\" src=\"https:\/\/www.visit-ulcinj.com\/blog\/wp-content\/uploads\/2010\/04\/Koncert-na-Trgu-masline-u-Ulcinju7-150x150.jpg\" class=\"attachment-thumbnail size-thumbnail\" alt=\"\" loading=\"lazy\" \/><\/a>\n\t\t\t<\/dt><\/dl><dl class='gallery-item'>\n\t\t\t<dt class='gallery-icon landscape'>\n\t\t\t\t<a href='https:\/\/www.visit-ulcinj.com\/blog\/wp-content\/uploads\/2010\/04\/Koncert-na-Trgu-masline-u-Ulcinju.8.JPG'><img width=\"150\" height=\"150\" src=\"https:\/\/www.visit-ulcinj.com\/blog\/wp-content\/uploads\/2010\/04\/Koncert-na-Trgu-masline-u-Ulcinju.8-150x150.jpg\" class=\"attachment-thumbnail size-thumbnail\" alt=\"\" loading=\"lazy\" \/><\/a>\n\t\t\t<\/dt><\/dl><br style=\"clear: both\" \/><dl class='gallery-item'>\n\t\t\t<dt class='gallery-icon '>\n\t\t\t\t<a href='https:\/\/www.visit-ulcinj.com\/blog\/wp-content\/uploads\/2010\/04\/SVE\u00c4\u0152ANO-OBILjE\u00c5\u00bdEN-DAN-OP\u00c5\u00a0TINE-ULCINj.JPG'><img width=\"1\" height=\"1\" src=\"https:\/\/www.visit-ulcinj.com\/blog\/wp-content\/uploads\/2010\/04\/SVE\u00c4\u0152ANO-OBILjE\u00c5\u00bdEN-DAN-OP\u00c5\u00a0TINE-ULCINj.JPG\" class=\"attachment-thumbnail size-thumbnail\" alt=\"\" loading=\"lazy\" \/><\/a>\n\t\t\t<\/dt><\/dl><dl class='gallery-item'>\n\t\t\t<dt class='gallery-icon '>\n\t\t\t\t<a href='https:\/\/www.visit-ulcinj.com\/blog\/wp-content\/uploads\/2010\/04\/SVE\u00c4\u0152ANO-OBILjE\u00c5\u00bdEN-DAN-OP\u00c5\u00a0TINE-ULCINj.1.JPG'><img width=\"1\" height=\"1\" src=\"https:\/\/www.visit-ulcinj.com\/blog\/wp-content\/uploads\/2010\/04\/SVE\u00c4\u0152ANO-OBILjE\u00c5\u00bdEN-DAN-OP\u00c5\u00a0TINE-ULCINj.1.JPG\" class=\"attachment-thumbnail size-thumbnail\" alt=\"\" loading=\"lazy\" \/><\/a>\n\t\t\t<\/dt><\/dl><dl class='gallery-item'>\n\t\t\t<dt class='gallery-icon '>\n\t\t\t\t<a href='https:\/\/www.visit-ulcinj.com\/blog\/wp-content\/uploads\/2010\/04\/SVE\u00c4\u0152ANO-OBILjE\u00c5\u00bdEN-DAN-OP\u00c5\u00a0TINE-ULCINj.2.JPG'><img width=\"1\" height=\"1\" src=\"https:\/\/www.visit-ulcinj.com\/blog\/wp-content\/uploads\/2010\/04\/SVE\u00c4\u0152ANO-OBILjE\u00c5\u00bdEN-DAN-OP\u00c5\u00a0TINE-ULCINj.2.JPG\" class=\"attachment-thumbnail size-thumbnail\" alt=\"\" loading=\"lazy\" \/><\/a>\n\t\t\t<\/dt><\/dl><br style=\"clear: both\" \/><dl class='gallery-item'>\n\t\t\t<dt class='gallery-icon '>\n\t\t\t\t<a href='https:\/\/www.visit-ulcinj.com\/blog\/wp-content\/uploads\/2010\/04\/SVE\u00c4\u0152ANO-OBILjE\u00c5\u00bdEN-DAN-OP\u00c5\u00a0TINE-ULCINj.3.JPG'><img width=\"1\" height=\"1\" src=\"https:\/\/www.visit-ulcinj.com\/blog\/wp-content\/uploads\/2010\/04\/SVE\u00c4\u0152ANO-OBILjE\u00c5\u00bdEN-DAN-OP\u00c5\u00a0TINE-ULCINj.3.JPG\" class=\"attachment-thumbnail size-thumbnail\" alt=\"\" loading=\"lazy\" \/><\/a>\n\t\t\t<\/dt><\/dl><dl class='gallery-item'>\n\t\t\t<dt class='gallery-icon '>\n\t\t\t\t<a href='https:\/\/www.visit-ulcinj.com\/blog\/wp-content\/uploads\/2010\/04\/SVE\u00c4\u0152ANO-OBILjE\u00c5\u00bdEN-DAN-OP\u00c5\u00a0TINE-ULCINj.4.JPG'><img width=\"1\" height=\"1\" src=\"https:\/\/www.visit-ulcinj.com\/blog\/wp-content\/uploads\/2010\/04\/SVE\u00c4\u0152ANO-OBILjE\u00c5\u00bdEN-DAN-OP\u00c5\u00a0TINE-ULCINj.4.JPG\" class=\"attachment-thumbnail size-thumbnail\" alt=\"\" loading=\"lazy\" \/><\/a>\n\t\t\t<\/dt><\/dl><dl class='gallery-item'>\n\t\t\t<dt class='gallery-icon '>\n\t\t\t\t<a href='https:\/\/www.visit-ulcinj.com\/blog\/wp-content\/uploads\/2010\/04\/SVE\u00c4\u0152ANO-OBILjE\u00c5\u00bdEN-DAN-OP\u00c5\u00a0TINE-ULCINj.5.JPG'><img width=\"1\" height=\"1\" src=\"https:\/\/www.visit-ulcinj.com\/blog\/wp-content\/uploads\/2010\/04\/SVE\u00c4\u0152ANO-OBILjE\u00c5\u00bdEN-DAN-OP\u00c5\u00a0TINE-ULCINj.5.JPG\" class=\"attachment-thumbnail size-thumbnail\" alt=\"\" loading=\"lazy\" \/><\/a>\n\t\t\t<\/dt><\/dl><br style=\"clear: both\" \/><dl class='gallery-item'>\n\t\t\t<dt class='gallery-icon '>\n\t\t\t\t<a href='https:\/\/www.visit-ulcinj.com\/blog\/wp-content\/uploads\/2010\/04\/SVE\u00c4\u0152ANO-OBILjE\u00c5\u00bdEN-DAN-OP\u00c5\u00a0TINE-ULCINj.6.JPG'><img width=\"1\" height=\"1\" src=\"https:\/\/www.visit-ulcinj.com\/blog\/wp-content\/uploads\/2010\/04\/SVE\u00c4\u0152ANO-OBILjE\u00c5\u00bdEN-DAN-OP\u00c5\u00a0TINE-ULCINj.6.JPG\" class=\"attachment-thumbnail size-thumbnail\" alt=\"\" loading=\"lazy\" \/><\/a>\n\t\t\t<\/dt><\/dl><dl class='gallery-item'>\n\t\t\t<dt class='gallery-icon '>\n\t\t\t\t<a href='https:\/\/www.visit-ulcinj.com\/blog\/wp-content\/uploads\/2010\/04\/SVE\u00c4\u0152ANO-OBILjE\u00c5\u00bdEN-DAN-OP\u00c5\u00a0TINE-ULCINj.7.JPG'><img width=\"1\" height=\"1\" src=\"https:\/\/www.visit-ulcinj.com\/blog\/wp-content\/uploads\/2010\/04\/SVE\u00c4\u0152ANO-OBILjE\u00c5\u00bdEN-DAN-OP\u00c5\u00a0TINE-ULCINj.7.JPG\" class=\"attachment-thumbnail size-thumbnail\" alt=\"\" loading=\"lazy\" \/><\/a>\n\t\t\t<\/dt><\/dl><dl class='gallery-item'>\n\t\t\t<dt class='gallery-icon '>\n\t\t\t\t<a href='https:\/\/www.visit-ulcinj.com\/blog\/wp-content\/uploads\/2010\/04\/SVE\u00c4\u0152ANO-OBILjE\u00c5\u00bdEN-DAN-OP\u00c5\u00a0TINE-ULCINj.8.JPG'><img width=\"1\" height=\"1\" src=\"https:\/\/www.visit-ulcinj.com\/blog\/wp-content\/uploads\/2010\/04\/SVE\u00c4\u0152ANO-OBILjE\u00c5\u00bdEN-DAN-OP\u00c5\u00a0TINE-ULCINj.8.JPG\" class=\"attachment-thumbnail size-thumbnail\" alt=\"\" loading=\"lazy\" \/><\/a>\n\t\t\t<\/dt><\/dl><br style=\"clear: both\" \/><dl class='gallery-item'>\n\t\t\t<dt class='gallery-icon '>\n\t\t\t\t<a href='https:\/\/www.visit-ulcinj.com\/blog\/wp-content\/uploads\/2010\/04\/SVE\u00c4\u0152ANO-OBILjE\u00c5\u00bdEN-DAN-OP\u00c5\u00a0TINE-ULCINj.9.JPG'><img width=\"1\" height=\"1\" src=\"https:\/\/www.visit-ulcinj.com\/blog\/wp-content\/uploads\/2010\/04\/SVE\u00c4\u0152ANO-OBILjE\u00c5\u00bdEN-DAN-OP\u00c5\u00a0TINE-ULCINj.9.JPG\" class=\"attachment-thumbnail size-thumbnail\" alt=\"\" loading=\"lazy\" \/><\/a>\n\t\t\t<\/dt><\/dl><dl class='gallery-item'>\n\t\t\t<dt class='gallery-icon '>\n\t\t\t\t<a href='https:\/\/www.visit-ulcinj.com\/blog\/wp-content\/uploads\/2010\/04\/SVE\u00c4\u0152ANO-OBILjE\u00c5\u00bdEN-DAN-OP\u00c5\u00a0TINE-ULCINj.10.JPG'><img width=\"1\" height=\"1\" src=\"https:\/\/www.visit-ulcinj.com\/blog\/wp-content\/uploads\/2010\/04\/SVE\u00c4\u0152ANO-OBILjE\u00c5\u00bdEN-DAN-OP\u00c5\u00a0TINE-ULCINj.10.JPG\" class=\"attachment-thumbnail size-thumbnail\" alt=\"\" loading=\"lazy\" \/><\/a>\n\t\t\t<\/dt><\/dl><dl class='gallery-item'>\n\t\t\t<dt class='gallery-icon '>\n\t\t\t\t<a href='https:\/\/www.visit-ulcinj.com\/blog\/wp-content\/uploads\/2010\/04\/SVE\u00c4\u0152ANO-OBILjE\u00c5\u00bdEN-DAN-OP\u00c5\u00a0TINE-ULCINj.11.JPG'><img width=\"1\" height=\"1\" src=\"https:\/\/www.visit-ulcinj.com\/blog\/wp-content\/uploads\/2010\/04\/SVE\u00c4\u0152ANO-OBILjE\u00c5\u00bdEN-DAN-OP\u00c5\u00a0TINE-ULCINj.11.JPG\" class=\"attachment-thumbnail size-thumbnail\" alt=\"\" loading=\"lazy\" \/><\/a>\n\t\t\t<\/dt><\/dl><br style=\"clear: both\" \/><dl class='gallery-item'>\n\t\t\t<dt class='gallery-icon '>\n\t\t\t\t<a href='https:\/\/www.visit-ulcinj.com\/blog\/wp-content\/uploads\/2010\/04\/SVE\u00c4\u0152ANO-OBILjE\u00c5\u00bdEN-DAN-OP\u00c5\u00a0TINE-ULCINj.12.JPG'><img width=\"1\" height=\"1\" src=\"https:\/\/www.visit-ulcinj.com\/blog\/wp-content\/uploads\/2010\/04\/SVE\u00c4\u0152ANO-OBILjE\u00c5\u00bdEN-DAN-OP\u00c5\u00a0TINE-ULCINj.12.JPG\" class=\"attachment-thumbnail size-thumbnail\" alt=\"\" loading=\"lazy\" \/><\/a>\n\t\t\t<\/dt><\/dl><dl class='gallery-item'>\n\t\t\t<dt class='gallery-icon '>\n\t\t\t\t<a href='https:\/\/www.visit-ulcinj.com\/blog\/wp-content\/uploads\/2010\/04\/SVE\u00c4\u0152ANO-OBILjE\u00c5\u00bdEN-DAN-OP\u00c5\u00a0TINE-ULCINj.13.JPG'><img width=\"1\" height=\"1\" src=\"https:\/\/www.visit-ulcinj.com\/blog\/wp-content\/uploads\/2010\/04\/SVE\u00c4\u0152ANO-OBILjE\u00c5\u00bdEN-DAN-OP\u00c5\u00a0TINE-ULCINj.13.JPG\" class=\"attachment-thumbnail size-thumbnail\" alt=\"\" loading=\"lazy\" \/><\/a>\n\t\t\t<\/dt><\/dl><dl class='gallery-item'>\n\t\t\t<dt class='gallery-icon '>\n\t\t\t\t<a href='https:\/\/www.visit-ulcinj.com\/blog\/wp-content\/uploads\/2010\/04\/SVE\u00c4\u0152ANO-OBILjE\u00c5\u00bdEN-DAN-OP\u00c5\u00a0TINE-ULCINj.14.JPG'><img width=\"1\" height=\"1\" src=\"https:\/\/www.visit-ulcinj.com\/blog\/wp-content\/uploads\/2010\/04\/SVE\u00c4\u0152ANO-OBILjE\u00c5\u00bdEN-DAN-OP\u00c5\u00a0TINE-ULCINj.14.JPG\" class=\"attachment-thumbnail size-thumbnail\" alt=\"\" loading=\"lazy\" \/><\/a>\n\t\t\t<\/dt><\/dl><br style=\"clear: both\" \/><dl class='gallery-item'>\n\t\t\t<dt class='gallery-icon '>\n\t\t\t\t<a href='https:\/\/www.visit-ulcinj.com\/blog\/wp-content\/uploads\/2010\/04\/SVE\u00c4\u0152ANO-OBILjE\u00c5\u00bdEN-DAN-OP\u00c5\u00a0TINE-ULCINj.15.JPG'><img width=\"1\" height=\"1\" src=\"https:\/\/www.visit-ulcinj.com\/blog\/wp-content\/uploads\/2010\/04\/SVE\u00c4\u0152ANO-OBILjE\u00c5\u00bdEN-DAN-OP\u00c5\u00a0TINE-ULCINj.15.JPG\" class=\"attachment-thumbnail size-thumbnail\" alt=\"\" loading=\"lazy\" \/><\/a>\n\t\t\t<\/dt><\/dl><dl class='gallery-item'>\n\t\t\t<dt class='gallery-icon '>\n\t\t\t\t<a href='https:\/\/www.visit-ulcinj.com\/blog\/wp-content\/uploads\/2010\/04\/SVE\u00c4\u0152ANO-OBILjE\u00c5\u00bdEN-DAN-OP\u00c5\u00a0TINE-ULCINj.16.JPG'><img width=\"1\" height=\"1\" src=\"https:\/\/www.visit-ulcinj.com\/blog\/wp-content\/uploads\/2010\/04\/SVE\u00c4\u0152ANO-OBILjE\u00c5\u00bdEN-DAN-OP\u00c5\u00a0TINE-ULCINj.16.JPG\" class=\"attachment-thumbnail size-thumbnail\" alt=\"\" loading=\"lazy\" \/><\/a>\n\t\t\t<\/dt><\/dl><dl class='gallery-item'>\n\t\t\t<dt class='gallery-icon '>\n\t\t\t\t<a href='https:\/\/www.visit-ulcinj.com\/blog\/wp-content\/uploads\/2010\/04\/SVE\u00c4\u0152ANO-OBILjE\u00c5\u00bdEN-DAN-OP\u00c5\u00a0TINE-ULCINj.17.JPG'><img width=\"1\" height=\"1\" src=\"https:\/\/www.visit-ulcinj.com\/blog\/wp-content\/uploads\/2010\/04\/SVE\u00c4\u0152ANO-OBILjE\u00c5\u00bdEN-DAN-OP\u00c5\u00a0TINE-ULCINj.17.JPG\" class=\"attachment-thumbnail size-thumbnail\" alt=\"\" loading=\"lazy\" \/><\/a>\n\t\t\t<\/dt><\/dl><br style=\"clear: both\" \/><dl class='gallery-item'>\n\t\t\t<dt class='gallery-icon '>\n\t\t\t\t<a href='https:\/\/www.visit-ulcinj.com\/blog\/wp-content\/uploads\/2010\/04\/SVE\u00c4\u0152ANO-OBILjE\u00c5\u00bdEN-DAN-OP\u00c5\u00a0TINE-ULCINj.18.JPG'><img width=\"1\" height=\"1\" src=\"https:\/\/www.visit-ulcinj.com\/blog\/wp-content\/uploads\/2010\/04\/SVE\u00c4\u0152ANO-OBILjE\u00c5\u00bdEN-DAN-OP\u00c5\u00a0TINE-ULCINj.18.JPG\" class=\"attachment-thumbnail size-thumbnail\" alt=\"\" loading=\"lazy\" \/><\/a>\n\t\t\t<\/dt><\/dl><dl class='gallery-item'>\n\t\t\t<dt class='gallery-icon '>\n\t\t\t\t<a href='https:\/\/www.visit-ulcinj.com\/blog\/wp-content\/uploads\/2010\/04\/SVE\u00c4\u0152ANO-OBILjE\u00c5\u00bdEN-DAN-OP\u00c5\u00a0TINE-ULCINj.19.JPG'><img width=\"1\" height=\"1\" src=\"https:\/\/www.visit-ulcinj.com\/blog\/wp-content\/uploads\/2010\/04\/SVE\u00c4\u0152ANO-OBILjE\u00c5\u00bdEN-DAN-OP\u00c5\u00a0TINE-ULCINj.19.JPG\" class=\"attachment-thumbnail size-thumbnail\" alt=\"\" loading=\"lazy\" \/><\/a>\n\t\t\t<\/dt><\/dl><dl class='gallery-item'>\n\t\t\t<dt class='gallery-icon '>\n\t\t\t\t<a href='https:\/\/www.visit-ulcinj.com\/blog\/wp-content\/uploads\/2010\/04\/SVE\u00c4\u0152ANO-OBILjE\u00c5\u00bdEN-DAN-OP\u00c5\u00a0TINE-ULCINj.20.JPG'><img width=\"1\" height=\"1\" src=\"https:\/\/www.visit-ulcinj.com\/blog\/wp-content\/uploads\/2010\/04\/SVE\u00c4\u0152ANO-OBILjE\u00c5\u00bdEN-DAN-OP\u00c5\u00a0TINE-ULCINj.20.JPG\" class=\"attachment-thumbnail size-thumbnail\" alt=\"\" loading=\"lazy\" \/><\/a>\n\t\t\t<\/dt><\/dl><br style=\"clear: both\" \/><dl class='gallery-item'>\n\t\t\t<dt class='gallery-icon '>\n\t\t\t\t<a href='https:\/\/www.visit-ulcinj.com\/blog\/wp-content\/uploads\/2010\/04\/SVE\u00c4\u0152ANO-OBILjE\u00c5\u00bdEN-DAN-OP\u00c5\u00a0TINE-ULCINj.21.JPG'><img width=\"1\" height=\"1\" src=\"https:\/\/www.visit-ulcinj.com\/blog\/wp-content\/uploads\/2010\/04\/SVE\u00c4\u0152ANO-OBILjE\u00c5\u00bdEN-DAN-OP\u00c5\u00a0TINE-ULCINj.21.JPG\" class=\"attachment-thumbnail size-thumbnail\" alt=\"\" loading=\"lazy\" \/><\/a>\n\t\t\t<\/dt><\/dl><dl class='gallery-item'>\n\t\t\t<dt class='gallery-icon '>\n\t\t\t\t<a href='https:\/\/www.visit-ulcinj.com\/blog\/wp-content\/uploads\/2010\/04\/SVE\u00c4\u0152ANO-OBILjE\u00c5\u00bdEN-DAN-OP\u00c5\u00a0TINE-ULCINj.22.JPG'><img width=\"1\" height=\"1\" src=\"https:\/\/www.visit-ulcinj.com\/blog\/wp-content\/uploads\/2010\/04\/SVE\u00c4\u0152ANO-OBILjE\u00c5\u00bdEN-DAN-OP\u00c5\u00a0TINE-ULCINj.22.JPG\" class=\"attachment-thumbnail size-thumbnail\" alt=\"\" loading=\"lazy\" \/><\/a>\n\t\t\t<\/dt><\/dl><dl class='gallery-item'>\n\t\t\t<dt class='gallery-icon '>\n\t\t\t\t<a href='https:\/\/www.visit-ulcinj.com\/blog\/wp-content\/uploads\/2010\/04\/SVE\u00c4\u0152ANO-OBILjE\u00c5\u00bdEN-DAN-OP\u00c5\u00a0TINE-ULCINj.23.JPG'><img width=\"1\" height=\"1\" src=\"https:\/\/www.visit-ulcinj.com\/blog\/wp-content\/uploads\/2010\/04\/SVE\u00c4\u0152ANO-OBILjE\u00c5\u00bdEN-DAN-OP\u00c5\u00a0TINE-ULCINj.23.JPG\" class=\"attachment-thumbnail size-thumbnail\" alt=\"\" loading=\"lazy\" \/><\/a>\n\t\t\t<\/dt><\/dl><br style=\"clear: both\" \/><dl class='gallery-item'>\n\t\t\t<dt class='gallery-icon '>\n\t\t\t\t<a href='https:\/\/www.visit-ulcinj.com\/blog\/wp-content\/uploads\/2010\/04\/SVE\u00c4\u0152ANO-OBILjE\u00c5\u00bdEN-DAN-OP\u00c5\u00a0TINE-ULCINj.24.JPG'><img width=\"1\" height=\"1\" src=\"https:\/\/www.visit-ulcinj.com\/blog\/wp-content\/uploads\/2010\/04\/SVE\u00c4\u0152ANO-OBILjE\u00c5\u00bdEN-DAN-OP\u00c5\u00a0TINE-ULCINj.24.JPG\" class=\"attachment-thumbnail size-thumbnail\" alt=\"\" loading=\"lazy\" \/><\/a>\n\t\t\t<\/dt><\/dl><dl class='gallery-item'>\n\t\t\t<dt class='gallery-icon '>\n\t\t\t\t<a href='https:\/\/www.visit-ulcinj.com\/blog\/wp-content\/uploads\/2010\/04\/SVE\u00c4\u0152ANO-OBILjE\u00c5\u00bdEN-DAN-OP\u00c5\u00a0TINE-ULCINj.25.JPG'><img width=\"1\" height=\"1\" src=\"https:\/\/www.visit-ulcinj.com\/blog\/wp-content\/uploads\/2010\/04\/SVE\u00c4\u0152ANO-OBILjE\u00c5\u00bdEN-DAN-OP\u00c5\u00a0TINE-ULCINj.25.JPG\" class=\"attachment-thumbnail size-thumbnail\" alt=\"\" loading=\"lazy\" \/><\/a>\n\t\t\t<\/dt><\/dl><dl class='gallery-item'>\n\t\t\t<dt class='gallery-icon '>\n\t\t\t\t<a href='https:\/\/www.visit-ulcinj.com\/blog\/wp-content\/uploads\/2010\/04\/SVE\u00c4\u0152ANO-OBILjE\u00c5\u00bdEN-DAN-OP\u00c5\u00a0TINE-ULCINj.26.JPG'><img width=\"1\" height=\"1\" src=\"https:\/\/www.visit-ulcinj.com\/blog\/wp-content\/uploads\/2010\/04\/SVE\u00c4\u0152ANO-OBILjE\u00c5\u00bdEN-DAN-OP\u00c5\u00a0TINE-ULCINj.26.JPG\" class=\"attachment-thumbnail size-thumbnail\" alt=\"\" loading=\"lazy\" \/><\/a>\n\t\t\t<\/dt><\/dl><br style=\"clear: both\" \/><dl class='gallery-item'>\n\t\t\t<dt class='gallery-icon '>\n\t\t\t\t<a href='https:\/\/www.visit-ulcinj.com\/blog\/wp-content\/uploads\/2010\/04\/SVE\u00c4\u0152ANO-OBILjE\u00c5\u00bdEN-DAN-OP\u00c5\u00a0TINE-ULCINj.27.JPG'><img width=\"1\" height=\"1\" src=\"https:\/\/www.visit-ulcinj.com\/blog\/wp-content\/uploads\/2010\/04\/SVE\u00c4\u0152ANO-OBILjE\u00c5\u00bdEN-DAN-OP\u00c5\u00a0TINE-ULCINj.27.JPG\" class=\"attachment-thumbnail size-thumbnail\" alt=\"\" loading=\"lazy\" \/><\/a>\n\t\t\t<\/dt><\/dl><dl class='gallery-item'>\n\t\t\t<dt class='gallery-icon '>\n\t\t\t\t<a href='https:\/\/www.visit-ulcinj.com\/blog\/wp-content\/uploads\/2010\/04\/SVE\u00c4\u0152ANO-OBILjE\u00c5\u00bdEN-DAN-OP\u00c5\u00a0TINE-ULCINj.28.JPG'><img width=\"1\" height=\"1\" src=\"https:\/\/www.visit-ulcinj.com\/blog\/wp-content\/uploads\/2010\/04\/SVE\u00c4\u0152ANO-OBILjE\u00c5\u00bdEN-DAN-OP\u00c5\u00a0TINE-ULCINj.28.JPG\" class=\"attachment-thumbnail size-thumbnail\" alt=\"\" loading=\"lazy\" \/><\/a>\n\t\t\t<\/dt><\/dl><dl class='gallery-item'>\n\t\t\t<dt class='gallery-icon '>\n\t\t\t\t<a href='https:\/\/www.visit-ulcinj.com\/blog\/wp-content\/uploads\/2010\/04\/SVE\u00c4\u0152ANO-OBILjE\u00c5\u00bdEN-DAN-OP\u00c5\u00a0TINE-ULCINj.29.JPG'><img width=\"1\" height=\"1\" src=\"https:\/\/www.visit-ulcinj.com\/blog\/wp-content\/uploads\/2010\/04\/SVE\u00c4\u0152ANO-OBILjE\u00c5\u00bdEN-DAN-OP\u00c5\u00a0TINE-ULCINj.29.JPG\" class=\"attachment-thumbnail size-thumbnail\" alt=\"\" loading=\"lazy\" \/><\/a>\n\t\t\t<\/dt><\/dl><br style=\"clear: both\" \/><dl class='gallery-item'>\n\t\t\t<dt class='gallery-icon '>\n\t\t\t\t<a href='https:\/\/www.visit-ulcinj.com\/blog\/wp-content\/uploads\/2010\/04\/SVE\u00c4\u0152ANO-OBILjE\u00c5\u00bdEN-DAN-OP\u00c5\u00a0TINE-ULCINj.30.JPG'><img width=\"1\" height=\"1\" src=\"https:\/\/www.visit-ulcinj.com\/blog\/wp-content\/uploads\/2010\/04\/SVE\u00c4\u0152ANO-OBILjE\u00c5\u00bdEN-DAN-OP\u00c5\u00a0TINE-ULCINj.30.JPG\" class=\"attachment-thumbnail size-thumbnail\" alt=\"\" loading=\"lazy\" \/><\/a>\n\t\t\t<\/dt><\/dl><dl class='gallery-item'>\n\t\t\t<dt class='gallery-icon '>\n\t\t\t\t<a href='https:\/\/www.visit-ulcinj.com\/blog\/wp-content\/uploads\/2010\/04\/SVE\u00c4\u0152ANO-OBILjE\u00c5\u00bdEN-DAN-OP\u00c5\u00a0TINE-ULCINj.31.JPG'><img width=\"1\" height=\"1\" src=\"https:\/\/www.visit-ulcinj.com\/blog\/wp-content\/uploads\/2010\/04\/SVE\u00c4\u0152ANO-OBILjE\u00c5\u00bdEN-DAN-OP\u00c5\u00a0TINE-ULCINj.31.JPG\" class=\"attachment-thumbnail size-thumbnail\" alt=\"\" loading=\"lazy\" \/><\/a>\n\t\t\t<\/dt><\/dl><dl class='gallery-item'>\n\t\t\t<dt class='gallery-icon '>\n\t\t\t\t<a href='https:\/\/www.visit-ulcinj.com\/blog\/wp-content\/uploads\/2010\/04\/SVE\u00c4\u0152ANO-OBILjE\u00c5\u00bdEN-DAN-OP\u00c5\u00a0TINE-ULCINj.32.JPG'><img width=\"1\" height=\"1\" src=\"https:\/\/www.visit-ulcinj.com\/blog\/wp-content\/uploads\/2010\/04\/SVE\u00c4\u0152ANO-OBILjE\u00c5\u00bdEN-DAN-OP\u00c5\u00a0TINE-ULCINj.32.JPG\" class=\"attachment-thumbnail size-thumbnail\" alt=\"\" loading=\"lazy\" \/><\/a>\n\t\t\t<\/dt><\/dl><br style=\"clear: both\" \/><dl class='gallery-item'>\n\t\t\t<dt class='gallery-icon '>\n\t\t\t\t<a href='https:\/\/www.visit-ulcinj.com\/blog\/wp-content\/uploads\/2010\/04\/SVE\u00c4\u0152ANO-OBILjE\u00c5\u00bdEN-DAN-OP\u00c5\u00a0TINE-ULCINj.33.JPG'><img width=\"1\" height=\"1\" src=\"https:\/\/www.visit-ulcinj.com\/blog\/wp-content\/uploads\/2010\/04\/SVE\u00c4\u0152ANO-OBILjE\u00c5\u00bdEN-DAN-OP\u00c5\u00a0TINE-ULCINj.33.JPG\" class=\"attachment-thumbnail size-thumbnail\" alt=\"\" loading=\"lazy\" \/><\/a>\n\t\t\t<\/dt><\/dl><dl class='gallery-item'>\n\t\t\t<dt class='gallery-icon '>\n\t\t\t\t<a href='https:\/\/www.visit-ulcinj.com\/blog\/wp-content\/uploads\/2010\/04\/SVE\u00c4\u0152ANO-OBILjE\u00c5\u00bdEN-DAN-OP\u00c5\u00a0TINE-ULCINj.34.JPG'><img width=\"1\" height=\"1\" src=\"https:\/\/www.visit-ulcinj.com\/blog\/wp-content\/uploads\/2010\/04\/SVE\u00c4\u0152ANO-OBILjE\u00c5\u00bdEN-DAN-OP\u00c5\u00a0TINE-ULCINj.34.JPG\" class=\"attachment-thumbnail size-thumbnail\" alt=\"\" loading=\"lazy\" \/><\/a>\n\t\t\t<\/dt><\/dl><dl class='gallery-item'>\n\t\t\t<dt class='gallery-icon '>\n\t\t\t\t<a href='https:\/\/www.visit-ulcinj.com\/blog\/wp-content\/uploads\/2010\/04\/SVE\u00c4\u0152ANO-OBILjE\u00c5\u00bdEN-DAN-OP\u00c5\u00a0TINE-ULCINj.35.JPG'><img width=\"1\" height=\"1\" src=\"https:\/\/www.visit-ulcinj.com\/blog\/wp-content\/uploads\/2010\/04\/SVE\u00c4\u0152ANO-OBILjE\u00c5\u00bdEN-DAN-OP\u00c5\u00a0TINE-ULCINj.35.JPG\" class=\"attachment-thumbnail size-thumbnail\" alt=\"\" loading=\"lazy\" \/><\/a>\n\t\t\t<\/dt><\/dl><br style=\"clear: both\" \/><dl class='gallery-item'>\n\t\t\t<dt class='gallery-icon '>\n\t\t\t\t<a href='https:\/\/www.visit-ulcinj.com\/blog\/wp-content\/uploads\/2010\/04\/SVE\u00c4\u0152ANO-OBILjE\u00c5\u00bdEN-DAN-OP\u00c5\u00a0TINE-ULCINj.36.JPG'><img width=\"1\" height=\"1\" src=\"https:\/\/www.visit-ulcinj.com\/blog\/wp-content\/uploads\/2010\/04\/SVE\u00c4\u0152ANO-OBILjE\u00c5\u00bdEN-DAN-OP\u00c5\u00a0TINE-ULCINj.36.JPG\" class=\"attachment-thumbnail size-thumbnail\" alt=\"\" loading=\"lazy\" \/><\/a>\n\t\t\t<\/dt><\/dl><dl class='gallery-item'>\n\t\t\t<dt class='gallery-icon '>\n\t\t\t\t<a href='https:\/\/www.visit-ulcinj.com\/blog\/wp-content\/uploads\/2010\/04\/SVE\u00c4\u0152ANO-OBILjE\u00c5\u00bdEN-DAN-OP\u00c5\u00a0TINE-ULCINj.37.JPG'><img width=\"1\" height=\"1\" src=\"https:\/\/www.visit-ulcinj.com\/blog\/wp-content\/uploads\/2010\/04\/SVE\u00c4\u0152ANO-OBILjE\u00c5\u00bdEN-DAN-OP\u00c5\u00a0TINE-ULCINj.37.JPG\" class=\"attachment-thumbnail size-thumbnail\" alt=\"\" loading=\"lazy\" \/><\/a>\n\t\t\t<\/dt><\/dl><dl class='gallery-item'>\n\t\t\t<dt class='gallery-icon '>\n\t\t\t\t<a href='https:\/\/www.visit-ulcinj.com\/blog\/wp-content\/uploads\/2010\/04\/SVE\u00c4\u0152ANO-OBILjE\u00c5\u00bdEN-DAN-OP\u00c5\u00a0TINE-ULCINj.38.JPG'><img width=\"1\" height=\"1\" src=\"https:\/\/www.visit-ulcinj.com\/blog\/wp-content\/uploads\/2010\/04\/SVE\u00c4\u0152ANO-OBILjE\u00c5\u00bdEN-DAN-OP\u00c5\u00a0TINE-ULCINj.38.JPG\" class=\"attachment-thumbnail size-thumbnail\" alt=\"\" loading=\"lazy\" \/><\/a>\n\t\t\t<\/dt><\/dl><br style=\"clear: both\" \/><dl class='gallery-item'>\n\t\t\t<dt class='gallery-icon '>\n\t\t\t\t<a href='https:\/\/www.visit-ulcinj.com\/blog\/wp-content\/uploads\/2010\/04\/SVE\u00c4\u0152ANO-OBILjE\u00c5\u00bdEN-DAN-OP\u00c5\u00a0TINE-ULCINj.39.JPG'><img width=\"1\" height=\"1\" src=\"https:\/\/www.visit-ulcinj.com\/blog\/wp-content\/uploads\/2010\/04\/SVE\u00c4\u0152ANO-OBILjE\u00c5\u00bdEN-DAN-OP\u00c5\u00a0TINE-ULCINj.39.JPG\" class=\"attachment-thumbnail size-thumbnail\" alt=\"\" loading=\"lazy\" \/><\/a>\n\t\t\t<\/dt><\/dl><dl class='gallery-item'>\n\t\t\t<dt class='gallery-icon '>\n\t\t\t\t<a href='https:\/\/www.visit-ulcinj.com\/blog\/wp-content\/uploads\/2010\/04\/SVE\u00c4\u0152ANO-OBILjE\u00c5\u00bdEN-DAN-OP\u00c5\u00a0TINE-ULCINj.40.JPG'><img width=\"1\" height=\"1\" src=\"https:\/\/www.visit-ulcinj.com\/blog\/wp-content\/uploads\/2010\/04\/SVE\u00c4\u0152ANO-OBILjE\u00c5\u00bdEN-DAN-OP\u00c5\u00a0TINE-ULCINj.40.JPG\" class=\"attachment-thumbnail size-thumbnail\" alt=\"\" loading=\"lazy\" \/><\/a>\n\t\t\t<\/dt><\/dl><dl class='gallery-item'>\n\t\t\t<dt class='gallery-icon '>\n\t\t\t\t<a href='https:\/\/www.visit-ulcinj.com\/blog\/wp-content\/uploads\/2010\/04\/SVE\u00c4\u0152ANO-OBILjE\u00c5\u00bdEN-DAN-OP\u00c5\u00a0TINE-ULCINj.41.JPG'><img width=\"1\" height=\"1\" src=\"https:\/\/www.visit-ulcinj.com\/blog\/wp-content\/uploads\/2010\/04\/SVE\u00c4\u0152ANO-OBILjE\u00c5\u00bdEN-DAN-OP\u00c5\u00a0TINE-ULCINj.41.JPG\" class=\"attachment-thumbnail size-thumbnail\" alt=\"\" loading=\"lazy\" \/><\/a>\n\t\t\t<\/dt><\/dl><br style=\"clear: both\" \/><dl class='gallery-item'>\n\t\t\t<dt class='gallery-icon '>\n\t\t\t\t<a href='https:\/\/www.visit-ulcinj.com\/blog\/wp-content\/uploads\/2010\/04\/SVE\u00c4\u0152ANO-OBILjE\u00c5\u00bdEN-DAN-OP\u00c5\u00a0TINE-ULCINj.42.JPG'><img width=\"1\" height=\"1\" src=\"https:\/\/www.visit-ulcinj.com\/blog\/wp-content\/uploads\/2010\/04\/SVE\u00c4\u0152ANO-OBILjE\u00c5\u00bdEN-DAN-OP\u00c5\u00a0TINE-ULCINj.42.JPG\" class=\"attachment-thumbnail size-thumbnail\" alt=\"\" loading=\"lazy\" \/><\/a>\n\t\t\t<\/dt><\/dl>\n\t\t\t<br style='clear: both' \/>\n\t\t<\/div>\n<br \/>\n[flv width=&#8221;580&#8243;  height=&#8221;400&#8243;]http:\/\/forca.me\/images\/stories\/videos\/shqip_1.flv[\/flv]<\/p>\n<p><strong><br \/>\n<\/strong><\/p>\n","protected":false},"excerpt":{"rendered":"<p>Gradi?e kapitalne objekte Most na Port Mileni, ?ija ?e izgradnja ko\u0161tati 18 miliona, jedan je od kapitalnih objekata. Od turizma o?ekujemo mnogo. Ponosni smo na me?unarodno priznanje koje je pripalo Ulcinju \u2013 rekao je Hajdinaga Ulcinj &#8211; Crnogorskom himnom \u201eOj svijetla majska zoro\u201c, ju?e je u velikoj dvorani Doma kulture, najavljen po?etak sve?ane sjednice Skup\u0161tine [&hellip;]<\/p>\n","protected":false},"author":1,"featured_media":0,"comment_status":"open","ping_status":"closed","sticky":false,"template":"","format":"standard","meta":{"spay_email":"","jetpack_publicize_message":"","jetpack_is_tweetstorm":false,"jetpack_publicize_feature_enabled":true},"categories":[1],"tags":[8714,19],"jetpack_publicize_connections":[],"yoast_head":"<!-- This site is optimized with the Yoast SEO plugin v19.1 - https:\/\/yoast.com\/wordpress\/plugins\/seo\/ -->\n<title>SVE?ANO OBILjE\u017dEN DAN OP\u0160TINE ULCINj - Lajme nga Ulqini<\/title>\n<meta name=\"description\" content=\"Gradi?e kapitalne objekte Most na Port Mileni, ?ija ?e izgradnja ko\u0161tati 18 miliona, jedan je od kapitalnih objekata. Od turizma o?ekujemo mnogo. Ponosni\" \/>\n<meta name=\"robots\" content=\"index, follow, max-snippet:-1, max-image-preview:large, max-video-preview:-1\" \/>\n<link rel=\"canonical\" href=\"https:\/\/www.visit-ulcinj.com\/blog\/2010\/04\/05\/svecano-obiljezen-dan-opstine-ulcinj\/\" \/>\n<meta property=\"og:locale\" content=\"en_US\" \/>\n<meta property=\"og:type\" content=\"article\" \/>\n<meta property=\"og:title\" content=\"SVE?ANO OBILjE\u017dEN DAN OP\u0160TINE ULCINj - Lajme nga Ulqini\" \/>\n<meta property=\"og:description\" content=\"Gradi?e kapitalne objekte Most na Port Mileni, ?ija ?e izgradnja ko\u0161tati 18 miliona, jedan je od kapitalnih objekata. Od turizma o?ekujemo mnogo. Ponosni\" \/>\n<meta property=\"og:url\" content=\"https:\/\/www.visit-ulcinj.com\/blog\/2010\/04\/05\/svecano-obiljezen-dan-opstine-ulcinj\/\" \/>\n<meta property=\"og:site_name\" content=\"Lajme nga Ulqini\" \/>\n<meta property=\"article:published_time\" content=\"2010-04-05T12:58:12+00:00\" \/>\n<meta property=\"article:modified_time\" content=\"2010-04-14T17:54:57+00:00\" \/>\n<meta property=\"og:image\" content=\"https:\/\/www.visit-ulcinj.com\/blog\/wp-content\/uploads\/2010\/04\/Koncert-na-Trgu-masline-u-Ulcinju-150x150.jpg\" \/>\n<meta name=\"twitter:label1\" content=\"Written by\" \/>\n\t<meta name=\"twitter:data1\" content=\"ulqini\" \/>\n\t<meta name=\"twitter:label2\" content=\"Est. reading time\" \/>\n\t<meta name=\"twitter:data2\" content=\"3 minutes\" \/>\n<script type=\"application\/ld+json\" class=\"yoast-schema-graph\">{\"@context\":\"https:\/\/schema.org\",\"@graph\":[{\"@type\":\"WebSite\",\"@id\":\"https:\/\/www.visit-ulcinj.com\/blog\/#website\",\"url\":\"https:\/\/www.visit-ulcinj.com\/blog\/\",\"name\":\"Lajme nga Ulqini\",\"description\":\"Lajme,Vijesti,Ulqini,Ulqin,Crna Gora,Mali i Zi\",\"potentialAction\":[{\"@type\":\"SearchAction\",\"target\":{\"@type\":\"EntryPoint\",\"urlTemplate\":\"https:\/\/www.visit-ulcinj.com\/blog\/?s={search_term_string}\"},\"query-input\":\"required name=search_term_string\"}],\"inLanguage\":\"en-US\"},{\"@type\":\"ImageObject\",\"inLanguage\":\"en-US\",\"@id\":\"https:\/\/www.visit-ulcinj.com\/blog\/2010\/04\/05\/svecano-obiljezen-dan-opstine-ulcinj\/#primaryimage\",\"url\":\"https:\/\/www.visit-ulcinj.com\/blog\/wp-content\/uploads\/2010\/04\/Koncert-na-Trgu-masline-u-Ulcinju.JPG\",\"contentUrl\":\"https:\/\/www.visit-ulcinj.com\/blog\/wp-content\/uploads\/2010\/04\/Koncert-na-Trgu-masline-u-Ulcinju.JPG\",\"width\":\"800\",\"height\":\"533\"},{\"@type\":\"WebPage\",\"@id\":\"https:\/\/www.visit-ulcinj.com\/blog\/2010\/04\/05\/svecano-obiljezen-dan-opstine-ulcinj\/#webpage\",\"url\":\"https:\/\/www.visit-ulcinj.com\/blog\/2010\/04\/05\/svecano-obiljezen-dan-opstine-ulcinj\/\",\"name\":\"SVE?ANO OBILjE\u017dEN DAN OP\u0160TINE ULCINj - Lajme nga Ulqini\",\"isPartOf\":{\"@id\":\"https:\/\/www.visit-ulcinj.com\/blog\/#website\"},\"primaryImageOfPage\":{\"@id\":\"https:\/\/www.visit-ulcinj.com\/blog\/2010\/04\/05\/svecano-obiljezen-dan-opstine-ulcinj\/#primaryimage\"},\"datePublished\":\"2010-04-05T12:58:12+00:00\",\"dateModified\":\"2010-04-14T17:54:57+00:00\",\"author\":{\"@id\":\"https:\/\/www.visit-ulcinj.com\/blog\/#\/schema\/person\/dcab619c614d3038751c63bc2aadc06d\"},\"description\":\"Gradi?e kapitalne objekte Most na Port Mileni, ?ija ?e izgradnja ko\u0161tati 18 miliona, jedan je od kapitalnih objekata. Od turizma o?ekujemo mnogo. Ponosni\",\"breadcrumb\":{\"@id\":\"https:\/\/www.visit-ulcinj.com\/blog\/2010\/04\/05\/svecano-obiljezen-dan-opstine-ulcinj\/#breadcrumb\"},\"inLanguage\":\"en-US\",\"potentialAction\":[{\"@type\":\"ReadAction\",\"target\":[\"https:\/\/www.visit-ulcinj.com\/blog\/2010\/04\/05\/svecano-obiljezen-dan-opstine-ulcinj\/\"]}]},{\"@type\":\"BreadcrumbList\",\"@id\":\"https:\/\/www.visit-ulcinj.com\/blog\/2010\/04\/05\/svecano-obiljezen-dan-opstine-ulcinj\/#breadcrumb\",\"itemListElement\":[{\"@type\":\"ListItem\",\"position\":1,\"name\":\"SVE?ANO OBILjE\u017dEN DAN OP\u0160TINE ULCINj\"}]},{\"@type\":\"Person\",\"@id\":\"https:\/\/www.visit-ulcinj.com\/blog\/#\/schema\/person\/dcab619c614d3038751c63bc2aadc06d\",\"name\":\"ulqini\",\"sameAs\":[\"http:\/\/www.visit-ulcinj.com\"],\"url\":\"https:\/\/www.visit-ulcinj.com\/blog\/author\/admin\/\"}]}<\/script>\n<!-- \/ Yoast SEO plugin. -->","yoast_head_json":{"title":"SVE?ANO OBILjE\u017dEN DAN OP\u0160TINE ULCINj - Lajme nga Ulqini","description":"Gradi?e kapitalne objekte Most na Port Mileni, ?ija ?e izgradnja ko\u0161tati 18 miliona, jedan je od kapitalnih objekata. Od turizma o?ekujemo mnogo. Ponosni","robots":{"index":"index","follow":"follow","max-snippet":"max-snippet:-1","max-image-preview":"max-image-preview:large","max-video-preview":"max-video-preview:-1"},"canonical":"https:\/\/www.visit-ulcinj.com\/blog\/2010\/04\/05\/svecano-obiljezen-dan-opstine-ulcinj\/","og_locale":"en_US","og_type":"article","og_title":"SVE?ANO OBILjE\u017dEN DAN OP\u0160TINE ULCINj - Lajme nga Ulqini","og_description":"Gradi?e kapitalne objekte Most na Port Mileni, ?ija ?e izgradnja ko\u0161tati 18 miliona, jedan je od kapitalnih objekata. Od turizma o?ekujemo mnogo. Ponosni","og_url":"https:\/\/www.visit-ulcinj.com\/blog\/2010\/04\/05\/svecano-obiljezen-dan-opstine-ulcinj\/","og_site_name":"Lajme nga Ulqini","article_published_time":"2010-04-05T12:58:12+00:00","article_modified_time":"2010-04-14T17:54:57+00:00","og_image":[{"url":"https:\/\/www.visit-ulcinj.com\/blog\/wp-content\/uploads\/2010\/04\/Koncert-na-Trgu-masline-u-Ulcinju-150x150.jpg"}],"twitter_misc":{"Written by":"ulqini","Est. reading time":"3 minutes"},"schema":{"@context":"https:\/\/schema.org","@graph":[{"@type":"WebSite","@id":"https:\/\/www.visit-ulcinj.com\/blog\/#website","url":"https:\/\/www.visit-ulcinj.com\/blog\/","name":"Lajme nga Ulqini","description":"Lajme,Vijesti,Ulqini,Ulqin,Crna Gora,Mali i Zi","potentialAction":[{"@type":"SearchAction","target":{"@type":"EntryPoint","urlTemplate":"https:\/\/www.visit-ulcinj.com\/blog\/?s={search_term_string}"},"query-input":"required name=search_term_string"}],"inLanguage":"en-US"},{"@type":"ImageObject","inLanguage":"en-US","@id":"https:\/\/www.visit-ulcinj.com\/blog\/2010\/04\/05\/svecano-obiljezen-dan-opstine-ulcinj\/#primaryimage","url":"https:\/\/www.visit-ulcinj.com\/blog\/wp-content\/uploads\/2010\/04\/Koncert-na-Trgu-masline-u-Ulcinju.JPG","contentUrl":"https:\/\/www.visit-ulcinj.com\/blog\/wp-content\/uploads\/2010\/04\/Koncert-na-Trgu-masline-u-Ulcinju.JPG","width":"800","height":"533"},{"@type":"WebPage","@id":"https:\/\/www.visit-ulcinj.com\/blog\/2010\/04\/05\/svecano-obiljezen-dan-opstine-ulcinj\/#webpage","url":"https:\/\/www.visit-ulcinj.com\/blog\/2010\/04\/05\/svecano-obiljezen-dan-opstine-ulcinj\/","name":"SVE?ANO OBILjE\u017dEN DAN OP\u0160TINE ULCINj - Lajme nga Ulqini","isPartOf":{"@id":"https:\/\/www.visit-ulcinj.com\/blog\/#website"},"primaryImageOfPage":{"@id":"https:\/\/www.visit-ulcinj.com\/blog\/2010\/04\/05\/svecano-obiljezen-dan-opstine-ulcinj\/#primaryimage"},"datePublished":"2010-04-05T12:58:12+00:00","dateModified":"2010-04-14T17:54:57+00:00","author":{"@id":"https:\/\/www.visit-ulcinj.com\/blog\/#\/schema\/person\/dcab619c614d3038751c63bc2aadc06d"},"description":"Gradi?e kapitalne objekte Most na Port Mileni, ?ija ?e izgradnja ko\u0161tati 18 miliona, jedan je od kapitalnih objekata. Od turizma o?ekujemo mnogo. Ponosni","breadcrumb":{"@id":"https:\/\/www.visit-ulcinj.com\/blog\/2010\/04\/05\/svecano-obiljezen-dan-opstine-ulcinj\/#breadcrumb"},"inLanguage":"en-US","potentialAction":[{"@type":"ReadAction","target":["https:\/\/www.visit-ulcinj.com\/blog\/2010\/04\/05\/svecano-obiljezen-dan-opstine-ulcinj\/"]}]},{"@type":"BreadcrumbList","@id":"https:\/\/www.visit-ulcinj.com\/blog\/2010\/04\/05\/svecano-obiljezen-dan-opstine-ulcinj\/#breadcrumb","itemListElement":[{"@type":"ListItem","position":1,"name":"SVE?ANO OBILjE\u017dEN DAN OP\u0160TINE ULCINj"}]},{"@type":"Person","@id":"https:\/\/www.visit-ulcinj.com\/blog\/#\/schema\/person\/dcab619c614d3038751c63bc2aadc06d","name":"ulqini","sameAs":["http:\/\/www.visit-ulcinj.com"],"url":"https:\/\/www.visit-ulcinj.com\/blog\/author\/admin\/"}]}},"jetpack_featured_media_url":"","jetpack_sharing_enabled":true,"jetpack_shortlink":"https:\/\/wp.me\/pe6lTn-8fc","_links":{"self":[{"href":"https:\/\/www.visit-ulcinj.com\/blog\/wp-json\/wp\/v2\/posts\/31694"}],"collection":[{"href":"https:\/\/www.visit-ulcinj.com\/blog\/wp-json\/wp\/v2\/posts"}],"about":[{"href":"https:\/\/www.visit-ulcinj.com\/blog\/wp-json\/wp\/v2\/types\/post"}],"author":[{"embeddable":true,"href":"https:\/\/www.visit-ulcinj.com\/blog\/wp-json\/wp\/v2\/users\/1"}],"replies":[{"embeddable":true,"href":"https:\/\/www.visit-ulcinj.com\/blog\/wp-json\/wp\/v2\/comments?post=31694"}],"version-history":[{"count":0,"href":"https:\/\/www.visit-ulcinj.com\/blog\/wp-json\/wp\/v2\/posts\/31694\/revisions"}],"wp:attachment":[{"href":"https:\/\/www.visit-ulcinj.com\/blog\/wp-json\/wp\/v2\/media?parent=31694"}],"wp:term":[{"taxonomy":"category","embeddable":true,"href":"https:\/\/www.visit-ulcinj.com\/blog\/wp-json\/wp\/v2\/categories?post=31694"},{"taxonomy":"post_tag","embeddable":true,"href":"https:\/\/www.visit-ulcinj.com\/blog\/wp-json\/wp\/v2\/tags?post=31694"}],"curies":[{"name":"wp","href":"https:\/\/api.w.org\/{rel}","templated":true}]}}