{"id":31717,"date":"2010-04-05T19:58:23","date_gmt":"2010-04-05T17:58:23","guid":{"rendered":"http:\/\/www.visit-ulcinj.com\/blog\/?p=31717"},"modified":"2010-04-05T19:59:31","modified_gmt":"2010-04-05T17:59:31","slug":"ulcinj-ou-la-fin-dun-monde","status":"publish","type":"post","link":"https:\/\/www.visit-ulcinj.com\/blog\/2010\/04\/05\/ulcinj-ou-la-fin-dun-monde\/","title":{"rendered":"Ulcinj, o\u00f9 la fin d&#8217;un monde"},"content":{"rendered":"<p><a href=\"http:\/\/www.visit-ulcinj.com\/blog\/wp-content\/uploads\/2010\/04\/Les-fant\u00f4mes-d\u2019Ulcinj.jpg\"><img loading=\"lazy\" class=\"alignleft size-full wp-image-31718\" title=\"Les fant\u00f4mes d\u2019Ulcinj\" src=\"http:\/\/www.visit-ulcinj.com\/blog\/wp-content\/uploads\/2010\/04\/Les-fant\u00f4mes-d\u2019Ulcinj.jpg\" alt=\"Les fant\u00f4mes d\u2019Ulcinj\" width=\"580\" height=\"400\" \/><\/a>En laissant derri\u00e8re nous les murailles de Kotor, nous savons qu\u2019une  page de notre voyage vient symboliquement de se tourner. Cela fait un  mois que nous naviguons sur les c\u00f4tes italiennes et croates, que nous  tra\u00e7ons les fronti\u00e8res de l\u2019ancien empire v\u00e9nitien, que nous longeons  les rivages de la d\u00e9funte Yougoslavie. Mais plus au sud, apr\u00e8s Budva et  Bar, commence un autre monde. D\u00e8s Ulcinj, une petite ville de 25.000  habitants du sud du Mont\u00e9n\u00e9gro, les populations albanophones remplacent  progressivement les Slaves, et l\u2019influence v\u00e9nitienne c\u00e8de la place \u00e0  celle de l\u2019Empire ottoman. Durant des si\u00e8cles, pour les navires de la  S\u00e9r\u00e9nissime R\u00e9publique, ces rivages \u00e9taient dangereux, peupl\u00e9s de  farouches corsaires \u00e0 la solde de la Porte, vivant de rapines et de  pirateries.<\/p>\n<p>Pour l\u2019\u00e9quipage du Vetton 3 aussi, les choses seront d\u00e9sormais  diff\u00e9rentes. Partis \u00e0 sept de Monastir, r\u00e9duit \u00e0 cinq par les d\u00e9parts de  Patrice et Virginie \u00e0 Sibenik, nous laissons ce matin Francis sur le  quai de Kotor. Ses talents de bosco, de chef m\u00e9canicien et sa bonne  humeur l\u00e9gendaire seront assur\u00e9ment une perte. Nous ne serons donc que  quatre \u00e0 toucher les murs d\u2019Ulcinj, notre prochaine \u00e9tape. Qu\u2019importe,  il faut avancer, il nous reste 2.500 miles marins jusqu\u2019au delta du  Danube.<\/p>\n<p><strong>Les fant\u00f4mes d\u2019Ulcinj<\/strong><\/p>\n<p>Pour le voyageur qui arrive par la mer, la cit\u00e9 d\u2019Ulcinj ne se livre  qu\u2019au dernier moment. Alors que le soleil dispara\u00eet derri\u00e8re l\u2019horizon,  les petites criques bois\u00e9es qui se succ\u00e8dent depuis quelques miles  laissent la place \u00e0 un imposant piton rocheux o\u00f9 s\u2019accroche la vieille  forteresse corsaire. Plus au sud, s\u2019\u00e9tendent la ?ar\u0161ija, l\u2019ancien  quartier ottoman, et les constructions neuves qui grignotent chaque jour  un peu plus les for\u00eats d\u2019oliviers qui entourent la ville. \u00ab\u00a0Ces  oliveraies ont certainement plus de mille ans, l\u2019huile qu\u2019elles  produisent est une des plus savoureuses au monde\u00a0\u00bb, affirme avec  conviction Gimo, un ancien policier dont la maison est construite au  milieu des arbres. \u00ab\u00a0Pourtant aucune entreprise n\u2019exploite l\u2019huile  d\u2019olive. Les arbres ne sont plus entretenus que par quelques familles  et, dans les magasins, on ne trouve que de l\u2019huile de mauvaise qualit\u00e9  produite en Espagne ou en Italie\u00a0\u00bb.<\/p>\n<p>De fait, la situation \u00e9conomique de la ville est de plus en plus  d\u00e9licate. D\u00e9pourvue d\u2019industrie, oubli\u00e9e par le gouvernement  mont\u00e9n\u00e9grin, et vendue \u00e0 quelques politiciens corrompus qui se sont  enrichis gr\u00e2ce aux privatisations douteuses, la cit\u00e9 se meurt doucement.  \u00ab\u00a0Ulcinj est la seule ville du Mont\u00e9n\u00e9gro qui perd des habitants\u00a0\u00bb,  soupire Mustafa ?anka, \u00ab\u00a0tous les jeunes r\u00eavent de partir aux Etats-Unis  ou en Europe occidentale\u00a0\u00bb. Notre interlocuteur, journaliste au tr\u00e8s  bon hebdomadaire mont\u00e9n\u00e9grin <em>Monitor<\/em>, est plus r\u00e9volt\u00e9 que  jamais par la situation politique de son pays, et fortement pour  l\u2019avenir et le d\u00e9veloppement de sa ville. \u00ab\u00a0Ulcinj \u00e9tait la derni\u00e8re  cit\u00e9 corsaire encore active en Europe. Jusqu\u2019en 1875, on comptait 5000  marins et 200 bateaux qui mouillaient dans la baie de Valdanos, ou plus  loin, dans les bras de la rivi\u00e8re Bojana. Apr\u00e8s le congr\u00e8s de Berlin,  en1878, pour satisfaire les revendications occidentales, les Ottomans  ont incendi\u00e9 toutes ces embarcations\u00a0\u00bb. De petite taille mais fortement  toil\u00e9s, ces bateaux rapides pouvaient, quand le vent \u00e9tait favorable,  intercepter les navires marchands transitant en Adriatique et en  M\u00e9diterran\u00e9e. On suppose d\u2019ailleurs que Cervant\u00e8s, qui passa cinq ann\u00e9es  en captivit\u00e9 apr\u00e8s la bataille de L\u00e9pante en 1576, aurait \u00e9t\u00e9 retenu \u00e0  Ulcinj. Aujourd\u2019hui, seuls quelques bateaux de p\u00eache mouillent encore  dans la rade et l\u2019arriv\u00e9e d\u2019un voilier comme le Vetton 3 sur les quais  est un \u00e9v\u00e9nement exceptionnel, qui attire tous les badauds de la ville.<br \/>\nEn cette p\u00e9riode hivernale, les rues d\u2019Ulcinj sont d\u00e9sertes. Quelques  quinquag\u00e9naires d\u00e9ambulent dans les avenues du centre, et les jeunes  attabl\u00e9s aux terrasses des caf\u00e9s peinent \u00e0 dissimuler leur ennui. \u00ab\u00a0Pour  tenter de gagner un peu d\u2019argent, tous les habitants de la ville  proposent des chambres \u00e0 5 euros la nuit aux touristes de passage, ce  qui a sign\u00e9 la ruine des h\u00f4tels de la ville qui ont pourtant tous \u00e9t\u00e9  privatis\u00e9s. Une fois transform\u00e9s, ils ont \u00e9t\u00e9 revendus sous forme  d\u2019appartements \u00e0 des acheteurs serbes ou russes. L\u2019hiver, les rues sont  vides, l\u2019\u00e9t\u00e9 plus personne ne gagne d\u2019argent\u00a0\u00bb, r\u00e9sume Mustafa.  Pourtant, avec un d\u00e9veloppement rationnel pr\u00e9servant le formidable  patrimoine naturel de la r\u00e9gion et valorisant l\u2019h\u00e9ritage architectural  et historique de la ville, Ulcinj aurait pu devenir un centre  touristique faisant vivre des dizaines de milliers de personnes.  Cependant, faute de plan d\u2019urbanisme rigoureux et cons\u00e9quence d\u2019une  corruption effr\u00e9n\u00e9e, les landes mar\u00e9cageuses bordant la \u00ab\u00a0Grande  plage\u00a0\u00bb, la magnifique <em>Velika Pla\u017ea<\/em> qui s\u2019\u00e9tend au sud de la  ville, sont d\u00e9vor\u00e9es \u00e0 une vitesse stup\u00e9fiante par des constructions  anarchiques qui rivalisent de laideur et de kitch. Laurent et  Jean-Arnault, qui n\u2019\u00e9taient pas venus \u00e0 Ulcinj depuis quelques ann\u00e9es,  en restent sans voix, tandis que Joseph, en expert du b\u00e2timent, peine \u00e0  comprendre la logique urbanistique qui pr\u00e9conise de construire des  immeubles dans des champs mar\u00e9cageux remplis d\u2019immondices. \u00ab\u00a0Ces  b\u00e2timents sont construits sans permis, et ne sont m\u00eame pas raccord\u00e9s au  r\u00e9seau d\u2019\u00e9vacuation des eaux. Il se pr\u00e9pare une v\u00e9ritable catastrophe  sanitaire\u00a0\u00bb, soupire Mustafa, en nous emmenant visiter l\u2019Ile d\u2019Ada  Bojana, qui marque la fronti\u00e8re entre le Mont\u00e9n\u00e9gro et l\u2019Albanie.<\/p>\n<p><strong>Le dernier chant de la Bojana<\/strong><\/p>\n<p>L\u2019histoire de l\u2019\u00eele commence \u00e0 la fin du XIXe si\u00e8cle, quand un bateau  fait naufrage au large de la c\u00f4te et s\u2019\u00e9choue sur deux pitons rocheux.  Les s\u00e9diments que charrie la puissante rivi\u00e8re Bojana depuis le lac de  Scuttari (Skadar en mont\u00e9n\u00e9grin, Shkod\u00ebr en albanais) et les montagnes  du Kosovo s\u2019accumulent sur ces points de fixation et forment en quelques  dizaines d\u2019ann\u00e9es seulement une v\u00e9ritable \u00eele qui ne tarde pas \u00e0 se  couvrir d\u2019une v\u00e9g\u00e9tation mar\u00e9cageuse. Les habitants de la r\u00e9gion, qui  p\u00eachent depuis toujours dans la rivi\u00e8re Bojana, investissent rapidement  l\u2019\u00eelot et installent de petites bicoques.<\/p>\n<p>Durant la p\u00e9riode yougoslave, le r\u00e9gime titiste, qui savait parfois  faire preuve d\u2019un humour grin\u00e7ant, construisit sur l\u2019\u00eele le seul camp  naturiste du Mont\u00e9n\u00e9gro. Nul doute que les policiers albanais qui  surveillaient la fronti\u00e8re, prot\u00e9geant leur r\u00e9gime parano\u00efaque d\u2019une  invasion des \u00ab\u00a0r\u00e9visionnistes\u00a0\u00bb yougoslaves, devaient appr\u00e9cier le  spectacle propos\u00e9 par les touristes allemands d\u00e9nud\u00e9s. Aujourd\u2019hui, il  reste de cette \u00e9poque des lotissements d\u00e9fra\u00eechis encore fr\u00e9quent\u00e9s par  quelques irr\u00e9ductibles les mois d\u2019\u00e9t\u00e9. Mais la survie de toute l\u2019\u00efle est  menac\u00e9e \u00e0 court terme. \u00ab\u00a0Du temps d\u2019Enver Hoxha, les Albanais ont  construit trois barrages sur le Drin, une rivi\u00e8re qui se jette dans la  Bojana. Les s\u00e9diments sont bloqu\u00e9s en amont et le d\u00e9bit de la rivi\u00e8re a  fortement diminu\u00e9. L\u2019\u00eele ne peut plus r\u00e9sister aux vagues qui d\u00e9ferlent  du large et la plage a d\u00e9j\u00e0 recul\u00e9 de plusieurs dizaines de m\u00e8tres.  Pourtant, personne \u00e0 Ulcinj n\u2019a encore compris que le probl\u00e8me \u00e9tait  r\u00e9gional\u00a0\u00bb, explique Mustafa, alors que nous sommes install\u00e9s dans une  petite gargote sur les bords de la Bojana o\u00f9 nous d\u00e9gustons une soupe de  poisson. Si une solution n\u2019est pas rapidement trouv\u00e9e, c\u2019est toute  l\u2019\u00eele qui pourrait bient\u00f4t dispara\u00eetre, mena\u00e7ant ensuite <em>Velika  Pla\u017ea<\/em>.<\/p>\n<p>Une catastrophe, non seulement pour les activit\u00e9s humaines li\u00e9es au  tourisme et \u00e0 la p\u00eache mais aussi pour tout l\u2019\u00e9cosyst\u00e8me des marais. En  foulant les plages d\u2019Ada Bojana jonch\u00e9es de d\u00e9tritus, Alain et Laurent  s\u2019interrogent : combien de temps faut-il pour qu\u2019un morceau de plastique  soit d\u00e9compos\u00e9 au fond de la mer ? Combien de temps pour un bout de  m\u00e9tal, pour un pneu ? Ici, la nature ferait bien de se d\u00e9p\u00eacher sous  peine d\u2019\u00eatre totalement asphyxi\u00e9e, et avec elle les p\u00e9cheurs de la  Bojana.<\/p>\n<p>En regagnant Ulcinj et en pr\u00e9parant notre d\u00e9part pour l\u2019Albanie, nous  nous rendons compte que cette ville, qui fut autrefois une cit\u00e9  prosp\u00e8re o\u00f9 Albanais, Mont\u00e9n\u00e9grins et Serbes vivaient en bonne  intelligence, est arriv\u00e9e \u00e0 un tournant de son histoire. Menac\u00e9e par un  urbanisme destructeur et par une catastrophe \u00e9cologique, \u00e9conomiquement  sinistr\u00e9e, mise en coupe r\u00e9gl\u00e9e par des politiciens sans vergogne,  Ulcinj doit prendre son destin en main, au risque de finir dans les  oubliettes de l\u2019histoire. Et il est d\u00e9j\u00e0 peut-\u00eatre trop tard.<\/p>\n<p>Au petit matin, avant notre d\u00e9part, Mustafa vient une derni\u00e8re fois  prendre le caf\u00e9 avec nous. L\u2019homme est aussi un \u00e9crivain et un amateur  de Gilbert B\u00e9caud. Il entonne \u00ab\u00a0La place rouge \u00e9tait vide\u00a0\u00bb\u2026 Ancien  militant de l\u2019Alliance lib\u00e9rale du Mont\u00e9n\u00e9gro (LSCG), qui se battit dans  les ann\u00e9es 1990 pour l\u2019ind\u00e9pendance de ce petit pays, r\u00eavant d\u2019un  d\u00e9veloppement \u00e9quilibr\u00e9 et harmonieux, Mustafa nous salue\u00a0: \u00ab\u00a0Au revoir,  Mont\u00e9n\u00e9gro\u00a0!\u00a0\u00bb<\/p>\n<p><strong>Au revoir Mustafa, et bonne chance.<br \/>\nLink<a href=\"http:\/\/venisemernoire.org\" target=\"_blank\"> <\/a><a href=\"http:\/\/venisemernoire.org\" target=\"_blank\">http:\/\/venisemernoire.org<\/a><\/strong><br \/>\n[flv width=&#8221;580&#8243;    height=&#8221;400&#8243;]http:\/\/video.zoover.nl\/media\/play\/2010\/01\/20100125130811_025.flv[\/flv]<\/p>\n","protected":false},"excerpt":{"rendered":"<p>En laissant derri\u00e8re nous les murailles de Kotor, nous savons qu\u2019une page de notre voyage vient symboliquement de se tourner. Cela fait un mois que nous naviguons sur les c\u00f4tes italiennes et croates, que nous tra\u00e7ons les fronti\u00e8res de l\u2019ancien empire v\u00e9nitien, que nous longeons les rivages de la d\u00e9funte Yougoslavie. Mais plus au sud, [&hellip;]<\/p>\n","protected":false},"author":1,"featured_media":0,"comment_status":"open","ping_status":"closed","sticky":false,"template":"","format":"standard","meta":{"spay_email":"","jetpack_publicize_message":"","jetpack_is_tweetstorm":false,"jetpack_publicize_feature_enabled":true},"categories":[14],"tags":[138,13964,79,5276,13965,19],"jetpack_publicize_connections":[],"yoast_head":"<!-- This site is optimized with the Yoast SEO plugin v19.1 - https:\/\/yoast.com\/wordpress\/plugins\/seo\/ -->\n<title>Ulcinj, o\u00f9 la fin d&#039;un monde - Lajme nga Ulqini<\/title>\n<meta name=\"description\" content=\"En laissant derri\u00e8re nous les murailles de Kotor, nous savons qu\u2019une page de notre voyage vient symboliquement de se tourner. Cela fait un mois que nous\" \/>\n<meta name=\"robots\" content=\"index, follow, max-snippet:-1, max-image-preview:large, max-video-preview:-1\" \/>\n<link rel=\"canonical\" href=\"https:\/\/www.visit-ulcinj.com\/blog\/2010\/04\/05\/ulcinj-ou-la-fin-dun-monde\/\" \/>\n<meta property=\"og:locale\" content=\"en_US\" \/>\n<meta property=\"og:type\" content=\"article\" \/>\n<meta property=\"og:title\" content=\"Ulcinj, o\u00f9 la fin d&#039;un monde - Lajme nga Ulqini\" \/>\n<meta property=\"og:description\" content=\"En laissant derri\u00e8re nous les murailles de Kotor, nous savons qu\u2019une page de notre voyage vient symboliquement de se tourner. Cela fait un mois que nous\" \/>\n<meta property=\"og:url\" content=\"https:\/\/www.visit-ulcinj.com\/blog\/2010\/04\/05\/ulcinj-ou-la-fin-dun-monde\/\" \/>\n<meta property=\"og:site_name\" content=\"Lajme nga Ulqini\" \/>\n<meta property=\"article:published_time\" content=\"2010-04-05T17:58:23+00:00\" \/>\n<meta property=\"article:modified_time\" content=\"2010-04-05T17:59:31+00:00\" \/>\n<meta name=\"twitter:label1\" content=\"Written by\" \/>\n\t<meta name=\"twitter:data1\" content=\"ulqini\" \/>\n\t<meta name=\"twitter:label2\" content=\"Est. reading time\" \/>\n\t<meta name=\"twitter:data2\" content=\"8 minutes\" \/>\n<script type=\"application\/ld+json\" class=\"yoast-schema-graph\">{\"@context\":\"https:\/\/schema.org\",\"@graph\":[{\"@type\":\"WebSite\",\"@id\":\"https:\/\/www.visit-ulcinj.com\/blog\/#website\",\"url\":\"https:\/\/www.visit-ulcinj.com\/blog\/\",\"name\":\"Lajme nga Ulqini\",\"description\":\"Lajme,Vijesti,Ulqini,Ulqin,Crna Gora,Mali i Zi\",\"potentialAction\":[{\"@type\":\"SearchAction\",\"target\":{\"@type\":\"EntryPoint\",\"urlTemplate\":\"https:\/\/www.visit-ulcinj.com\/blog\/?s={search_term_string}\"},\"query-input\":\"required name=search_term_string\"}],\"inLanguage\":\"en-US\"},{\"@type\":\"WebPage\",\"@id\":\"https:\/\/www.visit-ulcinj.com\/blog\/2010\/04\/05\/ulcinj-ou-la-fin-dun-monde\/#webpage\",\"url\":\"https:\/\/www.visit-ulcinj.com\/blog\/2010\/04\/05\/ulcinj-ou-la-fin-dun-monde\/\",\"name\":\"Ulcinj, o\u00f9 la fin d'un monde - Lajme nga Ulqini\",\"isPartOf\":{\"@id\":\"https:\/\/www.visit-ulcinj.com\/blog\/#website\"},\"datePublished\":\"2010-04-05T17:58:23+00:00\",\"dateModified\":\"2010-04-05T17:59:31+00:00\",\"author\":{\"@id\":\"https:\/\/www.visit-ulcinj.com\/blog\/#\/schema\/person\/dcab619c614d3038751c63bc2aadc06d\"},\"description\":\"En laissant derri\u00e8re nous les murailles de Kotor, nous savons qu\u2019une page de notre voyage vient symboliquement de se tourner. Cela fait un mois que nous\",\"breadcrumb\":{\"@id\":\"https:\/\/www.visit-ulcinj.com\/blog\/2010\/04\/05\/ulcinj-ou-la-fin-dun-monde\/#breadcrumb\"},\"inLanguage\":\"en-US\",\"potentialAction\":[{\"@type\":\"ReadAction\",\"target\":[\"https:\/\/www.visit-ulcinj.com\/blog\/2010\/04\/05\/ulcinj-ou-la-fin-dun-monde\/\"]}]},{\"@type\":\"BreadcrumbList\",\"@id\":\"https:\/\/www.visit-ulcinj.com\/blog\/2010\/04\/05\/ulcinj-ou-la-fin-dun-monde\/#breadcrumb\",\"itemListElement\":[{\"@type\":\"ListItem\",\"position\":1,\"name\":\"Ulcinj, o\u00f9 la fin d&#8217;un monde\"}]},{\"@type\":\"Person\",\"@id\":\"https:\/\/www.visit-ulcinj.com\/blog\/#\/schema\/person\/dcab619c614d3038751c63bc2aadc06d\",\"name\":\"ulqini\",\"sameAs\":[\"http:\/\/www.visit-ulcinj.com\"],\"url\":\"https:\/\/www.visit-ulcinj.com\/blog\/author\/admin\/\"}]}<\/script>\n<!-- \/ Yoast SEO plugin. -->","yoast_head_json":{"title":"Ulcinj, o\u00f9 la fin d'un monde - Lajme nga Ulqini","description":"En laissant derri\u00e8re nous les murailles de Kotor, nous savons qu\u2019une page de notre voyage vient symboliquement de se tourner. Cela fait un mois que nous","robots":{"index":"index","follow":"follow","max-snippet":"max-snippet:-1","max-image-preview":"max-image-preview:large","max-video-preview":"max-video-preview:-1"},"canonical":"https:\/\/www.visit-ulcinj.com\/blog\/2010\/04\/05\/ulcinj-ou-la-fin-dun-monde\/","og_locale":"en_US","og_type":"article","og_title":"Ulcinj, o\u00f9 la fin d'un monde - Lajme nga Ulqini","og_description":"En laissant derri\u00e8re nous les murailles de Kotor, nous savons qu\u2019une page de notre voyage vient symboliquement de se tourner. Cela fait un mois que nous","og_url":"https:\/\/www.visit-ulcinj.com\/blog\/2010\/04\/05\/ulcinj-ou-la-fin-dun-monde\/","og_site_name":"Lajme nga Ulqini","article_published_time":"2010-04-05T17:58:23+00:00","article_modified_time":"2010-04-05T17:59:31+00:00","twitter_misc":{"Written by":"ulqini","Est. reading time":"8 minutes"},"schema":{"@context":"https:\/\/schema.org","@graph":[{"@type":"WebSite","@id":"https:\/\/www.visit-ulcinj.com\/blog\/#website","url":"https:\/\/www.visit-ulcinj.com\/blog\/","name":"Lajme nga Ulqini","description":"Lajme,Vijesti,Ulqini,Ulqin,Crna Gora,Mali i Zi","potentialAction":[{"@type":"SearchAction","target":{"@type":"EntryPoint","urlTemplate":"https:\/\/www.visit-ulcinj.com\/blog\/?s={search_term_string}"},"query-input":"required name=search_term_string"}],"inLanguage":"en-US"},{"@type":"WebPage","@id":"https:\/\/www.visit-ulcinj.com\/blog\/2010\/04\/05\/ulcinj-ou-la-fin-dun-monde\/#webpage","url":"https:\/\/www.visit-ulcinj.com\/blog\/2010\/04\/05\/ulcinj-ou-la-fin-dun-monde\/","name":"Ulcinj, o\u00f9 la fin d'un monde - Lajme nga Ulqini","isPartOf":{"@id":"https:\/\/www.visit-ulcinj.com\/blog\/#website"},"datePublished":"2010-04-05T17:58:23+00:00","dateModified":"2010-04-05T17:59:31+00:00","author":{"@id":"https:\/\/www.visit-ulcinj.com\/blog\/#\/schema\/person\/dcab619c614d3038751c63bc2aadc06d"},"description":"En laissant derri\u00e8re nous les murailles de Kotor, nous savons qu\u2019une page de notre voyage vient symboliquement de se tourner. Cela fait un mois que nous","breadcrumb":{"@id":"https:\/\/www.visit-ulcinj.com\/blog\/2010\/04\/05\/ulcinj-ou-la-fin-dun-monde\/#breadcrumb"},"inLanguage":"en-US","potentialAction":[{"@type":"ReadAction","target":["https:\/\/www.visit-ulcinj.com\/blog\/2010\/04\/05\/ulcinj-ou-la-fin-dun-monde\/"]}]},{"@type":"BreadcrumbList","@id":"https:\/\/www.visit-ulcinj.com\/blog\/2010\/04\/05\/ulcinj-ou-la-fin-dun-monde\/#breadcrumb","itemListElement":[{"@type":"ListItem","position":1,"name":"Ulcinj, o\u00f9 la fin d&#8217;un monde"}]},{"@type":"Person","@id":"https:\/\/www.visit-ulcinj.com\/blog\/#\/schema\/person\/dcab619c614d3038751c63bc2aadc06d","name":"ulqini","sameAs":["http:\/\/www.visit-ulcinj.com"],"url":"https:\/\/www.visit-ulcinj.com\/blog\/author\/admin\/"}]}},"jetpack_featured_media_url":"","jetpack_sharing_enabled":true,"jetpack_shortlink":"https:\/\/wp.me\/pe6lTn-8fz","_links":{"self":[{"href":"https:\/\/www.visit-ulcinj.com\/blog\/wp-json\/wp\/v2\/posts\/31717"}],"collection":[{"href":"https:\/\/www.visit-ulcinj.com\/blog\/wp-json\/wp\/v2\/posts"}],"about":[{"href":"https:\/\/www.visit-ulcinj.com\/blog\/wp-json\/wp\/v2\/types\/post"}],"author":[{"embeddable":true,"href":"https:\/\/www.visit-ulcinj.com\/blog\/wp-json\/wp\/v2\/users\/1"}],"replies":[{"embeddable":true,"href":"https:\/\/www.visit-ulcinj.com\/blog\/wp-json\/wp\/v2\/comments?post=31717"}],"version-history":[{"count":0,"href":"https:\/\/www.visit-ulcinj.com\/blog\/wp-json\/wp\/v2\/posts\/31717\/revisions"}],"wp:attachment":[{"href":"https:\/\/www.visit-ulcinj.com\/blog\/wp-json\/wp\/v2\/media?parent=31717"}],"wp:term":[{"taxonomy":"category","embeddable":true,"href":"https:\/\/www.visit-ulcinj.com\/blog\/wp-json\/wp\/v2\/categories?post=31717"},{"taxonomy":"post_tag","embeddable":true,"href":"https:\/\/www.visit-ulcinj.com\/blog\/wp-json\/wp\/v2\/tags?post=31717"}],"curies":[{"name":"wp","href":"https:\/\/api.w.org\/{rel}","templated":true}]}}