{"id":31772,"date":"2010-04-06T19:50:40","date_gmt":"2010-04-06T17:50:40","guid":{"rendered":"http:\/\/www.visit-ulcinj.com\/blog\/?p=31772"},"modified":"2010-04-07T14:17:18","modified_gmt":"2010-04-07T12:17:18","slug":"kumtese-per-media-keshili-qendror-i-forces-se-re-demokratike","status":"publish","type":"post","link":"https:\/\/www.visit-ulcinj.com\/blog\/2010\/04\/06\/kumtese-per-media-keshili-qendror-i-forces-se-re-demokratike\/","title":{"rendered":"KUMTES\u00cb P\u00cbR MEDIA: K\u00ebshili Qendror i Forc\u00ebs s\u00eb re demokratike &#8211; Video"},"content":{"rendered":"<p align=\"justify\"><span style=\"font-family: Tahoma; font-size: small;\"><a href=\"http:\/\/www.visit-ulcinj.com\/blog\/wp-content\/uploads\/2010\/03\/forca-logo-ulcinj.jpg\"><img loading=\"lazy\" class=\"alignleft size-full wp-image-30862\" title=\"forca-logo-ulcinj\" src=\"http:\/\/www.visit-ulcinj.com\/blog\/wp-content\/uploads\/2010\/03\/forca-logo-ulcinj.jpg\" alt=\"forca-logo-ulcinj\" width=\"397\" height=\"382\" srcset=\"https:\/\/www.visit-ulcinj.com\/blog\/wp-content\/uploads\/2010\/03\/forca-logo-ulcinj.jpg 500w, https:\/\/www.visit-ulcinj.com\/blog\/wp-content\/uploads\/2010\/03\/forca-logo-ulcinj-300x288.jpg 300w\" sizes=\"(max-width: 397px) 100vw, 397px\" \/><\/a>K\u00ebshili Qendror i Forc\u00ebs   s\u00eb re demokratike, n\u00eb mbledhjen e mbajtur t\u00eb shtunen me 03.04.2010,  nd\u00ebr t\u00eb tjerat, shqyrtoi edhe m\u00ebnyr\u00ebn e daljes n\u00eb zgjedhjet lokale  me 23. maj t\u00eb k\u00ebtij\u00eb viti.<\/span><\/p>\n<p align=\"justify\"><span style=\"font-family: Tahoma; font-size: small;\">N\u00eb\u00a0baz\u00eb\u00a0 t\u00eb\u00a0informatave nga terreni, u konstatua q\u00eb Forca n\u00eb komun\u00ebn  e Ulqinit ka rritje t\u00eb dukshme t\u00eb an\u00ebtar\u00ebve dhe simpatizuesve dhe  se dalja si subjekt i ve\u00e7ant n\u00eb zgjedhjet e ardh\u00ebshme siguron rezulltate   t\u00eb p\u00ebrfaqsimit n\u00eb parlamentin lokal t\u00eb cilat jan\u00eb n\u00eb rritje. <\/span><\/p>\n<p align=\"justify\"><span style=\"font-family: Tahoma; font-size: small;\">Rrjedhimisht u vendos  q\u00eb Forca n\u00eb zgjedhjet lokale n\u00eb komun\u00ebn e Ulqinit t\u00eb marr\u00eb pjes\u00eb  si subjekt m\u00eb vete. <\/span><\/p>\n<p align=\"justify\"><span style=\"font-family: Tahoma; font-size: small;\">N\u00eb\u00a0rast qe partit\u00eb\u00a0 nacionale shqiptare, eventualisht, propozojn\u00eb\u00a0ofert\u00eb\u00a0p\u00ebr  koalicione parazgjedhore, ato mund t\u00eb\u00a0shqyrtohen edhe nj\u00eb\u00a0 her\u00eb\u00a0n\u00eb\u00a0K\u00ebshillin qendror t\u00eb Forc\u00ebs, n\u00eb rast se jan\u00eb  ne perputhje me programin e Forc\u00ebs.<\/span><\/p>\n<p align=\"justify\"><strong><span style=\"font-family: Tahoma; font-size: small;\">Forca e re demokratike.<\/span><\/strong><\/p>\n<p><strong><span style=\"font-family: Tahoma; font-size: small;\">Sh\u00ebrbimi p\u00ebr informim.<\/span><\/strong><\/p>\n<p>Forca e Re  Demokratike &#8211; Nova Demokratska Snaga FORCA<\/p>\n<p>Bul  Skenderbeu p.n. 85360 Ulqin \u2013 Ulcinj<\/p>\n<p>Mali i Zi,  Crna Gora, Montenegro<\/p>\n<p>Tel:. +382  30 401 760, Fax: +382 30 401 761<\/p>\n<p><strong>E-mail : <a href=\"mailto:info@forca.me\" target=\"_blank\">info@forca.me<\/a> Web: <a href=\"http:\/\/www.forca.me\/\" target=\"_blank\">www.forca.me<\/a><\/strong><br \/>\n<object type=\"application\/x-shockwave-flash\" style=\"width: 580px; height: 400px;\" data=\"http:\/\/forca.me\/plugins\/content\/jw_allvideos\/includes\/players\/mediaplayer\/player.swf\" title=\"JoomlaWorks AllVideos Player\"><param name=\"movie\" value=\"http:\/\/forca.me\/plugins\/content\/jw_allvideos\/includes\/players\/mediaplayer\/player.swf\"><param name=\"quality\" value=\"high\"><param name=\"wmode\" value=\"transparent\"><param name=\"bgcolor\" value=\"#010101\"><param name=\"autoplay\" value=\"false\"><param name=\"allowfullscreen\" value=\"true\"><param name=\"allowscriptaccess\" value=\"always\"><param name=\"flashvars\" value=\"file=http:\/\/forca.me\/images\/stories\/videos\/shqip_3.flv&amp;image=http:\/\/forca.me\/images\/stories\/videos\/shqip_3.jpg&amp;autostart=false&amp;fullscreen=true\"><\/object><\/p>\n","protected":false},"excerpt":{"rendered":"<p>K\u00ebshili Qendror i Forc\u00ebs s\u00eb re demokratike, n\u00eb mbledhjen e mbajtur t\u00eb shtunen me 03.04.2010, nd\u00ebr t\u00eb tjerat, shqyrtoi edhe m\u00ebnyr\u00ebn e daljes n\u00eb zgjedhjet lokale me 23. maj t\u00eb k\u00ebtij\u00eb viti. N\u00eb\u00a0baz\u00eb\u00a0 t\u00eb\u00a0informatave nga terreni, u konstatua q\u00eb Forca n\u00eb komun\u00ebn e Ulqinit ka rritje t\u00eb dukshme t\u00eb an\u00ebtar\u00ebve dhe simpatizuesve dhe se dalja [&hellip;]<\/p>\n","protected":false},"author":1,"featured_media":0,"comment_status":"open","ping_status":"closed","sticky":false,"template":"","format":"standard","meta":{"spay_email":"","jetpack_publicize_message":"","jetpack_is_tweetstorm":false,"jetpack_publicize_feature_enabled":true},"categories":[6],"tags":[874,200],"jetpack_publicize_connections":[],"yoast_head":"<!-- This site is optimized with the Yoast SEO plugin v19.1 - https:\/\/yoast.com\/wordpress\/plugins\/seo\/ -->\n<title>KUMTES\u00cb P\u00cbR MEDIA: K\u00ebshili Qendror i Forc\u00ebs s\u00eb re demokratike - Video - Lajme nga Ulqini<\/title>\n<meta name=\"description\" content=\"K\u00ebshili Qendror i Forc\u00ebs s\u00eb re demokratike, n\u00eb mbledhjen e mbajtur t\u00eb shtunen me 03.04.2010, nd\u00ebr t\u00eb tjerat, shqyrtoi edhe m\u00ebnyr\u00ebn e daljes n\u00eb zgjedhjet\" \/>\n<meta name=\"robots\" content=\"index, follow, max-snippet:-1, max-image-preview:large, max-video-preview:-1\" \/>\n<link rel=\"canonical\" href=\"https:\/\/www.visit-ulcinj.com\/blog\/2010\/04\/06\/kumtese-per-media-keshili-qendror-i-forces-se-re-demokratike\/\" \/>\n<meta property=\"og:locale\" content=\"en_US\" \/>\n<meta property=\"og:type\" content=\"article\" \/>\n<meta property=\"og:title\" content=\"KUMTES\u00cb P\u00cbR MEDIA: K\u00ebshili Qendror i Forc\u00ebs s\u00eb re demokratike - Video - Lajme nga Ulqini\" \/>\n<meta property=\"og:description\" content=\"K\u00ebshili Qendror i Forc\u00ebs s\u00eb re demokratike, n\u00eb mbledhjen e mbajtur t\u00eb shtunen me 03.04.2010, nd\u00ebr t\u00eb tjerat, shqyrtoi edhe m\u00ebnyr\u00ebn e daljes n\u00eb zgjedhjet\" \/>\n<meta property=\"og:url\" content=\"https:\/\/www.visit-ulcinj.com\/blog\/2010\/04\/06\/kumtese-per-media-keshili-qendror-i-forces-se-re-demokratike\/\" \/>\n<meta property=\"og:site_name\" content=\"Lajme nga Ulqini\" \/>\n<meta property=\"article:published_time\" content=\"2010-04-06T17:50:40+00:00\" \/>\n<meta property=\"article:modified_time\" content=\"2010-04-07T12:17:18+00:00\" \/>\n<meta property=\"og:image\" content=\"http:\/\/www.visit-ulcinj.com\/blog\/wp-content\/uploads\/2010\/03\/forca-logo-ulcinj.jpg\" \/>\n<meta name=\"twitter:label1\" content=\"Written by\" \/>\n\t<meta name=\"twitter:data1\" content=\"ulqini\" \/>\n\t<meta name=\"twitter:label2\" content=\"Est. reading time\" \/>\n\t<meta name=\"twitter:data2\" content=\"1 minute\" \/>\n<script type=\"application\/ld+json\" class=\"yoast-schema-graph\">{\"@context\":\"https:\/\/schema.org\",\"@graph\":[{\"@type\":\"WebSite\",\"@id\":\"https:\/\/www.visit-ulcinj.com\/blog\/#website\",\"url\":\"https:\/\/www.visit-ulcinj.com\/blog\/\",\"name\":\"Lajme nga Ulqini\",\"description\":\"Lajme,Vijesti,Ulqini,Ulqin,Crna Gora,Mali i Zi\",\"potentialAction\":[{\"@type\":\"SearchAction\",\"target\":{\"@type\":\"EntryPoint\",\"urlTemplate\":\"https:\/\/www.visit-ulcinj.com\/blog\/?s={search_term_string}\"},\"query-input\":\"required name=search_term_string\"}],\"inLanguage\":\"en-US\"},{\"@type\":\"ImageObject\",\"inLanguage\":\"en-US\",\"@id\":\"https:\/\/www.visit-ulcinj.com\/blog\/2010\/04\/06\/kumtese-per-media-keshili-qendror-i-forces-se-re-demokratike\/#primaryimage\",\"url\":\"https:\/\/www.visit-ulcinj.com\/blog\/wp-content\/uploads\/2010\/03\/forca-logo-ulcinj.jpg\",\"contentUrl\":\"https:\/\/www.visit-ulcinj.com\/blog\/wp-content\/uploads\/2010\/03\/forca-logo-ulcinj.jpg\",\"width\":\"500\",\"height\":\"481\"},{\"@type\":\"WebPage\",\"@id\":\"https:\/\/www.visit-ulcinj.com\/blog\/2010\/04\/06\/kumtese-per-media-keshili-qendror-i-forces-se-re-demokratike\/#webpage\",\"url\":\"https:\/\/www.visit-ulcinj.com\/blog\/2010\/04\/06\/kumtese-per-media-keshili-qendror-i-forces-se-re-demokratike\/\",\"name\":\"KUMTES\u00cb P\u00cbR MEDIA: K\u00ebshili Qendror i Forc\u00ebs s\u00eb re demokratike - Video - Lajme nga Ulqini\",\"isPartOf\":{\"@id\":\"https:\/\/www.visit-ulcinj.com\/blog\/#website\"},\"primaryImageOfPage\":{\"@id\":\"https:\/\/www.visit-ulcinj.com\/blog\/2010\/04\/06\/kumtese-per-media-keshili-qendror-i-forces-se-re-demokratike\/#primaryimage\"},\"datePublished\":\"2010-04-06T17:50:40+00:00\",\"dateModified\":\"2010-04-07T12:17:18+00:00\",\"author\":{\"@id\":\"https:\/\/www.visit-ulcinj.com\/blog\/#\/schema\/person\/dcab619c614d3038751c63bc2aadc06d\"},\"description\":\"K\u00ebshili Qendror i Forc\u00ebs s\u00eb re demokratike, n\u00eb mbledhjen e mbajtur t\u00eb shtunen me 03.04.2010, nd\u00ebr t\u00eb tjerat, shqyrtoi edhe m\u00ebnyr\u00ebn e daljes n\u00eb zgjedhjet\",\"breadcrumb\":{\"@id\":\"https:\/\/www.visit-ulcinj.com\/blog\/2010\/04\/06\/kumtese-per-media-keshili-qendror-i-forces-se-re-demokratike\/#breadcrumb\"},\"inLanguage\":\"en-US\",\"potentialAction\":[{\"@type\":\"ReadAction\",\"target\":[\"https:\/\/www.visit-ulcinj.com\/blog\/2010\/04\/06\/kumtese-per-media-keshili-qendror-i-forces-se-re-demokratike\/\"]}]},{\"@type\":\"BreadcrumbList\",\"@id\":\"https:\/\/www.visit-ulcinj.com\/blog\/2010\/04\/06\/kumtese-per-media-keshili-qendror-i-forces-se-re-demokratike\/#breadcrumb\",\"itemListElement\":[{\"@type\":\"ListItem\",\"position\":1,\"name\":\"KUMTES\u00cb P\u00cbR MEDIA: K\u00ebshili Qendror i Forc\u00ebs s\u00eb re demokratike &#8211; Video\"}]},{\"@type\":\"Person\",\"@id\":\"https:\/\/www.visit-ulcinj.com\/blog\/#\/schema\/person\/dcab619c614d3038751c63bc2aadc06d\",\"name\":\"ulqini\",\"sameAs\":[\"http:\/\/www.visit-ulcinj.com\"],\"url\":\"https:\/\/www.visit-ulcinj.com\/blog\/author\/admin\/\"}]}<\/script>\n<!-- \/ Yoast SEO plugin. -->","yoast_head_json":{"title":"KUMTES\u00cb P\u00cbR MEDIA: K\u00ebshili Qendror i Forc\u00ebs s\u00eb re demokratike - Video - Lajme nga Ulqini","description":"K\u00ebshili Qendror i Forc\u00ebs s\u00eb re demokratike, n\u00eb mbledhjen e mbajtur t\u00eb shtunen me 03.04.2010, nd\u00ebr t\u00eb tjerat, shqyrtoi edhe m\u00ebnyr\u00ebn e daljes n\u00eb zgjedhjet","robots":{"index":"index","follow":"follow","max-snippet":"max-snippet:-1","max-image-preview":"max-image-preview:large","max-video-preview":"max-video-preview:-1"},"canonical":"https:\/\/www.visit-ulcinj.com\/blog\/2010\/04\/06\/kumtese-per-media-keshili-qendror-i-forces-se-re-demokratike\/","og_locale":"en_US","og_type":"article","og_title":"KUMTES\u00cb P\u00cbR MEDIA: K\u00ebshili Qendror i Forc\u00ebs s\u00eb re demokratike - Video - Lajme nga Ulqini","og_description":"K\u00ebshili Qendror i Forc\u00ebs s\u00eb re demokratike, n\u00eb mbledhjen e mbajtur t\u00eb shtunen me 03.04.2010, nd\u00ebr t\u00eb tjerat, shqyrtoi edhe m\u00ebnyr\u00ebn e daljes n\u00eb zgjedhjet","og_url":"https:\/\/www.visit-ulcinj.com\/blog\/2010\/04\/06\/kumtese-per-media-keshili-qendror-i-forces-se-re-demokratike\/","og_site_name":"Lajme nga Ulqini","article_published_time":"2010-04-06T17:50:40+00:00","article_modified_time":"2010-04-07T12:17:18+00:00","og_image":[{"url":"http:\/\/www.visit-ulcinj.com\/blog\/wp-content\/uploads\/2010\/03\/forca-logo-ulcinj.jpg"}],"twitter_misc":{"Written by":"ulqini","Est. reading time":"1 minute"},"schema":{"@context":"https:\/\/schema.org","@graph":[{"@type":"WebSite","@id":"https:\/\/www.visit-ulcinj.com\/blog\/#website","url":"https:\/\/www.visit-ulcinj.com\/blog\/","name":"Lajme nga Ulqini","description":"Lajme,Vijesti,Ulqini,Ulqin,Crna Gora,Mali i Zi","potentialAction":[{"@type":"SearchAction","target":{"@type":"EntryPoint","urlTemplate":"https:\/\/www.visit-ulcinj.com\/blog\/?s={search_term_string}"},"query-input":"required name=search_term_string"}],"inLanguage":"en-US"},{"@type":"ImageObject","inLanguage":"en-US","@id":"https:\/\/www.visit-ulcinj.com\/blog\/2010\/04\/06\/kumtese-per-media-keshili-qendror-i-forces-se-re-demokratike\/#primaryimage","url":"https:\/\/www.visit-ulcinj.com\/blog\/wp-content\/uploads\/2010\/03\/forca-logo-ulcinj.jpg","contentUrl":"https:\/\/www.visit-ulcinj.com\/blog\/wp-content\/uploads\/2010\/03\/forca-logo-ulcinj.jpg","width":"500","height":"481"},{"@type":"WebPage","@id":"https:\/\/www.visit-ulcinj.com\/blog\/2010\/04\/06\/kumtese-per-media-keshili-qendror-i-forces-se-re-demokratike\/#webpage","url":"https:\/\/www.visit-ulcinj.com\/blog\/2010\/04\/06\/kumtese-per-media-keshili-qendror-i-forces-se-re-demokratike\/","name":"KUMTES\u00cb P\u00cbR MEDIA: K\u00ebshili Qendror i Forc\u00ebs s\u00eb re demokratike - Video - Lajme nga Ulqini","isPartOf":{"@id":"https:\/\/www.visit-ulcinj.com\/blog\/#website"},"primaryImageOfPage":{"@id":"https:\/\/www.visit-ulcinj.com\/blog\/2010\/04\/06\/kumtese-per-media-keshili-qendror-i-forces-se-re-demokratike\/#primaryimage"},"datePublished":"2010-04-06T17:50:40+00:00","dateModified":"2010-04-07T12:17:18+00:00","author":{"@id":"https:\/\/www.visit-ulcinj.com\/blog\/#\/schema\/person\/dcab619c614d3038751c63bc2aadc06d"},"description":"K\u00ebshili Qendror i Forc\u00ebs s\u00eb re demokratike, n\u00eb mbledhjen e mbajtur t\u00eb shtunen me 03.04.2010, nd\u00ebr t\u00eb tjerat, shqyrtoi edhe m\u00ebnyr\u00ebn e daljes n\u00eb zgjedhjet","breadcrumb":{"@id":"https:\/\/www.visit-ulcinj.com\/blog\/2010\/04\/06\/kumtese-per-media-keshili-qendror-i-forces-se-re-demokratike\/#breadcrumb"},"inLanguage":"en-US","potentialAction":[{"@type":"ReadAction","target":["https:\/\/www.visit-ulcinj.com\/blog\/2010\/04\/06\/kumtese-per-media-keshili-qendror-i-forces-se-re-demokratike\/"]}]},{"@type":"BreadcrumbList","@id":"https:\/\/www.visit-ulcinj.com\/blog\/2010\/04\/06\/kumtese-per-media-keshili-qendror-i-forces-se-re-demokratike\/#breadcrumb","itemListElement":[{"@type":"ListItem","position":1,"name":"KUMTES\u00cb P\u00cbR MEDIA: K\u00ebshili Qendror i Forc\u00ebs s\u00eb re demokratike &#8211; Video"}]},{"@type":"Person","@id":"https:\/\/www.visit-ulcinj.com\/blog\/#\/schema\/person\/dcab619c614d3038751c63bc2aadc06d","name":"ulqini","sameAs":["http:\/\/www.visit-ulcinj.com"],"url":"https:\/\/www.visit-ulcinj.com\/blog\/author\/admin\/"}]}},"jetpack_featured_media_url":"","jetpack_sharing_enabled":true,"jetpack_shortlink":"https:\/\/wp.me\/pe6lTn-8gs","_links":{"self":[{"href":"https:\/\/www.visit-ulcinj.com\/blog\/wp-json\/wp\/v2\/posts\/31772"}],"collection":[{"href":"https:\/\/www.visit-ulcinj.com\/blog\/wp-json\/wp\/v2\/posts"}],"about":[{"href":"https:\/\/www.visit-ulcinj.com\/blog\/wp-json\/wp\/v2\/types\/post"}],"author":[{"embeddable":true,"href":"https:\/\/www.visit-ulcinj.com\/blog\/wp-json\/wp\/v2\/users\/1"}],"replies":[{"embeddable":true,"href":"https:\/\/www.visit-ulcinj.com\/blog\/wp-json\/wp\/v2\/comments?post=31772"}],"version-history":[{"count":0,"href":"https:\/\/www.visit-ulcinj.com\/blog\/wp-json\/wp\/v2\/posts\/31772\/revisions"}],"wp:attachment":[{"href":"https:\/\/www.visit-ulcinj.com\/blog\/wp-json\/wp\/v2\/media?parent=31772"}],"wp:term":[{"taxonomy":"category","embeddable":true,"href":"https:\/\/www.visit-ulcinj.com\/blog\/wp-json\/wp\/v2\/categories?post=31772"},{"taxonomy":"post_tag","embeddable":true,"href":"https:\/\/www.visit-ulcinj.com\/blog\/wp-json\/wp\/v2\/tags?post=31772"}],"curies":[{"name":"wp","href":"https:\/\/api.w.org\/{rel}","templated":true}]}}