{"id":31775,"date":"2010-04-06T19:59:24","date_gmt":"2010-04-06T17:59:24","guid":{"rendered":"http:\/\/www.visit-ulcinj.com\/blog\/?p=31775"},"modified":"2010-04-07T14:07:44","modified_gmt":"2010-04-07T12:07:44","slug":"dinosha-shqiptaret-ndikuan-ne-pavaresine-e-malit-te-zi","status":"publish","type":"post","link":"https:\/\/www.visit-ulcinj.com\/blog\/2010\/04\/06\/dinosha-shqiptaret-ndikuan-ne-pavaresine-e-malit-te-zi\/","title":{"rendered":"Dinosha: Shqiptar\u00ebt ndikuan n\u00eb pavar\u00ebsin\u00eb e Malit t\u00eb Zi &#8211; Video"},"content":{"rendered":"<p><span><strong><a href=\"http:\/\/www.visit-ulcinj.com\/blog\/wp-content\/uploads\/2010\/03\/Ferhat-Dinosha.jpg\"><img loading=\"lazy\" class=\"alignleft size-full wp-image-31179\" title=\"Ferhat Dinosha\" src=\"http:\/\/www.visit-ulcinj.com\/blog\/wp-content\/uploads\/2010\/03\/Ferhat-Dinosha.jpg\" alt=\"Ferhat Dinosha\" width=\"580\" height=\"400\" \/><\/a>\u201cPavar\u00ebsia e Malit t\u00eb Zi ka qen\u00eb  shum\u00eb e mir\u00eb dhe paradhom\u00eb e pavar\u00ebsis\u00eb s\u00eb Kosov\u00ebs\u201d. <\/strong><\/span> Ky ka q\u00ebn\u00eb komenti i Unionit  Demokratik t\u00eb Shqiptar\u00ebve t\u00eb Malit t\u00eb Zi, Ferhat Dinosha, partia e t\u00eb  cilit \u00ebsht\u00eb n\u00eb qeveri q\u00eb prej 12 vjet\u00ebsh. N\u00eb \u201cShqip\u201d ai u shpreh se  shqiptar\u00ebt nuk kan\u00eb mundur t\u00eb firmosin nj\u00eb dokument p\u00ebr t\u00eb drejtat e  tyre.<\/p>\n<p>\u201cNe vitin 2000 nuk kemi firmosur dot nj\u00eb dokument p\u00ebr  statusin e shqiptar\u00ebve n\u00eb Malin e Zi. Unioni Demokratik i Shqiptar\u00ebve  \u00ebsht\u00eb parti parlamentare q\u00eb n\u00eb \u201998-en dhe parti qeveritare q\u00eb n\u00eb vitin  1998. Krahu i kryeministrit aktual Gjunakovic doli kund\u00ebr politik\u00ebs s\u00eb  Milloshevicit dhe ne u bashkuam me t\u00eb. N\u00eb vitin 1998 u zhvilluan  zgjedhje t\u00eb parakohshme dhe UDSH vendosi q\u00eb t\u00eb afrohet n\u00eb qeverin\u00eb e  Malit t\u00eb Zi, prandaj prej 12 vjet\u00ebsh jemi edhe parti qeveritare\u201d,  thekson Dinosha.<\/p>\n<p>Ai shtoi se arritja kryesore e Malit t\u00eb Zi  \u00ebsht\u00eb dalja nga sistemi komunist dhe rrug\u00ebtimi n\u00eb sistemin kapitalist.  \u201cNgjarjet q\u00eb u ndodh\u00ebn shqiptar\u00ebve t\u00eb Ballkanit n\u00eb fund t\u00eb shekullit q\u00eb  shkoi, lejojn\u00eb t\u00eb thuhet se shqiptar\u00ebt e Malit te Zi sot jan\u00eb m\u00eb mir\u00eb.  Ulqini \u00ebsht\u00eb nj\u00eb prag t\u00eb nj\u00eb bumi turistik, i cili do ta sjell\u00eb qytetin  n\u00eb pozicionin e nj\u00eb q\u00ebndre turistike p\u00ebr t\u00eb gjith\u00eb rajonin\u201d, p\u00ebrfundon  Dionosha.<\/p>\n<p><strong>Top Channel<\/strong><\/p>\n<p><strong><br \/>\n<\/strong><br \/>\n<object type=\"application\/x-shockwave-flash\" style=\"width: 580px; height: 400px;\" data=\"http:\/\/forca.me\/plugins\/content\/jw_allvideos\/includes\/players\/mediaplayer\/player.swf\" title=\"JoomlaWorks AllVideos Player\"><param name=\"movie\" value=\"http:\/\/forca.me\/plugins\/content\/jw_allvideos\/includes\/players\/mediaplayer\/player.swf\"><param name=\"quality\" value=\"high\"><param name=\"wmode\" value=\"transparent\"><param name=\"bgcolor\" value=\"#010101\"><param name=\"autoplay\" value=\"false\"><param name=\"allowfullscreen\" value=\"true\"><param name=\"allowscriptaccess\" value=\"always\"><param name=\"flashvars\" value=\"file=http:\/\/forca.me\/images\/stories\/videos\/shqip_2.flv&amp;image=http:\/\/forca.me\/images\/stories\/videos\/shqip_2.jpg&amp;autostart=false&amp;fullscreen=true\"><\/object><\/p>\n","protected":false},"excerpt":{"rendered":"<p>\u201cPavar\u00ebsia e Malit t\u00eb Zi ka qen\u00eb shum\u00eb e mir\u00eb dhe paradhom\u00eb e pavar\u00ebsis\u00eb s\u00eb Kosov\u00ebs\u201d. Ky ka q\u00ebn\u00eb komenti i Unionit Demokratik t\u00eb Shqiptar\u00ebve t\u00eb Malit t\u00eb Zi, Ferhat Dinosha, partia e t\u00eb cilit \u00ebsht\u00eb n\u00eb qeveri q\u00eb prej 12 vjet\u00ebsh. N\u00eb \u201cShqip\u201d ai u shpreh se shqiptar\u00ebt nuk kan\u00eb mundur t\u00eb firmosin nj\u00eb [&hellip;]<\/p>\n","protected":false},"author":1,"featured_media":0,"comment_status":"open","ping_status":"closed","sticky":false,"template":"","format":"standard","meta":{"spay_email":"","jetpack_publicize_message":"","jetpack_is_tweetstorm":false,"jetpack_publicize_feature_enabled":true},"categories":[12],"tags":[97,13966],"jetpack_publicize_connections":[],"yoast_head":"<!-- This site is optimized with the Yoast SEO plugin v19.1 - https:\/\/yoast.com\/wordpress\/plugins\/seo\/ -->\n<title>Dinosha: Shqiptar\u00ebt ndikuan n\u00eb pavar\u00ebsin\u00eb e Malit t\u00eb Zi - Video - Lajme nga Ulqini<\/title>\n<meta name=\"description\" content=\"\u201cPavar\u00ebsia e Malit t\u00eb Zi ka qen\u00eb shum\u00eb e mir\u00eb dhe paradhom\u00eb e pavar\u00ebsis\u00eb s\u00eb Kosov\u00ebs\u201d. Ky ka q\u00ebn\u00eb komenti i Unionit Demokratik t\u00eb Shqiptar\u00ebve t\u00eb Malit t\u00eb\" \/>\n<meta name=\"robots\" content=\"index, follow, max-snippet:-1, max-image-preview:large, max-video-preview:-1\" \/>\n<link rel=\"canonical\" href=\"https:\/\/www.visit-ulcinj.com\/blog\/2010\/04\/06\/dinosha-shqiptaret-ndikuan-ne-pavaresine-e-malit-te-zi\/\" \/>\n<meta property=\"og:locale\" content=\"en_US\" \/>\n<meta property=\"og:type\" content=\"article\" \/>\n<meta property=\"og:title\" content=\"Dinosha: Shqiptar\u00ebt ndikuan n\u00eb pavar\u00ebsin\u00eb e Malit t\u00eb Zi - Video - Lajme nga Ulqini\" \/>\n<meta property=\"og:description\" content=\"\u201cPavar\u00ebsia e Malit t\u00eb Zi ka qen\u00eb shum\u00eb e mir\u00eb dhe paradhom\u00eb e pavar\u00ebsis\u00eb s\u00eb Kosov\u00ebs\u201d. Ky ka q\u00ebn\u00eb komenti i Unionit Demokratik t\u00eb Shqiptar\u00ebve t\u00eb Malit t\u00eb\" \/>\n<meta property=\"og:url\" content=\"https:\/\/www.visit-ulcinj.com\/blog\/2010\/04\/06\/dinosha-shqiptaret-ndikuan-ne-pavaresine-e-malit-te-zi\/\" \/>\n<meta property=\"og:site_name\" content=\"Lajme nga Ulqini\" \/>\n<meta property=\"article:published_time\" content=\"2010-04-06T17:59:24+00:00\" \/>\n<meta property=\"article:modified_time\" content=\"2010-04-07T12:07:44+00:00\" \/>\n<meta property=\"og:image\" content=\"http:\/\/www.visit-ulcinj.com\/blog\/wp-content\/uploads\/2010\/03\/Ferhat-Dinosha.jpg\" \/>\n<meta name=\"twitter:label1\" content=\"Written by\" \/>\n\t<meta name=\"twitter:data1\" content=\"ulqini\" \/>\n\t<meta name=\"twitter:label2\" content=\"Est. reading time\" \/>\n\t<meta name=\"twitter:data2\" content=\"1 minute\" \/>\n<script type=\"application\/ld+json\" class=\"yoast-schema-graph\">{\"@context\":\"https:\/\/schema.org\",\"@graph\":[{\"@type\":\"WebSite\",\"@id\":\"https:\/\/www.visit-ulcinj.com\/blog\/#website\",\"url\":\"https:\/\/www.visit-ulcinj.com\/blog\/\",\"name\":\"Lajme nga Ulqini\",\"description\":\"Lajme,Vijesti,Ulqini,Ulqin,Crna Gora,Mali i Zi\",\"potentialAction\":[{\"@type\":\"SearchAction\",\"target\":{\"@type\":\"EntryPoint\",\"urlTemplate\":\"https:\/\/www.visit-ulcinj.com\/blog\/?s={search_term_string}\"},\"query-input\":\"required name=search_term_string\"}],\"inLanguage\":\"en-US\"},{\"@type\":\"ImageObject\",\"inLanguage\":\"en-US\",\"@id\":\"https:\/\/www.visit-ulcinj.com\/blog\/2010\/04\/06\/dinosha-shqiptaret-ndikuan-ne-pavaresine-e-malit-te-zi\/#primaryimage\",\"url\":\"https:\/\/www.visit-ulcinj.com\/blog\/wp-content\/uploads\/2010\/03\/Ferhat-Dinosha.jpg\",\"contentUrl\":\"https:\/\/www.visit-ulcinj.com\/blog\/wp-content\/uploads\/2010\/03\/Ferhat-Dinosha.jpg\",\"width\":\"800\",\"height\":\"597\"},{\"@type\":\"WebPage\",\"@id\":\"https:\/\/www.visit-ulcinj.com\/blog\/2010\/04\/06\/dinosha-shqiptaret-ndikuan-ne-pavaresine-e-malit-te-zi\/#webpage\",\"url\":\"https:\/\/www.visit-ulcinj.com\/blog\/2010\/04\/06\/dinosha-shqiptaret-ndikuan-ne-pavaresine-e-malit-te-zi\/\",\"name\":\"Dinosha: Shqiptar\u00ebt ndikuan n\u00eb pavar\u00ebsin\u00eb e Malit t\u00eb Zi - Video - Lajme nga Ulqini\",\"isPartOf\":{\"@id\":\"https:\/\/www.visit-ulcinj.com\/blog\/#website\"},\"primaryImageOfPage\":{\"@id\":\"https:\/\/www.visit-ulcinj.com\/blog\/2010\/04\/06\/dinosha-shqiptaret-ndikuan-ne-pavaresine-e-malit-te-zi\/#primaryimage\"},\"datePublished\":\"2010-04-06T17:59:24+00:00\",\"dateModified\":\"2010-04-07T12:07:44+00:00\",\"author\":{\"@id\":\"https:\/\/www.visit-ulcinj.com\/blog\/#\/schema\/person\/dcab619c614d3038751c63bc2aadc06d\"},\"description\":\"\u201cPavar\u00ebsia e Malit t\u00eb Zi ka qen\u00eb shum\u00eb e mir\u00eb dhe paradhom\u00eb e pavar\u00ebsis\u00eb s\u00eb Kosov\u00ebs\u201d. Ky ka q\u00ebn\u00eb komenti i Unionit Demokratik t\u00eb Shqiptar\u00ebve t\u00eb Malit t\u00eb\",\"breadcrumb\":{\"@id\":\"https:\/\/www.visit-ulcinj.com\/blog\/2010\/04\/06\/dinosha-shqiptaret-ndikuan-ne-pavaresine-e-malit-te-zi\/#breadcrumb\"},\"inLanguage\":\"en-US\",\"potentialAction\":[{\"@type\":\"ReadAction\",\"target\":[\"https:\/\/www.visit-ulcinj.com\/blog\/2010\/04\/06\/dinosha-shqiptaret-ndikuan-ne-pavaresine-e-malit-te-zi\/\"]}]},{\"@type\":\"BreadcrumbList\",\"@id\":\"https:\/\/www.visit-ulcinj.com\/blog\/2010\/04\/06\/dinosha-shqiptaret-ndikuan-ne-pavaresine-e-malit-te-zi\/#breadcrumb\",\"itemListElement\":[{\"@type\":\"ListItem\",\"position\":1,\"name\":\"Dinosha: Shqiptar\u00ebt ndikuan n\u00eb pavar\u00ebsin\u00eb e Malit t\u00eb Zi &#8211; Video\"}]},{\"@type\":\"Person\",\"@id\":\"https:\/\/www.visit-ulcinj.com\/blog\/#\/schema\/person\/dcab619c614d3038751c63bc2aadc06d\",\"name\":\"ulqini\",\"sameAs\":[\"http:\/\/www.visit-ulcinj.com\"],\"url\":\"https:\/\/www.visit-ulcinj.com\/blog\/author\/admin\/\"}]}<\/script>\n<!-- \/ Yoast SEO plugin. -->","yoast_head_json":{"title":"Dinosha: Shqiptar\u00ebt ndikuan n\u00eb pavar\u00ebsin\u00eb e Malit t\u00eb Zi - Video - Lajme nga Ulqini","description":"\u201cPavar\u00ebsia e Malit t\u00eb Zi ka qen\u00eb shum\u00eb e mir\u00eb dhe paradhom\u00eb e pavar\u00ebsis\u00eb s\u00eb Kosov\u00ebs\u201d. Ky ka q\u00ebn\u00eb komenti i Unionit Demokratik t\u00eb Shqiptar\u00ebve t\u00eb Malit t\u00eb","robots":{"index":"index","follow":"follow","max-snippet":"max-snippet:-1","max-image-preview":"max-image-preview:large","max-video-preview":"max-video-preview:-1"},"canonical":"https:\/\/www.visit-ulcinj.com\/blog\/2010\/04\/06\/dinosha-shqiptaret-ndikuan-ne-pavaresine-e-malit-te-zi\/","og_locale":"en_US","og_type":"article","og_title":"Dinosha: Shqiptar\u00ebt ndikuan n\u00eb pavar\u00ebsin\u00eb e Malit t\u00eb Zi - Video - Lajme nga Ulqini","og_description":"\u201cPavar\u00ebsia e Malit t\u00eb Zi ka qen\u00eb shum\u00eb e mir\u00eb dhe paradhom\u00eb e pavar\u00ebsis\u00eb s\u00eb Kosov\u00ebs\u201d. Ky ka q\u00ebn\u00eb komenti i Unionit Demokratik t\u00eb Shqiptar\u00ebve t\u00eb Malit t\u00eb","og_url":"https:\/\/www.visit-ulcinj.com\/blog\/2010\/04\/06\/dinosha-shqiptaret-ndikuan-ne-pavaresine-e-malit-te-zi\/","og_site_name":"Lajme nga Ulqini","article_published_time":"2010-04-06T17:59:24+00:00","article_modified_time":"2010-04-07T12:07:44+00:00","og_image":[{"url":"http:\/\/www.visit-ulcinj.com\/blog\/wp-content\/uploads\/2010\/03\/Ferhat-Dinosha.jpg"}],"twitter_misc":{"Written by":"ulqini","Est. reading time":"1 minute"},"schema":{"@context":"https:\/\/schema.org","@graph":[{"@type":"WebSite","@id":"https:\/\/www.visit-ulcinj.com\/blog\/#website","url":"https:\/\/www.visit-ulcinj.com\/blog\/","name":"Lajme nga Ulqini","description":"Lajme,Vijesti,Ulqini,Ulqin,Crna Gora,Mali i Zi","potentialAction":[{"@type":"SearchAction","target":{"@type":"EntryPoint","urlTemplate":"https:\/\/www.visit-ulcinj.com\/blog\/?s={search_term_string}"},"query-input":"required name=search_term_string"}],"inLanguage":"en-US"},{"@type":"ImageObject","inLanguage":"en-US","@id":"https:\/\/www.visit-ulcinj.com\/blog\/2010\/04\/06\/dinosha-shqiptaret-ndikuan-ne-pavaresine-e-malit-te-zi\/#primaryimage","url":"https:\/\/www.visit-ulcinj.com\/blog\/wp-content\/uploads\/2010\/03\/Ferhat-Dinosha.jpg","contentUrl":"https:\/\/www.visit-ulcinj.com\/blog\/wp-content\/uploads\/2010\/03\/Ferhat-Dinosha.jpg","width":"800","height":"597"},{"@type":"WebPage","@id":"https:\/\/www.visit-ulcinj.com\/blog\/2010\/04\/06\/dinosha-shqiptaret-ndikuan-ne-pavaresine-e-malit-te-zi\/#webpage","url":"https:\/\/www.visit-ulcinj.com\/blog\/2010\/04\/06\/dinosha-shqiptaret-ndikuan-ne-pavaresine-e-malit-te-zi\/","name":"Dinosha: Shqiptar\u00ebt ndikuan n\u00eb pavar\u00ebsin\u00eb e Malit t\u00eb Zi - Video - Lajme nga Ulqini","isPartOf":{"@id":"https:\/\/www.visit-ulcinj.com\/blog\/#website"},"primaryImageOfPage":{"@id":"https:\/\/www.visit-ulcinj.com\/blog\/2010\/04\/06\/dinosha-shqiptaret-ndikuan-ne-pavaresine-e-malit-te-zi\/#primaryimage"},"datePublished":"2010-04-06T17:59:24+00:00","dateModified":"2010-04-07T12:07:44+00:00","author":{"@id":"https:\/\/www.visit-ulcinj.com\/blog\/#\/schema\/person\/dcab619c614d3038751c63bc2aadc06d"},"description":"\u201cPavar\u00ebsia e Malit t\u00eb Zi ka qen\u00eb shum\u00eb e mir\u00eb dhe paradhom\u00eb e pavar\u00ebsis\u00eb s\u00eb Kosov\u00ebs\u201d. Ky ka q\u00ebn\u00eb komenti i Unionit Demokratik t\u00eb Shqiptar\u00ebve t\u00eb Malit t\u00eb","breadcrumb":{"@id":"https:\/\/www.visit-ulcinj.com\/blog\/2010\/04\/06\/dinosha-shqiptaret-ndikuan-ne-pavaresine-e-malit-te-zi\/#breadcrumb"},"inLanguage":"en-US","potentialAction":[{"@type":"ReadAction","target":["https:\/\/www.visit-ulcinj.com\/blog\/2010\/04\/06\/dinosha-shqiptaret-ndikuan-ne-pavaresine-e-malit-te-zi\/"]}]},{"@type":"BreadcrumbList","@id":"https:\/\/www.visit-ulcinj.com\/blog\/2010\/04\/06\/dinosha-shqiptaret-ndikuan-ne-pavaresine-e-malit-te-zi\/#breadcrumb","itemListElement":[{"@type":"ListItem","position":1,"name":"Dinosha: Shqiptar\u00ebt ndikuan n\u00eb pavar\u00ebsin\u00eb e Malit t\u00eb Zi &#8211; Video"}]},{"@type":"Person","@id":"https:\/\/www.visit-ulcinj.com\/blog\/#\/schema\/person\/dcab619c614d3038751c63bc2aadc06d","name":"ulqini","sameAs":["http:\/\/www.visit-ulcinj.com"],"url":"https:\/\/www.visit-ulcinj.com\/blog\/author\/admin\/"}]}},"jetpack_featured_media_url":"","jetpack_sharing_enabled":true,"jetpack_shortlink":"https:\/\/wp.me\/pe6lTn-8gv","_links":{"self":[{"href":"https:\/\/www.visit-ulcinj.com\/blog\/wp-json\/wp\/v2\/posts\/31775"}],"collection":[{"href":"https:\/\/www.visit-ulcinj.com\/blog\/wp-json\/wp\/v2\/posts"}],"about":[{"href":"https:\/\/www.visit-ulcinj.com\/blog\/wp-json\/wp\/v2\/types\/post"}],"author":[{"embeddable":true,"href":"https:\/\/www.visit-ulcinj.com\/blog\/wp-json\/wp\/v2\/users\/1"}],"replies":[{"embeddable":true,"href":"https:\/\/www.visit-ulcinj.com\/blog\/wp-json\/wp\/v2\/comments?post=31775"}],"version-history":[{"count":0,"href":"https:\/\/www.visit-ulcinj.com\/blog\/wp-json\/wp\/v2\/posts\/31775\/revisions"}],"wp:attachment":[{"href":"https:\/\/www.visit-ulcinj.com\/blog\/wp-json\/wp\/v2\/media?parent=31775"}],"wp:term":[{"taxonomy":"category","embeddable":true,"href":"https:\/\/www.visit-ulcinj.com\/blog\/wp-json\/wp\/v2\/categories?post=31775"},{"taxonomy":"post_tag","embeddable":true,"href":"https:\/\/www.visit-ulcinj.com\/blog\/wp-json\/wp\/v2\/tags?post=31775"}],"curies":[{"name":"wp","href":"https:\/\/api.w.org\/{rel}","templated":true}]}}