{"id":3178,"date":"2008-09-11T05:06:58","date_gmt":"2008-09-11T10:06:58","guid":{"rendered":"http:\/\/www.visit-ulcinj.com\/blog\/?p=3178"},"modified":"2008-09-11T05:06:58","modified_gmt":"2008-09-11T10:06:58","slug":"iz-ulcinja-po-namirnice-u-albaniju","status":"publish","type":"post","link":"https:\/\/www.visit-ulcinj.com\/blog\/2008\/09\/11\/iz-ulcinja-po-namirnice-u-albaniju\/","title":{"rendered":"Iz Ulcinja po namirnice u Albaniju"},"content":{"rendered":"<p><a href=\"http:\/\/www.visit-ulcinj.com\/blog\/wp-content\/uploads\/2008\/09\/shkodra_2.jpg\"><img loading=\"lazy\" class=\"alignleft size-medium wp-image-3179\" title=\"SKADAR_Shkodra\" src=\"http:\/\/www.visit-ulcinj.com\/blog\/wp-content\/uploads\/2008\/09\/shkodra_2-300x225.jpg\" alt=\"\" width=\"300\" height=\"225\" srcset=\"https:\/\/www.visit-ulcinj.com\/blog\/wp-content\/uploads\/2008\/09\/shkodra_2-300x225.jpg 300w, https:\/\/www.visit-ulcinj.com\/blog\/wp-content\/uploads\/2008\/09\/shkodra_2.jpg 640w\" sizes=\"(max-width: 300px) 100vw, 300px\" \/><\/a><strong>Povratak Skadra<br \/>\n<\/strong>Sve dok krajem jula nije prekinuto nekoliko \u0161vercerskih lanaca crnogorski mesari, njihovi distributeri i zastupnici nijesu mogli da utvrde \u0161to je, uz lo\u0161u sezonu, pravi razlog pada prometa mesa za tre?inu u odnosu na pro\u0161lu godinu. Akcije grani?ne policije pokazale su da je meso u velikim koli?inama krijum?areno iz Albanije, a \u0161verceri su bili crnogorski dr\u017eavljani iz prigrani?nih sela. Oni su svje\u017ee zamrznutim gove?im i svinjskim mesom, te piletinom, opskrbljivali vlasnike restorana i picerija od Ulcinja do Budve. Posao je cvjetao: cijene mesa su u Albaniji za tre?inu ni\u017ee nego u Ulcinju. Kilo govedine staje, na primjer, pet eura. A ono se u \u201czemlju orlova\u201d doprema iz Argentine. \u201cAlbanski\u201d pile?i filei poti?u iz Kine, a bataci su iz SAD i Kanade. Jo\u0161 je unosniji bio \u0161verc svje\u017ee ribe. Prethodnih godina u okolini Skadra izgra?eni su ogromni bazeni u kojima se uzgaja kvalitetna morska riba. A ribe, jo\u0161 u sezoni, primorcima nikad dosta.<\/p>\n<div id=\"attachment_3180\" style=\"width: 160px\" class=\"wp-caption alignright\"><a href=\"http:\/\/www.visit-ulcinj.com\/blog\/wp-content\/uploads\/2008\/09\/141852701.jpg\"><img aria-describedby=\"caption-attachment-3180\" loading=\"lazy\" class=\"size-thumbnail wp-image-3180\" title=\"Pijaca u Ulcinj\" src=\"http:\/\/www.visit-ulcinj.com\/blog\/wp-content\/uploads\/2008\/09\/141852701-150x150.jpg\" alt=\"Pijaca u Ulcinj\" width=\"150\" height=\"150\" \/><\/a><p id=\"caption-attachment-3180\" class=\"wp-caption-text\">Pijaca u Ulcinj<\/p><\/div>\n<p><strong>PO HRANU U SKADAR:<\/strong> Na pijacama i samoposlugama u Skadru sve je vi\u0161e gra?ana Crne Gore. Ulcinjani, a posebno mje\u0161tani prigrani?nih sela, u centru sjeverne Albanije kupuju uglavnom \u017eivotne namirnice, kozmetiku i tekstilnu robu. Cijene su mnogo jeftinije nego u Ulcinju. Kilogram gro\u017e?a staje jedan euro, kilogram paradajza 30 centi, a litar ulja je 1,5 eura. \u201cKad se prtlja\u017enik automobila napuni, ra?unica je jasna. Dolazak po porodi?ne potrebe jednom u deset dana se sasvim isplati\u201d, ka\u017ee srednjovje?ni Ulcinjanin, koji dodaje da plata od 350 eura ne dozvoljava neracionalnost. I preduzetnik iz Skadra Ibrahim Dibra potvr?uje da su Ulcinjani sve?e\u0161?i kupci u njegovom du?anu. \u201cSvakoga dana imamo barem 50 kupaca iz Ulcinja. Oni su bolji potro\u0161a?i nego moji sugra?ani. Kupuju ?ak i jaja\u201d, ka\u017ee on i napominje da je prosje?na plata u Skadru 200 eura. To je, uz sna\u017enije carinske kontrole, dovelo do velikog pada broja albanskih dr\u017eavljana koji su prodavali robu na pijacama u Ulcinju, Vladimiru, Ostrosu ili u Tuzima. Sada ih dnevno bude tek stotinak, ili pet puta manje nego 2002. godine.<\/p>\n<div style=\"width: 257px\" class=\"wp-caption alignleft\"><a href=\"http:\/\/www.visit-ulcinj.com\/blog\/wp-content\/uploads\/2008\/04\/berisha-gjukanovic-sukubin-_muriqan.jpg\"><img loading=\"lazy\" title=\"otvoren grani?ni prijelaz Sukobin (Muri?an)\" src=\"http:\/\/www.visit-ulcinj.com\/blog\/wp-content\/uploads\/2008\/04\/berisha-gjukanovic-sukubin-_muriqan.jpg\" alt=\"Otvoren grani?ni prijelaz Sukobin (Muri?an)\" width=\"247\" height=\"147\" \/><\/a><p class=\"wp-caption-text\">Otvoren grani?ni prijelaz Sukobin - Muri?an<\/p><\/div>\n<p><strong>ZAJEDNO NA SUKOBINU: <\/strong>Upravo je te godine otvoren grani?ni prijelaz Sukobin (Muri?an) koji je podstakao malograni?ni promet izme?u Ulcinja i Skadra. \u201cSvakog dana ovuda pro?e najmanje tri hiljade ljudi i hiljadu automobila\u201d, rekli su nam albanski carinici. U aprilu ove godine premijeri Crne Gore i Albanije Milo ?ukanovi? i Salji Beri\u0161a te ambasador Evropske komisije u Tirani Albert Loan ozna?ili su po?etak radova na izgradnji zajedni?ke zgrade od 14 hiljada metara kvadratnih na Sukobinu. O?ekuje se da ?e radovi na ovom prvom zajedni?kom grani?nom prijelazu na zapadnom Balkanu biti zavr\u0161eni u februaru 2009. godine. EU je za realizaciju ovog projekta opredjelila 1,1 milion eura. Uskoro ?e po?eti i radovi na izgradnji modernog mosta preko Bojane. Jer, sada se iz pravca Ulcinja u Skadar ulazi preko drvenog mosta kojim mo\u017ee da se pro?e samo u jednom pravcu.Albanske nacionalne stranke u Crnoj Gori predlo\u017eile su da se gra?anima Ulcinja i Bara dozvoli da u Albaniju putuju sa li?nom kartom, a da isto vrijedi za Skadrane kada ulaze u Crnu Goru. Oni napominju da je stanovnicima Boke Kotorske omogu?eno da, ako \u017eele da borave u Dubrovniku, mogu pre?i granicu na Debelom brijegu samo sa tim dokumentom. Uostalom, tako se granica na podru?ju od Ade Bojane do Skadarskog jezera prelazila u vrijeme Kraljevine Jugoslavije. Tada je na ovom potezu bilo ?ak pet malograni?nih prelaza: Sukobin, Fraskanjel, Sveti ?or?e, Re? i Sveti Nikola.<\/p>\n<div id=\"attachment_3182\" style=\"width: 160px\" class=\"wp-caption alignright\"><a href=\"http:\/\/www.visit-ulcinj.com\/blog\/wp-content\/uploads\/2008\/09\/tabla-za-crnu-goru1.jpg\"><img aria-describedby=\"caption-attachment-3182\" loading=\"lazy\" class=\"size-thumbnail wp-image-3182\" title=\"tabla-za-crnu-goru1\" src=\"http:\/\/www.visit-ulcinj.com\/blog\/wp-content\/uploads\/2008\/09\/tabla-za-crnu-goru1-150x150.jpg\" alt=\"Putokaz za Ulcinj\" width=\"150\" height=\"150\" \/><\/a><p id=\"caption-attachment-3182\" class=\"wp-caption-text\">Putokaz za Ulcinj<\/p><\/div>\n<p>Zato su i porodi?ne, ekonomske i svake druge veze izme?u ovih pograni?nih regiona bile prije 70 godina ja?e nego danas.<br \/>\n<strong>TIRANA METROPOLA:<\/strong> Skadar ubrzano postaje ono \u0161to je bio kroz ?itavu istoriju: trgova?ki i kulturni centar \u0161ireg regiona. Oni koji nekoliko godina nijesu bili u ovom gradu osta?e zapanjeni svim onim \u0161to se u me?uvremenu izgradilo. Zasluge za to se, uglavnom, pripisuju energi?noj predsjednici albanskog parlamenta Jofezini Topali, ro?enoj Skadranki, koja je i potpredsjednica Demokratske stranke premijera Salji Beri\u0161e. Topali sada usmjerava vladine i me?unarodne fondove prema sjeveru Albanije, \u0161to ?e svakako uticati da Skadar ostane \u201ctvrdo jezgro\u201d demokrata. Upravo zbog izra\u017eenog antikomunizma, za vrijeme zemana Enver Hod\u017ee u Skadru gotovo ni\u0161ta nije ulagano, \u0161to je nastavljeno i tokom vladavine socijalista Fatosa Nanoa. Sada se situacija promjenila, iako Skadar i dalje veoma zaostaje za Tiranom. Glavni grad Albanije postaje metropola. U to se uvjerio i tvorac \u201ccrnogorskog ekonomskog ?uda\u201d, koji je prije ?etiri godine sa svojim ulcinjskim prijateljima boravio u jednodnevnoj posjeti ovom gradu. Ka\u017eu da je bio prijatno iznena?en izgledom i skladno\u0161?u gra?evina u Tirani. Kada se vratio u Podgoricu pokazivao je svojim studentima slajdove Tirane pitaju?i ih koji je to evropski grad. Naravno, niko nije ni pretpostavljao da je tako lijep glavni grad Albanije udaljen od Podgorice samo dva sata vo\u017enje automobilom.<br \/>\n<strong>Mustafa CANKA<br \/>\n<\/strong><a href=\"http:\/\/www.visit-ulcinj.com\/blog\/wp-content\/uploads\/2008\/09\/magazina-e-mishit.jpg\"><img loading=\"lazy\" class=\"size-thumbnail wp-image-3183 alignleft\" title=\"magazina-e-mishit\" src=\"http:\/\/www.visit-ulcinj.com\/blog\/wp-content\/uploads\/2008\/09\/magazina-e-mishit-150x150.jpg\" alt=\"\" width=\"228\" height=\"127\" \/><\/a><strong>Paradajz <\/strong><br \/>\nNekoliko je razloga \u0161to su cijene osnovnih \u017eivotnih namirnica u Skadru znatno ni\u017ee nego u Crnoj Gori. U ovom regionu Albanije, sa oko 300 hiljada stanovnika, proizvodi se dosta kvalitetnog vo?a i povr?a, konkurencija je velika, a trgovci rade sa niskim mar\u017eama (oko 12 odsto). Kako je u Ulcinju? Iako bi, prema nekim procjenama Ulcinjsko polje sa zale?em do Skadarskog jezera, moglo da hrani pola Crne Gore, ono se malo obra?uje. Uvozni lobi i monopolska struktura crnogorske ekonomije uni\u0161tila je ulcinjsku poljoprivredu, pa sada na pijaci u ovom gradu ?ak ima vi\u0161e uvoznog nego doma?eg paradajza. Ulcinjski paradajz bio je izuzetno cijenjen: jeo ga je i Josip Broz Tito. Sada Ulcinjani po paradajz idu u Skadar ili jedu uvozni iz Turske i Gr?ke. Poneki od njih sa sjetom se prisjeti Titovog vremena.<br \/>\n<strong>Izvor \/ Monitor<br \/>\n<\/strong><\/p>\n<p style=\"text-align: center;\"><a href=\"http:\/\/www.visit-ulcinj.com\/?rub=taxicobi\"><img loading=\"lazy\" class=\"aligncenter size-full wp-image-2798\" title=\"taxi-cobi-ulqintaxi-cobi-ulcinjcrna-goramontenegromali-i-ziulqini\" src=\"http:\/\/www.visit-ulcinj.com\/blog\/wp-content\/uploads\/2008\/08\/taxi-cobi-ulqintaxi-cobi-ulcinjcrna-goramontenegromali-i-ziulqini.jpg\" alt=\"\" width=\"320\" height=\"150\" srcset=\"https:\/\/www.visit-ulcinj.com\/blog\/wp-content\/uploads\/2008\/08\/taxi-cobi-ulqintaxi-cobi-ulcinjcrna-goramontenegromali-i-ziulqini.jpg 320w, https:\/\/www.visit-ulcinj.com\/blog\/wp-content\/uploads\/2008\/08\/taxi-cobi-ulqintaxi-cobi-ulcinjcrna-goramontenegromali-i-ziulqini-300x140.jpg 300w\" sizes=\"(max-width: 320px) 100vw, 320px\" \/><\/a><\/p>\n","protected":false},"excerpt":{"rendered":"<p><img loading=\"lazy\" class=\"alignleft size-medium wp-image-3179\" title=\"SKADAR_Shkodra\" src=\"http:\/\/www.visit-ulcinj.com\/blog\/wp-content\/uploads\/2008\/09\/shkodra_2-300x225.jpg\" alt=\"\" width=\"140\" height=\"140\" \/><\/p>\n","protected":false},"author":1,"featured_media":0,"comment_status":"open","ping_status":"closed","sticky":false,"template":"","format":"standard","meta":{"spay_email":"","jetpack_publicize_message":"","jetpack_is_tweetstorm":false,"jetpack_publicize_feature_enabled":true},"categories":[11,12],"tags":[3167,20,2690,3797,19],"jetpack_publicize_connections":[],"yoast_head":"<!-- This site is optimized with the Yoast SEO plugin v19.1 - https:\/\/yoast.com\/wordpress\/plugins\/seo\/ -->\n<title>Iz Ulcinja po namirnice u Albaniju - Lajme nga Ulqini<\/title>\n<meta name=\"robots\" content=\"index, follow, max-snippet:-1, max-image-preview:large, max-video-preview:-1\" \/>\n<link rel=\"canonical\" href=\"https:\/\/www.visit-ulcinj.com\/blog\/2008\/09\/11\/iz-ulcinja-po-namirnice-u-albaniju\/\" \/>\n<meta property=\"og:locale\" content=\"en_US\" \/>\n<meta property=\"og:type\" content=\"article\" \/>\n<meta property=\"og:title\" content=\"Iz Ulcinja po namirnice u Albaniju - Lajme nga Ulqini\" \/>\n<meta property=\"og:url\" content=\"https:\/\/www.visit-ulcinj.com\/blog\/2008\/09\/11\/iz-ulcinja-po-namirnice-u-albaniju\/\" \/>\n<meta property=\"og:site_name\" content=\"Lajme nga Ulqini\" \/>\n<meta property=\"article:published_time\" content=\"2008-09-11T10:06:58+00:00\" \/>\n<meta property=\"og:image\" content=\"http:\/\/www.visit-ulcinj.com\/blog\/wp-content\/uploads\/2008\/09\/shkodra_2-300x225.jpg\" \/>\n<meta name=\"twitter:label1\" content=\"Written by\" \/>\n\t<meta name=\"twitter:data1\" content=\"ulqini\" \/>\n\t<meta name=\"twitter:label2\" content=\"Est. reading time\" \/>\n\t<meta name=\"twitter:data2\" content=\"5 minutes\" \/>\n<script type=\"application\/ld+json\" class=\"yoast-schema-graph\">{\"@context\":\"https:\/\/schema.org\",\"@graph\":[{\"@type\":\"WebSite\",\"@id\":\"https:\/\/www.visit-ulcinj.com\/blog\/#website\",\"url\":\"https:\/\/www.visit-ulcinj.com\/blog\/\",\"name\":\"Lajme nga Ulqini\",\"description\":\"Lajme,Vijesti,Ulqini,Ulqin,Crna Gora,Mali i Zi\",\"potentialAction\":[{\"@type\":\"SearchAction\",\"target\":{\"@type\":\"EntryPoint\",\"urlTemplate\":\"https:\/\/www.visit-ulcinj.com\/blog\/?s={search_term_string}\"},\"query-input\":\"required name=search_term_string\"}],\"inLanguage\":\"en-US\"},{\"@type\":\"ImageObject\",\"inLanguage\":\"en-US\",\"@id\":\"https:\/\/www.visit-ulcinj.com\/blog\/2008\/09\/11\/iz-ulcinja-po-namirnice-u-albaniju\/#primaryimage\",\"url\":\"http:\/\/www.visit-ulcinj.com\/blog\/wp-content\/uploads\/2008\/09\/shkodra_2-300x225.jpg\",\"contentUrl\":\"http:\/\/www.visit-ulcinj.com\/blog\/wp-content\/uploads\/2008\/09\/shkodra_2-300x225.jpg\"},{\"@type\":\"WebPage\",\"@id\":\"https:\/\/www.visit-ulcinj.com\/blog\/2008\/09\/11\/iz-ulcinja-po-namirnice-u-albaniju\/#webpage\",\"url\":\"https:\/\/www.visit-ulcinj.com\/blog\/2008\/09\/11\/iz-ulcinja-po-namirnice-u-albaniju\/\",\"name\":\"Iz Ulcinja po namirnice u Albaniju - Lajme nga Ulqini\",\"isPartOf\":{\"@id\":\"https:\/\/www.visit-ulcinj.com\/blog\/#website\"},\"primaryImageOfPage\":{\"@id\":\"https:\/\/www.visit-ulcinj.com\/blog\/2008\/09\/11\/iz-ulcinja-po-namirnice-u-albaniju\/#primaryimage\"},\"datePublished\":\"2008-09-11T10:06:58+00:00\",\"dateModified\":\"2008-09-11T10:06:58+00:00\",\"author\":{\"@id\":\"https:\/\/www.visit-ulcinj.com\/blog\/#\/schema\/person\/dcab619c614d3038751c63bc2aadc06d\"},\"breadcrumb\":{\"@id\":\"https:\/\/www.visit-ulcinj.com\/blog\/2008\/09\/11\/iz-ulcinja-po-namirnice-u-albaniju\/#breadcrumb\"},\"inLanguage\":\"en-US\",\"potentialAction\":[{\"@type\":\"ReadAction\",\"target\":[\"https:\/\/www.visit-ulcinj.com\/blog\/2008\/09\/11\/iz-ulcinja-po-namirnice-u-albaniju\/\"]}]},{\"@type\":\"BreadcrumbList\",\"@id\":\"https:\/\/www.visit-ulcinj.com\/blog\/2008\/09\/11\/iz-ulcinja-po-namirnice-u-albaniju\/#breadcrumb\",\"itemListElement\":[{\"@type\":\"ListItem\",\"position\":1,\"name\":\"Iz Ulcinja po namirnice u Albaniju\"}]},{\"@type\":\"Person\",\"@id\":\"https:\/\/www.visit-ulcinj.com\/blog\/#\/schema\/person\/dcab619c614d3038751c63bc2aadc06d\",\"name\":\"ulqini\",\"sameAs\":[\"http:\/\/www.visit-ulcinj.com\"],\"url\":\"https:\/\/www.visit-ulcinj.com\/blog\/author\/admin\/\"}]}<\/script>\n<!-- \/ Yoast SEO plugin. -->","yoast_head_json":{"title":"Iz Ulcinja po namirnice u Albaniju - Lajme nga Ulqini","robots":{"index":"index","follow":"follow","max-snippet":"max-snippet:-1","max-image-preview":"max-image-preview:large","max-video-preview":"max-video-preview:-1"},"canonical":"https:\/\/www.visit-ulcinj.com\/blog\/2008\/09\/11\/iz-ulcinja-po-namirnice-u-albaniju\/","og_locale":"en_US","og_type":"article","og_title":"Iz Ulcinja po namirnice u Albaniju - Lajme nga Ulqini","og_url":"https:\/\/www.visit-ulcinj.com\/blog\/2008\/09\/11\/iz-ulcinja-po-namirnice-u-albaniju\/","og_site_name":"Lajme nga Ulqini","article_published_time":"2008-09-11T10:06:58+00:00","og_image":[{"url":"http:\/\/www.visit-ulcinj.com\/blog\/wp-content\/uploads\/2008\/09\/shkodra_2-300x225.jpg"}],"twitter_misc":{"Written by":"ulqini","Est. reading time":"5 minutes"},"schema":{"@context":"https:\/\/schema.org","@graph":[{"@type":"WebSite","@id":"https:\/\/www.visit-ulcinj.com\/blog\/#website","url":"https:\/\/www.visit-ulcinj.com\/blog\/","name":"Lajme nga Ulqini","description":"Lajme,Vijesti,Ulqini,Ulqin,Crna Gora,Mali i Zi","potentialAction":[{"@type":"SearchAction","target":{"@type":"EntryPoint","urlTemplate":"https:\/\/www.visit-ulcinj.com\/blog\/?s={search_term_string}"},"query-input":"required name=search_term_string"}],"inLanguage":"en-US"},{"@type":"ImageObject","inLanguage":"en-US","@id":"https:\/\/www.visit-ulcinj.com\/blog\/2008\/09\/11\/iz-ulcinja-po-namirnice-u-albaniju\/#primaryimage","url":"http:\/\/www.visit-ulcinj.com\/blog\/wp-content\/uploads\/2008\/09\/shkodra_2-300x225.jpg","contentUrl":"http:\/\/www.visit-ulcinj.com\/blog\/wp-content\/uploads\/2008\/09\/shkodra_2-300x225.jpg"},{"@type":"WebPage","@id":"https:\/\/www.visit-ulcinj.com\/blog\/2008\/09\/11\/iz-ulcinja-po-namirnice-u-albaniju\/#webpage","url":"https:\/\/www.visit-ulcinj.com\/blog\/2008\/09\/11\/iz-ulcinja-po-namirnice-u-albaniju\/","name":"Iz Ulcinja po namirnice u Albaniju - Lajme nga Ulqini","isPartOf":{"@id":"https:\/\/www.visit-ulcinj.com\/blog\/#website"},"primaryImageOfPage":{"@id":"https:\/\/www.visit-ulcinj.com\/blog\/2008\/09\/11\/iz-ulcinja-po-namirnice-u-albaniju\/#primaryimage"},"datePublished":"2008-09-11T10:06:58+00:00","dateModified":"2008-09-11T10:06:58+00:00","author":{"@id":"https:\/\/www.visit-ulcinj.com\/blog\/#\/schema\/person\/dcab619c614d3038751c63bc2aadc06d"},"breadcrumb":{"@id":"https:\/\/www.visit-ulcinj.com\/blog\/2008\/09\/11\/iz-ulcinja-po-namirnice-u-albaniju\/#breadcrumb"},"inLanguage":"en-US","potentialAction":[{"@type":"ReadAction","target":["https:\/\/www.visit-ulcinj.com\/blog\/2008\/09\/11\/iz-ulcinja-po-namirnice-u-albaniju\/"]}]},{"@type":"BreadcrumbList","@id":"https:\/\/www.visit-ulcinj.com\/blog\/2008\/09\/11\/iz-ulcinja-po-namirnice-u-albaniju\/#breadcrumb","itemListElement":[{"@type":"ListItem","position":1,"name":"Iz Ulcinja po namirnice u Albaniju"}]},{"@type":"Person","@id":"https:\/\/www.visit-ulcinj.com\/blog\/#\/schema\/person\/dcab619c614d3038751c63bc2aadc06d","name":"ulqini","sameAs":["http:\/\/www.visit-ulcinj.com"],"url":"https:\/\/www.visit-ulcinj.com\/blog\/author\/admin\/"}]}},"jetpack_featured_media_url":"","jetpack_sharing_enabled":true,"jetpack_shortlink":"https:\/\/wp.me\/pe6lTn-Pg","_links":{"self":[{"href":"https:\/\/www.visit-ulcinj.com\/blog\/wp-json\/wp\/v2\/posts\/3178"}],"collection":[{"href":"https:\/\/www.visit-ulcinj.com\/blog\/wp-json\/wp\/v2\/posts"}],"about":[{"href":"https:\/\/www.visit-ulcinj.com\/blog\/wp-json\/wp\/v2\/types\/post"}],"author":[{"embeddable":true,"href":"https:\/\/www.visit-ulcinj.com\/blog\/wp-json\/wp\/v2\/users\/1"}],"replies":[{"embeddable":true,"href":"https:\/\/www.visit-ulcinj.com\/blog\/wp-json\/wp\/v2\/comments?post=3178"}],"version-history":[{"count":0,"href":"https:\/\/www.visit-ulcinj.com\/blog\/wp-json\/wp\/v2\/posts\/3178\/revisions"}],"wp:attachment":[{"href":"https:\/\/www.visit-ulcinj.com\/blog\/wp-json\/wp\/v2\/media?parent=3178"}],"wp:term":[{"taxonomy":"category","embeddable":true,"href":"https:\/\/www.visit-ulcinj.com\/blog\/wp-json\/wp\/v2\/categories?post=3178"},{"taxonomy":"post_tag","embeddable":true,"href":"https:\/\/www.visit-ulcinj.com\/blog\/wp-json\/wp\/v2\/tags?post=3178"}],"curies":[{"name":"wp","href":"https:\/\/api.w.org\/{rel}","templated":true}]}}