{"id":31787,"date":"2010-04-07T21:57:52","date_gmt":"2010-04-07T19:57:52","guid":{"rendered":"http:\/\/www.visit-ulcinj.com\/blog\/?p=31787"},"modified":"2010-04-07T21:57:52","modified_gmt":"2010-04-07T19:57:52","slug":"forca-samostalno-u-ulcinju","status":"publish","type":"post","link":"https:\/\/www.visit-ulcinj.com\/blog\/2010\/04\/07\/forca-samostalno-u-ulcinju\/","title":{"rendered":"Forca samostalno u Ulcinju"},"content":{"rendered":"<p><span><span><a href=\"http:\/\/www.visit-ulcinj.com\/blog\/wp-content\/uploads\/2010\/01\/Forca_logo1.jpg\"><img loading=\"lazy\" class=\"alignleft size-full wp-image-29711\" title=\"Forca_logo\" src=\"http:\/\/www.visit-ulcinj.com\/blog\/wp-content\/uploads\/2010\/01\/Forca_logo1.jpg\" alt=\"Forca_logo\" width=\"320\" height=\"274\" \/><\/a>N<\/span>ova demokratska  snaga Forca na lokalnim izborima u Ulcinju 23. maja nastupi?e  samostalno. Takva odluka, kako je ju?e saop\u0161teno, donijeta je na  sjednici Glavnog odbora Force, odr\u017eanoj u subotu 3. aprila.<br \/>\n&#8211; Na osnovu informacija sa terena konstatovano je da Forca na teritoriji  op\u0161tine Ulcinj bilje\u017ei zna?ajno pove?anje broja ?lanova i simpatizera i  da joj samostalni izlazak na predstoje?e izbore obezbje?uje porast  broja predstavnika u lokalnom parlamentu. Zbog toga je donijeta odluka  da Forca na predstoje?im lokalnim izborima u Ulcinju nastupi samostalno &#8211;  ka\u017ee se u saop\u0161tenju.<br \/>\nForca, me?utim, ne isklju?uje mogu?nost da ipak do?e do koalicionog  nastupa sa drugim albanskim partijama. Kako isti?u, ako eventualno  nacionalne albanske partije ponude predizborne koalicije one mogu biti  naknadno razmotrene na sjednici GO, ukoliko budu u skladu sa programom  Force .<br \/>\nKomentari\u0161u?i ovakvu odluku, funkcioner Demokratskog saveza Nikola Camaj  rekao je da je to o?ekivani potez, jer su predstavnici Force u gotovo  svim razgovorima saop\u0161tavali da imaju pokazatelje da mogu da samostalno  nastupe i osvoje odre?eni broj mandata.<br \/>\n&#8211; Da li ?e taj broj mandata biti dovoljan za osvajanje vlasti u Ulcinju,  to je ve? druga pri?a. Mo\u017eda je trebalo ostaviti prostor za formiranje  naj\u0161ire koalicije albanskih nacionalnih partija u Ulcinju, ba\u0161 kao \u0161to  se zala\u017eemo za takav nastup i u Tuzima. Parcijalni nastupi, iako nekoj  partiji mogu donijeti odre?eni broj glasova i mandata mogu dovesti u  pitanje formiranje vlasti &#8211; smatra Camaj.<br \/>\nOn je uvjeren da ?e ostale albanske partije napraviti dogovor o  koalicionom nastupu. Nakon toga, kako je dodao, mogu?e je obnoviti  razgovore sa Forcom o predizbornoj ili eventualno postizbornoj  koaliciji.<br \/>\nNa pitanje mo\u017ee li ovo dovesti u pitanje kona?an dogovor albanskih  stranaka o sklapanju koalicija za lokalne izbore, Camaj je odgovorio da  ra?una da Forca ne?e ovakvom odlukom kao ni pona\u0161anjem tokom predizborne  kampanje zatvoriti vrata za dalje razgovore i saradnju.<br \/>\nFunkcioner albanske koalicije Perspektiva Amir Holaj ocijenio je da  ovakva odluka Force ipak ostavlja mogu?nost za nastavak razgovora o  koaliciji.<br \/>\n&#8211; Mi smo otvoreni za razgovore o koaliciji sa svim albanskim nacionalnim  strankama &#8211; kazao je on, najavljuju?i da ?e se oni o na?inu izlaska na  izbore izjasniti ve? danas. <\/span><\/p>\n<p><span><\/p>\n<p><a href=\"http:\/\/www.dan.co.me\/?nivo=3&amp;rubrika=Politika&amp;clanak=226124&amp;datum=2010-04-06\" target=\"_blank\"><strong>V.R.<br \/>\nDAN<\/strong><\/a><\/span><\/p>\n","protected":false},"excerpt":{"rendered":"<p>Nova demokratska snaga Forca na lokalnim izborima u Ulcinju 23. maja nastupi?e samostalno. Takva odluka, kako je ju?e saop\u0161teno, donijeta je na sjednici Glavnog odbora Force, odr\u017eanoj u subotu 3. aprila. &#8211; Na osnovu informacija sa terena konstatovano je da Forca na teritoriji op\u0161tine Ulcinj bilje\u017ei zna?ajno pove?anje broja ?lanova i simpatizera i da joj [&hellip;]<\/p>\n","protected":false},"author":1,"featured_media":0,"comment_status":"open","ping_status":"closed","sticky":false,"template":"","format":"standard","meta":{"spay_email":"","jetpack_publicize_message":"","jetpack_is_tweetstorm":false,"jetpack_publicize_feature_enabled":true},"categories":[8337],"tags":[13967,19],"jetpack_publicize_connections":[],"yoast_head":"<!-- This site is optimized with the Yoast SEO plugin v19.1 - https:\/\/yoast.com\/wordpress\/plugins\/seo\/ -->\n<title>Forca samostalno u Ulcinju - Lajme nga Ulqini<\/title>\n<meta name=\"description\" content=\"Nova demokratska snaga Forca na lokalnim izborima u Ulcinju 23. maja nastupi?e samostalno. Takva odluka, kako je ju?e saop\u0161teno, donijeta je na sjednici\" \/>\n<meta name=\"robots\" content=\"index, follow, max-snippet:-1, max-image-preview:large, max-video-preview:-1\" \/>\n<link rel=\"canonical\" href=\"https:\/\/www.visit-ulcinj.com\/blog\/2010\/04\/07\/forca-samostalno-u-ulcinju\/\" \/>\n<meta property=\"og:locale\" content=\"en_US\" \/>\n<meta property=\"og:type\" content=\"article\" \/>\n<meta property=\"og:title\" content=\"Forca samostalno u Ulcinju - Lajme nga Ulqini\" \/>\n<meta property=\"og:description\" content=\"Nova demokratska snaga Forca na lokalnim izborima u Ulcinju 23. maja nastupi?e samostalno. Takva odluka, kako je ju?e saop\u0161teno, donijeta je na sjednici\" \/>\n<meta property=\"og:url\" content=\"https:\/\/www.visit-ulcinj.com\/blog\/2010\/04\/07\/forca-samostalno-u-ulcinju\/\" \/>\n<meta property=\"og:site_name\" content=\"Lajme nga Ulqini\" \/>\n<meta property=\"article:published_time\" content=\"2010-04-07T19:57:52+00:00\" \/>\n<meta property=\"og:image\" content=\"http:\/\/www.visit-ulcinj.com\/blog\/wp-content\/uploads\/2010\/01\/Forca_logo1.jpg\" \/>\n<meta name=\"twitter:label1\" content=\"Written by\" \/>\n\t<meta name=\"twitter:data1\" content=\"ulqini\" \/>\n\t<meta name=\"twitter:label2\" content=\"Est. reading time\" \/>\n\t<meta name=\"twitter:data2\" content=\"2 minutes\" \/>\n<script type=\"application\/ld+json\" class=\"yoast-schema-graph\">{\"@context\":\"https:\/\/schema.org\",\"@graph\":[{\"@type\":\"WebSite\",\"@id\":\"https:\/\/www.visit-ulcinj.com\/blog\/#website\",\"url\":\"https:\/\/www.visit-ulcinj.com\/blog\/\",\"name\":\"Lajme nga Ulqini\",\"description\":\"Lajme,Vijesti,Ulqini,Ulqin,Crna Gora,Mali i Zi\",\"potentialAction\":[{\"@type\":\"SearchAction\",\"target\":{\"@type\":\"EntryPoint\",\"urlTemplate\":\"https:\/\/www.visit-ulcinj.com\/blog\/?s={search_term_string}\"},\"query-input\":\"required name=search_term_string\"}],\"inLanguage\":\"en-US\"},{\"@type\":\"ImageObject\",\"inLanguage\":\"en-US\",\"@id\":\"https:\/\/www.visit-ulcinj.com\/blog\/2010\/04\/07\/forca-samostalno-u-ulcinju\/#primaryimage\",\"url\":\"http:\/\/www.visit-ulcinj.com\/blog\/wp-content\/uploads\/2010\/01\/Forca_logo1.jpg\",\"contentUrl\":\"http:\/\/www.visit-ulcinj.com\/blog\/wp-content\/uploads\/2010\/01\/Forca_logo1.jpg\"},{\"@type\":\"WebPage\",\"@id\":\"https:\/\/www.visit-ulcinj.com\/blog\/2010\/04\/07\/forca-samostalno-u-ulcinju\/#webpage\",\"url\":\"https:\/\/www.visit-ulcinj.com\/blog\/2010\/04\/07\/forca-samostalno-u-ulcinju\/\",\"name\":\"Forca samostalno u Ulcinju - Lajme nga Ulqini\",\"isPartOf\":{\"@id\":\"https:\/\/www.visit-ulcinj.com\/blog\/#website\"},\"primaryImageOfPage\":{\"@id\":\"https:\/\/www.visit-ulcinj.com\/blog\/2010\/04\/07\/forca-samostalno-u-ulcinju\/#primaryimage\"},\"datePublished\":\"2010-04-07T19:57:52+00:00\",\"dateModified\":\"2010-04-07T19:57:52+00:00\",\"author\":{\"@id\":\"https:\/\/www.visit-ulcinj.com\/blog\/#\/schema\/person\/dcab619c614d3038751c63bc2aadc06d\"},\"description\":\"Nova demokratska snaga Forca na lokalnim izborima u Ulcinju 23. maja nastupi?e samostalno. Takva odluka, kako je ju?e saop\u0161teno, donijeta je na sjednici\",\"breadcrumb\":{\"@id\":\"https:\/\/www.visit-ulcinj.com\/blog\/2010\/04\/07\/forca-samostalno-u-ulcinju\/#breadcrumb\"},\"inLanguage\":\"en-US\",\"potentialAction\":[{\"@type\":\"ReadAction\",\"target\":[\"https:\/\/www.visit-ulcinj.com\/blog\/2010\/04\/07\/forca-samostalno-u-ulcinju\/\"]}]},{\"@type\":\"BreadcrumbList\",\"@id\":\"https:\/\/www.visit-ulcinj.com\/blog\/2010\/04\/07\/forca-samostalno-u-ulcinju\/#breadcrumb\",\"itemListElement\":[{\"@type\":\"ListItem\",\"position\":1,\"name\":\"Forca samostalno u Ulcinju\"}]},{\"@type\":\"Person\",\"@id\":\"https:\/\/www.visit-ulcinj.com\/blog\/#\/schema\/person\/dcab619c614d3038751c63bc2aadc06d\",\"name\":\"ulqini\",\"sameAs\":[\"http:\/\/www.visit-ulcinj.com\"],\"url\":\"https:\/\/www.visit-ulcinj.com\/blog\/author\/admin\/\"}]}<\/script>\n<!-- \/ Yoast SEO plugin. -->","yoast_head_json":{"title":"Forca samostalno u Ulcinju - Lajme nga Ulqini","description":"Nova demokratska snaga Forca na lokalnim izborima u Ulcinju 23. maja nastupi?e samostalno. Takva odluka, kako je ju?e saop\u0161teno, donijeta je na sjednici","robots":{"index":"index","follow":"follow","max-snippet":"max-snippet:-1","max-image-preview":"max-image-preview:large","max-video-preview":"max-video-preview:-1"},"canonical":"https:\/\/www.visit-ulcinj.com\/blog\/2010\/04\/07\/forca-samostalno-u-ulcinju\/","og_locale":"en_US","og_type":"article","og_title":"Forca samostalno u Ulcinju - Lajme nga Ulqini","og_description":"Nova demokratska snaga Forca na lokalnim izborima u Ulcinju 23. maja nastupi?e samostalno. Takva odluka, kako je ju?e saop\u0161teno, donijeta je na sjednici","og_url":"https:\/\/www.visit-ulcinj.com\/blog\/2010\/04\/07\/forca-samostalno-u-ulcinju\/","og_site_name":"Lajme nga Ulqini","article_published_time":"2010-04-07T19:57:52+00:00","og_image":[{"url":"http:\/\/www.visit-ulcinj.com\/blog\/wp-content\/uploads\/2010\/01\/Forca_logo1.jpg"}],"twitter_misc":{"Written by":"ulqini","Est. reading time":"2 minutes"},"schema":{"@context":"https:\/\/schema.org","@graph":[{"@type":"WebSite","@id":"https:\/\/www.visit-ulcinj.com\/blog\/#website","url":"https:\/\/www.visit-ulcinj.com\/blog\/","name":"Lajme nga Ulqini","description":"Lajme,Vijesti,Ulqini,Ulqin,Crna Gora,Mali i Zi","potentialAction":[{"@type":"SearchAction","target":{"@type":"EntryPoint","urlTemplate":"https:\/\/www.visit-ulcinj.com\/blog\/?s={search_term_string}"},"query-input":"required name=search_term_string"}],"inLanguage":"en-US"},{"@type":"ImageObject","inLanguage":"en-US","@id":"https:\/\/www.visit-ulcinj.com\/blog\/2010\/04\/07\/forca-samostalno-u-ulcinju\/#primaryimage","url":"http:\/\/www.visit-ulcinj.com\/blog\/wp-content\/uploads\/2010\/01\/Forca_logo1.jpg","contentUrl":"http:\/\/www.visit-ulcinj.com\/blog\/wp-content\/uploads\/2010\/01\/Forca_logo1.jpg"},{"@type":"WebPage","@id":"https:\/\/www.visit-ulcinj.com\/blog\/2010\/04\/07\/forca-samostalno-u-ulcinju\/#webpage","url":"https:\/\/www.visit-ulcinj.com\/blog\/2010\/04\/07\/forca-samostalno-u-ulcinju\/","name":"Forca samostalno u Ulcinju - Lajme nga Ulqini","isPartOf":{"@id":"https:\/\/www.visit-ulcinj.com\/blog\/#website"},"primaryImageOfPage":{"@id":"https:\/\/www.visit-ulcinj.com\/blog\/2010\/04\/07\/forca-samostalno-u-ulcinju\/#primaryimage"},"datePublished":"2010-04-07T19:57:52+00:00","dateModified":"2010-04-07T19:57:52+00:00","author":{"@id":"https:\/\/www.visit-ulcinj.com\/blog\/#\/schema\/person\/dcab619c614d3038751c63bc2aadc06d"},"description":"Nova demokratska snaga Forca na lokalnim izborima u Ulcinju 23. maja nastupi?e samostalno. Takva odluka, kako je ju?e saop\u0161teno, donijeta je na sjednici","breadcrumb":{"@id":"https:\/\/www.visit-ulcinj.com\/blog\/2010\/04\/07\/forca-samostalno-u-ulcinju\/#breadcrumb"},"inLanguage":"en-US","potentialAction":[{"@type":"ReadAction","target":["https:\/\/www.visit-ulcinj.com\/blog\/2010\/04\/07\/forca-samostalno-u-ulcinju\/"]}]},{"@type":"BreadcrumbList","@id":"https:\/\/www.visit-ulcinj.com\/blog\/2010\/04\/07\/forca-samostalno-u-ulcinju\/#breadcrumb","itemListElement":[{"@type":"ListItem","position":1,"name":"Forca samostalno u Ulcinju"}]},{"@type":"Person","@id":"https:\/\/www.visit-ulcinj.com\/blog\/#\/schema\/person\/dcab619c614d3038751c63bc2aadc06d","name":"ulqini","sameAs":["http:\/\/www.visit-ulcinj.com"],"url":"https:\/\/www.visit-ulcinj.com\/blog\/author\/admin\/"}]}},"jetpack_featured_media_url":"","jetpack_sharing_enabled":true,"jetpack_shortlink":"https:\/\/wp.me\/pe6lTn-8gH","_links":{"self":[{"href":"https:\/\/www.visit-ulcinj.com\/blog\/wp-json\/wp\/v2\/posts\/31787"}],"collection":[{"href":"https:\/\/www.visit-ulcinj.com\/blog\/wp-json\/wp\/v2\/posts"}],"about":[{"href":"https:\/\/www.visit-ulcinj.com\/blog\/wp-json\/wp\/v2\/types\/post"}],"author":[{"embeddable":true,"href":"https:\/\/www.visit-ulcinj.com\/blog\/wp-json\/wp\/v2\/users\/1"}],"replies":[{"embeddable":true,"href":"https:\/\/www.visit-ulcinj.com\/blog\/wp-json\/wp\/v2\/comments?post=31787"}],"version-history":[{"count":0,"href":"https:\/\/www.visit-ulcinj.com\/blog\/wp-json\/wp\/v2\/posts\/31787\/revisions"}],"wp:attachment":[{"href":"https:\/\/www.visit-ulcinj.com\/blog\/wp-json\/wp\/v2\/media?parent=31787"}],"wp:term":[{"taxonomy":"category","embeddable":true,"href":"https:\/\/www.visit-ulcinj.com\/blog\/wp-json\/wp\/v2\/categories?post=31787"},{"taxonomy":"post_tag","embeddable":true,"href":"https:\/\/www.visit-ulcinj.com\/blog\/wp-json\/wp\/v2\/tags?post=31787"}],"curies":[{"name":"wp","href":"https:\/\/api.w.org\/{rel}","templated":true}]}}