{"id":31790,"date":"2010-04-11T11:45:32","date_gmt":"2010-04-11T09:45:32","guid":{"rendered":"http:\/\/www.visit-ulcinj.com\/blog\/?p=31790"},"modified":"2010-04-11T20:04:44","modified_gmt":"2010-04-11T18:04:44","slug":"ethet-parazgjedhore-perfshijne-shqiptaret-ne-mal-te-zi","status":"publish","type":"post","link":"https:\/\/www.visit-ulcinj.com\/blog\/2010\/04\/11\/ethet-parazgjedhore-perfshijne-shqiptaret-ne-mal-te-zi\/","title":{"rendered":"Ethet parazgjedhore p\u00ebrfshijn\u00eb shqiptar\u00ebt n\u00eb Mal t\u00eb Zi"},"content":{"rendered":"<p><a href=\"http:\/\/www.visit-ulcinj.com\/blog\/wp-content\/uploads\/2010\/04\/Vasel-Sinishtaj.jpg\"><img loading=\"lazy\" class=\"alignleft size-full wp-image-31791\" title=\"Vasel Sinishtaj\" src=\"http:\/\/www.visit-ulcinj.com\/blog\/wp-content\/uploads\/2010\/04\/Vasel-Sinishtaj.jpg\" alt=\"Vasel Sinishtaj\" width=\"580\" height=\"370\" \/><\/a>Atmosfera parazgjedhore p\u00ebr zgjedhjet lokale q\u00eb do t\u00eb mbahen m\u00eb 23 maj t\u00eb k\u00ebtij viti, ka nisur t\u00eb hetohet edhe n\u00eb Mal\u00ebsi. Veprimtar\u00ebt politik apelojn\u00eb p\u00ebr fushat\u00eb t\u00eb qet\u00eb, t\u00eb shmanget retorika e nxeht\u00eb dhe e ashp\u00ebr q\u00eb ka karakterizuar garat e m\u00ebparshme zgjedhore, njofton KosovaLive.<br \/>\nPolitikani i njohur shqiptar nga Mal\u00ebsia, Vasel Sinishtaj (nga Iniciativa qytetare) mendon se n\u00eb k\u00ebt\u00eb nd\u00ebrlidhje nuk kemi ndryshuar fare q\u00eb nga viti 1990, mbase as nga viti 1945, sepse edhe m\u00eb tej hetohet kontinuiteti i mentalitetit i Lidhjes Komuniste.<br \/>\n\u201cP\u00ebr t\u00eb ruajtur identitetin e shqiptar\u00ebve, do t\u00eb ishte mir\u00eb q\u00eb t\u00eb vazhdohet administrata dygjuh\u00ebsore n\u00eb k\u00ebt\u00eb zon\u00eb. Kemi nj\u00eb shembull t\u00eb keq, n\u00eb tabelat e vendbanimeve buz\u00eb rrug\u00ebs nd\u00ebrkomb\u00ebtare Podgoric\u00eb\u2013Tuz-kufiri me Shqip\u00ebrin\u00eb, nuk t\u00eb bie n\u00eb sy asnj\u00eb shkronj\u00eb n\u00eb t\u00eb dy gjuh\u00ebt\u201d, thot\u00eb Sinishtaj. Ai shton se ende ka nevoj\u00eb p\u00ebr votat e shqiptar\u00ebve sikund\u00ebr kishte m\u00eb par\u00eb, por tash, p\u00ebrmend Sinishtaj nevoj\u00ebn p\u00ebr vendime t\u00eb r\u00ebnd\u00ebsishme t\u00eb nivelit shtet\u00ebror, duke p\u00ebrfshir\u00eb k\u00ebtu referendumin, eventual, t\u00eb hyrjes n\u00eb NATO.<br \/>\nNd\u00ebrkaq, Agron Berishaj (Lidhja Demokratike n\u00eb Malin e Zi) shpreson se fushata parazgjedhore do t\u00eb zhvillohet e qet\u00eb dhe n\u00eb frym\u00ebn e marr\u00ebdh\u00ebnieve t\u00eb mira nd\u00ebrnjer\u00ebzore. Ai thekson se n\u00eb Komun\u00ebn urbane t\u00eb Tuzit pushtetin duhet ta vazhdoj\u00eb ta ushtroj\u00eb koalicioni i partive shqiptare, pa marr\u00eb parasysh disa mospajtimeve, t\u00eb cilat konsiderohen gati normale p\u00ebr jet\u00ebn e sotme parlamentare demokratike.<br \/>\nNjeriu i par\u00eb i socialist\u00ebve t\u00eb Gjukanoviqit n\u00eb Mal\u00ebsi, Halil Dukoviq thot\u00eb se nga zgjedhjet e ardhme pret largimin e garnitur\u00ebs s\u00eb tashme t\u00eb partive shqiptare n\u00eb Komun\u00ebn Urbane t\u00eb Tuzit.<br \/>\n\u201dPushtetin duhet ta marrim ne n\u00eb bashk\u00ebqeverisje me socialidemokrat\u00ebt, meq\u00eb kemi programe t\u00eb ngjashme dhe qeverisim n\u00eb nivelin shtet\u00ebror. Pushteti aktual q\u00eb udh\u00ebheq me komun\u00ebn urbane nuk ka pasur asnj\u00eb plan tjet\u00ebr p\u00ebrve\u00e7 k\u00ebrkes\u00ebs p\u00ebr statusin e komun\u00ebs s\u00eb barabart\u00eb, t\u00eb cil\u00ebn nuk kan\u00eb mundur ta realizojn\u00eb p\u00ebr shkak t\u00eb grindjeve p\u00ebrbrenda koalicionit\u201d, shprehet kryesocialisti i Tuzit, Halil Dukoviq.<\/p>\n<p><strong>Koha ditore<\/strong><\/p>\n","protected":false},"excerpt":{"rendered":"<p>Atmosfera parazgjedhore p\u00ebr zgjedhjet lokale q\u00eb do t\u00eb mbahen m\u00eb 23 maj t\u00eb k\u00ebtij viti, ka nisur t\u00eb hetohet edhe n\u00eb Mal\u00ebsi. Veprimtar\u00ebt politik apelojn\u00eb p\u00ebr fushat\u00eb t\u00eb qet\u00eb, t\u00eb shmanget retorika e nxeht\u00eb dhe e ashp\u00ebr q\u00eb ka karakterizuar garat e m\u00ebparshme zgjedhore, njofton KosovaLive. Politikani i njohur shqiptar nga Mal\u00ebsia, Vasel Sinishtaj (nga [&hellip;]<\/p>\n","protected":false},"author":1,"featured_media":0,"comment_status":"open","ping_status":"closed","sticky":false,"template":"","format":"standard","meta":{"spay_email":"","jetpack_publicize_message":"","jetpack_is_tweetstorm":false,"jetpack_publicize_feature_enabled":true},"categories":[14],"tags":[4207,348],"jetpack_publicize_connections":[],"yoast_head":"<!-- This site is optimized with the Yoast SEO plugin v19.1 - https:\/\/yoast.com\/wordpress\/plugins\/seo\/ -->\n<title>Ethet parazgjedhore p\u00ebrfshijn\u00eb shqiptar\u00ebt n\u00eb Mal t\u00eb Zi - Lajme nga Ulqini<\/title>\n<meta name=\"description\" content=\"Atmosfera parazgjedhore p\u00ebr zgjedhjet lokale q\u00eb do t\u00eb mbahen m\u00eb 23 maj t\u00eb k\u00ebtij viti, ka nisur t\u00eb hetohet edhe n\u00eb Mal\u00ebsi. Veprimtar\u00ebt politik apelojn\u00eb p\u00ebr\" \/>\n<meta name=\"robots\" content=\"index, follow, max-snippet:-1, max-image-preview:large, max-video-preview:-1\" \/>\n<link rel=\"canonical\" href=\"https:\/\/www.visit-ulcinj.com\/blog\/2010\/04\/11\/ethet-parazgjedhore-perfshijne-shqiptaret-ne-mal-te-zi\/\" \/>\n<meta property=\"og:locale\" content=\"en_US\" \/>\n<meta property=\"og:type\" content=\"article\" \/>\n<meta property=\"og:title\" content=\"Ethet parazgjedhore p\u00ebrfshijn\u00eb shqiptar\u00ebt n\u00eb Mal t\u00eb Zi - Lajme nga Ulqini\" \/>\n<meta property=\"og:description\" content=\"Atmosfera parazgjedhore p\u00ebr zgjedhjet lokale q\u00eb do t\u00eb mbahen m\u00eb 23 maj t\u00eb k\u00ebtij viti, ka nisur t\u00eb hetohet edhe n\u00eb Mal\u00ebsi. Veprimtar\u00ebt politik apelojn\u00eb p\u00ebr\" \/>\n<meta property=\"og:url\" content=\"https:\/\/www.visit-ulcinj.com\/blog\/2010\/04\/11\/ethet-parazgjedhore-perfshijne-shqiptaret-ne-mal-te-zi\/\" \/>\n<meta property=\"og:site_name\" content=\"Lajme nga Ulqini\" \/>\n<meta property=\"article:published_time\" content=\"2010-04-11T09:45:32+00:00\" \/>\n<meta property=\"article:modified_time\" content=\"2010-04-11T18:04:44+00:00\" \/>\n<meta property=\"og:image\" content=\"http:\/\/www.visit-ulcinj.com\/blog\/wp-content\/uploads\/2010\/04\/Vasel-Sinishtaj.jpg\" \/>\n<meta name=\"twitter:label1\" content=\"Written by\" \/>\n\t<meta name=\"twitter:data1\" content=\"ulqini\" \/>\n\t<meta name=\"twitter:label2\" content=\"Est. reading time\" \/>\n\t<meta name=\"twitter:data2\" content=\"2 minutes\" \/>\n<script type=\"application\/ld+json\" class=\"yoast-schema-graph\">{\"@context\":\"https:\/\/schema.org\",\"@graph\":[{\"@type\":\"WebSite\",\"@id\":\"https:\/\/www.visit-ulcinj.com\/blog\/#website\",\"url\":\"https:\/\/www.visit-ulcinj.com\/blog\/\",\"name\":\"Lajme nga Ulqini\",\"description\":\"Lajme,Vijesti,Ulqini,Ulqin,Crna Gora,Mali i Zi\",\"potentialAction\":[{\"@type\":\"SearchAction\",\"target\":{\"@type\":\"EntryPoint\",\"urlTemplate\":\"https:\/\/www.visit-ulcinj.com\/blog\/?s={search_term_string}\"},\"query-input\":\"required name=search_term_string\"}],\"inLanguage\":\"en-US\"},{\"@type\":\"ImageObject\",\"inLanguage\":\"en-US\",\"@id\":\"https:\/\/www.visit-ulcinj.com\/blog\/2010\/04\/11\/ethet-parazgjedhore-perfshijne-shqiptaret-ne-mal-te-zi\/#primaryimage\",\"url\":\"https:\/\/www.visit-ulcinj.com\/blog\/wp-content\/uploads\/2010\/04\/Vasel-Sinishtaj.jpg\",\"contentUrl\":\"https:\/\/www.visit-ulcinj.com\/blog\/wp-content\/uploads\/2010\/04\/Vasel-Sinishtaj.jpg\",\"width\":\"640\",\"height\":\"370\"},{\"@type\":\"WebPage\",\"@id\":\"https:\/\/www.visit-ulcinj.com\/blog\/2010\/04\/11\/ethet-parazgjedhore-perfshijne-shqiptaret-ne-mal-te-zi\/#webpage\",\"url\":\"https:\/\/www.visit-ulcinj.com\/blog\/2010\/04\/11\/ethet-parazgjedhore-perfshijne-shqiptaret-ne-mal-te-zi\/\",\"name\":\"Ethet parazgjedhore p\u00ebrfshijn\u00eb shqiptar\u00ebt n\u00eb Mal t\u00eb Zi - Lajme nga Ulqini\",\"isPartOf\":{\"@id\":\"https:\/\/www.visit-ulcinj.com\/blog\/#website\"},\"primaryImageOfPage\":{\"@id\":\"https:\/\/www.visit-ulcinj.com\/blog\/2010\/04\/11\/ethet-parazgjedhore-perfshijne-shqiptaret-ne-mal-te-zi\/#primaryimage\"},\"datePublished\":\"2010-04-11T09:45:32+00:00\",\"dateModified\":\"2010-04-11T18:04:44+00:00\",\"author\":{\"@id\":\"https:\/\/www.visit-ulcinj.com\/blog\/#\/schema\/person\/dcab619c614d3038751c63bc2aadc06d\"},\"description\":\"Atmosfera parazgjedhore p\u00ebr zgjedhjet lokale q\u00eb do t\u00eb mbahen m\u00eb 23 maj t\u00eb k\u00ebtij viti, ka nisur t\u00eb hetohet edhe n\u00eb Mal\u00ebsi. Veprimtar\u00ebt politik apelojn\u00eb p\u00ebr\",\"breadcrumb\":{\"@id\":\"https:\/\/www.visit-ulcinj.com\/blog\/2010\/04\/11\/ethet-parazgjedhore-perfshijne-shqiptaret-ne-mal-te-zi\/#breadcrumb\"},\"inLanguage\":\"en-US\",\"potentialAction\":[{\"@type\":\"ReadAction\",\"target\":[\"https:\/\/www.visit-ulcinj.com\/blog\/2010\/04\/11\/ethet-parazgjedhore-perfshijne-shqiptaret-ne-mal-te-zi\/\"]}]},{\"@type\":\"BreadcrumbList\",\"@id\":\"https:\/\/www.visit-ulcinj.com\/blog\/2010\/04\/11\/ethet-parazgjedhore-perfshijne-shqiptaret-ne-mal-te-zi\/#breadcrumb\",\"itemListElement\":[{\"@type\":\"ListItem\",\"position\":1,\"name\":\"Ethet parazgjedhore p\u00ebrfshijn\u00eb shqiptar\u00ebt n\u00eb Mal t\u00eb Zi\"}]},{\"@type\":\"Person\",\"@id\":\"https:\/\/www.visit-ulcinj.com\/blog\/#\/schema\/person\/dcab619c614d3038751c63bc2aadc06d\",\"name\":\"ulqini\",\"sameAs\":[\"http:\/\/www.visit-ulcinj.com\"],\"url\":\"https:\/\/www.visit-ulcinj.com\/blog\/author\/admin\/\"}]}<\/script>\n<!-- \/ Yoast SEO plugin. -->","yoast_head_json":{"title":"Ethet parazgjedhore p\u00ebrfshijn\u00eb shqiptar\u00ebt n\u00eb Mal t\u00eb Zi - Lajme nga Ulqini","description":"Atmosfera parazgjedhore p\u00ebr zgjedhjet lokale q\u00eb do t\u00eb mbahen m\u00eb 23 maj t\u00eb k\u00ebtij viti, ka nisur t\u00eb hetohet edhe n\u00eb Mal\u00ebsi. Veprimtar\u00ebt politik apelojn\u00eb p\u00ebr","robots":{"index":"index","follow":"follow","max-snippet":"max-snippet:-1","max-image-preview":"max-image-preview:large","max-video-preview":"max-video-preview:-1"},"canonical":"https:\/\/www.visit-ulcinj.com\/blog\/2010\/04\/11\/ethet-parazgjedhore-perfshijne-shqiptaret-ne-mal-te-zi\/","og_locale":"en_US","og_type":"article","og_title":"Ethet parazgjedhore p\u00ebrfshijn\u00eb shqiptar\u00ebt n\u00eb Mal t\u00eb Zi - Lajme nga Ulqini","og_description":"Atmosfera parazgjedhore p\u00ebr zgjedhjet lokale q\u00eb do t\u00eb mbahen m\u00eb 23 maj t\u00eb k\u00ebtij viti, ka nisur t\u00eb hetohet edhe n\u00eb Mal\u00ebsi. Veprimtar\u00ebt politik apelojn\u00eb p\u00ebr","og_url":"https:\/\/www.visit-ulcinj.com\/blog\/2010\/04\/11\/ethet-parazgjedhore-perfshijne-shqiptaret-ne-mal-te-zi\/","og_site_name":"Lajme nga Ulqini","article_published_time":"2010-04-11T09:45:32+00:00","article_modified_time":"2010-04-11T18:04:44+00:00","og_image":[{"url":"http:\/\/www.visit-ulcinj.com\/blog\/wp-content\/uploads\/2010\/04\/Vasel-Sinishtaj.jpg"}],"twitter_misc":{"Written by":"ulqini","Est. reading time":"2 minutes"},"schema":{"@context":"https:\/\/schema.org","@graph":[{"@type":"WebSite","@id":"https:\/\/www.visit-ulcinj.com\/blog\/#website","url":"https:\/\/www.visit-ulcinj.com\/blog\/","name":"Lajme nga Ulqini","description":"Lajme,Vijesti,Ulqini,Ulqin,Crna Gora,Mali i Zi","potentialAction":[{"@type":"SearchAction","target":{"@type":"EntryPoint","urlTemplate":"https:\/\/www.visit-ulcinj.com\/blog\/?s={search_term_string}"},"query-input":"required name=search_term_string"}],"inLanguage":"en-US"},{"@type":"ImageObject","inLanguage":"en-US","@id":"https:\/\/www.visit-ulcinj.com\/blog\/2010\/04\/11\/ethet-parazgjedhore-perfshijne-shqiptaret-ne-mal-te-zi\/#primaryimage","url":"https:\/\/www.visit-ulcinj.com\/blog\/wp-content\/uploads\/2010\/04\/Vasel-Sinishtaj.jpg","contentUrl":"https:\/\/www.visit-ulcinj.com\/blog\/wp-content\/uploads\/2010\/04\/Vasel-Sinishtaj.jpg","width":"640","height":"370"},{"@type":"WebPage","@id":"https:\/\/www.visit-ulcinj.com\/blog\/2010\/04\/11\/ethet-parazgjedhore-perfshijne-shqiptaret-ne-mal-te-zi\/#webpage","url":"https:\/\/www.visit-ulcinj.com\/blog\/2010\/04\/11\/ethet-parazgjedhore-perfshijne-shqiptaret-ne-mal-te-zi\/","name":"Ethet parazgjedhore p\u00ebrfshijn\u00eb shqiptar\u00ebt n\u00eb Mal t\u00eb Zi - Lajme nga Ulqini","isPartOf":{"@id":"https:\/\/www.visit-ulcinj.com\/blog\/#website"},"primaryImageOfPage":{"@id":"https:\/\/www.visit-ulcinj.com\/blog\/2010\/04\/11\/ethet-parazgjedhore-perfshijne-shqiptaret-ne-mal-te-zi\/#primaryimage"},"datePublished":"2010-04-11T09:45:32+00:00","dateModified":"2010-04-11T18:04:44+00:00","author":{"@id":"https:\/\/www.visit-ulcinj.com\/blog\/#\/schema\/person\/dcab619c614d3038751c63bc2aadc06d"},"description":"Atmosfera parazgjedhore p\u00ebr zgjedhjet lokale q\u00eb do t\u00eb mbahen m\u00eb 23 maj t\u00eb k\u00ebtij viti, ka nisur t\u00eb hetohet edhe n\u00eb Mal\u00ebsi. Veprimtar\u00ebt politik apelojn\u00eb p\u00ebr","breadcrumb":{"@id":"https:\/\/www.visit-ulcinj.com\/blog\/2010\/04\/11\/ethet-parazgjedhore-perfshijne-shqiptaret-ne-mal-te-zi\/#breadcrumb"},"inLanguage":"en-US","potentialAction":[{"@type":"ReadAction","target":["https:\/\/www.visit-ulcinj.com\/blog\/2010\/04\/11\/ethet-parazgjedhore-perfshijne-shqiptaret-ne-mal-te-zi\/"]}]},{"@type":"BreadcrumbList","@id":"https:\/\/www.visit-ulcinj.com\/blog\/2010\/04\/11\/ethet-parazgjedhore-perfshijne-shqiptaret-ne-mal-te-zi\/#breadcrumb","itemListElement":[{"@type":"ListItem","position":1,"name":"Ethet parazgjedhore p\u00ebrfshijn\u00eb shqiptar\u00ebt n\u00eb Mal t\u00eb Zi"}]},{"@type":"Person","@id":"https:\/\/www.visit-ulcinj.com\/blog\/#\/schema\/person\/dcab619c614d3038751c63bc2aadc06d","name":"ulqini","sameAs":["http:\/\/www.visit-ulcinj.com"],"url":"https:\/\/www.visit-ulcinj.com\/blog\/author\/admin\/"}]}},"jetpack_featured_media_url":"","jetpack_sharing_enabled":true,"jetpack_shortlink":"https:\/\/wp.me\/pe6lTn-8gK","_links":{"self":[{"href":"https:\/\/www.visit-ulcinj.com\/blog\/wp-json\/wp\/v2\/posts\/31790"}],"collection":[{"href":"https:\/\/www.visit-ulcinj.com\/blog\/wp-json\/wp\/v2\/posts"}],"about":[{"href":"https:\/\/www.visit-ulcinj.com\/blog\/wp-json\/wp\/v2\/types\/post"}],"author":[{"embeddable":true,"href":"https:\/\/www.visit-ulcinj.com\/blog\/wp-json\/wp\/v2\/users\/1"}],"replies":[{"embeddable":true,"href":"https:\/\/www.visit-ulcinj.com\/blog\/wp-json\/wp\/v2\/comments?post=31790"}],"version-history":[{"count":0,"href":"https:\/\/www.visit-ulcinj.com\/blog\/wp-json\/wp\/v2\/posts\/31790\/revisions"}],"wp:attachment":[{"href":"https:\/\/www.visit-ulcinj.com\/blog\/wp-json\/wp\/v2\/media?parent=31790"}],"wp:term":[{"taxonomy":"category","embeddable":true,"href":"https:\/\/www.visit-ulcinj.com\/blog\/wp-json\/wp\/v2\/categories?post=31790"},{"taxonomy":"post_tag","embeddable":true,"href":"https:\/\/www.visit-ulcinj.com\/blog\/wp-json\/wp\/v2\/tags?post=31790"}],"curies":[{"name":"wp","href":"https:\/\/api.w.org\/{rel}","templated":true}]}}