{"id":31796,"date":"2010-04-11T13:12:47","date_gmt":"2010-04-11T11:12:47","guid":{"rendered":"http:\/\/www.visit-ulcinj.com\/blog\/?p=31796"},"modified":"2010-04-11T13:12:47","modified_gmt":"2010-04-11T11:12:47","slug":"dita-nderkombetare-e-rromeve-8-prill-2010","status":"publish","type":"post","link":"https:\/\/www.visit-ulcinj.com\/blog\/2010\/04\/11\/dita-nderkombetare-e-rromeve-8-prill-2010\/","title":{"rendered":"Dita nderkombetare e Rromeve 8 prill 2010"},"content":{"rendered":"<p><img loading=\"lazy\" class=\"alignleft\" title=\" G\u00ebzim Hajdinaga ka p\u00ebrg\u00ebzuar komunitetin rrom me ratin e 8 prillit Dit\u00ebs nd\u00ebrkomb\u00ebtare e Rrom\u00ebve\" src=\"http:\/\/www.visit-ulcinj.com\/blog\/wp-content\/uploads\/2009\/04\/8-prilli-dita-nderkombetare-e-romeve_gezim-hajdinaga.jpg\" alt=\"\" width=\"580\" height=\"368\" \/>Kryetari i Komun\u00ebs s\u00eb Ulqinit z. G\u00ebzim Hajdinaga ka p\u00ebrg\u00ebzuar komunitetin rrom me ratin e 8 prillit Dit\u00ebs nd\u00ebrkomb\u00ebtare e Rrom\u00ebve.<\/p>\n<p>N\u00eb mesazhin e tij nd\u00ebr t\u00eb tjera thuhet:<\/p>\n<p>M\u00eb lejoni t\u2019ju uroj Dit\u00ebn e fest\u00ebs dhe t\u00eb shpreh konsiderat\u00ebn time. Un\u00eb dhe ekzekutivi q\u00eb drejtoj p\u00ebrher\u00eb do t\u00eb angazhohemi p\u00ebr zgjidhjen e k\u00ebrkesave tuaja t\u00eb arsyeshme dhe p\u00ebr integrimin tuaj t\u00eb plot\u00eb n\u00eb shoq\u00ebri.<\/p>\n<p>T\u00eb bindur se kjo na b\u00ebn nder t\u00eb gjith\u00ebve.<\/p>\n<p>Me nderime,<\/p>\n<p><strong>G\u00ebzim Hajdinaga<br \/>\nKryetar i Komun\u00ebs s\u00eb Ulqinit<\/strong><\/p>\n","protected":false},"excerpt":{"rendered":"<p>Kryetari i Komun\u00ebs s\u00eb Ulqinit z. G\u00ebzim Hajdinaga ka p\u00ebrg\u00ebzuar komunitetin rrom me ratin e 8 prillit Dit\u00ebs nd\u00ebrkomb\u00ebtare e Rrom\u00ebve. N\u00eb mesazhin e tij nd\u00ebr t\u00eb tjera thuhet: M\u00eb lejoni t\u2019ju uroj Dit\u00ebn e fest\u00ebs dhe t\u00eb shpreh konsiderat\u00ebn time. Un\u00eb dhe ekzekutivi q\u00eb drejtoj p\u00ebrher\u00eb do t\u00eb angazhohemi p\u00ebr zgjidhjen e k\u00ebrkesave tuaja [&hellip;]<\/p>\n","protected":false},"author":1,"featured_media":0,"comment_status":"open","ping_status":"closed","sticky":false,"template":"","format":"standard","meta":{"spay_email":"","jetpack_publicize_message":"","jetpack_is_tweetstorm":false,"jetpack_publicize_feature_enabled":true},"categories":[1],"tags":[13968],"jetpack_publicize_connections":[],"yoast_head":"<!-- This site is optimized with the Yoast SEO plugin v19.1 - https:\/\/yoast.com\/wordpress\/plugins\/seo\/ -->\n<title>Dita nderkombetare e Rromeve 8 prill 2010 - Lajme nga Ulqini<\/title>\n<meta name=\"description\" content=\"Kryetari i Komun\u00ebs s\u00eb Ulqinit z. G\u00ebzim Hajdinaga ka p\u00ebrg\u00ebzuar komunitetin rrom me ratin e 8 prillit Dit\u00ebs nd\u00ebrkomb\u00ebtare e Rrom\u00ebve. N\u00eb mesazhin e tij nd\u00ebr\" \/>\n<meta name=\"robots\" content=\"index, follow, max-snippet:-1, max-image-preview:large, max-video-preview:-1\" \/>\n<link rel=\"canonical\" href=\"https:\/\/www.visit-ulcinj.com\/blog\/2010\/04\/11\/dita-nderkombetare-e-rromeve-8-prill-2010\/\" \/>\n<meta property=\"og:locale\" content=\"en_US\" \/>\n<meta property=\"og:type\" content=\"article\" \/>\n<meta property=\"og:title\" content=\"Dita nderkombetare e Rromeve 8 prill 2010 - Lajme nga Ulqini\" \/>\n<meta property=\"og:description\" content=\"Kryetari i Komun\u00ebs s\u00eb Ulqinit z. G\u00ebzim Hajdinaga ka p\u00ebrg\u00ebzuar komunitetin rrom me ratin e 8 prillit Dit\u00ebs nd\u00ebrkomb\u00ebtare e Rrom\u00ebve. N\u00eb mesazhin e tij nd\u00ebr\" \/>\n<meta property=\"og:url\" content=\"https:\/\/www.visit-ulcinj.com\/blog\/2010\/04\/11\/dita-nderkombetare-e-rromeve-8-prill-2010\/\" \/>\n<meta property=\"og:site_name\" content=\"Lajme nga Ulqini\" \/>\n<meta property=\"article:published_time\" content=\"2010-04-11T11:12:47+00:00\" \/>\n<meta property=\"og:image\" content=\"http:\/\/www.visit-ulcinj.com\/blog\/wp-content\/uploads\/2009\/04\/8-prilli-dita-nderkombetare-e-romeve_gezim-hajdinaga.jpg\" \/>\n<meta name=\"twitter:label1\" content=\"Written by\" \/>\n\t<meta name=\"twitter:data1\" content=\"ulqini\" \/>\n\t<meta name=\"twitter:label2\" content=\"Est. reading time\" \/>\n\t<meta name=\"twitter:data2\" content=\"1 minute\" \/>\n<script type=\"application\/ld+json\" class=\"yoast-schema-graph\">{\"@context\":\"https:\/\/schema.org\",\"@graph\":[{\"@type\":\"WebSite\",\"@id\":\"https:\/\/www.visit-ulcinj.com\/blog\/#website\",\"url\":\"https:\/\/www.visit-ulcinj.com\/blog\/\",\"name\":\"Lajme nga Ulqini\",\"description\":\"Lajme,Vijesti,Ulqini,Ulqin,Crna Gora,Mali i Zi\",\"potentialAction\":[{\"@type\":\"SearchAction\",\"target\":{\"@type\":\"EntryPoint\",\"urlTemplate\":\"https:\/\/www.visit-ulcinj.com\/blog\/?s={search_term_string}\"},\"query-input\":\"required name=search_term_string\"}],\"inLanguage\":\"en-US\"},{\"@type\":\"ImageObject\",\"inLanguage\":\"en-US\",\"@id\":\"https:\/\/www.visit-ulcinj.com\/blog\/2010\/04\/11\/dita-nderkombetare-e-rromeve-8-prill-2010\/#primaryimage\",\"url\":\"https:\/\/www.visit-ulcinj.com\/blog\/wp-content\/uploads\/2009\/04\/8-prilli-dita-nderkombetare-e-romeve_gezim-hajdinaga.jpg\",\"contentUrl\":\"https:\/\/www.visit-ulcinj.com\/blog\/wp-content\/uploads\/2009\/04\/8-prilli-dita-nderkombetare-e-romeve_gezim-hajdinaga.jpg\",\"width\":\"651\",\"height\":\"368\"},{\"@type\":\"WebPage\",\"@id\":\"https:\/\/www.visit-ulcinj.com\/blog\/2010\/04\/11\/dita-nderkombetare-e-rromeve-8-prill-2010\/#webpage\",\"url\":\"https:\/\/www.visit-ulcinj.com\/blog\/2010\/04\/11\/dita-nderkombetare-e-rromeve-8-prill-2010\/\",\"name\":\"Dita nderkombetare e Rromeve 8 prill 2010 - Lajme nga Ulqini\",\"isPartOf\":{\"@id\":\"https:\/\/www.visit-ulcinj.com\/blog\/#website\"},\"primaryImageOfPage\":{\"@id\":\"https:\/\/www.visit-ulcinj.com\/blog\/2010\/04\/11\/dita-nderkombetare-e-rromeve-8-prill-2010\/#primaryimage\"},\"datePublished\":\"2010-04-11T11:12:47+00:00\",\"dateModified\":\"2010-04-11T11:12:47+00:00\",\"author\":{\"@id\":\"https:\/\/www.visit-ulcinj.com\/blog\/#\/schema\/person\/dcab619c614d3038751c63bc2aadc06d\"},\"description\":\"Kryetari i Komun\u00ebs s\u00eb Ulqinit z. G\u00ebzim Hajdinaga ka p\u00ebrg\u00ebzuar komunitetin rrom me ratin e 8 prillit Dit\u00ebs nd\u00ebrkomb\u00ebtare e Rrom\u00ebve. N\u00eb mesazhin e tij nd\u00ebr\",\"breadcrumb\":{\"@id\":\"https:\/\/www.visit-ulcinj.com\/blog\/2010\/04\/11\/dita-nderkombetare-e-rromeve-8-prill-2010\/#breadcrumb\"},\"inLanguage\":\"en-US\",\"potentialAction\":[{\"@type\":\"ReadAction\",\"target\":[\"https:\/\/www.visit-ulcinj.com\/blog\/2010\/04\/11\/dita-nderkombetare-e-rromeve-8-prill-2010\/\"]}]},{\"@type\":\"BreadcrumbList\",\"@id\":\"https:\/\/www.visit-ulcinj.com\/blog\/2010\/04\/11\/dita-nderkombetare-e-rromeve-8-prill-2010\/#breadcrumb\",\"itemListElement\":[{\"@type\":\"ListItem\",\"position\":1,\"name\":\"Dita nderkombetare e Rromeve 8 prill 2010\"}]},{\"@type\":\"Person\",\"@id\":\"https:\/\/www.visit-ulcinj.com\/blog\/#\/schema\/person\/dcab619c614d3038751c63bc2aadc06d\",\"name\":\"ulqini\",\"sameAs\":[\"http:\/\/www.visit-ulcinj.com\"],\"url\":\"https:\/\/www.visit-ulcinj.com\/blog\/author\/admin\/\"}]}<\/script>\n<!-- \/ Yoast SEO plugin. -->","yoast_head_json":{"title":"Dita nderkombetare e Rromeve 8 prill 2010 - Lajme nga Ulqini","description":"Kryetari i Komun\u00ebs s\u00eb Ulqinit z. G\u00ebzim Hajdinaga ka p\u00ebrg\u00ebzuar komunitetin rrom me ratin e 8 prillit Dit\u00ebs nd\u00ebrkomb\u00ebtare e Rrom\u00ebve. N\u00eb mesazhin e tij nd\u00ebr","robots":{"index":"index","follow":"follow","max-snippet":"max-snippet:-1","max-image-preview":"max-image-preview:large","max-video-preview":"max-video-preview:-1"},"canonical":"https:\/\/www.visit-ulcinj.com\/blog\/2010\/04\/11\/dita-nderkombetare-e-rromeve-8-prill-2010\/","og_locale":"en_US","og_type":"article","og_title":"Dita nderkombetare e Rromeve 8 prill 2010 - Lajme nga Ulqini","og_description":"Kryetari i Komun\u00ebs s\u00eb Ulqinit z. G\u00ebzim Hajdinaga ka p\u00ebrg\u00ebzuar komunitetin rrom me ratin e 8 prillit Dit\u00ebs nd\u00ebrkomb\u00ebtare e Rrom\u00ebve. N\u00eb mesazhin e tij nd\u00ebr","og_url":"https:\/\/www.visit-ulcinj.com\/blog\/2010\/04\/11\/dita-nderkombetare-e-rromeve-8-prill-2010\/","og_site_name":"Lajme nga Ulqini","article_published_time":"2010-04-11T11:12:47+00:00","og_image":[{"url":"http:\/\/www.visit-ulcinj.com\/blog\/wp-content\/uploads\/2009\/04\/8-prilli-dita-nderkombetare-e-romeve_gezim-hajdinaga.jpg"}],"twitter_misc":{"Written by":"ulqini","Est. reading time":"1 minute"},"schema":{"@context":"https:\/\/schema.org","@graph":[{"@type":"WebSite","@id":"https:\/\/www.visit-ulcinj.com\/blog\/#website","url":"https:\/\/www.visit-ulcinj.com\/blog\/","name":"Lajme nga Ulqini","description":"Lajme,Vijesti,Ulqini,Ulqin,Crna Gora,Mali i Zi","potentialAction":[{"@type":"SearchAction","target":{"@type":"EntryPoint","urlTemplate":"https:\/\/www.visit-ulcinj.com\/blog\/?s={search_term_string}"},"query-input":"required name=search_term_string"}],"inLanguage":"en-US"},{"@type":"ImageObject","inLanguage":"en-US","@id":"https:\/\/www.visit-ulcinj.com\/blog\/2010\/04\/11\/dita-nderkombetare-e-rromeve-8-prill-2010\/#primaryimage","url":"https:\/\/www.visit-ulcinj.com\/blog\/wp-content\/uploads\/2009\/04\/8-prilli-dita-nderkombetare-e-romeve_gezim-hajdinaga.jpg","contentUrl":"https:\/\/www.visit-ulcinj.com\/blog\/wp-content\/uploads\/2009\/04\/8-prilli-dita-nderkombetare-e-romeve_gezim-hajdinaga.jpg","width":"651","height":"368"},{"@type":"WebPage","@id":"https:\/\/www.visit-ulcinj.com\/blog\/2010\/04\/11\/dita-nderkombetare-e-rromeve-8-prill-2010\/#webpage","url":"https:\/\/www.visit-ulcinj.com\/blog\/2010\/04\/11\/dita-nderkombetare-e-rromeve-8-prill-2010\/","name":"Dita nderkombetare e Rromeve 8 prill 2010 - Lajme nga Ulqini","isPartOf":{"@id":"https:\/\/www.visit-ulcinj.com\/blog\/#website"},"primaryImageOfPage":{"@id":"https:\/\/www.visit-ulcinj.com\/blog\/2010\/04\/11\/dita-nderkombetare-e-rromeve-8-prill-2010\/#primaryimage"},"datePublished":"2010-04-11T11:12:47+00:00","dateModified":"2010-04-11T11:12:47+00:00","author":{"@id":"https:\/\/www.visit-ulcinj.com\/blog\/#\/schema\/person\/dcab619c614d3038751c63bc2aadc06d"},"description":"Kryetari i Komun\u00ebs s\u00eb Ulqinit z. G\u00ebzim Hajdinaga ka p\u00ebrg\u00ebzuar komunitetin rrom me ratin e 8 prillit Dit\u00ebs nd\u00ebrkomb\u00ebtare e Rrom\u00ebve. N\u00eb mesazhin e tij nd\u00ebr","breadcrumb":{"@id":"https:\/\/www.visit-ulcinj.com\/blog\/2010\/04\/11\/dita-nderkombetare-e-rromeve-8-prill-2010\/#breadcrumb"},"inLanguage":"en-US","potentialAction":[{"@type":"ReadAction","target":["https:\/\/www.visit-ulcinj.com\/blog\/2010\/04\/11\/dita-nderkombetare-e-rromeve-8-prill-2010\/"]}]},{"@type":"BreadcrumbList","@id":"https:\/\/www.visit-ulcinj.com\/blog\/2010\/04\/11\/dita-nderkombetare-e-rromeve-8-prill-2010\/#breadcrumb","itemListElement":[{"@type":"ListItem","position":1,"name":"Dita nderkombetare e Rromeve 8 prill 2010"}]},{"@type":"Person","@id":"https:\/\/www.visit-ulcinj.com\/blog\/#\/schema\/person\/dcab619c614d3038751c63bc2aadc06d","name":"ulqini","sameAs":["http:\/\/www.visit-ulcinj.com"],"url":"https:\/\/www.visit-ulcinj.com\/blog\/author\/admin\/"}]}},"jetpack_featured_media_url":"","jetpack_sharing_enabled":true,"jetpack_shortlink":"https:\/\/wp.me\/pe6lTn-8gQ","_links":{"self":[{"href":"https:\/\/www.visit-ulcinj.com\/blog\/wp-json\/wp\/v2\/posts\/31796"}],"collection":[{"href":"https:\/\/www.visit-ulcinj.com\/blog\/wp-json\/wp\/v2\/posts"}],"about":[{"href":"https:\/\/www.visit-ulcinj.com\/blog\/wp-json\/wp\/v2\/types\/post"}],"author":[{"embeddable":true,"href":"https:\/\/www.visit-ulcinj.com\/blog\/wp-json\/wp\/v2\/users\/1"}],"replies":[{"embeddable":true,"href":"https:\/\/www.visit-ulcinj.com\/blog\/wp-json\/wp\/v2\/comments?post=31796"}],"version-history":[{"count":0,"href":"https:\/\/www.visit-ulcinj.com\/blog\/wp-json\/wp\/v2\/posts\/31796\/revisions"}],"wp:attachment":[{"href":"https:\/\/www.visit-ulcinj.com\/blog\/wp-json\/wp\/v2\/media?parent=31796"}],"wp:term":[{"taxonomy":"category","embeddable":true,"href":"https:\/\/www.visit-ulcinj.com\/blog\/wp-json\/wp\/v2\/categories?post=31796"},{"taxonomy":"post_tag","embeddable":true,"href":"https:\/\/www.visit-ulcinj.com\/blog\/wp-json\/wp\/v2\/tags?post=31796"}],"curies":[{"name":"wp","href":"https:\/\/api.w.org\/{rel}","templated":true}]}}