{"id":31821,"date":"2010-04-11T20:05:16","date_gmt":"2010-04-11T18:05:16","guid":{"rendered":"http:\/\/www.visit-ulcinj.com\/blog\/?p=31821"},"modified":"2010-05-28T21:18:47","modified_gmt":"2010-05-28T19:18:47","slug":"ppd-garon-e-vetme-ne-zgjedhjet-lokale-ne-mal-te-zi","status":"publish","type":"post","link":"https:\/\/www.visit-ulcinj.com\/blog\/2010\/04\/11\/ppd-garon-e-vetme-ne-zgjedhjet-lokale-ne-mal-te-zi\/","title":{"rendered":"PPD garon e vetme n\u00eb zgjedhjet lokale n\u00eb Mal t\u00eb Zi &#8211; Video"},"content":{"rendered":"<p><a href=\"http:\/\/www.visit-ulcinj.com\/blog\/wp-content\/uploads\/2010\/04\/Ali-Rexha_Lideri-i-PPD_se.jpg.1.jpg\"><img loading=\"lazy\" class=\"alignleft size-full wp-image-31834\" title=\"Ali-Rexha_Lideri-i-PPD_se.jpg.1,Partija Demokratskog Prosperiteta ,PDP ,Ali Red\u017ea, Kujtim Sukali?, Kaplan Mu?aj, Djerdja Pepdjonovi?, Dritan Kurti, Muhamet Nika, Naser Selaj, Dritan Red\u017ea, Bljerim Holovi?, Fatmir Seferi, Minire Perazi?, Safet Taipi, Astrit Kurti, \u0160aban ?ekaj, Rasim Osmani, Zefa Luki?, Sabit Red\u017ea, Valdet ?inaj, Majreme ?apri?, Omer \u0160aba, Cuf Durakovi?, Drilon Mu?aj, Zarifja ?oni, Vebi Neljaj, Indira Hod\u017ei?, Izet Dragovi?, Agim ?obaj, Loro Luki?, Ilirijana Bi\u0161a, Agim Sumovi?, Bledar Neljaj, Gani Tagani, Nazif Ibro?i.\" src=\"http:\/\/www.visit-ulcinj.com\/blog\/wp-content\/uploads\/2010\/04\/Ali-Rexha_Lideri-i-PPD_se.jpg.1.jpg\" alt=\"Ali-Rexha_Lideri-i-PPD_se.jpg.1\" width=\"580\" height=\"400\" \/><\/a>Partia e Prosperitetit Demokratik (PPD) me seli n\u00eb Ulqin konfirmoi t\u00eb m\u00ebrkur\u00ebn se do t\u00eb dal\u00eb vet\u00ebm n\u00eb zgjedhjet e ardhshme lokale q\u00eb jan\u00eb shpallur p\u00ebr dat\u00ebn 23 maj t\u00eb k\u00ebtij viti, nd\u00ebrkaq nga gjasht\u00eb partit\u00eb, ky \u00ebsht\u00eb subjekti i dyt\u00eb politik shqiptar n\u00eb Ulqin q\u00eb kumton publikisht m\u00ebnyr\u00ebn e pjes\u00ebmarrjes n\u00eb gar\u00ebn e ardhme p\u00ebr qeverisjen vendore.<br \/>\nPartia e Prosperitetit Demokratik n\u00eb vitin 2007, me 3 k\u00ebshilltar\u00ebt e saj, sa e kishte p\u00ebrkrahjen e votuesve n\u00eb komun\u00ebn e Ulqinit, u shk\u00ebput nga Koalicioni i partive nacionale shqiptare edhe iu bashkua grupimit politik \u201cP\u00ebr Ulqinin evropian\u201d.<br \/>\nGrupimin politik \u201cP\u00ebr Ulqinin evropian\u201d, aktualisht e p\u00ebrb\u00ebjn\u00eb e p\u00ebrb\u00ebn Unioni Demokratik i Shqiptar\u00ebve , socialist\u00ebt e Gjukanoviq-it dhe socialdemokrat\u00ebt e kryeparlamentarit malazias, Ranko Krivokapiq.<br \/>\nNdryshe, PPD-ja p\u00ebrsh\u00ebndeti vendimin e Forc\u00ebs s\u00eb Re Demokratike p\u00ebr daljen n\u00eb zgjedhje pa koalicione, por thekson se Lidhja Demokratike n\u00eb Mal t\u00eb Zi e Mehmet Bardhit dhe Bashkimi Demokratik i Shqiptar\u00ebve i Ali Dod\u00ebs nuk kan\u00eb t\u00eb drejt\u00eb pjes\u00ebmarrjeje n\u00eb k\u00ebto zgjedhje, pasi q\u00eb sipas PPD-s\u00eb nuk i kan\u00eb b\u00ebr\u00eb me koh\u00eb zgjedhjet brenda partive.<br \/>\nLideri i PPD, Ali Rexha citohet t\u00eb ket\u00eb apeluar te kompetent\u00ebt q\u00eb t\u00eb respektojn\u00eb ligjin edhe t\u00eb shlyejn\u00eb partit\u00eb nga regjistri n\u00ebse konstatohet se ato pas skadimit t\u00eb mandateve, nuk i kan\u00eb zgjedhur organet e tyre.<br \/>\n\u201cN\u00ebse kjo nuk do t\u00eb ndodh, PPD do t\u00eb inicioj\u00eb procedur\u00ebn e shlyerjes s\u00eb partive fantome nga regjistri\u201d, \u00ebsht\u00eb shprehur Rexha.<\/p>\n<p><strong>Koha Net<br \/>\n<\/strong>[flv width=&#8221;580&#8243;  height=&#8221;400&#8243;]http:\/\/forca.me\/images\/stories\/videos\/shqip_1.flv[\/flv]<\/p>\n","protected":false},"excerpt":{"rendered":"<p>Partia e Prosperitetit Demokratik (PPD) me seli n\u00eb Ulqin konfirmoi t\u00eb m\u00ebrkur\u00ebn se do t\u00eb dal\u00eb vet\u00ebm n\u00eb zgjedhjet e ardhshme lokale q\u00eb jan\u00eb shpallur p\u00ebr dat\u00ebn 23 maj t\u00eb k\u00ebtij viti, nd\u00ebrkaq nga gjasht\u00eb partit\u00eb, ky \u00ebsht\u00eb subjekti i dyt\u00eb politik shqiptar n\u00eb Ulqin q\u00eb kumton publikisht m\u00ebnyr\u00ebn e pjes\u00ebmarrjes n\u00eb gar\u00ebn e ardhme [&hellip;]<\/p>\n","protected":false},"author":1,"featured_media":0,"comment_status":"open","ping_status":"closed","sticky":false,"template":"","format":"standard","meta":{"spay_email":"","jetpack_publicize_message":"","jetpack_is_tweetstorm":false,"jetpack_publicize_feature_enabled":true},"categories":[6],"tags":[14584,14587,9724,8027,14570,14588,11181,14578,14563,14579,14564,14566,14567,14589,14586,14582,14583,14562,14561,14585,14576,14568,944,14565,14590,14577,6530,1302,702,1877,14572,14574,14569,14575,14581,14580,14573,14571],"jetpack_publicize_connections":[],"yoast_head":"<!-- This site is optimized with the Yoast SEO plugin v19.1 - https:\/\/yoast.com\/wordpress\/plugins\/seo\/ -->\n<title>PPD garon e vetme n\u00eb zgjedhjet lokale n\u00eb Mal t\u00eb Zi - Video - Lajme nga Ulqini<\/title>\n<meta name=\"description\" content=\"Partia e Prosperitetit Demokratik (PPD) me seli n\u00eb Ulqin konfirmoi t\u00eb m\u00ebrkur\u00ebn se do t\u00eb dal\u00eb vet\u00ebm n\u00eb zgjedhjet e ardhshme lokale q\u00eb jan\u00eb shpallur p\u00ebr\" \/>\n<meta name=\"robots\" content=\"index, follow, max-snippet:-1, max-image-preview:large, max-video-preview:-1\" \/>\n<link rel=\"canonical\" href=\"https:\/\/www.visit-ulcinj.com\/blog\/2010\/04\/11\/ppd-garon-e-vetme-ne-zgjedhjet-lokale-ne-mal-te-zi\/\" \/>\n<meta property=\"og:locale\" content=\"en_US\" \/>\n<meta property=\"og:type\" content=\"article\" \/>\n<meta property=\"og:title\" content=\"PPD garon e vetme n\u00eb zgjedhjet lokale n\u00eb Mal t\u00eb Zi - Video - Lajme nga Ulqini\" \/>\n<meta property=\"og:description\" content=\"Partia e Prosperitetit Demokratik (PPD) me seli n\u00eb Ulqin konfirmoi t\u00eb m\u00ebrkur\u00ebn se do t\u00eb dal\u00eb vet\u00ebm n\u00eb zgjedhjet e ardhshme lokale q\u00eb jan\u00eb shpallur p\u00ebr\" \/>\n<meta property=\"og:url\" content=\"https:\/\/www.visit-ulcinj.com\/blog\/2010\/04\/11\/ppd-garon-e-vetme-ne-zgjedhjet-lokale-ne-mal-te-zi\/\" \/>\n<meta property=\"og:site_name\" content=\"Lajme nga Ulqini\" \/>\n<meta property=\"article:published_time\" content=\"2010-04-11T18:05:16+00:00\" \/>\n<meta property=\"article:modified_time\" content=\"2010-05-28T19:18:47+00:00\" \/>\n<meta property=\"og:image\" content=\"http:\/\/www.visit-ulcinj.com\/blog\/wp-content\/uploads\/2010\/04\/Ali-Rexha_Lideri-i-PPD_se.jpg.1.jpg\" \/>\n<meta name=\"twitter:label1\" content=\"Written by\" \/>\n\t<meta name=\"twitter:data1\" content=\"ulqini\" \/>\n\t<meta name=\"twitter:label2\" content=\"Est. reading time\" \/>\n\t<meta name=\"twitter:data2\" content=\"1 minute\" \/>\n<script type=\"application\/ld+json\" class=\"yoast-schema-graph\">{\"@context\":\"https:\/\/schema.org\",\"@graph\":[{\"@type\":\"WebSite\",\"@id\":\"https:\/\/www.visit-ulcinj.com\/blog\/#website\",\"url\":\"https:\/\/www.visit-ulcinj.com\/blog\/\",\"name\":\"Lajme nga Ulqini\",\"description\":\"Lajme,Vijesti,Ulqini,Ulqin,Crna Gora,Mali i Zi\",\"potentialAction\":[{\"@type\":\"SearchAction\",\"target\":{\"@type\":\"EntryPoint\",\"urlTemplate\":\"https:\/\/www.visit-ulcinj.com\/blog\/?s={search_term_string}\"},\"query-input\":\"required name=search_term_string\"}],\"inLanguage\":\"en-US\"},{\"@type\":\"ImageObject\",\"inLanguage\":\"en-US\",\"@id\":\"https:\/\/www.visit-ulcinj.com\/blog\/2010\/04\/11\/ppd-garon-e-vetme-ne-zgjedhjet-lokale-ne-mal-te-zi\/#primaryimage\",\"url\":\"https:\/\/www.visit-ulcinj.com\/blog\/wp-content\/uploads\/2010\/04\/Ali-Rexha_Lideri-i-PPD_se.jpg.1.jpg\",\"contentUrl\":\"https:\/\/www.visit-ulcinj.com\/blog\/wp-content\/uploads\/2010\/04\/Ali-Rexha_Lideri-i-PPD_se.jpg.1.jpg\",\"width\":\"1024\",\"height\":\"768\"},{\"@type\":\"WebPage\",\"@id\":\"https:\/\/www.visit-ulcinj.com\/blog\/2010\/04\/11\/ppd-garon-e-vetme-ne-zgjedhjet-lokale-ne-mal-te-zi\/#webpage\",\"url\":\"https:\/\/www.visit-ulcinj.com\/blog\/2010\/04\/11\/ppd-garon-e-vetme-ne-zgjedhjet-lokale-ne-mal-te-zi\/\",\"name\":\"PPD garon e vetme n\u00eb zgjedhjet lokale n\u00eb Mal t\u00eb Zi - Video - Lajme nga Ulqini\",\"isPartOf\":{\"@id\":\"https:\/\/www.visit-ulcinj.com\/blog\/#website\"},\"primaryImageOfPage\":{\"@id\":\"https:\/\/www.visit-ulcinj.com\/blog\/2010\/04\/11\/ppd-garon-e-vetme-ne-zgjedhjet-lokale-ne-mal-te-zi\/#primaryimage\"},\"datePublished\":\"2010-04-11T18:05:16+00:00\",\"dateModified\":\"2010-05-28T19:18:47+00:00\",\"author\":{\"@id\":\"https:\/\/www.visit-ulcinj.com\/blog\/#\/schema\/person\/dcab619c614d3038751c63bc2aadc06d\"},\"description\":\"Partia e Prosperitetit Demokratik (PPD) me seli n\u00eb Ulqin konfirmoi t\u00eb m\u00ebrkur\u00ebn se do t\u00eb dal\u00eb vet\u00ebm n\u00eb zgjedhjet e ardhshme lokale q\u00eb jan\u00eb shpallur p\u00ebr\",\"breadcrumb\":{\"@id\":\"https:\/\/www.visit-ulcinj.com\/blog\/2010\/04\/11\/ppd-garon-e-vetme-ne-zgjedhjet-lokale-ne-mal-te-zi\/#breadcrumb\"},\"inLanguage\":\"en-US\",\"potentialAction\":[{\"@type\":\"ReadAction\",\"target\":[\"https:\/\/www.visit-ulcinj.com\/blog\/2010\/04\/11\/ppd-garon-e-vetme-ne-zgjedhjet-lokale-ne-mal-te-zi\/\"]}]},{\"@type\":\"BreadcrumbList\",\"@id\":\"https:\/\/www.visit-ulcinj.com\/blog\/2010\/04\/11\/ppd-garon-e-vetme-ne-zgjedhjet-lokale-ne-mal-te-zi\/#breadcrumb\",\"itemListElement\":[{\"@type\":\"ListItem\",\"position\":1,\"name\":\"PPD garon e vetme n\u00eb zgjedhjet lokale n\u00eb Mal t\u00eb Zi &#8211; Video\"}]},{\"@type\":\"Person\",\"@id\":\"https:\/\/www.visit-ulcinj.com\/blog\/#\/schema\/person\/dcab619c614d3038751c63bc2aadc06d\",\"name\":\"ulqini\",\"sameAs\":[\"http:\/\/www.visit-ulcinj.com\"],\"url\":\"https:\/\/www.visit-ulcinj.com\/blog\/author\/admin\/\"}]}<\/script>\n<!-- \/ Yoast SEO plugin. -->","yoast_head_json":{"title":"PPD garon e vetme n\u00eb zgjedhjet lokale n\u00eb Mal t\u00eb Zi - Video - Lajme nga Ulqini","description":"Partia e Prosperitetit Demokratik (PPD) me seli n\u00eb Ulqin konfirmoi t\u00eb m\u00ebrkur\u00ebn se do t\u00eb dal\u00eb vet\u00ebm n\u00eb zgjedhjet e ardhshme lokale q\u00eb jan\u00eb shpallur p\u00ebr","robots":{"index":"index","follow":"follow","max-snippet":"max-snippet:-1","max-image-preview":"max-image-preview:large","max-video-preview":"max-video-preview:-1"},"canonical":"https:\/\/www.visit-ulcinj.com\/blog\/2010\/04\/11\/ppd-garon-e-vetme-ne-zgjedhjet-lokale-ne-mal-te-zi\/","og_locale":"en_US","og_type":"article","og_title":"PPD garon e vetme n\u00eb zgjedhjet lokale n\u00eb Mal t\u00eb Zi - Video - Lajme nga Ulqini","og_description":"Partia e Prosperitetit Demokratik (PPD) me seli n\u00eb Ulqin konfirmoi t\u00eb m\u00ebrkur\u00ebn se do t\u00eb dal\u00eb vet\u00ebm n\u00eb zgjedhjet e ardhshme lokale q\u00eb jan\u00eb shpallur p\u00ebr","og_url":"https:\/\/www.visit-ulcinj.com\/blog\/2010\/04\/11\/ppd-garon-e-vetme-ne-zgjedhjet-lokale-ne-mal-te-zi\/","og_site_name":"Lajme nga Ulqini","article_published_time":"2010-04-11T18:05:16+00:00","article_modified_time":"2010-05-28T19:18:47+00:00","og_image":[{"url":"http:\/\/www.visit-ulcinj.com\/blog\/wp-content\/uploads\/2010\/04\/Ali-Rexha_Lideri-i-PPD_se.jpg.1.jpg"}],"twitter_misc":{"Written by":"ulqini","Est. reading time":"1 minute"},"schema":{"@context":"https:\/\/schema.org","@graph":[{"@type":"WebSite","@id":"https:\/\/www.visit-ulcinj.com\/blog\/#website","url":"https:\/\/www.visit-ulcinj.com\/blog\/","name":"Lajme nga Ulqini","description":"Lajme,Vijesti,Ulqini,Ulqin,Crna Gora,Mali i Zi","potentialAction":[{"@type":"SearchAction","target":{"@type":"EntryPoint","urlTemplate":"https:\/\/www.visit-ulcinj.com\/blog\/?s={search_term_string}"},"query-input":"required name=search_term_string"}],"inLanguage":"en-US"},{"@type":"ImageObject","inLanguage":"en-US","@id":"https:\/\/www.visit-ulcinj.com\/blog\/2010\/04\/11\/ppd-garon-e-vetme-ne-zgjedhjet-lokale-ne-mal-te-zi\/#primaryimage","url":"https:\/\/www.visit-ulcinj.com\/blog\/wp-content\/uploads\/2010\/04\/Ali-Rexha_Lideri-i-PPD_se.jpg.1.jpg","contentUrl":"https:\/\/www.visit-ulcinj.com\/blog\/wp-content\/uploads\/2010\/04\/Ali-Rexha_Lideri-i-PPD_se.jpg.1.jpg","width":"1024","height":"768"},{"@type":"WebPage","@id":"https:\/\/www.visit-ulcinj.com\/blog\/2010\/04\/11\/ppd-garon-e-vetme-ne-zgjedhjet-lokale-ne-mal-te-zi\/#webpage","url":"https:\/\/www.visit-ulcinj.com\/blog\/2010\/04\/11\/ppd-garon-e-vetme-ne-zgjedhjet-lokale-ne-mal-te-zi\/","name":"PPD garon e vetme n\u00eb zgjedhjet lokale n\u00eb Mal t\u00eb Zi - Video - Lajme nga Ulqini","isPartOf":{"@id":"https:\/\/www.visit-ulcinj.com\/blog\/#website"},"primaryImageOfPage":{"@id":"https:\/\/www.visit-ulcinj.com\/blog\/2010\/04\/11\/ppd-garon-e-vetme-ne-zgjedhjet-lokale-ne-mal-te-zi\/#primaryimage"},"datePublished":"2010-04-11T18:05:16+00:00","dateModified":"2010-05-28T19:18:47+00:00","author":{"@id":"https:\/\/www.visit-ulcinj.com\/blog\/#\/schema\/person\/dcab619c614d3038751c63bc2aadc06d"},"description":"Partia e Prosperitetit Demokratik (PPD) me seli n\u00eb Ulqin konfirmoi t\u00eb m\u00ebrkur\u00ebn se do t\u00eb dal\u00eb vet\u00ebm n\u00eb zgjedhjet e ardhshme lokale q\u00eb jan\u00eb shpallur p\u00ebr","breadcrumb":{"@id":"https:\/\/www.visit-ulcinj.com\/blog\/2010\/04\/11\/ppd-garon-e-vetme-ne-zgjedhjet-lokale-ne-mal-te-zi\/#breadcrumb"},"inLanguage":"en-US","potentialAction":[{"@type":"ReadAction","target":["https:\/\/www.visit-ulcinj.com\/blog\/2010\/04\/11\/ppd-garon-e-vetme-ne-zgjedhjet-lokale-ne-mal-te-zi\/"]}]},{"@type":"BreadcrumbList","@id":"https:\/\/www.visit-ulcinj.com\/blog\/2010\/04\/11\/ppd-garon-e-vetme-ne-zgjedhjet-lokale-ne-mal-te-zi\/#breadcrumb","itemListElement":[{"@type":"ListItem","position":1,"name":"PPD garon e vetme n\u00eb zgjedhjet lokale n\u00eb Mal t\u00eb Zi &#8211; Video"}]},{"@type":"Person","@id":"https:\/\/www.visit-ulcinj.com\/blog\/#\/schema\/person\/dcab619c614d3038751c63bc2aadc06d","name":"ulqini","sameAs":["http:\/\/www.visit-ulcinj.com"],"url":"https:\/\/www.visit-ulcinj.com\/blog\/author\/admin\/"}]}},"jetpack_featured_media_url":"","jetpack_sharing_enabled":true,"jetpack_shortlink":"https:\/\/wp.me\/pe6lTn-8hf","_links":{"self":[{"href":"https:\/\/www.visit-ulcinj.com\/blog\/wp-json\/wp\/v2\/posts\/31821"}],"collection":[{"href":"https:\/\/www.visit-ulcinj.com\/blog\/wp-json\/wp\/v2\/posts"}],"about":[{"href":"https:\/\/www.visit-ulcinj.com\/blog\/wp-json\/wp\/v2\/types\/post"}],"author":[{"embeddable":true,"href":"https:\/\/www.visit-ulcinj.com\/blog\/wp-json\/wp\/v2\/users\/1"}],"replies":[{"embeddable":true,"href":"https:\/\/www.visit-ulcinj.com\/blog\/wp-json\/wp\/v2\/comments?post=31821"}],"version-history":[{"count":0,"href":"https:\/\/www.visit-ulcinj.com\/blog\/wp-json\/wp\/v2\/posts\/31821\/revisions"}],"wp:attachment":[{"href":"https:\/\/www.visit-ulcinj.com\/blog\/wp-json\/wp\/v2\/media?parent=31821"}],"wp:term":[{"taxonomy":"category","embeddable":true,"href":"https:\/\/www.visit-ulcinj.com\/blog\/wp-json\/wp\/v2\/categories?post=31821"},{"taxonomy":"post_tag","embeddable":true,"href":"https:\/\/www.visit-ulcinj.com\/blog\/wp-json\/wp\/v2\/tags?post=31821"}],"curies":[{"name":"wp","href":"https:\/\/api.w.org\/{rel}","templated":true}]}}