{"id":31836,"date":"2010-04-11T21:24:16","date_gmt":"2010-04-11T19:24:16","guid":{"rendered":"http:\/\/www.visit-ulcinj.com\/blog\/?p=31836"},"modified":"2023-04-01T13:40:04","modified_gmt":"2023-04-01T12:40:04","slug":"ovako-je-izgledao-hotel-jadran","status":"publish","type":"post","link":"https:\/\/www.visit-ulcinj.com\/blog\/2010\/04\/11\/ovako-je-izgledao-hotel-jadran\/","title":{"rendered":"Ovako je izgledao hotel &#8220;Jadran&#8221;"},"content":{"rendered":"<p><a href=\"http:\/\/www.visit-ulcinj.com\/blog\/wp-content\/uploads\/2010\/04\/Hotel-Jadran-Ulcinj-Crna-Gora.jpg\"><img loading=\"lazy\" class=\"alignleft size-full wp-image-31837\" title=\"Hotel Jadran Ulcinj Crna Gora\" src=\"http:\/\/www.visit-ulcinj.com\/blog\/wp-content\/uploads\/2010\/04\/Hotel-Jadran-Ulcinj-Crna-Gora.jpg\" alt=\"Hotel Jadran Ulcinj Crna Gora\" width=\"580\" height=\"400\" \/><\/a><strong>Mobil: Viber + Whatsapp: +382 69 335 534\u00a0 : +382 69 335 512<\/strong><\/p>\n<p>Do katastrofalnog zemljotresa 1979 god. 15. aprila, ovako je izgledao hotel &#8220;Jadran&#8221;, i naravno hotel &#8220;Galeb&#8221; odmah na par metara dalje..nekada, su bili simboli grada, i zbog njih je hiljade turista boravilo u na\u0161em gradu. Tada je ovdje i bila&#8221; metropola&#8221; turizma, rije? koju danas upotrebljavaju sve televizije, novinari i &#8220;novinar?i?i&#8221;, i sve institucije ove dr\u017eave, naravno, samo onda kada treba da naglase da je to Budva danas&#8230;Ona je svakako danas sa vi\u0161e od osamdeset hotela i milionima eura koji se i oddavde, od nas uzimaju, da bi se ona izgradila i reklamirala..spotovi na CNN i drugim velikim stanicama, uglavnom nju i veli?aju, naravno tamo su i &#8221; serdari&#8221; i &#8221; glavari&#8221; i neki bli\u017ei njima, i normalno je da je tako ..i Ministarstvo turizma i Ministar uglavnom rade za Budvu..<br \/>\nUlcinju je oduzeto sve , Ulcinjska rivijera je&#8221; rasturena&#8221; rasprodata, uveden je ste?aj,.. hotela vi\u0161e nama..i ovo malo \u0161to je ostalo na zadovoljava osnovne kriterijume smje\u0161taja, Ada ?e po drugi put na tender, kako bi se prodalo i ono malo \u0161to je ostalo na njoj.. podsje?am da je do 90. na Adi bilo vi\u0161e od 1200 le\u017eaja s autokampon.. sve je to uglavnom &#8221; rastureno &#8221; za vrijeme&#8221; embarga&#8221;, a i Bog je odlu?io da nas malo ove godine &#8220;kazni&#8221;poplavama..dodu\u0161e, neki &#8220;Krizni \u0161tab&#8221; je poku\u0161avao da spase \u0161to se spasti mo\u017ee, ?ak su i helikopterima ljetjeli da bi spa\u0161avali i zaustavili vodu&#8230; ali ipak nedovoljno da bi zaustavili silu..<br \/>\nI tako, ovdje su ostale samo uspomene i neponovljiva prirodna ljepota, kojoj ni ovi na\u0161i ovdje, pa ni njihovi mentori, ne mogu ni\u0161ta.. Jednom ?e nadvladati razum i ova &#8220;Bo\u017eanstvena ljepota&#8221;?e vjerujem i nadam se, ugljedati prave investitore, za jedan pravi turizam..koji ovaj grad i ovaj narod i zaslu\u017euje.. a do tada u\u017eivajte u prirodi i sjetite se one re?enice one Dame koja je kupila ku?u me?u zidine Starog grada&#8230;samo da bi u\u017eivala u ljepoti mora i horizonta koji se prelijeva u purpurno crvenilo, kada Sunce nestane u dubine&#8230;<\/p>\n<p><a title=\"Ismet Karamanaga Fecbook\" href=\"http:\/\/www.facebook.com\/album.php?aid=2057519&amp;id=1359492972&amp;ref=mf#!\/photo.php?pid=31132450&amp;id=1359492972\" target=\"_blank\" rel=\"noopener\"><strong>Ismet Karamanaga <span title=\"HPHP\">Facebook<\/span><\/strong><\/a><\/p>\n\n\t\t<style type=\"text\/css\">\n\t\t\t#gallery-1 {\n\t\t\t\tmargin: auto;\n\t\t\t}\n\t\t\t#gallery-1 .gallery-item {\n\t\t\t\tfloat: left;\n\t\t\t\tmargin-top: 10px;\n\t\t\t\ttext-align: center;\n\t\t\t\twidth: 33%;\n\t\t\t}\n\t\t\t#gallery-1 img {\n\t\t\t\tborder: 2px solid #cfcfcf;\n\t\t\t}\n\t\t\t#gallery-1 .gallery-caption {\n\t\t\t\tmargin-left: 0;\n\t\t\t}\n\t\t\t\/* see gallery_shortcode() in wp-includes\/media.php *\/\n\t\t<\/style>\n\t\t<div id='gallery-1' class='gallery galleryid-31836 gallery-columns-3 gallery-size-thumbnail'><dl class='gallery-item'>\n\t\t\t<dt class='gallery-icon landscape'>\n\t\t\t\t<a href='https:\/\/www.visit-ulcinj.com\/blog\/wp-content\/uploads\/2010\/04\/Hotel-Jadran-Ulcinj-Crna-Gora.jpg'><img width=\"150\" height=\"150\" src=\"https:\/\/www.visit-ulcinj.com\/blog\/wp-content\/uploads\/2010\/04\/Hotel-Jadran-Ulcinj-Crna-Gora-150x150.jpg\" class=\"attachment-thumbnail size-thumbnail\" alt=\"\" loading=\"lazy\" \/><\/a>\n\t\t\t<\/dt><\/dl><dl class='gallery-item'>\n\t\t\t<dt class='gallery-icon landscape'>\n\t\t\t\t<a href='https:\/\/www.visit-ulcinj.com\/blog\/wp-content\/uploads\/2010\/04\/Hotel-Jadran-Ulcinj-Crna-Gora.1.jpg'><img width=\"150\" height=\"150\" src=\"https:\/\/www.visit-ulcinj.com\/blog\/wp-content\/uploads\/2010\/04\/Hotel-Jadran-Ulcinj-Crna-Gora.1-150x150.jpg\" class=\"attachment-thumbnail size-thumbnail\" alt=\"\" loading=\"lazy\" \/><\/a>\n\t\t\t<\/dt><\/dl><dl class='gallery-item'>\n\t\t\t<dt class='gallery-icon landscape'>\n\t\t\t\t<a href='https:\/\/www.visit-ulcinj.com\/blog\/wp-content\/uploads\/2010\/04\/Hotel-Jadran-Ulcinj-Crna-Gora.3.jpg'><img width=\"150\" height=\"150\" src=\"https:\/\/www.visit-ulcinj.com\/blog\/wp-content\/uploads\/2010\/04\/Hotel-Jadran-Ulcinj-Crna-Gora.3-150x150.jpg\" class=\"attachment-thumbnail size-thumbnail\" alt=\"\" loading=\"lazy\" \/><\/a>\n\t\t\t<\/dt><\/dl><br style=\"clear: both\" \/><dl class='gallery-item'>\n\t\t\t<dt class='gallery-icon landscape'>\n\t\t\t\t<a href='https:\/\/www.visit-ulcinj.com\/blog\/wp-content\/uploads\/2010\/04\/Hotel-Jadran-Ulcinj-Crna-Gora.4.jpg'><img width=\"150\" height=\"150\" src=\"https:\/\/www.visit-ulcinj.com\/blog\/wp-content\/uploads\/2010\/04\/Hotel-Jadran-Ulcinj-Crna-Gora.4-150x150.jpg\" class=\"attachment-thumbnail size-thumbnail\" alt=\"\" loading=\"lazy\" \/><\/a>\n\t\t\t<\/dt><\/dl><dl class='gallery-item'>\n\t\t\t<dt class='gallery-icon landscape'>\n\t\t\t\t<a href='https:\/\/www.visit-ulcinj.com\/blog\/wp-content\/uploads\/2010\/04\/Hotel-Jadran-Ulcinj-Crna-Gora.6.jpg'><img width=\"150\" height=\"150\" src=\"https:\/\/www.visit-ulcinj.com\/blog\/wp-content\/uploads\/2010\/04\/Hotel-Jadran-Ulcinj-Crna-Gora.6-150x150.jpg\" class=\"attachment-thumbnail size-thumbnail\" alt=\"\" loading=\"lazy\" \/><\/a>\n\t\t\t<\/dt><\/dl><dl class='gallery-item'>\n\t\t\t<dt class='gallery-icon landscape'>\n\t\t\t\t<a href='https:\/\/www.visit-ulcinj.com\/blog\/wp-content\/uploads\/2010\/04\/Hotel-Jadran-Ulcinj-Crna-Gora.5.jpg'><img width=\"150\" height=\"150\" src=\"https:\/\/www.visit-ulcinj.com\/blog\/wp-content\/uploads\/2010\/04\/Hotel-Jadran-Ulcinj-Crna-Gora.5-150x150.jpg\" class=\"attachment-thumbnail size-thumbnail\" alt=\"\" loading=\"lazy\" \/><\/a>\n\t\t\t<\/dt><\/dl><br style=\"clear: both\" \/>\n\t\t<\/div>\n\n<!--YouTube Error: bad URL entered-->\n","protected":false},"excerpt":{"rendered":"<p>Mobil: Viber + Whatsapp: +382 69 335 534\u00a0 : +382 69 335 512 Do katastrofalnog zemljotresa 1979 god. 15. aprila, ovako je izgledao hotel &#8220;Jadran&#8221;, i naravno hotel &#8220;Galeb&#8221; odmah na par metara dalje..nekada, su bili simboli grada, i zbog njih je hiljade turista boravilo u na\u0161em gradu. Tada je ovdje i bila&#8221; metropola&#8221; turizma, [&hellip;]<\/p>\n","protected":false},"author":1,"featured_media":0,"comment_status":"open","ping_status":"closed","sticky":false,"template":"","format":"standard","meta":{"spay_email":"","jetpack_publicize_message":"","jetpack_is_tweetstorm":false,"jetpack_publicize_feature_enabled":true},"categories":[13],"tags":[20,13980,13981,79,19],"jetpack_publicize_connections":[],"yoast_head":"<!-- This site is optimized with the Yoast SEO plugin v19.1 - https:\/\/yoast.com\/wordpress\/plugins\/seo\/ -->\n<title>Ovako je izgledao hotel &quot;Jadran&quot; - Lajme nga Ulqini<\/title>\n<meta name=\"description\" content=\"Mobil: Viber + Whatsapp: +382 69 335 534\u00a0 : +382 69 335 512 Do katastrofalnog zemljotresa 1979 god. 15. aprila, ovako je izgledao hotel &quot;Jadran&quot;, i\" \/>\n<meta name=\"robots\" content=\"index, follow, max-snippet:-1, max-image-preview:large, max-video-preview:-1\" \/>\n<link rel=\"canonical\" href=\"https:\/\/www.visit-ulcinj.com\/blog\/2010\/04\/11\/ovako-je-izgledao-hotel-jadran\/\" \/>\n<meta property=\"og:locale\" content=\"en_US\" \/>\n<meta property=\"og:type\" content=\"article\" \/>\n<meta property=\"og:title\" content=\"Ovako je izgledao hotel &quot;Jadran&quot; - Lajme nga Ulqini\" \/>\n<meta property=\"og:description\" content=\"Mobil: Viber + Whatsapp: +382 69 335 534\u00a0 : +382 69 335 512 Do katastrofalnog zemljotresa 1979 god. 15. aprila, ovako je izgledao hotel &quot;Jadran&quot;, i\" \/>\n<meta property=\"og:url\" content=\"https:\/\/www.visit-ulcinj.com\/blog\/2010\/04\/11\/ovako-je-izgledao-hotel-jadran\/\" \/>\n<meta property=\"og:site_name\" content=\"Lajme nga Ulqini\" \/>\n<meta property=\"article:published_time\" content=\"2010-04-11T19:24:16+00:00\" \/>\n<meta property=\"article:modified_time\" content=\"2023-04-01T12:40:04+00:00\" \/>\n<meta property=\"og:image\" content=\"http:\/\/www.visit-ulcinj.com\/blog\/wp-content\/uploads\/2010\/04\/Hotel-Jadran-Ulcinj-Crna-Gora-150x150.jpg\" \/>\n<meta name=\"twitter:label1\" content=\"Written by\" \/>\n\t<meta name=\"twitter:data1\" content=\"ulqini\" \/>\n\t<meta name=\"twitter:label2\" content=\"Est. reading time\" \/>\n\t<meta name=\"twitter:data2\" content=\"2 minutes\" \/>\n<script type=\"application\/ld+json\" class=\"yoast-schema-graph\">{\"@context\":\"https:\/\/schema.org\",\"@graph\":[{\"@type\":\"WebSite\",\"@id\":\"https:\/\/www.visit-ulcinj.com\/blog\/#website\",\"url\":\"https:\/\/www.visit-ulcinj.com\/blog\/\",\"name\":\"Lajme nga Ulqini\",\"description\":\"Lajme,Vijesti,Ulqini,Ulqin,Crna Gora,Mali i Zi\",\"potentialAction\":[{\"@type\":\"SearchAction\",\"target\":{\"@type\":\"EntryPoint\",\"urlTemplate\":\"https:\/\/www.visit-ulcinj.com\/blog\/?s={search_term_string}\"},\"query-input\":\"required name=search_term_string\"}],\"inLanguage\":\"en-US\"},{\"@type\":\"ImageObject\",\"inLanguage\":\"en-US\",\"@id\":\"https:\/\/www.visit-ulcinj.com\/blog\/2010\/04\/11\/ovako-je-izgledao-hotel-jadran\/#primaryimage\",\"url\":\"https:\/\/www.visit-ulcinj.com\/blog\/wp-content\/uploads\/2010\/04\/Hotel-Jadran-Ulcinj-Crna-Gora.jpg\",\"contentUrl\":\"https:\/\/www.visit-ulcinj.com\/blog\/wp-content\/uploads\/2010\/04\/Hotel-Jadran-Ulcinj-Crna-Gora.jpg\",\"width\":\"720\",\"height\":\"482\"},{\"@type\":\"WebPage\",\"@id\":\"https:\/\/www.visit-ulcinj.com\/blog\/2010\/04\/11\/ovako-je-izgledao-hotel-jadran\/#webpage\",\"url\":\"https:\/\/www.visit-ulcinj.com\/blog\/2010\/04\/11\/ovako-je-izgledao-hotel-jadran\/\",\"name\":\"Ovako je izgledao hotel \\\"Jadran\\\" - Lajme nga Ulqini\",\"isPartOf\":{\"@id\":\"https:\/\/www.visit-ulcinj.com\/blog\/#website\"},\"primaryImageOfPage\":{\"@id\":\"https:\/\/www.visit-ulcinj.com\/blog\/2010\/04\/11\/ovako-je-izgledao-hotel-jadran\/#primaryimage\"},\"datePublished\":\"2010-04-11T19:24:16+00:00\",\"dateModified\":\"2023-04-01T12:40:04+00:00\",\"author\":{\"@id\":\"https:\/\/www.visit-ulcinj.com\/blog\/#\/schema\/person\/dcab619c614d3038751c63bc2aadc06d\"},\"description\":\"Mobil: Viber + Whatsapp: +382 69 335 534\u00a0 : +382 69 335 512 Do katastrofalnog zemljotresa 1979 god. 15. aprila, ovako je izgledao hotel \\\"Jadran\\\", i\",\"breadcrumb\":{\"@id\":\"https:\/\/www.visit-ulcinj.com\/blog\/2010\/04\/11\/ovako-je-izgledao-hotel-jadran\/#breadcrumb\"},\"inLanguage\":\"en-US\",\"potentialAction\":[{\"@type\":\"ReadAction\",\"target\":[\"https:\/\/www.visit-ulcinj.com\/blog\/2010\/04\/11\/ovako-je-izgledao-hotel-jadran\/\"]}]},{\"@type\":\"BreadcrumbList\",\"@id\":\"https:\/\/www.visit-ulcinj.com\/blog\/2010\/04\/11\/ovako-je-izgledao-hotel-jadran\/#breadcrumb\",\"itemListElement\":[{\"@type\":\"ListItem\",\"position\":1,\"name\":\"Ovako je izgledao hotel &#8220;Jadran&#8221;\"}]},{\"@type\":\"Person\",\"@id\":\"https:\/\/www.visit-ulcinj.com\/blog\/#\/schema\/person\/dcab619c614d3038751c63bc2aadc06d\",\"name\":\"ulqini\",\"sameAs\":[\"http:\/\/www.visit-ulcinj.com\"],\"url\":\"https:\/\/www.visit-ulcinj.com\/blog\/author\/admin\/\"}]}<\/script>\n<!-- \/ Yoast SEO plugin. -->","yoast_head_json":{"title":"Ovako je izgledao hotel \"Jadran\" - Lajme nga Ulqini","description":"Mobil: Viber + Whatsapp: +382 69 335 534\u00a0 : +382 69 335 512 Do katastrofalnog zemljotresa 1979 god. 15. aprila, ovako je izgledao hotel \"Jadran\", i","robots":{"index":"index","follow":"follow","max-snippet":"max-snippet:-1","max-image-preview":"max-image-preview:large","max-video-preview":"max-video-preview:-1"},"canonical":"https:\/\/www.visit-ulcinj.com\/blog\/2010\/04\/11\/ovako-je-izgledao-hotel-jadran\/","og_locale":"en_US","og_type":"article","og_title":"Ovako je izgledao hotel \"Jadran\" - Lajme nga Ulqini","og_description":"Mobil: Viber + Whatsapp: +382 69 335 534\u00a0 : +382 69 335 512 Do katastrofalnog zemljotresa 1979 god. 15. aprila, ovako je izgledao hotel \"Jadran\", i","og_url":"https:\/\/www.visit-ulcinj.com\/blog\/2010\/04\/11\/ovako-je-izgledao-hotel-jadran\/","og_site_name":"Lajme nga Ulqini","article_published_time":"2010-04-11T19:24:16+00:00","article_modified_time":"2023-04-01T12:40:04+00:00","og_image":[{"url":"http:\/\/www.visit-ulcinj.com\/blog\/wp-content\/uploads\/2010\/04\/Hotel-Jadran-Ulcinj-Crna-Gora-150x150.jpg"}],"twitter_misc":{"Written by":"ulqini","Est. reading time":"2 minutes"},"schema":{"@context":"https:\/\/schema.org","@graph":[{"@type":"WebSite","@id":"https:\/\/www.visit-ulcinj.com\/blog\/#website","url":"https:\/\/www.visit-ulcinj.com\/blog\/","name":"Lajme nga Ulqini","description":"Lajme,Vijesti,Ulqini,Ulqin,Crna Gora,Mali i Zi","potentialAction":[{"@type":"SearchAction","target":{"@type":"EntryPoint","urlTemplate":"https:\/\/www.visit-ulcinj.com\/blog\/?s={search_term_string}"},"query-input":"required name=search_term_string"}],"inLanguage":"en-US"},{"@type":"ImageObject","inLanguage":"en-US","@id":"https:\/\/www.visit-ulcinj.com\/blog\/2010\/04\/11\/ovako-je-izgledao-hotel-jadran\/#primaryimage","url":"https:\/\/www.visit-ulcinj.com\/blog\/wp-content\/uploads\/2010\/04\/Hotel-Jadran-Ulcinj-Crna-Gora.jpg","contentUrl":"https:\/\/www.visit-ulcinj.com\/blog\/wp-content\/uploads\/2010\/04\/Hotel-Jadran-Ulcinj-Crna-Gora.jpg","width":"720","height":"482"},{"@type":"WebPage","@id":"https:\/\/www.visit-ulcinj.com\/blog\/2010\/04\/11\/ovako-je-izgledao-hotel-jadran\/#webpage","url":"https:\/\/www.visit-ulcinj.com\/blog\/2010\/04\/11\/ovako-je-izgledao-hotel-jadran\/","name":"Ovako je izgledao hotel \"Jadran\" - Lajme nga Ulqini","isPartOf":{"@id":"https:\/\/www.visit-ulcinj.com\/blog\/#website"},"primaryImageOfPage":{"@id":"https:\/\/www.visit-ulcinj.com\/blog\/2010\/04\/11\/ovako-je-izgledao-hotel-jadran\/#primaryimage"},"datePublished":"2010-04-11T19:24:16+00:00","dateModified":"2023-04-01T12:40:04+00:00","author":{"@id":"https:\/\/www.visit-ulcinj.com\/blog\/#\/schema\/person\/dcab619c614d3038751c63bc2aadc06d"},"description":"Mobil: Viber + Whatsapp: +382 69 335 534\u00a0 : +382 69 335 512 Do katastrofalnog zemljotresa 1979 god. 15. aprila, ovako je izgledao hotel \"Jadran\", i","breadcrumb":{"@id":"https:\/\/www.visit-ulcinj.com\/blog\/2010\/04\/11\/ovako-je-izgledao-hotel-jadran\/#breadcrumb"},"inLanguage":"en-US","potentialAction":[{"@type":"ReadAction","target":["https:\/\/www.visit-ulcinj.com\/blog\/2010\/04\/11\/ovako-je-izgledao-hotel-jadran\/"]}]},{"@type":"BreadcrumbList","@id":"https:\/\/www.visit-ulcinj.com\/blog\/2010\/04\/11\/ovako-je-izgledao-hotel-jadran\/#breadcrumb","itemListElement":[{"@type":"ListItem","position":1,"name":"Ovako je izgledao hotel &#8220;Jadran&#8221;"}]},{"@type":"Person","@id":"https:\/\/www.visit-ulcinj.com\/blog\/#\/schema\/person\/dcab619c614d3038751c63bc2aadc06d","name":"ulqini","sameAs":["http:\/\/www.visit-ulcinj.com"],"url":"https:\/\/www.visit-ulcinj.com\/blog\/author\/admin\/"}]}},"jetpack_featured_media_url":"","jetpack_sharing_enabled":true,"jetpack_shortlink":"https:\/\/wp.me\/pe6lTn-8hu","_links":{"self":[{"href":"https:\/\/www.visit-ulcinj.com\/blog\/wp-json\/wp\/v2\/posts\/31836"}],"collection":[{"href":"https:\/\/www.visit-ulcinj.com\/blog\/wp-json\/wp\/v2\/posts"}],"about":[{"href":"https:\/\/www.visit-ulcinj.com\/blog\/wp-json\/wp\/v2\/types\/post"}],"author":[{"embeddable":true,"href":"https:\/\/www.visit-ulcinj.com\/blog\/wp-json\/wp\/v2\/users\/1"}],"replies":[{"embeddable":true,"href":"https:\/\/www.visit-ulcinj.com\/blog\/wp-json\/wp\/v2\/comments?post=31836"}],"version-history":[{"count":1,"href":"https:\/\/www.visit-ulcinj.com\/blog\/wp-json\/wp\/v2\/posts\/31836\/revisions"}],"predecessor-version":[{"id":106911,"href":"https:\/\/www.visit-ulcinj.com\/blog\/wp-json\/wp\/v2\/posts\/31836\/revisions\/106911"}],"wp:attachment":[{"href":"https:\/\/www.visit-ulcinj.com\/blog\/wp-json\/wp\/v2\/media?parent=31836"}],"wp:term":[{"taxonomy":"category","embeddable":true,"href":"https:\/\/www.visit-ulcinj.com\/blog\/wp-json\/wp\/v2\/categories?post=31836"},{"taxonomy":"post_tag","embeddable":true,"href":"https:\/\/www.visit-ulcinj.com\/blog\/wp-json\/wp\/v2\/tags?post=31836"}],"curies":[{"name":"wp","href":"https:\/\/api.w.org\/{rel}","templated":true}]}}