{"id":31845,"date":"2010-04-11T21:43:48","date_gmt":"2010-04-11T19:43:48","guid":{"rendered":"http:\/\/www.visit-ulcinj.com\/blog\/?p=31845"},"modified":"2010-04-14T19:56:24","modified_gmt":"2010-04-14T17:56:24","slug":"bardhi-shqiptaret-e-malit-te-zi-pa-status","status":"publish","type":"post","link":"https:\/\/www.visit-ulcinj.com\/blog\/2010\/04\/11\/bardhi-shqiptaret-e-malit-te-zi-pa-status\/","title":{"rendered":"Bardhi: Shqiptar\u00ebt e Malit t\u00eb Zi, pa status &#8211; Video"},"content":{"rendered":"<p><a href=\"http:\/\/www.visit-ulcinj.com\/blog\/wp-content\/uploads\/2010\/04\/Mehmet-Bardhi.jpg\"><img loading=\"lazy\" class=\"alignleft size-full wp-image-31846\" title=\"Mehmet Bardhi\" src=\"http:\/\/www.visit-ulcinj.com\/blog\/wp-content\/uploads\/2010\/04\/Mehmet-Bardhi.jpg\" alt=\"Mehmet Bardhi\" width=\"318\" height=\"318\" srcset=\"https:\/\/www.visit-ulcinj.com\/blog\/wp-content\/uploads\/2010\/04\/Mehmet-Bardhi.jpg 318w, https:\/\/www.visit-ulcinj.com\/blog\/wp-content\/uploads\/2010\/04\/Mehmet-Bardhi-150x150.jpg 150w, https:\/\/www.visit-ulcinj.com\/blog\/wp-content\/uploads\/2010\/04\/Mehmet-Bardhi-300x300.jpg 300w\" sizes=\"(max-width: 318px) 100vw, 318px\" \/><\/a>Kryetari i partis\u00eb shqiptare Lidhja Demokratike, Mehmet Bardhi ka deklaruar se situata e shqiptar\u00ebve n\u00eb Mal t\u00eb Zi \u00ebsht\u00eb shum\u00eb e r\u00ebnd\u00eb, p\u00ebr shkak se ata nuk g\u00ebzojn\u00eb nj\u00eb status.<br \/>\n\u201cStatusi i shqiptar\u00ebve n\u00eb Mal t\u00eb Zi nuk \u00ebsht\u00eb p\u00ebrcaktuar. \u00cbsht\u00eb nj\u00eb situat\u00eb jo e mir\u00eb dhe shqiptar\u00ebt e Malit t\u00eb Zi kan\u00eb m\u00eb shum\u00eb v\u00ebshtir\u00ebsi se shqiptar\u00ebt e Preshev\u00ebs\u201d, ka pohuar Bardhi.<br \/>\nSipas tij, shqiptar\u00ebt nuk kan\u00eb p\u00ebrfaq\u00ebsuesit e tyre n\u00eb pushtet dhe qeverisen vet\u00ebm nga forca politike malazeze q\u00eb i b\u00ebjn\u00eb gj\u00ebrat p\u00ebr ta m\u00eb t\u00eb v\u00ebshtira.<br \/>\n\u201cNuk jan\u00eb shqiptar\u00ebt ata q\u00eb vendosin p\u00ebr ekonomin\u00eb dhe p\u00ebr zhvillimin e tyre. Qeveria malazeze ka monopolizuar gjithcka. Merr nj\u00eb parti shqiptare n\u00eb koalicion dhe k\u00ebshtu zot\u00ebron shqiptar\u00ebt\u201d, ka shtuar Bardhi.<\/p>\n<p><strong>Top Channel<\/strong><br \/>\n[flv width=&#8221;580&#8243;  height=&#8221;400&#8243;]http:\/\/forca.me\/images\/stories\/videos\/shqip_1.flv[\/flv]<\/p>\n","protected":false},"excerpt":{"rendered":"<p>Kryetari i partis\u00eb shqiptare Lidhja Demokratike, Mehmet Bardhi ka deklaruar se situata e shqiptar\u00ebve n\u00eb Mal t\u00eb Zi \u00ebsht\u00eb shum\u00eb e r\u00ebnd\u00eb, p\u00ebr shkak se ata nuk g\u00ebzojn\u00eb nj\u00eb status. \u201cStatusi i shqiptar\u00ebve n\u00eb Mal t\u00eb Zi nuk \u00ebsht\u00eb p\u00ebrcaktuar. \u00cbsht\u00eb nj\u00eb situat\u00eb jo e mir\u00eb dhe shqiptar\u00ebt e Malit t\u00eb Zi kan\u00eb m\u00eb shum\u00eb [&hellip;]<\/p>\n","protected":false},"author":1,"featured_media":0,"comment_status":"open","ping_status":"closed","sticky":false,"template":"","format":"standard","meta":{"spay_email":"","jetpack_publicize_message":"","jetpack_is_tweetstorm":false,"jetpack_publicize_feature_enabled":true},"categories":[14],"tags":[687,347],"jetpack_publicize_connections":[],"yoast_head":"<!-- This site is optimized with the Yoast SEO plugin v19.1 - https:\/\/yoast.com\/wordpress\/plugins\/seo\/ -->\n<title>Bardhi: Shqiptar\u00ebt e Malit t\u00eb Zi, pa status - Video - Lajme nga Ulqini<\/title>\n<meta name=\"description\" content=\"Kryetari i partis\u00eb shqiptare Lidhja Demokratike, Mehmet Bardhi ka deklaruar se situata e shqiptar\u00ebve n\u00eb Mal t\u00eb Zi \u00ebsht\u00eb shum\u00eb e r\u00ebnd\u00eb, p\u00ebr shkak se ata\" \/>\n<meta name=\"robots\" content=\"index, follow, max-snippet:-1, max-image-preview:large, max-video-preview:-1\" \/>\n<link rel=\"canonical\" href=\"https:\/\/www.visit-ulcinj.com\/blog\/2010\/04\/11\/bardhi-shqiptaret-e-malit-te-zi-pa-status\/\" \/>\n<meta property=\"og:locale\" content=\"en_US\" \/>\n<meta property=\"og:type\" content=\"article\" \/>\n<meta property=\"og:title\" content=\"Bardhi: Shqiptar\u00ebt e Malit t\u00eb Zi, pa status - Video - Lajme nga Ulqini\" \/>\n<meta property=\"og:description\" content=\"Kryetari i partis\u00eb shqiptare Lidhja Demokratike, Mehmet Bardhi ka deklaruar se situata e shqiptar\u00ebve n\u00eb Mal t\u00eb Zi \u00ebsht\u00eb shum\u00eb e r\u00ebnd\u00eb, p\u00ebr shkak se ata\" \/>\n<meta property=\"og:url\" content=\"https:\/\/www.visit-ulcinj.com\/blog\/2010\/04\/11\/bardhi-shqiptaret-e-malit-te-zi-pa-status\/\" \/>\n<meta property=\"og:site_name\" content=\"Lajme nga Ulqini\" \/>\n<meta property=\"article:published_time\" content=\"2010-04-11T19:43:48+00:00\" \/>\n<meta property=\"article:modified_time\" content=\"2010-04-14T17:56:24+00:00\" \/>\n<meta property=\"og:image\" content=\"http:\/\/www.visit-ulcinj.com\/blog\/wp-content\/uploads\/2010\/04\/Mehmet-Bardhi.jpg\" \/>\n<meta name=\"twitter:label1\" content=\"Written by\" \/>\n\t<meta name=\"twitter:data1\" content=\"ulqini\" \/>\n\t<meta name=\"twitter:label2\" content=\"Est. reading time\" \/>\n\t<meta name=\"twitter:data2\" content=\"1 minute\" \/>\n<script type=\"application\/ld+json\" class=\"yoast-schema-graph\">{\"@context\":\"https:\/\/schema.org\",\"@graph\":[{\"@type\":\"WebSite\",\"@id\":\"https:\/\/www.visit-ulcinj.com\/blog\/#website\",\"url\":\"https:\/\/www.visit-ulcinj.com\/blog\/\",\"name\":\"Lajme nga Ulqini\",\"description\":\"Lajme,Vijesti,Ulqini,Ulqin,Crna Gora,Mali i Zi\",\"potentialAction\":[{\"@type\":\"SearchAction\",\"target\":{\"@type\":\"EntryPoint\",\"urlTemplate\":\"https:\/\/www.visit-ulcinj.com\/blog\/?s={search_term_string}\"},\"query-input\":\"required name=search_term_string\"}],\"inLanguage\":\"en-US\"},{\"@type\":\"ImageObject\",\"inLanguage\":\"en-US\",\"@id\":\"https:\/\/www.visit-ulcinj.com\/blog\/2010\/04\/11\/bardhi-shqiptaret-e-malit-te-zi-pa-status\/#primaryimage\",\"url\":\"https:\/\/www.visit-ulcinj.com\/blog\/wp-content\/uploads\/2010\/04\/Mehmet-Bardhi.jpg\",\"contentUrl\":\"https:\/\/www.visit-ulcinj.com\/blog\/wp-content\/uploads\/2010\/04\/Mehmet-Bardhi.jpg\",\"width\":\"318\",\"height\":\"318\"},{\"@type\":\"WebPage\",\"@id\":\"https:\/\/www.visit-ulcinj.com\/blog\/2010\/04\/11\/bardhi-shqiptaret-e-malit-te-zi-pa-status\/#webpage\",\"url\":\"https:\/\/www.visit-ulcinj.com\/blog\/2010\/04\/11\/bardhi-shqiptaret-e-malit-te-zi-pa-status\/\",\"name\":\"Bardhi: Shqiptar\u00ebt e Malit t\u00eb Zi, pa status - Video - Lajme nga Ulqini\",\"isPartOf\":{\"@id\":\"https:\/\/www.visit-ulcinj.com\/blog\/#website\"},\"primaryImageOfPage\":{\"@id\":\"https:\/\/www.visit-ulcinj.com\/blog\/2010\/04\/11\/bardhi-shqiptaret-e-malit-te-zi-pa-status\/#primaryimage\"},\"datePublished\":\"2010-04-11T19:43:48+00:00\",\"dateModified\":\"2010-04-14T17:56:24+00:00\",\"author\":{\"@id\":\"https:\/\/www.visit-ulcinj.com\/blog\/#\/schema\/person\/dcab619c614d3038751c63bc2aadc06d\"},\"description\":\"Kryetari i partis\u00eb shqiptare Lidhja Demokratike, Mehmet Bardhi ka deklaruar se situata e shqiptar\u00ebve n\u00eb Mal t\u00eb Zi \u00ebsht\u00eb shum\u00eb e r\u00ebnd\u00eb, p\u00ebr shkak se ata\",\"breadcrumb\":{\"@id\":\"https:\/\/www.visit-ulcinj.com\/blog\/2010\/04\/11\/bardhi-shqiptaret-e-malit-te-zi-pa-status\/#breadcrumb\"},\"inLanguage\":\"en-US\",\"potentialAction\":[{\"@type\":\"ReadAction\",\"target\":[\"https:\/\/www.visit-ulcinj.com\/blog\/2010\/04\/11\/bardhi-shqiptaret-e-malit-te-zi-pa-status\/\"]}]},{\"@type\":\"BreadcrumbList\",\"@id\":\"https:\/\/www.visit-ulcinj.com\/blog\/2010\/04\/11\/bardhi-shqiptaret-e-malit-te-zi-pa-status\/#breadcrumb\",\"itemListElement\":[{\"@type\":\"ListItem\",\"position\":1,\"name\":\"Bardhi: Shqiptar\u00ebt e Malit t\u00eb Zi, pa status &#8211; Video\"}]},{\"@type\":\"Person\",\"@id\":\"https:\/\/www.visit-ulcinj.com\/blog\/#\/schema\/person\/dcab619c614d3038751c63bc2aadc06d\",\"name\":\"ulqini\",\"sameAs\":[\"http:\/\/www.visit-ulcinj.com\"],\"url\":\"https:\/\/www.visit-ulcinj.com\/blog\/author\/admin\/\"}]}<\/script>\n<!-- \/ Yoast SEO plugin. -->","yoast_head_json":{"title":"Bardhi: Shqiptar\u00ebt e Malit t\u00eb Zi, pa status - Video - Lajme nga Ulqini","description":"Kryetari i partis\u00eb shqiptare Lidhja Demokratike, Mehmet Bardhi ka deklaruar se situata e shqiptar\u00ebve n\u00eb Mal t\u00eb Zi \u00ebsht\u00eb shum\u00eb e r\u00ebnd\u00eb, p\u00ebr shkak se ata","robots":{"index":"index","follow":"follow","max-snippet":"max-snippet:-1","max-image-preview":"max-image-preview:large","max-video-preview":"max-video-preview:-1"},"canonical":"https:\/\/www.visit-ulcinj.com\/blog\/2010\/04\/11\/bardhi-shqiptaret-e-malit-te-zi-pa-status\/","og_locale":"en_US","og_type":"article","og_title":"Bardhi: Shqiptar\u00ebt e Malit t\u00eb Zi, pa status - Video - Lajme nga Ulqini","og_description":"Kryetari i partis\u00eb shqiptare Lidhja Demokratike, Mehmet Bardhi ka deklaruar se situata e shqiptar\u00ebve n\u00eb Mal t\u00eb Zi \u00ebsht\u00eb shum\u00eb e r\u00ebnd\u00eb, p\u00ebr shkak se ata","og_url":"https:\/\/www.visit-ulcinj.com\/blog\/2010\/04\/11\/bardhi-shqiptaret-e-malit-te-zi-pa-status\/","og_site_name":"Lajme nga Ulqini","article_published_time":"2010-04-11T19:43:48+00:00","article_modified_time":"2010-04-14T17:56:24+00:00","og_image":[{"url":"http:\/\/www.visit-ulcinj.com\/blog\/wp-content\/uploads\/2010\/04\/Mehmet-Bardhi.jpg"}],"twitter_misc":{"Written by":"ulqini","Est. reading time":"1 minute"},"schema":{"@context":"https:\/\/schema.org","@graph":[{"@type":"WebSite","@id":"https:\/\/www.visit-ulcinj.com\/blog\/#website","url":"https:\/\/www.visit-ulcinj.com\/blog\/","name":"Lajme nga Ulqini","description":"Lajme,Vijesti,Ulqini,Ulqin,Crna Gora,Mali i Zi","potentialAction":[{"@type":"SearchAction","target":{"@type":"EntryPoint","urlTemplate":"https:\/\/www.visit-ulcinj.com\/blog\/?s={search_term_string}"},"query-input":"required name=search_term_string"}],"inLanguage":"en-US"},{"@type":"ImageObject","inLanguage":"en-US","@id":"https:\/\/www.visit-ulcinj.com\/blog\/2010\/04\/11\/bardhi-shqiptaret-e-malit-te-zi-pa-status\/#primaryimage","url":"https:\/\/www.visit-ulcinj.com\/blog\/wp-content\/uploads\/2010\/04\/Mehmet-Bardhi.jpg","contentUrl":"https:\/\/www.visit-ulcinj.com\/blog\/wp-content\/uploads\/2010\/04\/Mehmet-Bardhi.jpg","width":"318","height":"318"},{"@type":"WebPage","@id":"https:\/\/www.visit-ulcinj.com\/blog\/2010\/04\/11\/bardhi-shqiptaret-e-malit-te-zi-pa-status\/#webpage","url":"https:\/\/www.visit-ulcinj.com\/blog\/2010\/04\/11\/bardhi-shqiptaret-e-malit-te-zi-pa-status\/","name":"Bardhi: Shqiptar\u00ebt e Malit t\u00eb Zi, pa status - Video - Lajme nga Ulqini","isPartOf":{"@id":"https:\/\/www.visit-ulcinj.com\/blog\/#website"},"primaryImageOfPage":{"@id":"https:\/\/www.visit-ulcinj.com\/blog\/2010\/04\/11\/bardhi-shqiptaret-e-malit-te-zi-pa-status\/#primaryimage"},"datePublished":"2010-04-11T19:43:48+00:00","dateModified":"2010-04-14T17:56:24+00:00","author":{"@id":"https:\/\/www.visit-ulcinj.com\/blog\/#\/schema\/person\/dcab619c614d3038751c63bc2aadc06d"},"description":"Kryetari i partis\u00eb shqiptare Lidhja Demokratike, Mehmet Bardhi ka deklaruar se situata e shqiptar\u00ebve n\u00eb Mal t\u00eb Zi \u00ebsht\u00eb shum\u00eb e r\u00ebnd\u00eb, p\u00ebr shkak se ata","breadcrumb":{"@id":"https:\/\/www.visit-ulcinj.com\/blog\/2010\/04\/11\/bardhi-shqiptaret-e-malit-te-zi-pa-status\/#breadcrumb"},"inLanguage":"en-US","potentialAction":[{"@type":"ReadAction","target":["https:\/\/www.visit-ulcinj.com\/blog\/2010\/04\/11\/bardhi-shqiptaret-e-malit-te-zi-pa-status\/"]}]},{"@type":"BreadcrumbList","@id":"https:\/\/www.visit-ulcinj.com\/blog\/2010\/04\/11\/bardhi-shqiptaret-e-malit-te-zi-pa-status\/#breadcrumb","itemListElement":[{"@type":"ListItem","position":1,"name":"Bardhi: Shqiptar\u00ebt e Malit t\u00eb Zi, pa status &#8211; Video"}]},{"@type":"Person","@id":"https:\/\/www.visit-ulcinj.com\/blog\/#\/schema\/person\/dcab619c614d3038751c63bc2aadc06d","name":"ulqini","sameAs":["http:\/\/www.visit-ulcinj.com"],"url":"https:\/\/www.visit-ulcinj.com\/blog\/author\/admin\/"}]}},"jetpack_featured_media_url":"","jetpack_sharing_enabled":true,"jetpack_shortlink":"https:\/\/wp.me\/pe6lTn-8hD","_links":{"self":[{"href":"https:\/\/www.visit-ulcinj.com\/blog\/wp-json\/wp\/v2\/posts\/31845"}],"collection":[{"href":"https:\/\/www.visit-ulcinj.com\/blog\/wp-json\/wp\/v2\/posts"}],"about":[{"href":"https:\/\/www.visit-ulcinj.com\/blog\/wp-json\/wp\/v2\/types\/post"}],"author":[{"embeddable":true,"href":"https:\/\/www.visit-ulcinj.com\/blog\/wp-json\/wp\/v2\/users\/1"}],"replies":[{"embeddable":true,"href":"https:\/\/www.visit-ulcinj.com\/blog\/wp-json\/wp\/v2\/comments?post=31845"}],"version-history":[{"count":0,"href":"https:\/\/www.visit-ulcinj.com\/blog\/wp-json\/wp\/v2\/posts\/31845\/revisions"}],"wp:attachment":[{"href":"https:\/\/www.visit-ulcinj.com\/blog\/wp-json\/wp\/v2\/media?parent=31845"}],"wp:term":[{"taxonomy":"category","embeddable":true,"href":"https:\/\/www.visit-ulcinj.com\/blog\/wp-json\/wp\/v2\/categories?post=31845"},{"taxonomy":"post_tag","embeddable":true,"href":"https:\/\/www.visit-ulcinj.com\/blog\/wp-json\/wp\/v2\/tags?post=31845"}],"curies":[{"name":"wp","href":"https:\/\/api.w.org\/{rel}","templated":true}]}}