{"id":31849,"date":"2010-04-11T21:58:57","date_gmt":"2010-04-11T19:58:57","guid":{"rendered":"http:\/\/www.visit-ulcinj.com\/blog\/?p=31849"},"modified":"2010-04-11T22:10:21","modified_gmt":"2010-04-11T20:10:21","slug":"unioni-demokratik-i-shqiptareve-garon-bashke-me-pds-ne-e-gjukanoviqit","status":"publish","type":"post","link":"https:\/\/www.visit-ulcinj.com\/blog\/2010\/04\/11\/unioni-demokratik-i-shqiptareve-garon-bashke-me-pds-ne-e-gjukanoviqit\/","title":{"rendered":"Unioni Demokratik i Shqiptar\u00ebve garon bashk\u00eb me PDS-n\u00eb e Gjukanoviqit"},"content":{"rendered":"<p><a href=\"http:\/\/www.visit-ulcinj.com\/blog\/wp-content\/uploads\/2010\/04\/Ferhat-Dinosha_Millo-Gjukanoviq_koalicion.jpg\"><img loading=\"lazy\" class=\"alignleft size-full wp-image-31850\" title=\"Ferhat Dinosha_Millo Gjukanoviq_koalicion\" src=\"http:\/\/www.visit-ulcinj.com\/blog\/wp-content\/uploads\/2010\/04\/Ferhat-Dinosha_Millo-Gjukanoviq_koalicion.jpg\" alt=\"Ferhat Dinosha_Millo Gjukanoviq_koalicion\" width=\"286\" height=\"444\" srcset=\"https:\/\/www.visit-ulcinj.com\/blog\/wp-content\/uploads\/2010\/04\/Ferhat-Dinosha_Millo-Gjukanoviq_koalicion.jpg 286w, https:\/\/www.visit-ulcinj.com\/blog\/wp-content\/uploads\/2010\/04\/Ferhat-Dinosha_Millo-Gjukanoviq_koalicion-193x300.jpg 193w\" sizes=\"(max-width: 286px) 100vw, 286px\" \/><\/a>Podgoric\u00eb, 10 prill &#8211; Partit\u00eb politike shqiptare n\u00eb Malin e Zi shihet qart\u00eb se as n\u00eb k\u00ebto zgjedhje lokale, t\u00eb cilat do t\u00eb mbahen m\u00eb 23 maj, nuk do t\u00eb jen\u00eb t\u00eb bashkuara p\u00ebr t\u00eb arritur rezultate sa m\u00eb dinjitoze n\u00eb Ulqin, Plav\u00eb, Tuz, Tivar e Podgoric\u00eb.<br \/>\nDerisa n\u00eb Mal\u00ebsi, Ulqin e Podgoric\u00eb, shumica e subjekteve politike nacionale shqiptare vazhdojn\u00eb t\u00eb hamenden dhe i zvarrisin negociatat p\u00ebr koalicione eventuale, Unioni Demokratik i Shqiptar\u00ebve \/UDSH\/ i \u00ebsht\u00eb bashkangjitur Partis\u00eb Demokratike t\u00eb Socialist\u00ebve \/PDS\/, t\u00eb kryeministrit Milo Gjukanoviq.<br \/>\nPartia Demokratike e Socialist\u00ebve e Milo Gjukanoviqit, s\u00eb bashku edhe me tri parti tjera qytetare dhe nacionale, do t\u00eb garoj\u00eb n\u00eb Podgoric\u00eb, duke pasur p\u00ebrball\u00eb koalicionin opozitar Demos, q\u00eb k\u00ebsaj radhe pretendon ta marr\u00eb pushtetin n\u00eb Podgoric\u00eb.<br \/>\nSipas burimeve t\u00eb informuara mir\u00eb, KosovaLive\u00a0 ka m\u00ebsuar se, PDS n\u00eb list\u00ebn e p\u00ebrbashk\u00ebt zgjedhore do t\u00eb ket\u00eb 29 vendet e para, 5 do t\u00eb jen\u00eb t\u00eb socialdemokrat\u00ebve, nd\u00ebrsa nga nj\u00eb do t\u00eb ken\u00eb UDSH-ja dhe dy parti t\u00eb tjera me parashenja komb\u00ebtare, Partia Boshnjake dhe Partia Liberale Malazeze.<\/p>\n<p><strong>Koha Net<br \/>\n<\/strong>[flv width=&#8221;580&#8243; height=&#8221;400&#8243;]http:\/\/forca.me\/images\/stories\/videos\/shqip_2.flv[\/flv]<\/p>\n","protected":false},"excerpt":{"rendered":"<p>Podgoric\u00eb, 10 prill &#8211; Partit\u00eb politike shqiptare n\u00eb Malin e Zi shihet qart\u00eb se as n\u00eb k\u00ebto zgjedhje lokale, t\u00eb cilat do t\u00eb mbahen m\u00eb 23 maj, nuk do t\u00eb jen\u00eb t\u00eb bashkuara p\u00ebr t\u00eb arritur rezultate sa m\u00eb dinjitoze n\u00eb Ulqin, Plav\u00eb, Tuz, Tivar e Podgoric\u00eb. Derisa n\u00eb Mal\u00ebsi, Ulqin e Podgoric\u00eb, shumica e [&hellip;]<\/p>\n","protected":false},"author":1,"featured_media":0,"comment_status":"open","ping_status":"closed","sticky":false,"template":"","format":"standard","meta":{"spay_email":"","jetpack_publicize_message":"","jetpack_is_tweetstorm":false,"jetpack_publicize_feature_enabled":true},"categories":[12],"tags":[97,13982,2806],"jetpack_publicize_connections":[],"yoast_head":"<!-- This site is optimized with the Yoast SEO plugin v19.1 - https:\/\/yoast.com\/wordpress\/plugins\/seo\/ -->\n<title>Unioni Demokratik i Shqiptar\u00ebve garon bashk\u00eb me PDS-n\u00eb e Gjukanoviqit - Lajme nga Ulqini<\/title>\n<meta name=\"description\" content=\"Podgoric\u00eb, 10 prill - Partit\u00eb politike shqiptare n\u00eb Malin e Zi shihet qart\u00eb se as n\u00eb k\u00ebto zgjedhje lokale, t\u00eb cilat do t\u00eb mbahen m\u00eb 23 maj, nuk do t\u00eb jen\u00eb\" \/>\n<meta name=\"robots\" content=\"index, follow, max-snippet:-1, max-image-preview:large, max-video-preview:-1\" \/>\n<link rel=\"canonical\" href=\"https:\/\/www.visit-ulcinj.com\/blog\/2010\/04\/11\/unioni-demokratik-i-shqiptareve-garon-bashke-me-pds-ne-e-gjukanoviqit\/\" \/>\n<meta property=\"og:locale\" content=\"en_US\" \/>\n<meta property=\"og:type\" content=\"article\" \/>\n<meta property=\"og:title\" content=\"Unioni Demokratik i Shqiptar\u00ebve garon bashk\u00eb me PDS-n\u00eb e Gjukanoviqit - Lajme nga Ulqini\" \/>\n<meta property=\"og:description\" content=\"Podgoric\u00eb, 10 prill - Partit\u00eb politike shqiptare n\u00eb Malin e Zi shihet qart\u00eb se as n\u00eb k\u00ebto zgjedhje lokale, t\u00eb cilat do t\u00eb mbahen m\u00eb 23 maj, nuk do t\u00eb jen\u00eb\" \/>\n<meta property=\"og:url\" content=\"https:\/\/www.visit-ulcinj.com\/blog\/2010\/04\/11\/unioni-demokratik-i-shqiptareve-garon-bashke-me-pds-ne-e-gjukanoviqit\/\" \/>\n<meta property=\"og:site_name\" content=\"Lajme nga Ulqini\" \/>\n<meta property=\"article:published_time\" content=\"2010-04-11T19:58:57+00:00\" \/>\n<meta property=\"article:modified_time\" content=\"2010-04-11T20:10:21+00:00\" \/>\n<meta property=\"og:image\" content=\"http:\/\/www.visit-ulcinj.com\/blog\/wp-content\/uploads\/2010\/04\/Ferhat-Dinosha_Millo-Gjukanoviq_koalicion.jpg\" \/>\n<meta name=\"twitter:label1\" content=\"Written by\" \/>\n\t<meta name=\"twitter:data1\" content=\"ulqini\" \/>\n\t<meta name=\"twitter:label2\" content=\"Est. reading time\" \/>\n\t<meta name=\"twitter:data2\" content=\"1 minute\" \/>\n<script type=\"application\/ld+json\" class=\"yoast-schema-graph\">{\"@context\":\"https:\/\/schema.org\",\"@graph\":[{\"@type\":\"WebSite\",\"@id\":\"https:\/\/www.visit-ulcinj.com\/blog\/#website\",\"url\":\"https:\/\/www.visit-ulcinj.com\/blog\/\",\"name\":\"Lajme nga Ulqini\",\"description\":\"Lajme,Vijesti,Ulqini,Ulqin,Crna Gora,Mali i Zi\",\"potentialAction\":[{\"@type\":\"SearchAction\",\"target\":{\"@type\":\"EntryPoint\",\"urlTemplate\":\"https:\/\/www.visit-ulcinj.com\/blog\/?s={search_term_string}\"},\"query-input\":\"required name=search_term_string\"}],\"inLanguage\":\"en-US\"},{\"@type\":\"ImageObject\",\"inLanguage\":\"en-US\",\"@id\":\"https:\/\/www.visit-ulcinj.com\/blog\/2010\/04\/11\/unioni-demokratik-i-shqiptareve-garon-bashke-me-pds-ne-e-gjukanoviqit\/#primaryimage\",\"url\":\"https:\/\/www.visit-ulcinj.com\/blog\/wp-content\/uploads\/2010\/04\/Ferhat-Dinosha_Millo-Gjukanoviq_koalicion.jpg\",\"contentUrl\":\"https:\/\/www.visit-ulcinj.com\/blog\/wp-content\/uploads\/2010\/04\/Ferhat-Dinosha_Millo-Gjukanoviq_koalicion.jpg\",\"width\":\"286\",\"height\":\"444\"},{\"@type\":\"WebPage\",\"@id\":\"https:\/\/www.visit-ulcinj.com\/blog\/2010\/04\/11\/unioni-demokratik-i-shqiptareve-garon-bashke-me-pds-ne-e-gjukanoviqit\/#webpage\",\"url\":\"https:\/\/www.visit-ulcinj.com\/blog\/2010\/04\/11\/unioni-demokratik-i-shqiptareve-garon-bashke-me-pds-ne-e-gjukanoviqit\/\",\"name\":\"Unioni Demokratik i Shqiptar\u00ebve garon bashk\u00eb me PDS-n\u00eb e Gjukanoviqit - Lajme nga Ulqini\",\"isPartOf\":{\"@id\":\"https:\/\/www.visit-ulcinj.com\/blog\/#website\"},\"primaryImageOfPage\":{\"@id\":\"https:\/\/www.visit-ulcinj.com\/blog\/2010\/04\/11\/unioni-demokratik-i-shqiptareve-garon-bashke-me-pds-ne-e-gjukanoviqit\/#primaryimage\"},\"datePublished\":\"2010-04-11T19:58:57+00:00\",\"dateModified\":\"2010-04-11T20:10:21+00:00\",\"author\":{\"@id\":\"https:\/\/www.visit-ulcinj.com\/blog\/#\/schema\/person\/dcab619c614d3038751c63bc2aadc06d\"},\"description\":\"Podgoric\u00eb, 10 prill - Partit\u00eb politike shqiptare n\u00eb Malin e Zi shihet qart\u00eb se as n\u00eb k\u00ebto zgjedhje lokale, t\u00eb cilat do t\u00eb mbahen m\u00eb 23 maj, nuk do t\u00eb jen\u00eb\",\"breadcrumb\":{\"@id\":\"https:\/\/www.visit-ulcinj.com\/blog\/2010\/04\/11\/unioni-demokratik-i-shqiptareve-garon-bashke-me-pds-ne-e-gjukanoviqit\/#breadcrumb\"},\"inLanguage\":\"en-US\",\"potentialAction\":[{\"@type\":\"ReadAction\",\"target\":[\"https:\/\/www.visit-ulcinj.com\/blog\/2010\/04\/11\/unioni-demokratik-i-shqiptareve-garon-bashke-me-pds-ne-e-gjukanoviqit\/\"]}]},{\"@type\":\"BreadcrumbList\",\"@id\":\"https:\/\/www.visit-ulcinj.com\/blog\/2010\/04\/11\/unioni-demokratik-i-shqiptareve-garon-bashke-me-pds-ne-e-gjukanoviqit\/#breadcrumb\",\"itemListElement\":[{\"@type\":\"ListItem\",\"position\":1,\"name\":\"Unioni Demokratik i Shqiptar\u00ebve garon bashk\u00eb me PDS-n\u00eb e Gjukanoviqit\"}]},{\"@type\":\"Person\",\"@id\":\"https:\/\/www.visit-ulcinj.com\/blog\/#\/schema\/person\/dcab619c614d3038751c63bc2aadc06d\",\"name\":\"ulqini\",\"sameAs\":[\"http:\/\/www.visit-ulcinj.com\"],\"url\":\"https:\/\/www.visit-ulcinj.com\/blog\/author\/admin\/\"}]}<\/script>\n<!-- \/ Yoast SEO plugin. -->","yoast_head_json":{"title":"Unioni Demokratik i Shqiptar\u00ebve garon bashk\u00eb me PDS-n\u00eb e Gjukanoviqit - Lajme nga Ulqini","description":"Podgoric\u00eb, 10 prill - Partit\u00eb politike shqiptare n\u00eb Malin e Zi shihet qart\u00eb se as n\u00eb k\u00ebto zgjedhje lokale, t\u00eb cilat do t\u00eb mbahen m\u00eb 23 maj, nuk do t\u00eb jen\u00eb","robots":{"index":"index","follow":"follow","max-snippet":"max-snippet:-1","max-image-preview":"max-image-preview:large","max-video-preview":"max-video-preview:-1"},"canonical":"https:\/\/www.visit-ulcinj.com\/blog\/2010\/04\/11\/unioni-demokratik-i-shqiptareve-garon-bashke-me-pds-ne-e-gjukanoviqit\/","og_locale":"en_US","og_type":"article","og_title":"Unioni Demokratik i Shqiptar\u00ebve garon bashk\u00eb me PDS-n\u00eb e Gjukanoviqit - Lajme nga Ulqini","og_description":"Podgoric\u00eb, 10 prill - Partit\u00eb politike shqiptare n\u00eb Malin e Zi shihet qart\u00eb se as n\u00eb k\u00ebto zgjedhje lokale, t\u00eb cilat do t\u00eb mbahen m\u00eb 23 maj, nuk do t\u00eb jen\u00eb","og_url":"https:\/\/www.visit-ulcinj.com\/blog\/2010\/04\/11\/unioni-demokratik-i-shqiptareve-garon-bashke-me-pds-ne-e-gjukanoviqit\/","og_site_name":"Lajme nga Ulqini","article_published_time":"2010-04-11T19:58:57+00:00","article_modified_time":"2010-04-11T20:10:21+00:00","og_image":[{"url":"http:\/\/www.visit-ulcinj.com\/blog\/wp-content\/uploads\/2010\/04\/Ferhat-Dinosha_Millo-Gjukanoviq_koalicion.jpg"}],"twitter_misc":{"Written by":"ulqini","Est. reading time":"1 minute"},"schema":{"@context":"https:\/\/schema.org","@graph":[{"@type":"WebSite","@id":"https:\/\/www.visit-ulcinj.com\/blog\/#website","url":"https:\/\/www.visit-ulcinj.com\/blog\/","name":"Lajme nga Ulqini","description":"Lajme,Vijesti,Ulqini,Ulqin,Crna Gora,Mali i Zi","potentialAction":[{"@type":"SearchAction","target":{"@type":"EntryPoint","urlTemplate":"https:\/\/www.visit-ulcinj.com\/blog\/?s={search_term_string}"},"query-input":"required name=search_term_string"}],"inLanguage":"en-US"},{"@type":"ImageObject","inLanguage":"en-US","@id":"https:\/\/www.visit-ulcinj.com\/blog\/2010\/04\/11\/unioni-demokratik-i-shqiptareve-garon-bashke-me-pds-ne-e-gjukanoviqit\/#primaryimage","url":"https:\/\/www.visit-ulcinj.com\/blog\/wp-content\/uploads\/2010\/04\/Ferhat-Dinosha_Millo-Gjukanoviq_koalicion.jpg","contentUrl":"https:\/\/www.visit-ulcinj.com\/blog\/wp-content\/uploads\/2010\/04\/Ferhat-Dinosha_Millo-Gjukanoviq_koalicion.jpg","width":"286","height":"444"},{"@type":"WebPage","@id":"https:\/\/www.visit-ulcinj.com\/blog\/2010\/04\/11\/unioni-demokratik-i-shqiptareve-garon-bashke-me-pds-ne-e-gjukanoviqit\/#webpage","url":"https:\/\/www.visit-ulcinj.com\/blog\/2010\/04\/11\/unioni-demokratik-i-shqiptareve-garon-bashke-me-pds-ne-e-gjukanoviqit\/","name":"Unioni Demokratik i Shqiptar\u00ebve garon bashk\u00eb me PDS-n\u00eb e Gjukanoviqit - Lajme nga Ulqini","isPartOf":{"@id":"https:\/\/www.visit-ulcinj.com\/blog\/#website"},"primaryImageOfPage":{"@id":"https:\/\/www.visit-ulcinj.com\/blog\/2010\/04\/11\/unioni-demokratik-i-shqiptareve-garon-bashke-me-pds-ne-e-gjukanoviqit\/#primaryimage"},"datePublished":"2010-04-11T19:58:57+00:00","dateModified":"2010-04-11T20:10:21+00:00","author":{"@id":"https:\/\/www.visit-ulcinj.com\/blog\/#\/schema\/person\/dcab619c614d3038751c63bc2aadc06d"},"description":"Podgoric\u00eb, 10 prill - Partit\u00eb politike shqiptare n\u00eb Malin e Zi shihet qart\u00eb se as n\u00eb k\u00ebto zgjedhje lokale, t\u00eb cilat do t\u00eb mbahen m\u00eb 23 maj, nuk do t\u00eb jen\u00eb","breadcrumb":{"@id":"https:\/\/www.visit-ulcinj.com\/blog\/2010\/04\/11\/unioni-demokratik-i-shqiptareve-garon-bashke-me-pds-ne-e-gjukanoviqit\/#breadcrumb"},"inLanguage":"en-US","potentialAction":[{"@type":"ReadAction","target":["https:\/\/www.visit-ulcinj.com\/blog\/2010\/04\/11\/unioni-demokratik-i-shqiptareve-garon-bashke-me-pds-ne-e-gjukanoviqit\/"]}]},{"@type":"BreadcrumbList","@id":"https:\/\/www.visit-ulcinj.com\/blog\/2010\/04\/11\/unioni-demokratik-i-shqiptareve-garon-bashke-me-pds-ne-e-gjukanoviqit\/#breadcrumb","itemListElement":[{"@type":"ListItem","position":1,"name":"Unioni Demokratik i Shqiptar\u00ebve garon bashk\u00eb me PDS-n\u00eb e Gjukanoviqit"}]},{"@type":"Person","@id":"https:\/\/www.visit-ulcinj.com\/blog\/#\/schema\/person\/dcab619c614d3038751c63bc2aadc06d","name":"ulqini","sameAs":["http:\/\/www.visit-ulcinj.com"],"url":"https:\/\/www.visit-ulcinj.com\/blog\/author\/admin\/"}]}},"jetpack_featured_media_url":"","jetpack_sharing_enabled":true,"jetpack_shortlink":"https:\/\/wp.me\/pe6lTn-8hH","_links":{"self":[{"href":"https:\/\/www.visit-ulcinj.com\/blog\/wp-json\/wp\/v2\/posts\/31849"}],"collection":[{"href":"https:\/\/www.visit-ulcinj.com\/blog\/wp-json\/wp\/v2\/posts"}],"about":[{"href":"https:\/\/www.visit-ulcinj.com\/blog\/wp-json\/wp\/v2\/types\/post"}],"author":[{"embeddable":true,"href":"https:\/\/www.visit-ulcinj.com\/blog\/wp-json\/wp\/v2\/users\/1"}],"replies":[{"embeddable":true,"href":"https:\/\/www.visit-ulcinj.com\/blog\/wp-json\/wp\/v2\/comments?post=31849"}],"version-history":[{"count":0,"href":"https:\/\/www.visit-ulcinj.com\/blog\/wp-json\/wp\/v2\/posts\/31849\/revisions"}],"wp:attachment":[{"href":"https:\/\/www.visit-ulcinj.com\/blog\/wp-json\/wp\/v2\/media?parent=31849"}],"wp:term":[{"taxonomy":"category","embeddable":true,"href":"https:\/\/www.visit-ulcinj.com\/blog\/wp-json\/wp\/v2\/categories?post=31849"},{"taxonomy":"post_tag","embeddable":true,"href":"https:\/\/www.visit-ulcinj.com\/blog\/wp-json\/wp\/v2\/tags?post=31849"}],"curies":[{"name":"wp","href":"https:\/\/api.w.org\/{rel}","templated":true}]}}