{"id":3185,"date":"2008-09-11T06:03:57","date_gmt":"2008-09-11T11:03:57","guid":{"rendered":"http:\/\/www.visit-ulcinj.com\/blog\/?p=3185"},"modified":"2008-10-04T07:25:13","modified_gmt":"2008-10-04T12:25:13","slug":"arbereshet-e-italise-prezantuan-kulturen-e-tyre-ne-festivalin-skena-verore-ne-ulqin","status":"publish","type":"post","link":"https:\/\/www.visit-ulcinj.com\/blog\/2008\/09\/11\/arbereshet-e-italise-prezantuan-kulturen-e-tyre-ne-festivalin-skena-verore-ne-ulqin\/","title":{"rendered":"Arb\u00ebresh\u00ebt e italis\u00eb prezantuan kultur\u00ebn e tyre n\u00eb festivalin &#8220;Skena Verore&#8221; n\u00eb Ulqin"},"content":{"rendered":"<p><a href=\"http:\/\/www.visit-ulcinj.com\/blog\/wp-content\/uploads\/2008\/09\/francesko-altimari.jpg\"><img loading=\"lazy\" class=\"alignleft size-medium wp-image-3186\" title=\"francesko-altimari\" src=\"http:\/\/www.visit-ulcinj.com\/blog\/wp-content\/uploads\/2008\/09\/francesko-altimari-300x225.jpg\" alt=\"\" width=\"300\" height=\"225\" srcset=\"https:\/\/www.visit-ulcinj.com\/blog\/wp-content\/uploads\/2008\/09\/francesko-altimari-300x225.jpg 300w, https:\/\/www.visit-ulcinj.com\/blog\/wp-content\/uploads\/2008\/09\/francesko-altimari.jpg 640w\" sizes=\"(max-width: 300px) 100vw, 300px\" \/><\/a><strong>Nj\u00eb kultur\u00eb q\u00eb rigjeneron<\/strong><br \/>\n&#8211; Profesor Fran\u00e7esko Altimari e ka cil\u00ebsuar prezantimin e kultur\u00ebs arb\u00ebreshe n\u00eb Ulqin si nj\u00eb etap\u00eb t\u00eb re n\u00eb marr\u00ebdh\u00ebniet nd\u00ebrmjet komuniteteve arb\u00ebreshe dhe shqiptar\u00ebve n\u00eb Mal t\u00eb Zi. &#8220;Komunitetet tona jan\u00eb t\u00eb lashta dhe kan\u00eb r\u00ebnd\u00ebsi n\u00eb Europ\u00ebn e re. K\u00ebto komunitete kan\u00eb nj\u00eb rol t\u00eb r\u00ebnd\u00ebsish\u00ebm sepse transmetojn\u00eb vlera&#8221;, ka th\u00ebn\u00eb ai. Profesor Anton Berisha, ligj\u00ebrues n\u00eb Universitetin e Kalabris\u00eb, tha se arb\u00ebresh\u00ebt kan\u00eb krijuar disa nga veprat m\u00eb t\u00eb mira q\u00eb jan\u00eb shkruar n\u00eb gjuh\u00eb shqipe. &#8220;Jemi para nj\u00eb let\u00ebrsie me vlera t\u00eb jasht\u00ebzakonshme. Poezia dhe let\u00ebrsia arb\u00ebreshe n\u00eb p\u00ebrgjith\u00ebsi \u00ebsht\u00eb nj\u00eb sublimim poetik p\u00ebrmes nj\u00eb gjuhe t\u00eb zgjedhur, p\u00ebrmes nj\u00eb mesazhi poetik&#8221;, theksoi ai.<br \/>\nP\u00ebr dy net me radh\u00eb, t\u00eb m\u00ebrkur\u00ebn dhe t\u00eb enjten, arb\u00ebresh\u00ebt e Italis\u00eb prezantuan nj\u00eb pjes\u00eb t\u00eb kultur\u00ebs s\u00eb tyre n\u00eb kuad\u00ebr t\u00eb Festivalit &#8220;Skena Verore 2008&#8221; n\u00eb Ulqin. N\u00ebn udh\u00ebheqjen e prof. Fran\u00e7esko Altimarit, profesor n\u00eb Universitetin e Kalabris\u00eb, arb\u00ebresh\u00ebt e trevave t\u00eb ndryshme t\u00eb Italis\u00eb kan\u00eb prezantuar folklorin, muzik\u00ebn, let\u00ebrsin\u00eb dhe pjes\u00eb t\u00eb tjera t\u00eb kultur\u00ebs s\u00eb tyre.<br \/>\nNat\u00ebn e par\u00eb, n\u00eb galerin\u00eb e Qendr\u00ebs s\u00eb Kultur\u00ebs n\u00eb Ulqin, jan\u00eb hapur ekspozitat me stolit\u00eb e arta t\u00eb nuseve arb\u00ebreshe, p\u00ebrgatitur nga Muzeu Komunal i Vakaricit, ekspozita me vegla muzikore tipike t\u00eb arb\u00ebresh\u00ebve t\u00eb komunitetit t\u00eb Sh\u00ebn Konstandinit, ekspozita me titull &#8220;Ballkani i par\u00eb nga Italia&#8221;, ekspozit\u00eb me fotografi dhe vizatime mbi Malin e Zi dhe viset e tjera ballkanike n\u00eb revistat italiane n\u00eb fillim t\u00eb shekullit XX &#8211; nga komuna e Puheriut, si dhe jan\u00eb mbajtur konferencat mbi let\u00ebrsin\u00eb e sotme arb\u00ebreshe, muzik\u00ebn arb\u00ebreshe dhe u b\u00eb prezantimi i projektit BESA (Biblioteka Elektronike e Siteve Arb\u00ebreshe).<\/p>\n<div style=\"width: 255px\" class=\"wp-caption alignright\"><a href=\"http:\/\/www.unical.it\/portale\/\"><img loading=\"lazy\" title=\"Universit\u00e0 della Calabria \" src=\"http:\/\/www.linguistica.unical.it\/albanologia\/immagini\/sedeAlbanologia.jpg\" alt=\"Universit\u00e0 della Calabria \" width=\"245\" height=\"184\" \/><\/a><p class=\"wp-caption-text\">Universit\u00e0 della Calabria <\/p><\/div>\n<p>Nd\u00ebrkaq nat\u00ebn e dyt\u00eb, n\u00eb sken\u00ebn n\u00eb Muzeun n\u00eb Kala u prezantua teleditari &#8220;Arb\u00ebrishtja nga gjuh\u00eb vatre n\u00eb gjuh\u00eb televizioni&#8221; dhe &#8220;Festa dhe rite tradicionale n\u00eb komunitetet arb\u00ebreshe t\u00eb Italis\u00eb&#8221;. Po ashtu u shfaq\u00ebn recitalet muzikore me k\u00ebng\u00ebt tradicionale arb\u00ebreshe, nga vjersh\u00ebtar\u00ebt e Sh\u00ebn Konstandinit t\u00eb paraqitura nga prof. Nikolla Skaldaferri, si dhe k\u00ebng\u00eb moderne arb\u00ebreshe.<br \/>\nIdeja p\u00ebr prezantimin e kultur\u00ebs arb\u00ebreshe n\u00eb Ulqin ka lindur vitin e kaluar kur nj\u00eb delegacion nga Ulqini, n\u00ebn udh\u00ebheqjen e kryetarit t\u00eb Komun\u00ebs s\u00eb Ulqinit, G\u00ebzim Hajdinaga, mori pjes\u00eb n\u00eb Festivalin p\u00ebr F\u00ebmij\u00eb n\u00eb Kalabri.<br \/>\nProfesor Fran\u00e7esko Altimari, njeriu kryesor p\u00ebr jet\u00ebsimin e k\u00ebsaj ideje, e ka cil\u00ebsuar k\u00ebt\u00eb si nj\u00eb etap\u00eb t\u00eb re n\u00eb marr\u00ebdh\u00ebniet nd\u00ebrmjet komuniteteve dhe se ekziston mund\u00ebsia q\u00eb k\u00ebto marr\u00ebdh\u00ebnie t\u00eb vazhdojn\u00eb.<br \/>\n&#8220;Komunitetet tona jan\u00eb t\u00eb lashta dhe kan\u00eb r\u00ebnd\u00ebsi n\u00eb Europ\u00ebn e re. K\u00ebto komunitete kan\u00eb nj\u00eb rol t\u00eb r\u00ebnd\u00ebsish\u00ebm sepse transmetojn\u00eb vlera. Tani nuk kemi m\u00eb shtete t\u00eb vjetra mononacionale sepse shtetet e reja nd\u00ebrtohen mbi baz\u00ebn e diferencimeve&#8221;, ka th\u00ebn\u00eb ai.<br \/>\nAltimari ka theksuar se arb\u00ebresh\u00ebt kan\u00eb nj\u00eb tradit\u00eb t\u00eb mir\u00ebfillt\u00eb e cila rigjeneron.<br \/>\nP\u00ebr let\u00ebrsin\u00eb e sotme arb\u00ebreshe foli profesor Anton Berisha, ligj\u00ebrues n\u00eb Universitetin e Kalabris\u00eb.<br \/>\nAi tha se arb\u00ebresh\u00ebt kan\u00eb krijuar disa nga veprat m\u00eb t\u00eb mira q\u00eb jan\u00eb shkruar n\u00eb gjuh\u00eb shqipe.<br \/>\n&#8220;Jemi para nj\u00eb let\u00ebrsie me vlera t\u00eb jasht\u00ebzakonshme. Poezia dhe let\u00ebrsia arb\u00ebreshe n\u00eb p\u00ebrgjith\u00ebsi \u00ebsht\u00eb nj\u00eb sublimim poetik p\u00ebrmes nj\u00eb gjuhe t\u00eb zgjedhur p\u00ebrmes, nj\u00eb mesazhi poetik&#8221;, theksoi Berisha.<\/p>\n<div style=\"width: 110px\" class=\"wp-caption alignleft\"><a href=\"http:\/\/www.linguistica.unical.it\/albanologia\/immagini\/fotoPersonale\/fotoBerisha.jpg\"><img loading=\"lazy\" title=\"Anton Nik\u00eb Berisha\" src=\"http:\/\/www.linguistica.unical.it\/albanologia\/immagini\/fotoPersonale\/fotoBerisha.jpg\" alt=\"Anton Nik\u00eb Berisha\" width=\"100\" height=\"133\" \/><\/a><p class=\"wp-caption-text\">Anton Nik\u00eb Berisha<\/p><\/div>\n<p>Sipas Berish\u00ebs, arb\u00ebresh\u00ebt jan\u00eb shembull i nj\u00eb ekzistence n\u00ebp\u00ebr koh\u00eb, kurse let\u00ebrsia \u00ebsht\u00eb nj\u00eb shembull q\u00eb d\u00ebshmon p\u00ebr pasurin\u00eb shpirt\u00ebrore arb\u00ebreshe.<br \/>\n&#8220;Ishte pasuria e tyre shpirt\u00ebtore q\u00eb i mbronte e jo sepse jetonin n\u00eb zona t\u00eb ndaluara dhe t\u00eb mbyllura&#8221;, p\u00ebrfundoi Berisha.<br \/>\nP\u00ebr muzik\u00ebn arb\u00ebreshe foli prof. Nikolla Skaldaferri nga Universiteti i Milanos.<br \/>\nAi tha se karakteristik\u00eb e muzik\u00ebs arb\u00ebreshe \u00ebsht\u00eb polifonia dy-tre z\u00ebreshe.<br \/>\nGjat\u00eb nat\u00ebs s\u00eb par\u00eb pjes\u00ebmarr\u00ebsit i p\u00ebrsh\u00ebndet\u00ebn edhe kryetari i Komun\u00ebs s\u00eb Ulqinit, G\u00ebzim Hajdinaga, dhe n\u00eb em\u00ebr t\u00eb p\u00ebrfaq\u00ebsuesve t\u00eb komunave arb\u00ebreshe, Aldo Marino, kryetar i Komun\u00ebs s\u00eb Vakaricit.<br \/>\nDelegacioni arb\u00ebrsh p\u00ebrb\u00ebhej nga p\u00ebrfaq\u00ebsues t\u00eb disa komunave ku jetojn\u00eb arb\u00ebresh\u00ebt, profesor\u00eb t\u00eb universiteteve, an\u00ebtar\u00eb t\u00eb grupeve muzikore arb\u00ebreshe, etj.<br \/>\n<strong>I. Kallaba<\/strong><br \/>\n<strong>Burimi \/ Koha Javore<\/strong><br \/>\n<center><object width=\"425\" height=\"344\"><param name=\"movie\" value=\"http:\/\/www.youtube.com\/v\/c0iA8WKR08w&#038;hl=en&#038;fs=1\"><\/param><param name=\"allowFullScreen\" value=\"true\"><\/param><\/object><\/center><\/p>\n<!--YouTube Error: bad URL entered-->\n<p style=\"text-align: center;\"><a class=\"aligncenter\" title=\"???? ????,?????,Ulcinj,Montenegru,??????????,\u00c7ernoqoriya,Besplatni internet oglasi,Besplatni oglasi,besplatni mali oglasi,besplatni turisti?ki oglasi,oglasi, usluge, turizam,Turisti?ke usluge,Doma?i turizam,Besplatni Oglasnik,Brzi Oglasi Besplatno,Besplatno OglasavanjeTurizam,besplatni oglasi sa slikom,Turisticki informator besplatni,li?ni-oglasi,BESPLATNI Turisticki OGLASI SA SLIKAMA,BESPLATNI Turisticki Oglasi saVideom,turisticki smestaj oglasi,Turisti?ki vodi? balkana,BESPLATNA REZERVACIJA SMESTAJA,Postavite besplatno Vas oglas,FREE TOURIST GUIDES,Izdavanje-Turizam oglasi,Balkan Turisticki vodic,shpallje turistike falas,Shpallje Falas,Shpallje falas per Komplekse Turistike,Lajmerime,Njoftime,shpallje shqip per shqiptaret ne shqiperi kosova maqedoni,mal te zi,???????????,Montenegiro,?ern\u00e1 Hora,??????????,Cz\u00f4rnog\u00f3ra,Cz\u00f4rn\u00f4 G\u00f3ra,Carna G\u00f3ra,T\u0161ernogooria,\u00c7ernogoriya,Montain\u00e9agr\u00f3,Montenegwo,?orna Hora,Montenegr\u00f3,M?ntenigro,Chernogoriya ,\u00c7\u00earnogor\u00ee ,?????????,????????? ,??????? ,Montes Nigrae,Mons Niger,M\u00f4ntenegr\u00f4,Muntenegru,??????????,Czarnog\u00f3ra,Muntinigru,Muntenegro,&lt;br &gt;&lt;\/a&gt; Muntenegru,\t?ierna Hora,Cxerngora,????????,?rna gora,Moontineegro,?ornog?ra,\u00c7ernogori\u00fda,Chernogoriya,Mont\u00f5negro,????? ???? ,?r?na Gora,?r?nogorije,?ernogorija,?arnahoryja,??????????,???????????????????? ,?ern?g?riy\u00e2,M?nt?n??r?,????? ?????? ,?????????,??????????,???????????,M?nten?gro,???? ????? ,????????,M\u00f4ntenegr\u00f4,????????????,???????????,????????????, ??????????? ,????????????,??????????? ,\u008d\u2022?R\/?K?R ,\u0192\u201a\u0192\u201c\u0192e\u0192l\u0192O\u0192\u008d,\u00b8???\u00b3?\u00b1?\u00b7? ,Muntenegru, ????? ????, Montenegr?,chambres ? louer ? ulcinj, location de vacance, location saisonni?res, louer villa,location de vacance, Locations vacance, h?bergements vacances, locations villa, logements de vacances, location maison avec piscine, Location vacance, locations de vacance, h?bergements de vacances, location villa, locations entre particulier, logements vacance, vacances ? Mont?n?gro - location ? Ulcinj ,location  de bigorre,Urlaub in Ulcinj -Montenegro,Hotelbewertungen Ulcinj,Reisen Ulcinj, Urlaub Ulcinj,Hotel in Serbien und Montenegro von Urlaubern bewertet,Billig Urlaub in Ulcinj,ferienh?user,ferienwohnung,Billige Ferienh?user,Ferienwohnung ULCINJ,Ferien an der Adria,Urlaub im Ferienhaus ulcinjBilligreisen Ulcinj,Pauschalreisen,FKK Strand Ada Bojana ulcinj,Last Minute Angebote ulcinj,Preise f?r Lastminute,Kleinanzeigen gratis,Ausflug nach Ulcinj,FKK-Reisen ada bojana,FKK-Urlaub ulcinj,Privatni smje?taj,rezervacija smje?taja,apartmani,sobe,ku?e,odmor,sobe za odmor ulcinj,Pretra?ivanje privatnog smje?taja,rooms rent accommodation ulcinj, rentail private accommodation ulcinj,?elite rezervirati privatni smje?taj,Private accommodation,Smje?taj ulcinj,Pushime Verore ulqin,pushime t? lira n? ulqin,Pushime ne plazh,Pushime te kendshme,dhoma per pushime ulqin,dhoma me qera ulqin,dhoma te lira ulqin,pushime te lira ulqin,mali i zi,kosova,maqedoni,shqiperi,Pushime ne det te ulqinit,godi?nji odmor u ulcinj,odmor u ulcinj,Ku?a za odmor,kuda na odmor,ljetovanje u ulcinj,slobodne sobe,dhoma te lira,ku?a uz more,turisti?ka ponuda,odmor i zabava,povolne cene,sobe,usluge,Mjesto za Va? odmor , Place for Your holiday,Odmor portal,putovanaja,Iznajmljivanje soba ulcinj,odmor ulcinj info,Va?e mjesto za odmor ulcinj,nudisticka plaza ada bojana,smjestaj ponuda ulcinj,lokacioni i dhomave ulqin,deti,plazhet e bukura,diskoteka,zbavitja,.\" href=\"http:\/\/www.visit-ulcinj.com\/tourism\/\" target=\"_blank\"><img loading=\"lazy\" class=\"aligncenter\" title=\"SHPALLJE TURISTIKE FALAS,FREE TOURIST GUIDES,BESPLATNI TURISTI?KI OGLASI,balkan holiday rentals,ALBANIJA,ALBANIA,SHQIPERIJA,CRNA GORA,HRVATSKA,KROACIA,SLOVENIJA,MAKEDONIJA,MAKEDONIA,SRBIJA,MONTENEGRO,MALI I ZI,\" src=\"http:\/\/www.visit-ulcinj.com\/blog\/wp-content\/uploads\/2008\/09\/balkanholidayrentals.gif\" alt=\"Apatin,  Aran?elovac,  ?uprija,  ?a?ak,  ?apljina,  ?itluk,  ?abac,  ?ipovo,  ?iroki Brijeg,  ?ep?e,  ?ivinice,  Ba?ka Palanka,  Banja Luka,  Banovi?i,  Be?ej,  beograd,  Biha?,  Bijeljina,  Bor,  Bor?a,  Bosanska Gradi?ka,  Bosanska Krupa,  Bosanski ?amac,  Bosanski Brod,  Bosanski Novi,  Br?ko,  Bu?im,  Bugojno,  Cazin,  Crna Gora,  Derventa,  Doboj,  Donji Vakuf,  Drvar,  Dubrovnik,  Fo?a,  Fojnica,  Glamo?,  Gora?de,  Gornji Milanovac,  Gornji Vakuf,  gostivar,  Gra?anica,  Grada?ac,  Gradiska,  Grahovo,  Had?i?i,  Ilid?a,  In?ija,  Jablanica,  Jagodina,  Jajce,  Kakanj,  Kalu?erica,  Kikinda,  Klju?,  Konjic,  Kotor Varo?,  Kragujevac,  Kraljevo,  Kru?evac,  Kula,  Kupres,  Lakta?i,  Lazarevac,  Leskovac,  Livno,  Ljubinje,  ljublana,  Ljubu?ki,  Loznica,  Lukavac,  Maglaj,  Mladenovac,  Modri?a,  montenegro erlajnz,  mostar,  Mrkonji? Grad,  Neum,  Ni?,  Novi Pazar,  Novi Sad,  Novi Travnik,  Obrenovac,  Od?ak,  ohrid,  Ora?je,  Pale,  Pan?evo,  Para?in,  Pirot,  Po?arevac,  Podgorica,  Priboj,  Prijedor,  Prokuplje,  Prozor,  pula,  rijeka,  Ruma,  Sanski Most,  Sarajevo,  Senta,  serbija,  sibenik,  skopje,  Smederevo,  Smederevska Palanka,  Sokolac,  Sombor,  split,  Srebrenica,  Srebrenik,  Sremska Mitrovica,  Stolac,  Struga,  Subotica,  Temerin,  Tesli?,  tetovo,  Travnik,  Trebinje,  tuzla,  U?ice,  ulcinj,  Valjevo,  Velika Kladu?a,  Vi?egrad,  Visoko,  Vitez,  Vogo??a,  vojvodina,  Vranje,  Vr?ac,  Vrbas,  zadar,  Zagreb,  Zaje?ar,  Zavidovi?i,  Zenica,  Zrenjanin,  Zvornik,copacabana ulcinj,  h?tels,  hotel ulqin,  Kosova,  Mali i Zi,  Maqedonija,  Montenegro,  montenegro tourisme plage,  montenegro ulcinj,  Shpallje Falas,  Shpallje Falas per shitjen e shtepis se juaj,  Shpallje Falas per villat e juaj,  Shpallje Falas Real Estate,  Shpallje Falas turistike,  shqiperija,  tourisme,  Ulci?,  ulcinj,  ulqin,  ulqin hotel,  ulqini,  ulqini 2007,Ada Bojana,  Alba?czyk,  Cita di Dolcino,  Copacabana,  Czarnog?ra,  Czarnog?rzec,  Don Kichota,  Ma\u00b3a Pla\u00bfa,  Mandra,  MIGUEL DE SERVANTES,  p?\u00b3wyspy Marjan,  Pla\u00bfa Valdanos,  Rzeka Bojana,  Shas \/ ?as \/ Sva?,  Ulci?,  Ulcinjsk\u00b9 Riwier?,  Wielka Pla\u00bfa,  Wyspa Bojana,GORA,??????????,???????,??????????, ?ern? Hora,TO ULCINJ \/ ULQIN,MONTENEGRO, Czarnog?ra, Muntenegru, ????? ????, Montenegr?,villa ? louer ? ulcinj, location de vacance, location saisonni?res, louer chambres,location de vacance, Locations vacance, h?bergements vacances, locations villa, logements de vacances, location maison avec piscine, Location vacance, locations de vacance, h?bergements de vacances, location, locations entre particulier, logements vacance, vacances ? Mont?n?gro - location ? Ulcinj ,location  de bigorre,Albaniku,  Artana,  Bujanoci,  Burimi,  Dardana,  Dardan?,  De?an,  Dibra,  Drenas,  Drenasi,  Ferizaj,  Ferizaji,  Fush? Kosova,Besplatni internet oglasi,Besplatni oglasi,besplatni mali oglasi,besplatni turisti?ki oglasi,oglasi, usluge, turizam,Turisti?ke usluge,Doma?i turizam,Besplatni Oglasnik,Brzi Oglasi Besplatno,Besplatno OglasavanjeTurizam,besplatni oglasi sa slikom,Turisticki informator besplatni,li?ni-oglasi,BESPLATNI Turisticki OGLASI SA SLIKAMA,BESPLATNI Turisticki Oglasi saVideom,turisticki smestaj oglasi,Turisti?ki vodi? balkana,BESPLATNA REZERVACIJA SMESTAJA,Postavite besplatno Vas oglas,FREE TOURIST GUIDES,Izdavanje-Turizam oglasi,Balkan Turisticki vodic,shpallje turistike falas,Shpallje Falas,Shpallje falas per Komplekse Turistike,Lajmerime,Njoftime,shpallje shqip per shqiptaret ne shqiperi kosova maqedoni,mal te zi,Fush? Kosov?,  Gjakova,  Gjakov?,  Gjilan,  Gjilani,  Gostivari,  Istog,  Istog\u00b7,  Ka?anik,  Ka?aniku,  Kastrioti,  K?r?ova,  Klina,  Klin?,  Kumanova,  Leposaviq,  Leskovci,  Likova,  Lipjan,  Lipjani,  Malisheva,  Malishev?,  Manastiri,  Medvegja,  Mitrovica,  Mitrovic?,  Novob?rd?,  Obiliq\u00b7 Rahovec,  Ohri,  Peja,  Pej?,  Podujeva,  Podujev?,  Presheva,  Prishtina,  Prishtin?,  Prizren,  Prizreni,  Rahoveci,  Sharri,  Sharri (Kosov?),  Shkupi,  Sht?rpca,  Sht?rpc?,  Shtime,  Sk?nderaj,  Struga,  Tetova,  Theranda,  Therand?,  Triumf Riza,  Veleshta,  Viti,  Vitia,  Vushtrri,  Vushtrria,  Zubin Potok,  Zubin Potoku,  Zve?an,  Zve?ani,Struga,Gostivari,Gostivar,Ker?ova,Tirana,Durr?si,Elbasani,Shkodra,Tuzi,Vlora, Kor?a,Fieri,Berati,Lushnja ,Kavaja,Pogradeci,La?i,Gjirokastra,Patosi,Kruja,Ku?ova,Kuk?si,Lezha,Saranda,Peshkopia,Burreli,C?rriku,?orovoda,Shijaku,Librazhdi,Tepelena,Gramshi,Poli?ani,Bulqiza,P?rmeti,Fush?Kruja,Kamza,Rr?sheni,Ballshi,Mamurrasi,BajramCurri,Erseka,Peqini,Divjaka,Selenica,Bilishti,Roskoveci,Puka,Memaliaj,Rrogozhina,Ura Vajgurore,Himara,Delvina,Vora,Kopliku,Maliqi,P?rrenjasi,Kruma, Libohova,Orikumi,Fush?-Arr?za,Sh?ngjini,Rubiku,Miloti, Leskoviku,Konispoli,K?lcyra,Krasta,K?rraba,Manastiri,Hara?ina,Likova,Prilepi,Zajazi,Vrap?ishti,Bogovin?,\" width=\"420\" height=\"120\" \/><\/a><\/p>\n","protected":false},"excerpt":{"rendered":"<p><img loading=\"lazy\" class=\"alignleft size-medium wp-image-3186\" title=\"francesko-altimari\" src=\"http:\/\/www.visit-ulcinj.com\/blog\/wp-content\/uploads\/2008\/09\/francesko-altimari-300x225.jpg\" alt=\"\" width=\"140\" height=\"140\" \/><\/p>\n","protected":false},"author":1,"featured_media":0,"comment_status":"open","ping_status":"closed","sticky":false,"template":"","format":"standard","meta":{"spay_email":"","jetpack_publicize_message":"","jetpack_is_tweetstorm":false,"jetpack_publicize_feature_enabled":true},"categories":[4,12],"tags":[4537,4538],"jetpack_publicize_connections":[],"yoast_head":"<!-- This site is optimized with the Yoast SEO plugin v19.1 - https:\/\/yoast.com\/wordpress\/plugins\/seo\/ -->\n<title>Arb\u00ebresh\u00ebt e italis\u00eb prezantuan kultur\u00ebn e tyre n\u00eb festivalin &quot;Skena Verore&quot; n\u00eb Ulqin - Lajme nga Ulqini<\/title>\n<meta name=\"robots\" content=\"index, follow, max-snippet:-1, max-image-preview:large, max-video-preview:-1\" \/>\n<link rel=\"canonical\" href=\"https:\/\/www.visit-ulcinj.com\/blog\/2008\/09\/11\/arbereshet-e-italise-prezantuan-kulturen-e-tyre-ne-festivalin-skena-verore-ne-ulqin\/\" \/>\n<meta property=\"og:locale\" content=\"en_US\" \/>\n<meta property=\"og:type\" content=\"article\" \/>\n<meta property=\"og:title\" content=\"Arb\u00ebresh\u00ebt e italis\u00eb prezantuan kultur\u00ebn e tyre n\u00eb festivalin &quot;Skena Verore&quot; n\u00eb Ulqin - Lajme nga Ulqini\" \/>\n<meta property=\"og:url\" content=\"https:\/\/www.visit-ulcinj.com\/blog\/2008\/09\/11\/arbereshet-e-italise-prezantuan-kulturen-e-tyre-ne-festivalin-skena-verore-ne-ulqin\/\" \/>\n<meta property=\"og:site_name\" content=\"Lajme nga Ulqini\" \/>\n<meta property=\"article:published_time\" content=\"2008-09-11T11:03:57+00:00\" \/>\n<meta property=\"article:modified_time\" content=\"2008-10-04T12:25:13+00:00\" \/>\n<meta property=\"og:image\" content=\"http:\/\/www.visit-ulcinj.com\/blog\/wp-content\/uploads\/2008\/09\/francesko-altimari-300x225.jpg\" \/>\n<meta name=\"twitter:label1\" content=\"Written by\" \/>\n\t<meta name=\"twitter:data1\" content=\"ulqini\" \/>\n\t<meta name=\"twitter:label2\" content=\"Est. reading time\" \/>\n\t<meta name=\"twitter:data2\" content=\"4 minutes\" \/>\n<script type=\"application\/ld+json\" class=\"yoast-schema-graph\">{\"@context\":\"https:\/\/schema.org\",\"@graph\":[{\"@type\":\"WebSite\",\"@id\":\"https:\/\/www.visit-ulcinj.com\/blog\/#website\",\"url\":\"https:\/\/www.visit-ulcinj.com\/blog\/\",\"name\":\"Lajme nga Ulqini\",\"description\":\"Lajme,Vijesti,Ulqini,Ulqin,Crna Gora,Mali i Zi\",\"potentialAction\":[{\"@type\":\"SearchAction\",\"target\":{\"@type\":\"EntryPoint\",\"urlTemplate\":\"https:\/\/www.visit-ulcinj.com\/blog\/?s={search_term_string}\"},\"query-input\":\"required name=search_term_string\"}],\"inLanguage\":\"en-US\"},{\"@type\":\"ImageObject\",\"inLanguage\":\"en-US\",\"@id\":\"https:\/\/www.visit-ulcinj.com\/blog\/2008\/09\/11\/arbereshet-e-italise-prezantuan-kulturen-e-tyre-ne-festivalin-skena-verore-ne-ulqin\/#primaryimage\",\"url\":\"http:\/\/www.visit-ulcinj.com\/blog\/wp-content\/uploads\/2008\/09\/francesko-altimari-300x225.jpg\",\"contentUrl\":\"http:\/\/www.visit-ulcinj.com\/blog\/wp-content\/uploads\/2008\/09\/francesko-altimari-300x225.jpg\"},{\"@type\":\"WebPage\",\"@id\":\"https:\/\/www.visit-ulcinj.com\/blog\/2008\/09\/11\/arbereshet-e-italise-prezantuan-kulturen-e-tyre-ne-festivalin-skena-verore-ne-ulqin\/#webpage\",\"url\":\"https:\/\/www.visit-ulcinj.com\/blog\/2008\/09\/11\/arbereshet-e-italise-prezantuan-kulturen-e-tyre-ne-festivalin-skena-verore-ne-ulqin\/\",\"name\":\"Arb\u00ebresh\u00ebt e italis\u00eb prezantuan kultur\u00ebn e tyre n\u00eb festivalin \\\"Skena Verore\\\" n\u00eb Ulqin - Lajme nga Ulqini\",\"isPartOf\":{\"@id\":\"https:\/\/www.visit-ulcinj.com\/blog\/#website\"},\"primaryImageOfPage\":{\"@id\":\"https:\/\/www.visit-ulcinj.com\/blog\/2008\/09\/11\/arbereshet-e-italise-prezantuan-kulturen-e-tyre-ne-festivalin-skena-verore-ne-ulqin\/#primaryimage\"},\"datePublished\":\"2008-09-11T11:03:57+00:00\",\"dateModified\":\"2008-10-04T12:25:13+00:00\",\"author\":{\"@id\":\"https:\/\/www.visit-ulcinj.com\/blog\/#\/schema\/person\/dcab619c614d3038751c63bc2aadc06d\"},\"breadcrumb\":{\"@id\":\"https:\/\/www.visit-ulcinj.com\/blog\/2008\/09\/11\/arbereshet-e-italise-prezantuan-kulturen-e-tyre-ne-festivalin-skena-verore-ne-ulqin\/#breadcrumb\"},\"inLanguage\":\"en-US\",\"potentialAction\":[{\"@type\":\"ReadAction\",\"target\":[\"https:\/\/www.visit-ulcinj.com\/blog\/2008\/09\/11\/arbereshet-e-italise-prezantuan-kulturen-e-tyre-ne-festivalin-skena-verore-ne-ulqin\/\"]}]},{\"@type\":\"BreadcrumbList\",\"@id\":\"https:\/\/www.visit-ulcinj.com\/blog\/2008\/09\/11\/arbereshet-e-italise-prezantuan-kulturen-e-tyre-ne-festivalin-skena-verore-ne-ulqin\/#breadcrumb\",\"itemListElement\":[{\"@type\":\"ListItem\",\"position\":1,\"name\":\"Arb\u00ebresh\u00ebt e italis\u00eb prezantuan kultur\u00ebn e tyre n\u00eb festivalin &#8220;Skena Verore&#8221; n\u00eb Ulqin\"}]},{\"@type\":\"Person\",\"@id\":\"https:\/\/www.visit-ulcinj.com\/blog\/#\/schema\/person\/dcab619c614d3038751c63bc2aadc06d\",\"name\":\"ulqini\",\"sameAs\":[\"http:\/\/www.visit-ulcinj.com\"],\"url\":\"https:\/\/www.visit-ulcinj.com\/blog\/author\/admin\/\"}]}<\/script>\n<!-- \/ Yoast SEO plugin. -->","yoast_head_json":{"title":"Arb\u00ebresh\u00ebt e italis\u00eb prezantuan kultur\u00ebn e tyre n\u00eb festivalin \"Skena Verore\" n\u00eb Ulqin - Lajme nga Ulqini","robots":{"index":"index","follow":"follow","max-snippet":"max-snippet:-1","max-image-preview":"max-image-preview:large","max-video-preview":"max-video-preview:-1"},"canonical":"https:\/\/www.visit-ulcinj.com\/blog\/2008\/09\/11\/arbereshet-e-italise-prezantuan-kulturen-e-tyre-ne-festivalin-skena-verore-ne-ulqin\/","og_locale":"en_US","og_type":"article","og_title":"Arb\u00ebresh\u00ebt e italis\u00eb prezantuan kultur\u00ebn e tyre n\u00eb festivalin \"Skena Verore\" n\u00eb Ulqin - Lajme nga Ulqini","og_url":"https:\/\/www.visit-ulcinj.com\/blog\/2008\/09\/11\/arbereshet-e-italise-prezantuan-kulturen-e-tyre-ne-festivalin-skena-verore-ne-ulqin\/","og_site_name":"Lajme nga Ulqini","article_published_time":"2008-09-11T11:03:57+00:00","article_modified_time":"2008-10-04T12:25:13+00:00","og_image":[{"url":"http:\/\/www.visit-ulcinj.com\/blog\/wp-content\/uploads\/2008\/09\/francesko-altimari-300x225.jpg"}],"twitter_misc":{"Written by":"ulqini","Est. reading time":"4 minutes"},"schema":{"@context":"https:\/\/schema.org","@graph":[{"@type":"WebSite","@id":"https:\/\/www.visit-ulcinj.com\/blog\/#website","url":"https:\/\/www.visit-ulcinj.com\/blog\/","name":"Lajme nga Ulqini","description":"Lajme,Vijesti,Ulqini,Ulqin,Crna Gora,Mali i Zi","potentialAction":[{"@type":"SearchAction","target":{"@type":"EntryPoint","urlTemplate":"https:\/\/www.visit-ulcinj.com\/blog\/?s={search_term_string}"},"query-input":"required name=search_term_string"}],"inLanguage":"en-US"},{"@type":"ImageObject","inLanguage":"en-US","@id":"https:\/\/www.visit-ulcinj.com\/blog\/2008\/09\/11\/arbereshet-e-italise-prezantuan-kulturen-e-tyre-ne-festivalin-skena-verore-ne-ulqin\/#primaryimage","url":"http:\/\/www.visit-ulcinj.com\/blog\/wp-content\/uploads\/2008\/09\/francesko-altimari-300x225.jpg","contentUrl":"http:\/\/www.visit-ulcinj.com\/blog\/wp-content\/uploads\/2008\/09\/francesko-altimari-300x225.jpg"},{"@type":"WebPage","@id":"https:\/\/www.visit-ulcinj.com\/blog\/2008\/09\/11\/arbereshet-e-italise-prezantuan-kulturen-e-tyre-ne-festivalin-skena-verore-ne-ulqin\/#webpage","url":"https:\/\/www.visit-ulcinj.com\/blog\/2008\/09\/11\/arbereshet-e-italise-prezantuan-kulturen-e-tyre-ne-festivalin-skena-verore-ne-ulqin\/","name":"Arb\u00ebresh\u00ebt e italis\u00eb prezantuan kultur\u00ebn e tyre n\u00eb festivalin \"Skena Verore\" n\u00eb Ulqin - Lajme nga Ulqini","isPartOf":{"@id":"https:\/\/www.visit-ulcinj.com\/blog\/#website"},"primaryImageOfPage":{"@id":"https:\/\/www.visit-ulcinj.com\/blog\/2008\/09\/11\/arbereshet-e-italise-prezantuan-kulturen-e-tyre-ne-festivalin-skena-verore-ne-ulqin\/#primaryimage"},"datePublished":"2008-09-11T11:03:57+00:00","dateModified":"2008-10-04T12:25:13+00:00","author":{"@id":"https:\/\/www.visit-ulcinj.com\/blog\/#\/schema\/person\/dcab619c614d3038751c63bc2aadc06d"},"breadcrumb":{"@id":"https:\/\/www.visit-ulcinj.com\/blog\/2008\/09\/11\/arbereshet-e-italise-prezantuan-kulturen-e-tyre-ne-festivalin-skena-verore-ne-ulqin\/#breadcrumb"},"inLanguage":"en-US","potentialAction":[{"@type":"ReadAction","target":["https:\/\/www.visit-ulcinj.com\/blog\/2008\/09\/11\/arbereshet-e-italise-prezantuan-kulturen-e-tyre-ne-festivalin-skena-verore-ne-ulqin\/"]}]},{"@type":"BreadcrumbList","@id":"https:\/\/www.visit-ulcinj.com\/blog\/2008\/09\/11\/arbereshet-e-italise-prezantuan-kulturen-e-tyre-ne-festivalin-skena-verore-ne-ulqin\/#breadcrumb","itemListElement":[{"@type":"ListItem","position":1,"name":"Arb\u00ebresh\u00ebt e italis\u00eb prezantuan kultur\u00ebn e tyre n\u00eb festivalin &#8220;Skena Verore&#8221; n\u00eb Ulqin"}]},{"@type":"Person","@id":"https:\/\/www.visit-ulcinj.com\/blog\/#\/schema\/person\/dcab619c614d3038751c63bc2aadc06d","name":"ulqini","sameAs":["http:\/\/www.visit-ulcinj.com"],"url":"https:\/\/www.visit-ulcinj.com\/blog\/author\/admin\/"}]}},"jetpack_featured_media_url":"","jetpack_sharing_enabled":true,"jetpack_shortlink":"https:\/\/wp.me\/pe6lTn-Pn","_links":{"self":[{"href":"https:\/\/www.visit-ulcinj.com\/blog\/wp-json\/wp\/v2\/posts\/3185"}],"collection":[{"href":"https:\/\/www.visit-ulcinj.com\/blog\/wp-json\/wp\/v2\/posts"}],"about":[{"href":"https:\/\/www.visit-ulcinj.com\/blog\/wp-json\/wp\/v2\/types\/post"}],"author":[{"embeddable":true,"href":"https:\/\/www.visit-ulcinj.com\/blog\/wp-json\/wp\/v2\/users\/1"}],"replies":[{"embeddable":true,"href":"https:\/\/www.visit-ulcinj.com\/blog\/wp-json\/wp\/v2\/comments?post=3185"}],"version-history":[{"count":0,"href":"https:\/\/www.visit-ulcinj.com\/blog\/wp-json\/wp\/v2\/posts\/3185\/revisions"}],"wp:attachment":[{"href":"https:\/\/www.visit-ulcinj.com\/blog\/wp-json\/wp\/v2\/media?parent=3185"}],"wp:term":[{"taxonomy":"category","embeddable":true,"href":"https:\/\/www.visit-ulcinj.com\/blog\/wp-json\/wp\/v2\/categories?post=3185"},{"taxonomy":"post_tag","embeddable":true,"href":"https:\/\/www.visit-ulcinj.com\/blog\/wp-json\/wp\/v2\/tags?post=3185"}],"curies":[{"name":"wp","href":"https:\/\/api.w.org\/{rel}","templated":true}]}}