{"id":31872,"date":"2010-04-12T12:32:23","date_gmt":"2010-04-12T10:32:23","guid":{"rendered":"http:\/\/www.visit-ulcinj.com\/blog\/?p=31872"},"modified":"2010-04-12T12:32:23","modified_gmt":"2010-04-12T10:32:23","slug":"pristan-u-ulcinju-nekad-i-sad","status":"publish","type":"post","link":"https:\/\/www.visit-ulcinj.com\/blog\/2010\/04\/12\/pristan-u-ulcinju-nekad-i-sad\/","title":{"rendered":"Pristan u Ulcinju &#8211; nekad i sad"},"content":{"rendered":"<p><a href=\"http:\/\/www.visit-ulcinj.com\/blog\/wp-content\/uploads\/2010\/04\/Pristan-u-Ulcinju-nekad-i-sad.jpg\"><img loading=\"lazy\" class=\"alignleft size-full wp-image-31874\" title=\"Pristan u Ulcinju - nekad i sad\" src=\"http:\/\/www.visit-ulcinj.com\/blog\/wp-content\/uploads\/2010\/04\/Pristan-u-Ulcinju-nekad-i-sad.jpg\" alt=\"Pristan u Ulcinju - nekad i sad\" width=\"580\" height=\"400\" \/><\/a>Jedna od najljep\u0161ih gra?evina na na\u0161em Pristanu vila Vojvode S.  Popovi?a. Gra?ena je 1888 god. od fa<span>sadnog kamena skinutog sa zidina Starog  grada.<\/span><span> Prelijepa gra?evina, koja je krasila dugo vremena Pristan.<br \/>\nPosebno je karakteristi?an bio park, odnosno ba\u0161ta u kojoj je bilo razno  raznih biljaka i raznovrsnog cvije?a.Vila je imala prelijep ulaz na  kojemu sada stoje, ili bolje re?eno, vise nekakvi nedefinisani objekti,  koji nude &#8220;hamburgere&#8221; i sli?no i koji o\u017eive ljeti tokom turisti?ke  sezone.Vila je oronula i tu\u017ena, a od nekada\u0161nje ba\u0161te ostali  su neki  tragovi, zapravo jedan dio koje podsje?a na nekada\u0161nji sjaj. Sa svih  strana je ve? skoro zatvorena , raznim objektima, beto<\/span><span>nom i  neminovnim kioscima, tako da je svaki drugi komentar suvi\u0161an..<br \/>\nZaista  tu\u017eno.<br \/>\n<\/span>Jedna od rijetkih znamenitosti  na\u0161eg Pristana jeste svakako i vila vojvode I. Plamenca..Za gradnju v<span>ile,  vojvoda\u00a0 je van svake sumnje izabarao najbolju lokaciju na Pristanu.  Vila je okrenuta Otrantskim vratima, ima izvanrednu poziciju i plan, i   nema sumnje da je vrijedna da se sa?uva i restaurira.Isto tako gra?ena  je od fasadnog kamena skinutog sa zidina Starog grada&#8230; valjda je  lak\u0161e vlastodr\u0161cima  bilo skidati obra?eni kamen  sa zidina, nego  dovoditi novi&#8230;Imala je pravu botani?ku ba\u0161tu koja i danas postoji s  tom razlikom \u0161to se danas  slabo odr\u017eava. I ona je oronula, i rekao bih  tu\u017ena, slabo se odr\u017eava i rijetko ko u njoj i boravi..malo betona , i  neke gara\u017ee su malo poremetili njen sklad, ali to prepu\u0161tam onima koji  su to smislili&#8230;<br \/>\nMo\u017eda je jedan od razloga \u0161to u njoj nema mnogo  \u017eivosti i  sveto &#8220;Turbe&#8221; porodice Fani, koje se nalazi ispod nje..Ka\u017eu  da se nisu ba\u0161 u potpunosti uklopili  ovi &#8220;gore&#8221;  sa onima &#8220;dole&#8221; i da  je te\u0161ko bilo na?i &#8220;zajedni?ki jezik&#8221;&#8230;oni &#8221; dole&#8221; se malo naljutilji, a  po\u0161to su oni &#8221; sveti&#8221;&#8230;.i tako to traje  godinama..do danas..<\/span><\/p>\n<div>\n<div><strong><span><a href=\"http:\/\/www.facebook.com\/profile.php?id=1359492972&amp;ref=mf\">Ismet  Karamanaga<\/a><\/span><a href=\"http:\/\/www.facebook.com\/profile.php?id=1359492972&amp;ref=mf\"><span title=\"HPHP\"> Facebook<\/span><\/a><\/strong><\/div>\n<div><strong><span title=\"HPHP\">\n\t\t<style type=\"text\/css\">\n\t\t\t#gallery-1 {\n\t\t\t\tmargin: auto;\n\t\t\t}\n\t\t\t#gallery-1 .gallery-item {\n\t\t\t\tfloat: left;\n\t\t\t\tmargin-top: 10px;\n\t\t\t\ttext-align: center;\n\t\t\t\twidth: 33%;\n\t\t\t}\n\t\t\t#gallery-1 img {\n\t\t\t\tborder: 2px solid #cfcfcf;\n\t\t\t}\n\t\t\t#gallery-1 .gallery-caption {\n\t\t\t\tmargin-left: 0;\n\t\t\t}\n\t\t\t\/* see gallery_shortcode() in wp-includes\/media.php *\/\n\t\t<\/style>\n\t\t<div id='gallery-1' class='gallery galleryid-31872 gallery-columns-3 gallery-size-thumbnail'><dl class='gallery-item'>\n\t\t\t<dt class='gallery-icon landscape'>\n\t\t\t\t<a href='https:\/\/www.visit-ulcinj.com\/blog\/wp-content\/uploads\/2010\/04\/Pristan-u-Ulcinju-nekad-i-sad.1.jpg'><img width=\"150\" height=\"150\" src=\"https:\/\/www.visit-ulcinj.com\/blog\/wp-content\/uploads\/2010\/04\/Pristan-u-Ulcinju-nekad-i-sad.1-150x150.jpg\" class=\"attachment-thumbnail size-thumbnail\" alt=\"\" loading=\"lazy\" \/><\/a>\n\t\t\t<\/dt><\/dl><dl class='gallery-item'>\n\t\t\t<dt class='gallery-icon landscape'>\n\t\t\t\t<a href='https:\/\/www.visit-ulcinj.com\/blog\/wp-content\/uploads\/2010\/04\/Pristan-u-Ulcinju-nekad-i-sad.jpg'><img width=\"150\" height=\"150\" src=\"https:\/\/www.visit-ulcinj.com\/blog\/wp-content\/uploads\/2010\/04\/Pristan-u-Ulcinju-nekad-i-sad-150x150.jpg\" class=\"attachment-thumbnail size-thumbnail\" alt=\"\" loading=\"lazy\" \/><\/a>\n\t\t\t<\/dt><\/dl><dl class='gallery-item'>\n\t\t\t<dt class='gallery-icon landscape'>\n\t\t\t\t<a href='https:\/\/www.visit-ulcinj.com\/blog\/wp-content\/uploads\/2010\/04\/Pristan-u-Ulcinju-nekad-i-sad.2.jpg'><img width=\"150\" height=\"150\" src=\"https:\/\/www.visit-ulcinj.com\/blog\/wp-content\/uploads\/2010\/04\/Pristan-u-Ulcinju-nekad-i-sad.2-150x150.jpg\" class=\"attachment-thumbnail size-thumbnail\" alt=\"\" loading=\"lazy\" \/><\/a>\n\t\t\t<\/dt><\/dl><br style=\"clear: both\" \/><dl class='gallery-item'>\n\t\t\t<dt class='gallery-icon landscape'>\n\t\t\t\t<a href='https:\/\/www.visit-ulcinj.com\/blog\/wp-content\/uploads\/2010\/04\/Pristan-u-Ulcinju-nekad-i-sad.3.jpg'><img width=\"150\" height=\"150\" src=\"https:\/\/www.visit-ulcinj.com\/blog\/wp-content\/uploads\/2010\/04\/Pristan-u-Ulcinju-nekad-i-sad.3-150x150.jpg\" class=\"attachment-thumbnail size-thumbnail\" alt=\"\" loading=\"lazy\" \/><\/a>\n\t\t\t<\/dt><\/dl><dl class='gallery-item'>\n\t\t\t<dt class='gallery-icon landscape'>\n\t\t\t\t<a href='https:\/\/www.visit-ulcinj.com\/blog\/wp-content\/uploads\/2010\/04\/Pristan-u-Ulcinju-nekad-i-sad.4.jpg'><img width=\"150\" height=\"150\" src=\"https:\/\/www.visit-ulcinj.com\/blog\/wp-content\/uploads\/2010\/04\/Pristan-u-Ulcinju-nekad-i-sad.4-150x150.jpg\" class=\"attachment-thumbnail size-thumbnail\" alt=\"\" loading=\"lazy\" \/><\/a>\n\t\t\t<\/dt><\/dl><dl class='gallery-item'>\n\t\t\t<dt class='gallery-icon landscape'>\n\t\t\t\t<a href='https:\/\/www.visit-ulcinj.com\/blog\/wp-content\/uploads\/2010\/04\/Pristan-u-Ulcinju-nekad-i-sad.5.jpg'><img width=\"150\" height=\"150\" src=\"https:\/\/www.visit-ulcinj.com\/blog\/wp-content\/uploads\/2010\/04\/Pristan-u-Ulcinju-nekad-i-sad.5-150x150.jpg\" class=\"attachment-thumbnail size-thumbnail\" alt=\"\" loading=\"lazy\" \/><\/a>\n\t\t\t<\/dt><\/dl><br style=\"clear: both\" \/><dl class='gallery-item'>\n\t\t\t<dt class='gallery-icon landscape'>\n\t\t\t\t<a href='https:\/\/www.visit-ulcinj.com\/blog\/wp-content\/uploads\/2010\/04\/Pristan-u-Ulcinju-nekad-i-sad.6.jpg'><img width=\"150\" height=\"150\" src=\"https:\/\/www.visit-ulcinj.com\/blog\/wp-content\/uploads\/2010\/04\/Pristan-u-Ulcinju-nekad-i-sad.6-150x150.jpg\" class=\"attachment-thumbnail size-thumbnail\" alt=\"\" loading=\"lazy\" \/><\/a>\n\t\t\t<\/dt><\/dl><dl class='gallery-item'>\n\t\t\t<dt class='gallery-icon landscape'>\n\t\t\t\t<a href='https:\/\/www.visit-ulcinj.com\/blog\/wp-content\/uploads\/2010\/04\/Pristan-u-Ulcinju-nekad-i-sad.10.jpg'><img width=\"150\" height=\"150\" src=\"https:\/\/www.visit-ulcinj.com\/blog\/wp-content\/uploads\/2010\/04\/Pristan-u-Ulcinju-nekad-i-sad.10-150x150.jpg\" class=\"attachment-thumbnail size-thumbnail\" alt=\"\" loading=\"lazy\" \/><\/a>\n\t\t\t<\/dt><\/dl><dl class='gallery-item'>\n\t\t\t<dt class='gallery-icon landscape'>\n\t\t\t\t<a href='https:\/\/www.visit-ulcinj.com\/blog\/wp-content\/uploads\/2010\/04\/Pristan-u-Ulcinju-nekad-i-sad.12.jpg'><img width=\"150\" height=\"150\" src=\"https:\/\/www.visit-ulcinj.com\/blog\/wp-content\/uploads\/2010\/04\/Pristan-u-Ulcinju-nekad-i-sad.12-150x150.jpg\" class=\"attachment-thumbnail size-thumbnail\" alt=\"\" loading=\"lazy\" \/><\/a>\n\t\t\t<\/dt><\/dl><br style=\"clear: both\" \/>\n\t\t<\/div>\n<br \/>\n<\/span><\/strong><!--YouTube Error: bad URL entered--><\/div>\n<\/div>\n","protected":false},"excerpt":{"rendered":"<p>Jedna od najljep\u0161ih gra?evina na na\u0161em Pristanu vila Vojvode S. Popovi?a. Gra?ena je 1888 god. od fasadnog kamena skinutog sa zidina Starog grada. Prelijepa gra?evina, koja je krasila dugo vremena Pristan. Posebno je karakteristi?an bio park, odnosno ba\u0161ta u kojoj je bilo razno raznih biljaka i raznovrsnog cvije?a.Vila je imala prelijep ulaz na kojemu sada [&hellip;]<\/p>\n","protected":false},"author":1,"featured_media":0,"comment_status":"open","ping_status":"closed","sticky":false,"template":"","format":"standard","meta":{"spay_email":"","jetpack_publicize_message":"","jetpack_is_tweetstorm":false,"jetpack_publicize_feature_enabled":true},"categories":[13],"tags":[13988,13987,13989],"jetpack_publicize_connections":[],"yoast_head":"<!-- This site is optimized with the Yoast SEO plugin v19.1 - https:\/\/yoast.com\/wordpress\/plugins\/seo\/ -->\n<title>Pristan u Ulcinju - nekad i sad - Lajme nga Ulqini<\/title>\n<meta name=\"description\" content=\"Jedna od najljep\u0161ih gra?evina na na\u0161em Pristanu vila Vojvode S. Popovi?a. Gra?ena je 1888 god. od fasadnog kamena skinutog sa zidina Starog grada.\" \/>\n<meta name=\"robots\" content=\"index, follow, max-snippet:-1, max-image-preview:large, max-video-preview:-1\" \/>\n<link rel=\"canonical\" href=\"https:\/\/www.visit-ulcinj.com\/blog\/2010\/04\/12\/pristan-u-ulcinju-nekad-i-sad\/\" \/>\n<meta property=\"og:locale\" content=\"en_US\" \/>\n<meta property=\"og:type\" content=\"article\" \/>\n<meta property=\"og:title\" content=\"Pristan u Ulcinju - nekad i sad - Lajme nga Ulqini\" \/>\n<meta property=\"og:description\" content=\"Jedna od najljep\u0161ih gra?evina na na\u0161em Pristanu vila Vojvode S. Popovi?a. Gra?ena je 1888 god. od fasadnog kamena skinutog sa zidina Starog grada.\" \/>\n<meta property=\"og:url\" content=\"https:\/\/www.visit-ulcinj.com\/blog\/2010\/04\/12\/pristan-u-ulcinju-nekad-i-sad\/\" \/>\n<meta property=\"og:site_name\" content=\"Lajme nga Ulqini\" \/>\n<meta property=\"article:published_time\" content=\"2010-04-12T10:32:23+00:00\" \/>\n<meta property=\"og:image\" content=\"https:\/\/www.visit-ulcinj.com\/blog\/wp-content\/uploads\/2010\/04\/Pristan-u-Ulcinju-nekad-i-sad.1-150x150.jpg\" \/>\n<meta name=\"twitter:label1\" content=\"Written by\" \/>\n\t<meta name=\"twitter:data1\" content=\"ulqini\" \/>\n\t<meta name=\"twitter:label2\" content=\"Est. reading time\" \/>\n\t<meta name=\"twitter:data2\" content=\"2 minutes\" \/>\n<script type=\"application\/ld+json\" class=\"yoast-schema-graph\">{\"@context\":\"https:\/\/schema.org\",\"@graph\":[{\"@type\":\"WebSite\",\"@id\":\"https:\/\/www.visit-ulcinj.com\/blog\/#website\",\"url\":\"https:\/\/www.visit-ulcinj.com\/blog\/\",\"name\":\"Lajme nga Ulqini\",\"description\":\"Lajme,Vijesti,Ulqini,Ulqin,Crna Gora,Mali i Zi\",\"potentialAction\":[{\"@type\":\"SearchAction\",\"target\":{\"@type\":\"EntryPoint\",\"urlTemplate\":\"https:\/\/www.visit-ulcinj.com\/blog\/?s={search_term_string}\"},\"query-input\":\"required name=search_term_string\"}],\"inLanguage\":\"en-US\"},{\"@type\":\"ImageObject\",\"inLanguage\":\"en-US\",\"@id\":\"https:\/\/www.visit-ulcinj.com\/blog\/2010\/04\/12\/pristan-u-ulcinju-nekad-i-sad\/#primaryimage\",\"url\":\"https:\/\/www.visit-ulcinj.com\/blog\/wp-content\/uploads\/2010\/04\/Pristan-u-Ulcinju-nekad-i-sad.jpg\",\"contentUrl\":\"https:\/\/www.visit-ulcinj.com\/blog\/wp-content\/uploads\/2010\/04\/Pristan-u-Ulcinju-nekad-i-sad.jpg\",\"width\":\"720\",\"height\":\"540\"},{\"@type\":\"WebPage\",\"@id\":\"https:\/\/www.visit-ulcinj.com\/blog\/2010\/04\/12\/pristan-u-ulcinju-nekad-i-sad\/#webpage\",\"url\":\"https:\/\/www.visit-ulcinj.com\/blog\/2010\/04\/12\/pristan-u-ulcinju-nekad-i-sad\/\",\"name\":\"Pristan u Ulcinju - nekad i sad - Lajme nga Ulqini\",\"isPartOf\":{\"@id\":\"https:\/\/www.visit-ulcinj.com\/blog\/#website\"},\"primaryImageOfPage\":{\"@id\":\"https:\/\/www.visit-ulcinj.com\/blog\/2010\/04\/12\/pristan-u-ulcinju-nekad-i-sad\/#primaryimage\"},\"datePublished\":\"2010-04-12T10:32:23+00:00\",\"dateModified\":\"2010-04-12T10:32:23+00:00\",\"author\":{\"@id\":\"https:\/\/www.visit-ulcinj.com\/blog\/#\/schema\/person\/dcab619c614d3038751c63bc2aadc06d\"},\"description\":\"Jedna od najljep\u0161ih gra?evina na na\u0161em Pristanu vila Vojvode S. Popovi?a. Gra?ena je 1888 god. od fasadnog kamena skinutog sa zidina Starog grada.\",\"breadcrumb\":{\"@id\":\"https:\/\/www.visit-ulcinj.com\/blog\/2010\/04\/12\/pristan-u-ulcinju-nekad-i-sad\/#breadcrumb\"},\"inLanguage\":\"en-US\",\"potentialAction\":[{\"@type\":\"ReadAction\",\"target\":[\"https:\/\/www.visit-ulcinj.com\/blog\/2010\/04\/12\/pristan-u-ulcinju-nekad-i-sad\/\"]}]},{\"@type\":\"BreadcrumbList\",\"@id\":\"https:\/\/www.visit-ulcinj.com\/blog\/2010\/04\/12\/pristan-u-ulcinju-nekad-i-sad\/#breadcrumb\",\"itemListElement\":[{\"@type\":\"ListItem\",\"position\":1,\"name\":\"Pristan u Ulcinju &#8211; nekad i sad\"}]},{\"@type\":\"Person\",\"@id\":\"https:\/\/www.visit-ulcinj.com\/blog\/#\/schema\/person\/dcab619c614d3038751c63bc2aadc06d\",\"name\":\"ulqini\",\"sameAs\":[\"http:\/\/www.visit-ulcinj.com\"],\"url\":\"https:\/\/www.visit-ulcinj.com\/blog\/author\/admin\/\"}]}<\/script>\n<!-- \/ Yoast SEO plugin. -->","yoast_head_json":{"title":"Pristan u Ulcinju - nekad i sad - Lajme nga Ulqini","description":"Jedna od najljep\u0161ih gra?evina na na\u0161em Pristanu vila Vojvode S. Popovi?a. Gra?ena je 1888 god. od fasadnog kamena skinutog sa zidina Starog grada.","robots":{"index":"index","follow":"follow","max-snippet":"max-snippet:-1","max-image-preview":"max-image-preview:large","max-video-preview":"max-video-preview:-1"},"canonical":"https:\/\/www.visit-ulcinj.com\/blog\/2010\/04\/12\/pristan-u-ulcinju-nekad-i-sad\/","og_locale":"en_US","og_type":"article","og_title":"Pristan u Ulcinju - nekad i sad - Lajme nga Ulqini","og_description":"Jedna od najljep\u0161ih gra?evina na na\u0161em Pristanu vila Vojvode S. Popovi?a. Gra?ena je 1888 god. od fasadnog kamena skinutog sa zidina Starog grada.","og_url":"https:\/\/www.visit-ulcinj.com\/blog\/2010\/04\/12\/pristan-u-ulcinju-nekad-i-sad\/","og_site_name":"Lajme nga Ulqini","article_published_time":"2010-04-12T10:32:23+00:00","og_image":[{"url":"https:\/\/www.visit-ulcinj.com\/blog\/wp-content\/uploads\/2010\/04\/Pristan-u-Ulcinju-nekad-i-sad.1-150x150.jpg"}],"twitter_misc":{"Written by":"ulqini","Est. reading time":"2 minutes"},"schema":{"@context":"https:\/\/schema.org","@graph":[{"@type":"WebSite","@id":"https:\/\/www.visit-ulcinj.com\/blog\/#website","url":"https:\/\/www.visit-ulcinj.com\/blog\/","name":"Lajme nga Ulqini","description":"Lajme,Vijesti,Ulqini,Ulqin,Crna Gora,Mali i Zi","potentialAction":[{"@type":"SearchAction","target":{"@type":"EntryPoint","urlTemplate":"https:\/\/www.visit-ulcinj.com\/blog\/?s={search_term_string}"},"query-input":"required name=search_term_string"}],"inLanguage":"en-US"},{"@type":"ImageObject","inLanguage":"en-US","@id":"https:\/\/www.visit-ulcinj.com\/blog\/2010\/04\/12\/pristan-u-ulcinju-nekad-i-sad\/#primaryimage","url":"https:\/\/www.visit-ulcinj.com\/blog\/wp-content\/uploads\/2010\/04\/Pristan-u-Ulcinju-nekad-i-sad.jpg","contentUrl":"https:\/\/www.visit-ulcinj.com\/blog\/wp-content\/uploads\/2010\/04\/Pristan-u-Ulcinju-nekad-i-sad.jpg","width":"720","height":"540"},{"@type":"WebPage","@id":"https:\/\/www.visit-ulcinj.com\/blog\/2010\/04\/12\/pristan-u-ulcinju-nekad-i-sad\/#webpage","url":"https:\/\/www.visit-ulcinj.com\/blog\/2010\/04\/12\/pristan-u-ulcinju-nekad-i-sad\/","name":"Pristan u Ulcinju - nekad i sad - Lajme nga Ulqini","isPartOf":{"@id":"https:\/\/www.visit-ulcinj.com\/blog\/#website"},"primaryImageOfPage":{"@id":"https:\/\/www.visit-ulcinj.com\/blog\/2010\/04\/12\/pristan-u-ulcinju-nekad-i-sad\/#primaryimage"},"datePublished":"2010-04-12T10:32:23+00:00","dateModified":"2010-04-12T10:32:23+00:00","author":{"@id":"https:\/\/www.visit-ulcinj.com\/blog\/#\/schema\/person\/dcab619c614d3038751c63bc2aadc06d"},"description":"Jedna od najljep\u0161ih gra?evina na na\u0161em Pristanu vila Vojvode S. Popovi?a. Gra?ena je 1888 god. od fasadnog kamena skinutog sa zidina Starog grada.","breadcrumb":{"@id":"https:\/\/www.visit-ulcinj.com\/blog\/2010\/04\/12\/pristan-u-ulcinju-nekad-i-sad\/#breadcrumb"},"inLanguage":"en-US","potentialAction":[{"@type":"ReadAction","target":["https:\/\/www.visit-ulcinj.com\/blog\/2010\/04\/12\/pristan-u-ulcinju-nekad-i-sad\/"]}]},{"@type":"BreadcrumbList","@id":"https:\/\/www.visit-ulcinj.com\/blog\/2010\/04\/12\/pristan-u-ulcinju-nekad-i-sad\/#breadcrumb","itemListElement":[{"@type":"ListItem","position":1,"name":"Pristan u Ulcinju &#8211; nekad i sad"}]},{"@type":"Person","@id":"https:\/\/www.visit-ulcinj.com\/blog\/#\/schema\/person\/dcab619c614d3038751c63bc2aadc06d","name":"ulqini","sameAs":["http:\/\/www.visit-ulcinj.com"],"url":"https:\/\/www.visit-ulcinj.com\/blog\/author\/admin\/"}]}},"jetpack_featured_media_url":"","jetpack_sharing_enabled":true,"jetpack_shortlink":"https:\/\/wp.me\/pe6lTn-8i4","_links":{"self":[{"href":"https:\/\/www.visit-ulcinj.com\/blog\/wp-json\/wp\/v2\/posts\/31872"}],"collection":[{"href":"https:\/\/www.visit-ulcinj.com\/blog\/wp-json\/wp\/v2\/posts"}],"about":[{"href":"https:\/\/www.visit-ulcinj.com\/blog\/wp-json\/wp\/v2\/types\/post"}],"author":[{"embeddable":true,"href":"https:\/\/www.visit-ulcinj.com\/blog\/wp-json\/wp\/v2\/users\/1"}],"replies":[{"embeddable":true,"href":"https:\/\/www.visit-ulcinj.com\/blog\/wp-json\/wp\/v2\/comments?post=31872"}],"version-history":[{"count":0,"href":"https:\/\/www.visit-ulcinj.com\/blog\/wp-json\/wp\/v2\/posts\/31872\/revisions"}],"wp:attachment":[{"href":"https:\/\/www.visit-ulcinj.com\/blog\/wp-json\/wp\/v2\/media?parent=31872"}],"wp:term":[{"taxonomy":"category","embeddable":true,"href":"https:\/\/www.visit-ulcinj.com\/blog\/wp-json\/wp\/v2\/categories?post=31872"},{"taxonomy":"post_tag","embeddable":true,"href":"https:\/\/www.visit-ulcinj.com\/blog\/wp-json\/wp\/v2\/tags?post=31872"}],"curies":[{"name":"wp","href":"https:\/\/api.w.org\/{rel}","templated":true}]}}