{"id":31891,"date":"2010-04-12T17:46:10","date_gmt":"2010-04-12T15:46:10","guid":{"rendered":"http:\/\/www.visit-ulcinj.com\/blog\/?p=31891"},"modified":"2010-04-12T18:14:25","modified_gmt":"2010-04-12T16:14:25","slug":"genta-ne-%e2%80%9cbalkan-music-awards%e2%80%9d","status":"publish","type":"post","link":"https:\/\/www.visit-ulcinj.com\/blog\/2010\/04\/12\/genta-ne-%e2%80%9cbalkan-music-awards%e2%80%9d\/","title":{"rendered":"Genta n\u00eb \u201cBalkan Music Awards\u201d"},"content":{"rendered":"<p><strong><a href=\"http:\/\/www.visit-ulcinj.com\/blog\/wp-content\/uploads\/2010\/04\/Genta-n\u00eb-\u201cBalkan-Music-Awards\u201d.jpg\"><img loading=\"lazy\" class=\"alignleft size-full wp-image-31897\" title=\"Genta n\u00eb \u201cBalkan Music Awards\u201d\" src=\"http:\/\/www.visit-ulcinj.com\/blog\/wp-content\/uploads\/2010\/04\/Genta-n\u00eb-\u201cBalkan-Music-Awards\u201d.jpg\" alt=\"Genta n\u00eb \u201cBalkan Music Awards\u201d\" width=\"580\" height=\"360\" \/><\/a>Nis \u201clufta\u201d edhe mes k\u00ebng\u00ebtareve shqitar\u00eb si; Mariza, Flori, Elvana,  Soni dhe Genta, n\u00eb gar\u00ebn e vitit p\u00ebr BMA<\/strong>.<br \/>\nN\u00ebse Eurovizioni \u00ebsht\u00eb nj\u00eb \u00ebnd\u00ebrr jo e mundur p\u00ebr t\u00eb gjith\u00eb, nj\u00eb \u201cBalkan  Music Awards\u201d mund t\u00eb b\u00ebj\u00eb realitet pun\u00ebn dhe vullnetin e gjith\u00eb  artist\u00ebve ballkanik\u00eb. P\u00ebr her\u00eb t\u00eb par\u00eb n\u00eb Ballkan organizohet festivali  \u201cBalkan Music Awards\u201d, ku \u00e7do vit do t\u00eb jen\u00eb n\u00eb konkurrim k\u00ebng\u00ebt m\u00eb t\u00eb  mira t\u00eb shteteve t\u00eb Ballkanit (11 shtete), videot m\u00eb t\u00eb mira p\u00ebr \u00e7do  shtet e p\u00ebrsos mjaft \u00e7mimeve t\u00eb tjera, do t\u00eb zgjidhet edhe k\u00ebnga m\u00eb e  mir\u00eb e Ballkanit n\u00eb harkun e nj\u00eb viti.<\/p>\n<p>K\u00ebshtu jo vet\u00ebm artist\u00ebt e Ballkanit, por n\u00eb k\u00ebt\u00eb rast ata shqiptar\u00eb do  t\u00eb ken\u00eb edhe nj\u00eb trampolin\u00eb t\u00eb re vler\u00ebsimi. E n\u00eb k\u00ebt\u00eb rast, juria \u00ebsht\u00eb  vet\u00eb publiku. Fansat e tyre do t\u00eb votojn\u00eb k\u00ebng\u00ebt dhe k\u00ebng\u00ebtar\u00ebt  shqiptar\u00eb p\u00ebrmes mesazheve.<\/p>\n<p>Festivali q\u00eb ka nisur p\u00ebrgatitjet q\u00eb n\u00eb fillim t\u00eb k\u00ebtij viti, k\u00ebt\u00eb fund  mars b\u00ebri klasifikimin e fundit dhe aktualisht jan\u00eb p\u00ebrzgjedhur  konkurrent\u00ebt q\u00eb do t\u00eb shkojn\u00eb n\u00eb finalen n\u00eb 16 maj, q\u00eb do t\u00eb organizohet  n\u00eb Sofje t\u00eb Bullgaris\u00eb.<\/p>\n<p>N\u00eb k\u00ebt\u00eb edicion t\u00eb par\u00eb, artist\u00ebt shqiptar\u00eb q\u00eb jan\u00eb p\u00ebrzgjedhur n\u00eb baz\u00eb  t\u00eb votimeve n\u00eb internet n\u00eb faqen e festivalit jan\u00eb:<\/p>\n<ul>\n<li> <strong>1. \u2018PLAY BACK\u2019 &#8211; FLORI<\/strong><\/li>\n<li><strong> 2. \u2018E DI\u2019 &#8211; MARIZA IKONOMI &amp; ERIK<\/strong><\/li>\n<li><strong> 3. \u2018TURN U ON\u2019 &#8211; ELVANA GJATA<\/strong><\/li>\n<li><strong> 4. \u2018ZEM\u00cbR PA KURDISUR\u2019 &#8211; SONI MALAJ<\/strong><\/li>\n<li><strong> 5. \u2018SI PANTER I ZI\u2019 &#8211; GENTA<\/strong><\/li>\n<\/ul>\n<p>Nd\u00ebrkaq, nga k\u00ebng\u00ebtar\u00ebt dhe bandat e Ballkanit q\u00eb do t\u00eb marrin pjes\u00eb n\u00eb  k\u00ebt\u00eb festival p\u00ebrmendim disa prej t\u00eb njohurve edhe n\u00eb Shqip\u00ebri si:  AKCENT, Morandi, (Rumani), Elena Paparizou, Anna Vissi (Greqi), LEPA  BRENA (Serbi), etj.<\/p>\n<p><strong>Festivali<\/strong><\/p>\n<p>M\u00eb 30 mars 2010, n\u00eb Sofje, u b\u00eb prezantimi i nominimeve t\u00eb edicionit t\u00eb  par\u00eb t\u00eb \u201c\u00c7mimeve muzikore ballkanike 2010\u201d. U b\u00eb prezantimi i t\u00eb  nominuarve dhe t\u00eb kategorive. N\u00eb kategorin\u00eb \u201cK\u00ebnga m\u00eb e mir\u00eb e  Ballkanit\u201d do t\u00eb konkurrojn\u00eb t\u00eb gjitha shtetet ballkanike dhe  n\u00ebnkategorit\u00eb jan\u00eb:<\/p>\n<ul>\n<li><strong>\u201cK\u00ebnga m\u00eb e mir\u00eb e Ballkanit nga Shqip\u00ebria\u201d;<\/strong><\/li>\n<li><strong> \u201cK\u00ebnga m\u00eb e mir\u00eb e Ballkanit nga Bullgaria\u201d;<\/strong><\/li>\n<li><strong> \u201cK\u00ebnga m\u00eb e mir\u00eb e Ballkanit nga Bosnja dhe Hercegovina\u201d;<\/strong><\/li>\n<li><strong> \u201cK\u00ebnga m\u00eb e mir\u00eb e Ballkanit nga Greqia\u201d;<\/strong><\/li>\n<li><strong> \u201cK\u00ebnga m\u00eb e mire e Ballkanit nga Rumania\u201d;<\/strong><\/li>\n<li><strong> \u201cK\u00ebnga m\u00eb e mir\u00eb e Ballkanit nga Kroacia\u201d;<\/strong><\/li>\n<li><strong> \u201cK\u00ebnga m\u00eb e mir\u00eb e Ballkanit nga Serbia\u201d;<\/strong><\/li>\n<li><strong> \u201cK\u00ebnga m\u00eb e mir\u00eb e Ballkanit nga Sllovenia\u201d;<\/strong><\/li>\n<li><strong> \u201cK\u00ebnga m\u00eb e mir\u00eb e Ballkanit nga Turqia\u201d;<\/strong><\/li>\n<li><strong> \u201cK\u00ebnga m\u00eb e mir\u00eb e Ballkanit nga Maqedonia\u201d;<\/strong><\/li>\n<li><strong> \u201cK\u00ebnga m\u00eb e mir\u00eb e Ballkanit nga Mali i Zi\u201d.<\/strong><\/li>\n<\/ul>\n<p>Kjo ceremoni do t\u00eb lan\u00e7ohet nga Televizioni Publik Bullgar, nd\u00ebrsa n\u00eb  \u00e7do shtet do t\u00eb ket\u00eb nj\u00eb media partner q\u00eb do ta prezantoj\u00eb ceremonin\u00eb e  ndarjes s\u00eb \u00e7mimeve \u2018live\u2019.<br \/>\nP\u00ebr t\u00eb zgjedhur \u201cK\u00ebng\u00ebn m\u00eb t\u00eb mir\u00eb t\u00eb Ballkanit\u201d t\u00eb secilit shtet,  votimi do t\u00eb jet\u00eb me SMS.<\/p>\n<p>Votimi ka filluar m\u00eb 31 mars dhe mbaron m\u00eb 17 prill, ora 24:00. M\u00eb 20  prill do t\u00eb prezantohen fituesit e secilit prej shteteve ballkanike.  K\u00ebng\u00ebt fituese t\u00eb secilit shtet do konkurrojn\u00eb p\u00ebr t\u00eb zgjedhur fituesin e  kategoris\u00eb \u201cK\u00ebnga m\u00eb e mir\u00eb e Ballkanit\u201d dhe votimi do t\u00eb jet\u00eb \u2018live\u2019  n\u00eb dit\u00ebn e ceremonis\u00eb, m\u00eb 16 maj 2010.<\/p>\n<p><strong>P\u00ebr kategorit\u00eb si vijojn\u00eb:<\/strong><\/p>\n<ul>\n<li><strong>\u201cK\u00ebng\u00ebtari m\u00eb i mir\u00eb i Ballkanit\u201d;<\/strong><\/li>\n<li><strong> \u201cK\u00ebng\u00ebtarja m\u00eb e mir\u00eb e Ballkanit\u201d;<\/strong><\/li>\n<\/ul>\n<p>\u201cVideoklipi m\u00eb i mir\u00eb i Ballkanit\u201d, do t\u00eb votohet ne ueb-sitin e  televizionit www.balkanika.tv, i cili fillon m\u00eb 31 mars dhe mbaron m\u00eb 13  maj t\u00eb 2010-\u00ebs.<\/p>\n<p>Stafi i \u2018Balkanika Music Television\u2019 vendosi q\u00eb \u201c\u00c7mimin e nderit p\u00ebr  kontributin dhe popullarizimin e muzik\u00ebs s\u00eb Ballkanit\u201d e merr Ana Vissi \u2013  k\u00ebng\u00ebtarja e njohur greke.<\/p>\n<p><strong>(Bluetooth) <\/strong><br \/>\n<!--YouTube Error: bad URL entered--><\/p>\n","protected":false},"excerpt":{"rendered":"<p>Nis \u201clufta\u201d edhe mes k\u00ebng\u00ebtareve shqitar\u00eb si; Mariza, Flori, Elvana, Soni dhe Genta, n\u00eb gar\u00ebn e vitit p\u00ebr BMA. N\u00ebse Eurovizioni \u00ebsht\u00eb nj\u00eb \u00ebnd\u00ebrr jo e mundur p\u00ebr t\u00eb gjith\u00eb, nj\u00eb \u201cBalkan Music Awards\u201d mund t\u00eb b\u00ebj\u00eb realitet pun\u00ebn dhe vullnetin e gjith\u00eb artist\u00ebve ballkanik\u00eb. P\u00ebr her\u00eb t\u00eb par\u00eb n\u00eb Ballkan organizohet festivali \u201cBalkan Music [&hellip;]<\/p>\n","protected":false},"author":1,"featured_media":0,"comment_status":"open","ping_status":"closed","sticky":false,"template":"","format":"standard","meta":{"spay_email":"","jetpack_publicize_message":"","jetpack_is_tweetstorm":false,"jetpack_publicize_feature_enabled":true},"categories":[1],"tags":[7760,4905,4889,13990,4904],"jetpack_publicize_connections":[],"yoast_head":"<!-- This site is optimized with the Yoast SEO plugin v19.1 - https:\/\/yoast.com\/wordpress\/plugins\/seo\/ -->\n<title>Genta n\u00eb \u201cBalkan Music Awards\u201d - Lajme nga Ulqini<\/title>\n<meta name=\"description\" content=\"Nis \u201clufta\u201d edhe mes k\u00ebng\u00ebtareve shqitar\u00eb si; Mariza, Flori, Elvana, Soni dhe Genta, n\u00eb gar\u00ebn e vitit p\u00ebr BMA. N\u00ebse Eurovizioni \u00ebsht\u00eb nj\u00eb \u00ebnd\u00ebrr jo e\" \/>\n<meta name=\"robots\" content=\"index, follow, max-snippet:-1, max-image-preview:large, max-video-preview:-1\" \/>\n<link rel=\"canonical\" href=\"https:\/\/www.visit-ulcinj.com\/blog\/2010\/04\/12\/genta-ne-\u201cbalkan-music-awards\u201d\/\" \/>\n<meta property=\"og:locale\" content=\"en_US\" \/>\n<meta property=\"og:type\" content=\"article\" \/>\n<meta property=\"og:title\" content=\"Genta n\u00eb \u201cBalkan Music Awards\u201d - Lajme nga Ulqini\" \/>\n<meta property=\"og:description\" content=\"Nis \u201clufta\u201d edhe mes k\u00ebng\u00ebtareve shqitar\u00eb si; Mariza, Flori, Elvana, Soni dhe Genta, n\u00eb gar\u00ebn e vitit p\u00ebr BMA. N\u00ebse Eurovizioni \u00ebsht\u00eb nj\u00eb \u00ebnd\u00ebrr jo e\" \/>\n<meta property=\"og:url\" content=\"https:\/\/www.visit-ulcinj.com\/blog\/2010\/04\/12\/genta-ne-\u201cbalkan-music-awards\u201d\/\" \/>\n<meta property=\"og:site_name\" content=\"Lajme nga Ulqini\" \/>\n<meta property=\"article:published_time\" content=\"2010-04-12T15:46:10+00:00\" \/>\n<meta property=\"article:modified_time\" content=\"2010-04-12T16:14:25+00:00\" \/>\n<meta name=\"twitter:label1\" content=\"Written by\" \/>\n\t<meta name=\"twitter:data1\" content=\"ulqini\" \/>\n\t<meta name=\"twitter:label2\" content=\"Est. reading time\" \/>\n\t<meta name=\"twitter:data2\" content=\"3 minutes\" \/>\n<script type=\"application\/ld+json\" class=\"yoast-schema-graph\">{\"@context\":\"https:\/\/schema.org\",\"@graph\":[{\"@type\":\"WebSite\",\"@id\":\"https:\/\/www.visit-ulcinj.com\/blog\/#website\",\"url\":\"https:\/\/www.visit-ulcinj.com\/blog\/\",\"name\":\"Lajme nga Ulqini\",\"description\":\"Lajme,Vijesti,Ulqini,Ulqin,Crna Gora,Mali i Zi\",\"potentialAction\":[{\"@type\":\"SearchAction\",\"target\":{\"@type\":\"EntryPoint\",\"urlTemplate\":\"https:\/\/www.visit-ulcinj.com\/blog\/?s={search_term_string}\"},\"query-input\":\"required name=search_term_string\"}],\"inLanguage\":\"en-US\"},{\"@type\":\"WebPage\",\"@id\":\"https:\/\/www.visit-ulcinj.com\/blog\/2010\/04\/12\/genta-ne-%e2%80%9cbalkan-music-awards%e2%80%9d\/#webpage\",\"url\":\"https:\/\/www.visit-ulcinj.com\/blog\/2010\/04\/12\/genta-ne-%e2%80%9cbalkan-music-awards%e2%80%9d\/\",\"name\":\"Genta n\u00eb \u201cBalkan Music Awards\u201d - Lajme nga Ulqini\",\"isPartOf\":{\"@id\":\"https:\/\/www.visit-ulcinj.com\/blog\/#website\"},\"datePublished\":\"2010-04-12T15:46:10+00:00\",\"dateModified\":\"2010-04-12T16:14:25+00:00\",\"author\":{\"@id\":\"https:\/\/www.visit-ulcinj.com\/blog\/#\/schema\/person\/dcab619c614d3038751c63bc2aadc06d\"},\"description\":\"Nis \u201clufta\u201d edhe mes k\u00ebng\u00ebtareve shqitar\u00eb si; Mariza, Flori, Elvana, Soni dhe Genta, n\u00eb gar\u00ebn e vitit p\u00ebr BMA. N\u00ebse Eurovizioni \u00ebsht\u00eb nj\u00eb \u00ebnd\u00ebrr jo e\",\"breadcrumb\":{\"@id\":\"https:\/\/www.visit-ulcinj.com\/blog\/2010\/04\/12\/genta-ne-%e2%80%9cbalkan-music-awards%e2%80%9d\/#breadcrumb\"},\"inLanguage\":\"en-US\",\"potentialAction\":[{\"@type\":\"ReadAction\",\"target\":[\"https:\/\/www.visit-ulcinj.com\/blog\/2010\/04\/12\/genta-ne-%e2%80%9cbalkan-music-awards%e2%80%9d\/\"]}]},{\"@type\":\"BreadcrumbList\",\"@id\":\"https:\/\/www.visit-ulcinj.com\/blog\/2010\/04\/12\/genta-ne-%e2%80%9cbalkan-music-awards%e2%80%9d\/#breadcrumb\",\"itemListElement\":[{\"@type\":\"ListItem\",\"position\":1,\"name\":\"Genta n\u00eb \u201cBalkan Music Awards\u201d\"}]},{\"@type\":\"Person\",\"@id\":\"https:\/\/www.visit-ulcinj.com\/blog\/#\/schema\/person\/dcab619c614d3038751c63bc2aadc06d\",\"name\":\"ulqini\",\"sameAs\":[\"http:\/\/www.visit-ulcinj.com\"],\"url\":\"https:\/\/www.visit-ulcinj.com\/blog\/author\/admin\/\"}]}<\/script>\n<!-- \/ Yoast SEO plugin. -->","yoast_head_json":{"title":"Genta n\u00eb \u201cBalkan Music Awards\u201d - Lajme nga Ulqini","description":"Nis \u201clufta\u201d edhe mes k\u00ebng\u00ebtareve shqitar\u00eb si; Mariza, Flori, Elvana, Soni dhe Genta, n\u00eb gar\u00ebn e vitit p\u00ebr BMA. N\u00ebse Eurovizioni \u00ebsht\u00eb nj\u00eb \u00ebnd\u00ebrr jo e","robots":{"index":"index","follow":"follow","max-snippet":"max-snippet:-1","max-image-preview":"max-image-preview:large","max-video-preview":"max-video-preview:-1"},"canonical":"https:\/\/www.visit-ulcinj.com\/blog\/2010\/04\/12\/genta-ne-\u201cbalkan-music-awards\u201d\/","og_locale":"en_US","og_type":"article","og_title":"Genta n\u00eb \u201cBalkan Music Awards\u201d - Lajme nga Ulqini","og_description":"Nis \u201clufta\u201d edhe mes k\u00ebng\u00ebtareve shqitar\u00eb si; Mariza, Flori, Elvana, Soni dhe Genta, n\u00eb gar\u00ebn e vitit p\u00ebr BMA. N\u00ebse Eurovizioni \u00ebsht\u00eb nj\u00eb \u00ebnd\u00ebrr jo e","og_url":"https:\/\/www.visit-ulcinj.com\/blog\/2010\/04\/12\/genta-ne-\u201cbalkan-music-awards\u201d\/","og_site_name":"Lajme nga Ulqini","article_published_time":"2010-04-12T15:46:10+00:00","article_modified_time":"2010-04-12T16:14:25+00:00","twitter_misc":{"Written by":"ulqini","Est. reading time":"3 minutes"},"schema":{"@context":"https:\/\/schema.org","@graph":[{"@type":"WebSite","@id":"https:\/\/www.visit-ulcinj.com\/blog\/#website","url":"https:\/\/www.visit-ulcinj.com\/blog\/","name":"Lajme nga Ulqini","description":"Lajme,Vijesti,Ulqini,Ulqin,Crna Gora,Mali i Zi","potentialAction":[{"@type":"SearchAction","target":{"@type":"EntryPoint","urlTemplate":"https:\/\/www.visit-ulcinj.com\/blog\/?s={search_term_string}"},"query-input":"required name=search_term_string"}],"inLanguage":"en-US"},{"@type":"WebPage","@id":"https:\/\/www.visit-ulcinj.com\/blog\/2010\/04\/12\/genta-ne-%e2%80%9cbalkan-music-awards%e2%80%9d\/#webpage","url":"https:\/\/www.visit-ulcinj.com\/blog\/2010\/04\/12\/genta-ne-%e2%80%9cbalkan-music-awards%e2%80%9d\/","name":"Genta n\u00eb \u201cBalkan Music Awards\u201d - Lajme nga Ulqini","isPartOf":{"@id":"https:\/\/www.visit-ulcinj.com\/blog\/#website"},"datePublished":"2010-04-12T15:46:10+00:00","dateModified":"2010-04-12T16:14:25+00:00","author":{"@id":"https:\/\/www.visit-ulcinj.com\/blog\/#\/schema\/person\/dcab619c614d3038751c63bc2aadc06d"},"description":"Nis \u201clufta\u201d edhe mes k\u00ebng\u00ebtareve shqitar\u00eb si; Mariza, Flori, Elvana, Soni dhe Genta, n\u00eb gar\u00ebn e vitit p\u00ebr BMA. N\u00ebse Eurovizioni \u00ebsht\u00eb nj\u00eb \u00ebnd\u00ebrr jo e","breadcrumb":{"@id":"https:\/\/www.visit-ulcinj.com\/blog\/2010\/04\/12\/genta-ne-%e2%80%9cbalkan-music-awards%e2%80%9d\/#breadcrumb"},"inLanguage":"en-US","potentialAction":[{"@type":"ReadAction","target":["https:\/\/www.visit-ulcinj.com\/blog\/2010\/04\/12\/genta-ne-%e2%80%9cbalkan-music-awards%e2%80%9d\/"]}]},{"@type":"BreadcrumbList","@id":"https:\/\/www.visit-ulcinj.com\/blog\/2010\/04\/12\/genta-ne-%e2%80%9cbalkan-music-awards%e2%80%9d\/#breadcrumb","itemListElement":[{"@type":"ListItem","position":1,"name":"Genta n\u00eb \u201cBalkan Music Awards\u201d"}]},{"@type":"Person","@id":"https:\/\/www.visit-ulcinj.com\/blog\/#\/schema\/person\/dcab619c614d3038751c63bc2aadc06d","name":"ulqini","sameAs":["http:\/\/www.visit-ulcinj.com"],"url":"https:\/\/www.visit-ulcinj.com\/blog\/author\/admin\/"}]}},"jetpack_featured_media_url":"","jetpack_sharing_enabled":true,"jetpack_shortlink":"https:\/\/wp.me\/pe6lTn-8in","_links":{"self":[{"href":"https:\/\/www.visit-ulcinj.com\/blog\/wp-json\/wp\/v2\/posts\/31891"}],"collection":[{"href":"https:\/\/www.visit-ulcinj.com\/blog\/wp-json\/wp\/v2\/posts"}],"about":[{"href":"https:\/\/www.visit-ulcinj.com\/blog\/wp-json\/wp\/v2\/types\/post"}],"author":[{"embeddable":true,"href":"https:\/\/www.visit-ulcinj.com\/blog\/wp-json\/wp\/v2\/users\/1"}],"replies":[{"embeddable":true,"href":"https:\/\/www.visit-ulcinj.com\/blog\/wp-json\/wp\/v2\/comments?post=31891"}],"version-history":[{"count":0,"href":"https:\/\/www.visit-ulcinj.com\/blog\/wp-json\/wp\/v2\/posts\/31891\/revisions"}],"wp:attachment":[{"href":"https:\/\/www.visit-ulcinj.com\/blog\/wp-json\/wp\/v2\/media?parent=31891"}],"wp:term":[{"taxonomy":"category","embeddable":true,"href":"https:\/\/www.visit-ulcinj.com\/blog\/wp-json\/wp\/v2\/categories?post=31891"},{"taxonomy":"post_tag","embeddable":true,"href":"https:\/\/www.visit-ulcinj.com\/blog\/wp-json\/wp\/v2\/tags?post=31891"}],"curies":[{"name":"wp","href":"https:\/\/api.w.org\/{rel}","templated":true}]}}