{"id":3196,"date":"2008-09-11T10:46:50","date_gmt":"2008-09-11T15:46:50","guid":{"rendered":"http:\/\/www.visit-ulcinj.com\/blog\/?p=3196"},"modified":"2008-09-11T10:46:50","modified_gmt":"2008-09-11T15:46:50","slug":"fundi-i-sezonit-turistik","status":"publish","type":"post","link":"https:\/\/www.visit-ulcinj.com\/blog\/2008\/09\/11\/fundi-i-sezonit-turistik\/","title":{"rendered":"Fundi i Sezonit Turistik"},"content":{"rendered":"<p><a href=\"http:\/\/www.visit-ulcinj.com\/blog\/wp-content\/uploads\/2008\/09\/mire-se-vini-ne-ulqin.jpg\"><img loading=\"lazy\" class=\"alignleft size-medium wp-image-3197\" title=\"mire-se-vini-ne-ulqin\" src=\"http:\/\/www.visit-ulcinj.com\/blog\/wp-content\/uploads\/2008\/09\/mire-se-vini-ne-ulqin-300x198.jpg\" alt=\"\" width=\"300\" height=\"198\" srcset=\"https:\/\/www.visit-ulcinj.com\/blog\/wp-content\/uploads\/2008\/09\/mire-se-vini-ne-ulqin-300x198.jpg 300w, https:\/\/www.visit-ulcinj.com\/blog\/wp-content\/uploads\/2008\/09\/mire-se-vini-ne-ulqin.jpg 546w\" sizes=\"(max-width: 300px) 100vw, 300px\" \/><\/a><strong>Pretekstet e paqena<\/strong><br \/>\nNe shohim t\u00eb metat dhe veset e t\u00eb tjer\u00ebve, por nuk v\u00ebm\u00eb re tonat, ashtu si\u00e7 ndiejm\u00eb pesh\u00ebn e nj\u00eb trupi t\u00eb huaj q\u00eb duam t\u00eb zhvendosim, nd\u00ebrsa durojm\u00eb pa u ankuar pesh\u00ebn e trupit ton\u00eb.<br \/>\nQytetaret e Ulqinit jet\u00ebn e tyre e kan\u00eb te lidhur me rrjedhat e sezonit turistik, por q\u00eb ky i sivjetmi duket se nuk ua plot\u00ebsoi d\u00ebshir\u00ebn t\u00eb gjith\u00ebve. Ajo q\u00eb e ka d\u00ebmtuar m\u00eb shum\u00eb k\u00ebte sezon turistik ka qen\u00eb &#8220;propaganda&#8221; e &#8220;keqe&#8221;, duke i veshur Ulqinit munges\u00ebn e kushteve gjat\u00eb q\u00ebndrimit, struktur\u00ebn e pushuesve, rritjen e \u00e7mimeve, kultur\u00ebn e pronar\u00ebve t\u00eb objekteve ndaj tyre e t\u00eb tjera, gj\u00eb q\u00eb duket se u b\u00eb me dashakeq\u00ebsi nga njer\u00ebz t\u00eb caktuar. Tashm\u00eb p\u00ebr \u00e7dok\u00ebnd \u00ebsht\u00eb e qarte se turizmi nuk \u00ebsht\u00eb vet\u00ebm nj\u00eb aktivitet arg\u00ebtues dhe \u00e7lodh\u00ebs, por \u00ebsht\u00eb shnd\u00ebrruar n\u00eb nj\u00eb m\u00ebnyr\u00eb jetese. T\u00eb gjith\u00eb e kan\u00eb t\u00eb qart\u00eb se miliona familje sot n\u00eb bot\u00eb synojn\u00eb t\u00eb ken\u00eb jo vet\u00ebm 10 dit\u00eb pushime turistike n\u00eb vit n\u00eb koh\u00ebn e ver\u00ebs, duke menduar k\u00ebshtu edhe p\u00ebr turizmin natyror, kulturor e k\u00ebshtu me radh\u00eb. Jemi t\u00eb vet\u00ebdijsh\u00ebm se n\u00eb kushtet tona kur mungon infrastruktura turistike, kultura e sh\u00ebrbimit ndaj klient\u00ebve, si\u00e7 shkruajn\u00eb e thon\u00eb ata, ku shumic\u00ebn e p\u00ebrb\u00ebjn\u00eb pronar\u00eb kosovar\u00eb sidomos t\u00eb restoranteve e kafiterive n\u00eb plazhe, nuk kemi si t\u00eb besojm\u00eb se jemi destinacion e produkt turistik, por kjo nuk ndodh vet\u00ebm tek ne.<\/p>\n<div id=\"attachment_3198\" style=\"width: 240px\" class=\"wp-caption alignright\"><a href=\"http:\/\/www.visit-ulcinj.com\/blog\/wp-content\/uploads\/2008\/09\/1156289823.jpg\"><img aria-describedby=\"caption-attachment-3198\" loading=\"lazy\" class=\"size-medium wp-image-3198\" title=\"Pishina e Hotel Mediteranit\" src=\"http:\/\/www.visit-ulcinj.com\/blog\/wp-content\/uploads\/2008\/09\/1156289823-300x225.jpg\" alt=\"Pishina e Hotel Mediteranit\" width=\"230\" height=\"172\" srcset=\"https:\/\/www.visit-ulcinj.com\/blog\/wp-content\/uploads\/2008\/09\/1156289823-300x225.jpg 300w, https:\/\/www.visit-ulcinj.com\/blog\/wp-content\/uploads\/2008\/09\/1156289823.jpg 1024w\" sizes=\"(max-width: 230px) 100vw, 230px\" \/><\/a><p id=\"caption-attachment-3198\" class=\"wp-caption-text\">Pishina e Hotel Mediteranit<\/p><\/div>\n<p>Pajtohem se nuk duhet shpallur &#8220;luft\u00eb turistike&#8221; atyre q\u00eb nuk pajtohen me ne p\u00ebr shum\u00eb\u00e7ka rreth asaj q\u00eb ka t\u00eb b\u00ebj\u00eb me rrjedhat turistike gjat\u00eb k\u00ebtij sezoni, por nuk pajtohem me ata q\u00eb pretendojn\u00eb se kan\u00eb shpenzuar energji p\u00ebr propagand\u00eb turistike para fillimit t\u00eb sezonit nga ku indikacionet kan\u00eb qen\u00eb t\u00eb qarta se gjat\u00eb prezantimit t\u00eb ofert\u00ebs turistike di\u00e7ka nuk ka funksionuar si duhet, sidomos n\u00eb Kosov\u00eb.<br \/>\nN\u00ebse mediat e shkruara dhe ato elektronike b\u00ebn\u00eb pun\u00ebn e tyre, duke na prezantuar me imazh negativ, duhet t\u00eb pranojm\u00eb mang\u00ebsit\u00eb tona dhe k\u00ebt\u00eb nuk e mohojm\u00eb, por ambiente t\u00eb tilla hasim edhe te &#8220;komshit\u00eb&#8221; tan\u00eb, ndaj ne q\u00eb merremi me gazetari e kishim t\u00eb v\u00ebshtir\u00eb t`u thyenim zemr\u00ebn t\u00eb tjer\u00ebve p\u00ebr t\u00eb paraqitur realitetin e p\u00ebr t`u ballafaquar me probleme t\u00eb s\u00eb nj\u00ebjt\u00ebs natyr\u00eb. P\u00ebr ne \u00ebsht\u00eb laike t\u00eb mendohet se Kroacia, Shqip\u00ebria e Turqia kan\u00eb ambiente m\u00eb t\u00eb p\u00ebrshtatshme se Ulqini, edhe pse disa nga k\u00ebto kan\u00eb lidhje historike me ne dhe n\u00eb asnj\u00eb rast nuk duhet anashkaluar qyteti yn\u00eb pavar\u00ebsisht \u00e7mimeve, past\u00ebrtis\u00eb e akomodimit si\u00e7 duan t\u00eb arsyetohen disa artikullshkrues t\u00eb mediave shqiptare si\u00e7 ndodhi n\u00eb gazet\u00ebn &#8220;Bota sot&#8221; e &#8220;Zemra Shqiptare&#8221;, apo n\u00eb televizionet shqiptare private e gjetiu.<\/p>\n<div id=\"attachment_3199\" style=\"width: 247px\" class=\"wp-caption alignleft\"><a href=\"http:\/\/www.visit-ulcinj.com\/blog\/wp-content\/uploads\/2008\/09\/69297026bugigsihmontenegro2006_pict49911.jpg\"><img aria-describedby=\"caption-attachment-3199\" loading=\"lazy\" class=\"size-medium wp-image-3199\" title=\"Plazhi Madh\u00eb Ulqin\" src=\"http:\/\/www.visit-ulcinj.com\/blog\/wp-content\/uploads\/2008\/09\/69297026bugigsihmontenegro2006_pict49911-300x199.jpg\" alt=\"Plazhi Madh\u00eb Ulqin\" width=\"237\" height=\"157\" srcset=\"https:\/\/www.visit-ulcinj.com\/blog\/wp-content\/uploads\/2008\/09\/69297026bugigsihmontenegro2006_pict49911-300x199.jpg 300w, https:\/\/www.visit-ulcinj.com\/blog\/wp-content\/uploads\/2008\/09\/69297026bugigsihmontenegro2006_pict49911.jpg 800w\" sizes=\"(max-width: 237px) 100vw, 237px\" \/><\/a><p id=\"caption-attachment-3199\" class=\"wp-caption-text\">Plazhi Madh\u00eb Ulqin<\/p><\/div>\n<p>U fol e u shkrua shum\u00eb n\u00eb media t\u00eb shkruara dhe ata elektronike se gjoja Ulqini e ulqinak\u00ebt p\u00ebr k\u00ebt\u00eb sezon turistike nuk qen\u00eb mikprit\u00ebs t\u00eb mir\u00eb, gj\u00eb q\u00eb nuk p\u00ebrkon me realitetin. U fol me t\u00eb drejt\u00eb p\u00ebr \u00e7mimet, por nuk u fol e nuk u shkrua p\u00ebr kushtet e akomodimit, sjelljet e qiradh\u00ebn\u00ebsve, kushtet e banimit, gj\u00eb q\u00eb b\u00ebn t\u00eb dyshojm\u00eb se mos e gjith\u00eb kjo ka pasur nj\u00eb prapavij\u00eb tjet\u00ebr karshi k\u00ebtij qyteti e banor\u00ebve ulqinak\u00eb. Po le t`i l\u00ebm\u00eb k\u00ebto krahasime t\u00eb cilat, po t`i vazhdojm\u00eb, flasin keq p\u00ebr at\u00eb q\u00eb po ndodh\u00eb sot n\u00eb nj\u00eb nga fushat m\u00eb delikate t\u00eb ekonomis\u00eb turistike n\u00eb nj\u00ebr\u00ebn an\u00eb dhe imazhin e krijuar nga disa gazetar\u00eb p\u00ebr t\u00eb lobuar kund\u00ebr k\u00ebtij qyteti me tradit\u00eb turistike e kulturore. N\u00ebse t\u00eb nj\u00ebjtit kan\u00eb hasur n\u00eb pengesa (mund t\u00eb jen\u00eb t\u00eb arsyeshme) gj\u00eb q\u00eb ne i pranojm\u00eb gabimet tona, por kjo nuk i jep askujt t\u00eb drejt\u00ebn p\u00ebr nj\u00eb prezantim t\u00eb till\u00eb. \u00c7dokund e n\u00eb \u00e7do vend ka favore, por ka edhe mang\u00ebsi, p\u00ebr k\u00ebt\u00eb jemi koshient dhe askush nuk \u00ebsht\u00eb deklaruar se \u00e7do gj\u00eb lidhur me turizmin rrjedh &#8220;okej&#8221;. Ajo q\u00eb duhet ditur pushuesit \u00ebsht\u00eb se Ulqini mbart vlera t\u00eb caktuara, ndryshe nga qytetet tjera bregdetare shqiptare, si restorante cil\u00ebsore me \u00e7mime ekonomike, jet\u00ebn kulturore t\u00eb begatshme dhe n\u00ebse ka pasur ndonj\u00eb keqp\u00ebrdorim lidhur me \u00e7mime kjo nuk guxon t\u00eb p\u00ebrgjith\u00ebsohet, andaj ata duhet ta kuptojn\u00eb se kush k\u00ebrkon komoditet t\u00eb lart\u00eb gjen edhe \u00e7mime t\u00eb larta.<\/p>\n<div id=\"attachment_3200\" style=\"width: 260px\" class=\"wp-caption alignright\"><a href=\"http:\/\/www.visit-ulcinj.com\/blog\/wp-content\/uploads\/2008\/09\/974566056_2799459a0c_o.jpg\"><img aria-describedby=\"caption-attachment-3200\" loading=\"lazy\" class=\"size-medium wp-image-3200\" title=\"Plazhi i Madh\u00eb ulqin\" src=\"http:\/\/www.visit-ulcinj.com\/blog\/wp-content\/uploads\/2008\/09\/974566056_2799459a0c_o-300x225.jpg\" alt=\"Plazhi i Madh\u00eb ulqin\" width=\"250\" height=\"187\" srcset=\"https:\/\/www.visit-ulcinj.com\/blog\/wp-content\/uploads\/2008\/09\/974566056_2799459a0c_o-300x225.jpg 300w, https:\/\/www.visit-ulcinj.com\/blog\/wp-content\/uploads\/2008\/09\/974566056_2799459a0c_o.jpg 800w\" sizes=\"(max-width: 250px) 100vw, 250px\" \/><\/a><p id=\"caption-attachment-3200\" class=\"wp-caption-text\">Plazhi i Madh\u00eb ulqin<\/p><\/div>\n<p>Problemi nuk q\u00ebndron vet\u00ebm k\u00ebtu, ai \u00ebsht\u00eb edhe m\u00eb i madh kur kihet parasysh e dh\u00ebna se ne duhet t\u00eb pranojm\u00eb se nuk ishim sy\u00e7el\u00eb p\u00ebr mbar\u00ebvajtje t\u00eb sezonit turisik (k\u00ebt\u00eb do ta analizojn\u00eb ) dhe do t\u00eb japin shifra ata q\u00eb merren direkt me k\u00ebt\u00eb veprimtari t\u00eb vetme t\u00eb Ulqinit, por pse i gjith\u00eb ky mllef ndaj qytetit ton\u00eb, pse ata q\u00eb duhet t\u00eb p\u00ebrgjigjen p\u00ebr k\u00ebt\u00eb heshtin dhe nuk gjejn\u00eb forc\u00eb morale p\u00ebr t`ju kund\u00ebrv\u00ebn\u00eb atyre q\u00eb lobuan kunder Ulqinit. Pra, problemi \u00ebsht\u00eb q\u00eb t\u00eb ballafaqohemi me t\u00eb v\u00ebrtet\u00ebn e ajo \u00ebsht\u00eb se kemi qen\u00eb t\u00eb lajthitur nga turisti kosovar duke menduar se gjithmon\u00eb do t\u00eb na zgjasin dor\u00ebn nga ku k\u00ebsaj radhe nuk ndodhi k\u00ebshtu pavar\u00ebsisht se dikush don t\u00eb arsyetohet se ne na duhet turiz\u00ebm elitar e jo masiv. P\u00ebr turizmin elitar akoma nuk jemi t\u00eb p\u00ebrgatitur, duhet koh\u00eb, mund e investime kolosale dhe kjo v\u00ebshtir\u00eb t\u00eb arrihet kur e gjith\u00eb bota po p\u00ebrjeton kriz\u00ebn ekonomike.<\/p>\n<div style=\"width: 199px\" class=\"wp-caption alignleft\"><a href=\"http:\/\/reklama.net\/images\/reklamalogo1.gif\"><img loading=\"lazy\" title=\"ska reklam ulqini\" src=\"http:\/\/reklama.net\/images\/reklamalogo1.gif\" alt=\"Mungon reklama e Ulqinit\" width=\"189\" height=\"178\" \/><\/a><p class=\"wp-caption-text\">Mungon reklama e Ulqinit<\/p><\/div>\n<p>Duhet ditur se t\u00eb vetmit &#8220;besnik q\u00eb vizitojn\u00eb plazhet e Ulqinit jan\u00eb nga shtresat e mesme e t\u00eb ulta. Tani m\u00eb p\u00ebr \u00e7dok\u00ebnd \u00ebsht\u00eb e qart\u00eb se Ulqini \u00ebsht\u00eb i &#8220;bekuar nga per\u00ebndia&#8221; p\u00ebr potencialet e veta natyrore q\u00eb akoma jan\u00eb t\u00eb pashfryt\u00ebzuara sa duhet dhe ajo q\u00eb t\u00eb b\u00ebn p\u00ebrshtypje \u00ebsht\u00eb se p\u00ebr t\u00eb patur nj\u00eb turiz\u00ebm cil\u00ebsor k\u00ebrkohet zgjidhje, ndaj mysafir\u00ebt q\u00eb kalojn\u00eb pushimet k\u00ebtu paguajn\u00eb mir\u00eb me kusht q\u00eb t\u00eb k\u00ebnaqen. N\u00eb vend q\u00eb ta shijojn\u00eb k\u00ebt\u00eb ata, si\u00e7 shkruajn\u00eb mediat, marrin papast\u00ebrtin\u00eb, zhurm\u00ebn, cil\u00ebsin\u00eb e sh\u00ebrbimit e t\u00eb tjera. Duke i p\u00ebrmendur k\u00ebto e q\u00eb mendojm\u00eb se i kemi eliminuar, at\u00ebher\u00eb nuk duhet t\u00eb habitemi pse ky imazh kaq negativ duke humbur k\u00ebshtu edhe ata t\u00eb fituarit si tregun vendas dhe at\u00eb kosovar. Megjithat\u00eb, Ulqini ka vend p\u00ebr t\u00eb gjith\u00eb, si p\u00ebr nga shtresat shoq\u00ebrore ashtu edhe p\u00ebr nga struktura nacionale, prandaj ai ka kontribuar dhe k\u00ebt\u00eb do ta vazhdojn\u00eb ta b\u00ebjn\u00eb p\u00ebr interesat e p\u00ebrgjithshme komb\u00ebtare. Duket se ka ardhur koha t\u00eb hapim syt\u00eb dhe t\u00eb njohim se n\u00eb fakt pengesa kryesore \u00ebsht\u00eb mungesa e vizionit territorial dhe mungesa e politikave nxit\u00ebse t\u00eb sistemeve n\u00eb k\u00ebt\u00eb sektor. Turisti i sot\u00ebm e jo ai &#8220;patriotik&#8221; me t\u00eb cilin jemi m\u00ebsuar keq k\u00ebrkon arg\u00ebtim totalisht t\u00eb plot\u00ebsuar. Ndoshta k\u00ebt\u00eb duhet b\u00ebr\u00eb n\u00ebp\u00ebrmjet nj\u00eb rrjeti t\u00eb konsoliduar profesionalizmi p\u00ebr akomodimin dhe mikpritjen e mysafir\u00ebve e jo p\u00ebrmes disa agjencive turistike q\u00eb ndjekin turist\u00ebt p\u00ebr t`i bindur ata se ku duhet t\u00eb vendosen. Pra, gjith\u00e7ka ka ndryshuar nga skema e viteve t\u00eb kaluara, kjo duhet t\u00eb jet\u00eb e qart\u00eb p\u00ebr ata q\u00eb mendojn\u00eb t\u00eb kalojn\u00eb pushimet n\u00eb bregdet.<br \/>\n<strong>Shaban Peraj<br \/>\nKoha Javore<\/strong><\/p>\n<p style=\"text-align: center;\"><a class=\"aligncenter\" title=\"???? ????,?????,Ulcinj,Montenegru,??????????,\u00c7ernoqoriya,Besplatni internet oglasi,Besplatni oglasi,besplatni mali oglasi,besplatni turisti?ki oglasi,oglasi, usluge, turizam,Turisti?ke usluge,Doma?i turizam,Besplatni Oglasnik,Brzi Oglasi Besplatno,Besplatno OglasavanjeTurizam,besplatni oglasi sa slikom,Turisticki informator besplatni,li?ni-oglasi,BESPLATNI Turisticki OGLASI SA SLIKAMA,BESPLATNI Turisticki Oglasi saVideom,turisticki smestaj oglasi,Turisti?ki vodi? balkana,BESPLATNA REZERVACIJA SMESTAJA,Postavite besplatno Vas oglas,FREE TOURIST GUIDES,Izdavanje-Turizam oglasi,Balkan Turisticki vodic,shpallje turistike falas,Shpallje Falas,Shpallje falas per Komplekse Turistike,Lajmerime,Njoftime,shpallje shqip per shqiptaret ne shqiperi kosova maqedoni,mal te zi,???????????,Montenegiro,?ern\u00e1 Hora,??????????,Cz\u00f4rnog\u00f3ra,Cz\u00f4rn\u00f4 G\u00f3ra,Carna G\u00f3ra,T\u0161ernogooria,\u00c7ernogoriya,Montain\u00e9agr\u00f3,Montenegwo,?orna Hora,Montenegr\u00f3,M?ntenigro,Chernogoriya ,\u00c7\u00earnogor\u00ee ,?????????,????????? ,??????? ,Montes Nigrae,Mons Niger,M\u00f4ntenegr\u00f4,Muntenegru,??????????,Czarnog\u00f3ra,Muntinigru,Muntenegro,&lt;br &gt;&lt;\/a&gt; Muntenegru,\t?ierna Hora,Cxerngora,????????,?rna gora,Moontineegro,?ornog?ra,\u00c7ernogori\u00fda,Chernogoriya,Mont\u00f5negro,????? ???? ,?r?na Gora,?r?nogorije,?ernogorija,?arnahoryja,??????????,???????????????????? ,?ern?g?riy\u00e2,M?nt?n??r?,????? ?????? ,?????????,??????????,???????????,M?nten?gro,???? ????? ,????????,M\u00f4ntenegr\u00f4,????????????,???????????,????????????, ??????????? ,????????????,??????????? ,\u008d\u2022?R\/?K?R ,\u0192\u201a\u0192\u201c\u0192e\u0192l\u0192O\u0192\u008d,\u00b8???\u00b3?\u00b1?\u00b7? ,Muntenegru, ????? ????, Montenegr?,chambres ? louer ? ulcinj, location de vacance, location saisonni?res, louer villa,location de vacance, Locations vacance, h?bergements vacances, locations villa, logements de vacances, location maison avec piscine, Location vacance, locations de vacance, h?bergements de vacances, location villa, locations entre particulier, logements vacance, vacances ? Mont?n?gro - location ? Ulcinj ,location  de bigorre,Urlaub in Ulcinj -Montenegro,Hotelbewertungen Ulcinj,Reisen Ulcinj, Urlaub Ulcinj,Hotel in Serbien und Montenegro von Urlaubern bewertet,Billig Urlaub in Ulcinj,ferienh?user,ferienwohnung,Billige Ferienh?user,Ferienwohnung ULCINJ,Ferien an der Adria,Urlaub im Ferienhaus ulcinjBilligreisen Ulcinj,Pauschalreisen,FKK Strand Ada Bojana ulcinj,Last Minute Angebote ulcinj,Preise f?r Lastminute,Kleinanzeigen gratis,Ausflug nach Ulcinj,FKK-Reisen ada bojana,FKK-Urlaub ulcinj,Privatni smje?taj,rezervacija smje?taja,apartmani,sobe,ku?e,odmor,sobe za odmor ulcinj,Pretra?ivanje privatnog smje?taja,rooms rent accommodation ulcinj, rentail private accommodation ulcinj,?elite rezervirati privatni smje?taj,Private accommodation,Smje?taj ulcinj,Pushime Verore ulqin,pushime t? lira n? ulqin,Pushime ne plazh,Pushime te kendshme,dhoma per pushime ulqin,dhoma me qera ulqin,dhoma te lira ulqin,pushime te lira ulqin,mali i zi,kosova,maqedoni,shqiperi,Pushime ne det te ulqinit,godi?nji odmor u ulcinj,odmor u ulcinj,Ku?a za odmor,kuda na odmor,ljetovanje u ulcinj,slobodne sobe,dhoma te lira,ku?a uz more,turisti?ka ponuda,odmor i zabava,povolne cene,sobe,usluge,Mjesto za Va? odmor , Place for Your holiday,Odmor portal,putovanaja,Iznajmljivanje soba ulcinj,odmor ulcinj info,Va?e mjesto za odmor ulcinj,nudisticka plaza ada bojana,smjestaj ponuda ulcinj,lokacioni i dhomave ulqin,deti,plazhet e bukura,diskoteka,zbavitja,.\" href=\"http:\/\/www.visit-ulcinj.com\/tourism\/\" target=\"_blank\"><img loading=\"lazy\" class=\"aligncenter\" title=\"SHPALLJE TURISTIKE FALAS,FREE TOURIST GUIDES,BESPLATNI TURISTI?KI OGLASI,balkan holiday rentals,ALBANIJA,ALBANIA,SHQIPERIJA,CRNA GORA,HRVATSKA,KROACIA,SLOVENIJA,MAKEDONIJA,MAKEDONIA,SRBIJA,MONTENEGRO,MALI I ZI,\" src=\"http:\/\/www.visit-ulcinj.com\/blog\/wp-content\/uploads\/2008\/09\/balkanholidayrentals.gif\" alt=\"Apatin,  Aran?elovac,  ?uprija,  ?a?ak,  ?apljina,  ?itluk,  ?abac,  ?ipovo,  ?iroki Brijeg,  ?ep?e,  ?ivinice,  Ba?ka Palanka,  Banja Luka,  Banovi?i,  Be?ej,  beograd,  Biha?,  Bijeljina,  Bor,  Bor?a,  Bosanska Gradi?ka,  Bosanska Krupa,  Bosanski ?amac,  Bosanski Brod,  Bosanski Novi,  Br?ko,  Bu?im,  Bugojno,  Cazin,  Crna Gora,  Derventa,  Doboj,  Donji Vakuf,  Drvar,  Dubrovnik,  Fo?a,  Fojnica,  Glamo?,  Gora?de,  Gornji Milanovac,  Gornji Vakuf,  gostivar,  Gra?anica,  Grada?ac,  Gradiska,  Grahovo,  Had?i?i,  Ilid?a,  In?ija,  Jablanica,  Jagodina,  Jajce,  Kakanj,  Kalu?erica,  Kikinda,  Klju?,  Konjic,  Kotor Varo?,  Kragujevac,  Kraljevo,  Kru?evac,  Kula,  Kupres,  Lakta?i,  Lazarevac,  Leskovac,  Livno,  Ljubinje,  ljublana,  Ljubu?ki,  Loznica,  Lukavac,  Maglaj,  Mladenovac,  Modri?a,  montenegro erlajnz,  mostar,  Mrkonji? Grad,  Neum,  Ni?,  Novi Pazar,  Novi Sad,  Novi Travnik,  Obrenovac,  Od?ak,  ohrid,  Ora?je,  Pale,  Pan?evo,  Para?in,  Pirot,  Po?arevac,  Podgorica,  Priboj,  Prijedor,  Prokuplje,  Prozor,  pula,  rijeka,  Ruma,  Sanski Most,  Sarajevo,  Senta,  serbija,  sibenik,  skopje,  Smederevo,  Smederevska Palanka,  Sokolac,  Sombor,  split,  Srebrenica,  Srebrenik,  Sremska Mitrovica,  Stolac,  Struga,  Subotica,  Temerin,  Tesli?,  tetovo,  Travnik,  Trebinje,  tuzla,  U?ice,  ulcinj,  Valjevo,  Velika Kladu?a,  Vi?egrad,  Visoko,  Vitez,  Vogo??a,  vojvodina,  Vranje,  Vr?ac,  Vrbas,  zadar,  Zagreb,  Zaje?ar,  Zavidovi?i,  Zenica,  Zrenjanin,  Zvornik,copacabana ulcinj,  h?tels,  hotel ulqin,  Kosova,  Mali i Zi,  Maqedonija,  Montenegro,  montenegro tourisme plage,  montenegro ulcinj,  Shpallje Falas,  Shpallje Falas per shitjen e shtepis se juaj,  Shpallje Falas per villat e juaj,  Shpallje Falas Real Estate,  Shpallje Falas turistike,  shqiperija,  tourisme,  Ulci?,  ulcinj,  ulqin,  ulqin hotel,  ulqini,  ulqini 2007,Ada Bojana,  Alba?czyk,  Cita di Dolcino,  Copacabana,  Czarnog?ra,  Czarnog?rzec,  Don Kichota,  Ma\u00b3a Pla\u00bfa,  Mandra,  MIGUEL DE SERVANTES,  p?\u00b3wyspy Marjan,  Pla\u00bfa Valdanos,  Rzeka Bojana,  Shas \/ ?as \/ Sva?,  Ulci?,  Ulcinjsk\u00b9 Riwier?,  Wielka Pla\u00bfa,  Wyspa Bojana,GORA,??????????,???????,??????????, ?ern? Hora,TO ULCINJ \/ ULQIN,MONTENEGRO, Czarnog?ra, Muntenegru, ????? ????, Montenegr?,villa ? louer ? ulcinj, location de vacance, location saisonni?res, louer chambres,location de vacance, Locations vacance, h?bergements vacances, locations villa, logements de vacances, location maison avec piscine, Location vacance, locations de vacance, h?bergements de vacances, location, locations entre particulier, logements vacance, vacances ? Mont?n?gro - location ? Ulcinj ,location  de bigorre,Albaniku,  Artana,  Bujanoci,  Burimi,  Dardana,  Dardan?,  De?an,  Dibra,  Drenas,  Drenasi,  Ferizaj,  Ferizaji,  Fush? Kosova,Besplatni internet oglasi,Besplatni oglasi,besplatni mali oglasi,besplatni turisti?ki oglasi,oglasi, usluge, turizam,Turisti?ke usluge,Doma?i turizam,Besplatni Oglasnik,Brzi Oglasi Besplatno,Besplatno OglasavanjeTurizam,besplatni oglasi sa slikom,Turisticki informator besplatni,li?ni-oglasi,BESPLATNI Turisticki OGLASI SA SLIKAMA,BESPLATNI Turisticki Oglasi saVideom,turisticki smestaj oglasi,Turisti?ki vodi? balkana,BESPLATNA REZERVACIJA SMESTAJA,Postavite besplatno Vas oglas,FREE TOURIST GUIDES,Izdavanje-Turizam oglasi,Balkan Turisticki vodic,shpallje turistike falas,Shpallje Falas,Shpallje falas per Komplekse Turistike,Lajmerime,Njoftime,shpallje shqip per shqiptaret ne shqiperi kosova maqedoni,mal te zi,Fush? Kosov?,  Gjakova,  Gjakov?,  Gjilan,  Gjilani,  Gostivari,  Istog,  Istog\u00b7,  Ka?anik,  Ka?aniku,  Kastrioti,  K?r?ova,  Klina,  Klin?,  Kumanova,  Leposaviq,  Leskovci,  Likova,  Lipjan,  Lipjani,  Malisheva,  Malishev?,  Manastiri,  Medvegja,  Mitrovica,  Mitrovic?,  Novob?rd?,  Obiliq\u00b7 Rahovec,  Ohri,  Peja,  Pej?,  Podujeva,  Podujev?,  Presheva,  Prishtina,  Prishtin?,  Prizren,  Prizreni,  Rahoveci,  Sharri,  Sharri (Kosov?),  Shkupi,  Sht?rpca,  Sht?rpc?,  Shtime,  Sk?nderaj,  Struga,  Tetova,  Theranda,  Therand?,  Triumf Riza,  Veleshta,  Viti,  Vitia,  Vushtrri,  Vushtrria,  Zubin Potok,  Zubin Potoku,  Zve?an,  Zve?ani,Struga,Gostivari,Gostivar,Ker?ova,Tirana,Durr?si,Elbasani,Shkodra,Tuzi,Vlora, Kor?a,Fieri,Berati,Lushnja ,Kavaja,Pogradeci,La?i,Gjirokastra,Patosi,Kruja,Ku?ova,Kuk?si,Lezha,Saranda,Peshkopia,Burreli,C?rriku,?orovoda,Shijaku,Librazhdi,Tepelena,Gramshi,Poli?ani,Bulqiza,P?rmeti,Fush?Kruja,Kamza,Rr?sheni,Ballshi,Mamurrasi,BajramCurri,Erseka,Peqini,Divjaka,Selenica,Bilishti,Roskoveci,Puka,Memaliaj,Rrogozhina,Ura Vajgurore,Himara,Delvina,Vora,Kopliku,Maliqi,P?rrenjasi,Kruma, Libohova,Orikumi,Fush?-Arr?za,Sh?ngjini,Rubiku,Miloti, Leskoviku,Konispoli,K?lcyra,Krasta,K?rraba,Manastiri,Hara?ina,Likova,Prilepi,Zajazi,Vrap?ishti,Bogovin?,\" width=\"420\" height=\"120\" \/><\/a><\/p>\n","protected":false},"excerpt":{"rendered":"<p><img loading=\"lazy\" class=\"alignleft size-medium wp-image-3197\" title=\"mire-se-vini-ne-ulqin\" src=\"http:\/\/www.visit-ulcinj.com\/blog\/wp-content\/uploads\/2008\/09\/mire-se-vini-ne-ulqin-300x198.jpg\" alt=\"\" width=\"140\" height=\"140\" \/><\/p>\n","protected":false},"author":1,"featured_media":0,"comment_status":"open","ping_status":"closed","sticky":false,"template":"","format":"standard","meta":{"spay_email":"","jetpack_publicize_message":"","jetpack_is_tweetstorm":false,"jetpack_publicize_feature_enabled":true},"categories":[12,15],"tags":[95,4539,200,18],"jetpack_publicize_connections":[],"yoast_head":"<!-- This site is optimized with the Yoast SEO plugin v19.1 - https:\/\/yoast.com\/wordpress\/plugins\/seo\/ -->\n<title>Fundi i Sezonit Turistik - Lajme nga Ulqini<\/title>\n<meta name=\"robots\" content=\"index, follow, max-snippet:-1, max-image-preview:large, max-video-preview:-1\" \/>\n<link rel=\"canonical\" href=\"https:\/\/www.visit-ulcinj.com\/blog\/2008\/09\/11\/fundi-i-sezonit-turistik\/\" \/>\n<meta property=\"og:locale\" content=\"en_US\" \/>\n<meta property=\"og:type\" content=\"article\" \/>\n<meta property=\"og:title\" content=\"Fundi i Sezonit Turistik - Lajme nga Ulqini\" \/>\n<meta property=\"og:url\" content=\"https:\/\/www.visit-ulcinj.com\/blog\/2008\/09\/11\/fundi-i-sezonit-turistik\/\" \/>\n<meta property=\"og:site_name\" content=\"Lajme nga Ulqini\" \/>\n<meta property=\"article:published_time\" content=\"2008-09-11T15:46:50+00:00\" \/>\n<meta property=\"og:image\" content=\"http:\/\/www.visit-ulcinj.com\/blog\/wp-content\/uploads\/2008\/09\/mire-se-vini-ne-ulqin-300x198.jpg\" \/>\n<meta name=\"twitter:label1\" content=\"Written by\" \/>\n\t<meta name=\"twitter:data1\" content=\"ulqini\" \/>\n\t<meta name=\"twitter:label2\" content=\"Est. reading time\" \/>\n\t<meta name=\"twitter:data2\" content=\"7 minutes\" \/>\n<script type=\"application\/ld+json\" class=\"yoast-schema-graph\">{\"@context\":\"https:\/\/schema.org\",\"@graph\":[{\"@type\":\"WebSite\",\"@id\":\"https:\/\/www.visit-ulcinj.com\/blog\/#website\",\"url\":\"https:\/\/www.visit-ulcinj.com\/blog\/\",\"name\":\"Lajme nga Ulqini\",\"description\":\"Lajme,Vijesti,Ulqini,Ulqin,Crna Gora,Mali i Zi\",\"potentialAction\":[{\"@type\":\"SearchAction\",\"target\":{\"@type\":\"EntryPoint\",\"urlTemplate\":\"https:\/\/www.visit-ulcinj.com\/blog\/?s={search_term_string}\"},\"query-input\":\"required name=search_term_string\"}],\"inLanguage\":\"en-US\"},{\"@type\":\"ImageObject\",\"inLanguage\":\"en-US\",\"@id\":\"https:\/\/www.visit-ulcinj.com\/blog\/2008\/09\/11\/fundi-i-sezonit-turistik\/#primaryimage\",\"url\":\"http:\/\/www.visit-ulcinj.com\/blog\/wp-content\/uploads\/2008\/09\/mire-se-vini-ne-ulqin-300x198.jpg\",\"contentUrl\":\"http:\/\/www.visit-ulcinj.com\/blog\/wp-content\/uploads\/2008\/09\/mire-se-vini-ne-ulqin-300x198.jpg\"},{\"@type\":\"WebPage\",\"@id\":\"https:\/\/www.visit-ulcinj.com\/blog\/2008\/09\/11\/fundi-i-sezonit-turistik\/#webpage\",\"url\":\"https:\/\/www.visit-ulcinj.com\/blog\/2008\/09\/11\/fundi-i-sezonit-turistik\/\",\"name\":\"Fundi i Sezonit Turistik - Lajme nga Ulqini\",\"isPartOf\":{\"@id\":\"https:\/\/www.visit-ulcinj.com\/blog\/#website\"},\"primaryImageOfPage\":{\"@id\":\"https:\/\/www.visit-ulcinj.com\/blog\/2008\/09\/11\/fundi-i-sezonit-turistik\/#primaryimage\"},\"datePublished\":\"2008-09-11T15:46:50+00:00\",\"dateModified\":\"2008-09-11T15:46:50+00:00\",\"author\":{\"@id\":\"https:\/\/www.visit-ulcinj.com\/blog\/#\/schema\/person\/dcab619c614d3038751c63bc2aadc06d\"},\"breadcrumb\":{\"@id\":\"https:\/\/www.visit-ulcinj.com\/blog\/2008\/09\/11\/fundi-i-sezonit-turistik\/#breadcrumb\"},\"inLanguage\":\"en-US\",\"potentialAction\":[{\"@type\":\"ReadAction\",\"target\":[\"https:\/\/www.visit-ulcinj.com\/blog\/2008\/09\/11\/fundi-i-sezonit-turistik\/\"]}]},{\"@type\":\"BreadcrumbList\",\"@id\":\"https:\/\/www.visit-ulcinj.com\/blog\/2008\/09\/11\/fundi-i-sezonit-turistik\/#breadcrumb\",\"itemListElement\":[{\"@type\":\"ListItem\",\"position\":1,\"name\":\"Fundi i Sezonit Turistik\"}]},{\"@type\":\"Person\",\"@id\":\"https:\/\/www.visit-ulcinj.com\/blog\/#\/schema\/person\/dcab619c614d3038751c63bc2aadc06d\",\"name\":\"ulqini\",\"sameAs\":[\"http:\/\/www.visit-ulcinj.com\"],\"url\":\"https:\/\/www.visit-ulcinj.com\/blog\/author\/admin\/\"}]}<\/script>\n<!-- \/ Yoast SEO plugin. -->","yoast_head_json":{"title":"Fundi i Sezonit Turistik - Lajme nga Ulqini","robots":{"index":"index","follow":"follow","max-snippet":"max-snippet:-1","max-image-preview":"max-image-preview:large","max-video-preview":"max-video-preview:-1"},"canonical":"https:\/\/www.visit-ulcinj.com\/blog\/2008\/09\/11\/fundi-i-sezonit-turistik\/","og_locale":"en_US","og_type":"article","og_title":"Fundi i Sezonit Turistik - Lajme nga Ulqini","og_url":"https:\/\/www.visit-ulcinj.com\/blog\/2008\/09\/11\/fundi-i-sezonit-turistik\/","og_site_name":"Lajme nga Ulqini","article_published_time":"2008-09-11T15:46:50+00:00","og_image":[{"url":"http:\/\/www.visit-ulcinj.com\/blog\/wp-content\/uploads\/2008\/09\/mire-se-vini-ne-ulqin-300x198.jpg"}],"twitter_misc":{"Written by":"ulqini","Est. reading time":"7 minutes"},"schema":{"@context":"https:\/\/schema.org","@graph":[{"@type":"WebSite","@id":"https:\/\/www.visit-ulcinj.com\/blog\/#website","url":"https:\/\/www.visit-ulcinj.com\/blog\/","name":"Lajme nga Ulqini","description":"Lajme,Vijesti,Ulqini,Ulqin,Crna Gora,Mali i Zi","potentialAction":[{"@type":"SearchAction","target":{"@type":"EntryPoint","urlTemplate":"https:\/\/www.visit-ulcinj.com\/blog\/?s={search_term_string}"},"query-input":"required name=search_term_string"}],"inLanguage":"en-US"},{"@type":"ImageObject","inLanguage":"en-US","@id":"https:\/\/www.visit-ulcinj.com\/blog\/2008\/09\/11\/fundi-i-sezonit-turistik\/#primaryimage","url":"http:\/\/www.visit-ulcinj.com\/blog\/wp-content\/uploads\/2008\/09\/mire-se-vini-ne-ulqin-300x198.jpg","contentUrl":"http:\/\/www.visit-ulcinj.com\/blog\/wp-content\/uploads\/2008\/09\/mire-se-vini-ne-ulqin-300x198.jpg"},{"@type":"WebPage","@id":"https:\/\/www.visit-ulcinj.com\/blog\/2008\/09\/11\/fundi-i-sezonit-turistik\/#webpage","url":"https:\/\/www.visit-ulcinj.com\/blog\/2008\/09\/11\/fundi-i-sezonit-turistik\/","name":"Fundi i Sezonit Turistik - Lajme nga Ulqini","isPartOf":{"@id":"https:\/\/www.visit-ulcinj.com\/blog\/#website"},"primaryImageOfPage":{"@id":"https:\/\/www.visit-ulcinj.com\/blog\/2008\/09\/11\/fundi-i-sezonit-turistik\/#primaryimage"},"datePublished":"2008-09-11T15:46:50+00:00","dateModified":"2008-09-11T15:46:50+00:00","author":{"@id":"https:\/\/www.visit-ulcinj.com\/blog\/#\/schema\/person\/dcab619c614d3038751c63bc2aadc06d"},"breadcrumb":{"@id":"https:\/\/www.visit-ulcinj.com\/blog\/2008\/09\/11\/fundi-i-sezonit-turistik\/#breadcrumb"},"inLanguage":"en-US","potentialAction":[{"@type":"ReadAction","target":["https:\/\/www.visit-ulcinj.com\/blog\/2008\/09\/11\/fundi-i-sezonit-turistik\/"]}]},{"@type":"BreadcrumbList","@id":"https:\/\/www.visit-ulcinj.com\/blog\/2008\/09\/11\/fundi-i-sezonit-turistik\/#breadcrumb","itemListElement":[{"@type":"ListItem","position":1,"name":"Fundi i Sezonit Turistik"}]},{"@type":"Person","@id":"https:\/\/www.visit-ulcinj.com\/blog\/#\/schema\/person\/dcab619c614d3038751c63bc2aadc06d","name":"ulqini","sameAs":["http:\/\/www.visit-ulcinj.com"],"url":"https:\/\/www.visit-ulcinj.com\/blog\/author\/admin\/"}]}},"jetpack_featured_media_url":"","jetpack_sharing_enabled":true,"jetpack_shortlink":"https:\/\/wp.me\/pe6lTn-Py","_links":{"self":[{"href":"https:\/\/www.visit-ulcinj.com\/blog\/wp-json\/wp\/v2\/posts\/3196"}],"collection":[{"href":"https:\/\/www.visit-ulcinj.com\/blog\/wp-json\/wp\/v2\/posts"}],"about":[{"href":"https:\/\/www.visit-ulcinj.com\/blog\/wp-json\/wp\/v2\/types\/post"}],"author":[{"embeddable":true,"href":"https:\/\/www.visit-ulcinj.com\/blog\/wp-json\/wp\/v2\/users\/1"}],"replies":[{"embeddable":true,"href":"https:\/\/www.visit-ulcinj.com\/blog\/wp-json\/wp\/v2\/comments?post=3196"}],"version-history":[{"count":0,"href":"https:\/\/www.visit-ulcinj.com\/blog\/wp-json\/wp\/v2\/posts\/3196\/revisions"}],"wp:attachment":[{"href":"https:\/\/www.visit-ulcinj.com\/blog\/wp-json\/wp\/v2\/media?parent=3196"}],"wp:term":[{"taxonomy":"category","embeddable":true,"href":"https:\/\/www.visit-ulcinj.com\/blog\/wp-json\/wp\/v2\/categories?post=3196"},{"taxonomy":"post_tag","embeddable":true,"href":"https:\/\/www.visit-ulcinj.com\/blog\/wp-json\/wp\/v2\/tags?post=3196"}],"curies":[{"name":"wp","href":"https:\/\/api.w.org\/{rel}","templated":true}]}}