{"id":32059,"date":"2010-04-15T19:02:27","date_gmt":"2010-04-15T17:02:27","guid":{"rendered":"http:\/\/www.visit-ulcinj.com\/blog\/?p=32059"},"modified":"2010-04-15T19:02:27","modified_gmt":"2010-04-15T17:02:27","slug":"mali-i-zi-synon-ta-lidhe-autostraden-me-kosoven","status":"publish","type":"post","link":"https:\/\/www.visit-ulcinj.com\/blog\/2010\/04\/15\/mali-i-zi-synon-ta-lidhe-autostraden-me-kosoven\/","title":{"rendered":"Mali i Zi synon ta lidh\u00eb autostrad\u00ebn me Kosov\u00ebn"},"content":{"rendered":"<p><a href=\"http:\/\/www.visit-ulcinj.com\/blog\/wp-content\/uploads\/2010\/04\/autostrada-Mali-i-z_Kosove.jpg\"><img loading=\"lazy\" class=\"alignleft size-full wp-image-32060\" title=\"autostrada Mali i z_Kosove\" src=\"http:\/\/www.visit-ulcinj.com\/blog\/wp-content\/uploads\/2010\/04\/autostrada-Mali-i-z_Kosove.jpg\" alt=\"autostrada Mali i z_Kosove\" width=\"580\" height=\"370\" \/><\/a>Podgoric\u00eb, 15 prill \u2013 Ministri i Transportit dhe Telekomunikacionit n\u00eb Mal t\u00eb Zi, Andrija Lompar, duke folur p\u00ebr autostrad\u00ebn e Adriatikut, ka th\u00ebn\u00eb se procedura tenderuese ende nuk p\u00ebrfshin marr\u00ebveshjen p\u00ebr nj\u00eb aks t\u00eb ve\u00e7ant\u00eb t\u00eb autostrad\u00ebs q\u00eb lidhet me Kosov\u00ebn, mir\u00ebpo nuk e ka mohuar se kjo mund t\u00eb realizohet nj\u00eb dit\u00eb.<br \/>\n\u201cN\u00eb nj\u00eb t\u00eb ardhme sigurisht se do t\u00eb bisedohet edhe p\u00ebr k\u00ebt\u00eb \u00e7\u00ebshtje, ngase do t\u00eb rris\u00eb frekuentimin e trafikut nga Bari, n\u00ebp\u00ebrmjet Malit t\u00eb Zi\u201d, ka th\u00ebn\u00eb ministri Lompar, shkruan B-92, t\u00eb m\u00ebrkur\u00ebn.<br \/>\nMali i Zi, sipas tij e ka prioritet projektimin dhe nd\u00ebrtimin e nj\u00eb pjes\u00eb t\u00eb autostrad\u00ebs q\u00eb lidh Detin Adriatik me Detin Jon, e q\u00eb kalon edhe n\u00ebp\u00ebr Malin e Zi. Ky projekt ka shanse q\u00eb t\u00eb realizohet me partner\u00ebt kinez.<br \/>\n\u201cP\u00ebr t\u2019u realizuar kjo, paraprakisht duhet n\u00ebnshkruar nj\u00eb marr\u00ebveshje nd\u00ebrshtet\u00ebrore. M\u00eb 25 prill presim nj\u00eb delegacion kinez t\u00eb nivelit t\u00eb lart\u00eb, dhe nj\u00ebra nga temat do t\u00eb jet\u00eb autostrada\u201d, ka th\u00ebn\u00eb Lompar.<\/p>\n<p><strong>Koha Net<\/strong><\/p>\n","protected":false},"excerpt":{"rendered":"<p>Podgoric\u00eb, 15 prill \u2013 Ministri i Transportit dhe Telekomunikacionit n\u00eb Mal t\u00eb Zi, Andrija Lompar, duke folur p\u00ebr autostrad\u00ebn e Adriatikut, ka th\u00ebn\u00eb se procedura tenderuese ende nuk p\u00ebrfshin marr\u00ebveshjen p\u00ebr nj\u00eb aks t\u00eb ve\u00e7ant\u00eb t\u00eb autostrad\u00ebs q\u00eb lidhet me Kosov\u00ebn, mir\u00ebpo nuk e ka mohuar se kjo mund t\u00eb realizohet nj\u00eb dit\u00eb. \u201cN\u00eb nj\u00eb [&hellip;]<\/p>\n","protected":false},"author":1,"featured_media":0,"comment_status":"open","ping_status":"closed","sticky":false,"template":"","format":"standard","meta":{"spay_email":"","jetpack_publicize_message":"","jetpack_is_tweetstorm":false,"jetpack_publicize_feature_enabled":true},"categories":[11],"tags":[2199,325,95],"jetpack_publicize_connections":[],"yoast_head":"<!-- This site is optimized with the Yoast SEO plugin v19.1 - https:\/\/yoast.com\/wordpress\/plugins\/seo\/ -->\n<title>Mali i Zi synon ta lidh\u00eb autostrad\u00ebn me Kosov\u00ebn - Lajme nga Ulqini<\/title>\n<meta name=\"description\" content=\"Podgoric\u00eb, 15 prill \u2013 Ministri i Transportit dhe Telekomunikacionit n\u00eb Mal t\u00eb Zi, Andrija Lompar, duke folur p\u00ebr autostrad\u00ebn e Adriatikut, ka th\u00ebn\u00eb se\" \/>\n<meta name=\"robots\" content=\"index, follow, max-snippet:-1, max-image-preview:large, max-video-preview:-1\" \/>\n<link rel=\"canonical\" href=\"https:\/\/www.visit-ulcinj.com\/blog\/2010\/04\/15\/mali-i-zi-synon-ta-lidhe-autostraden-me-kosoven\/\" \/>\n<meta property=\"og:locale\" content=\"en_US\" \/>\n<meta property=\"og:type\" content=\"article\" \/>\n<meta property=\"og:title\" content=\"Mali i Zi synon ta lidh\u00eb autostrad\u00ebn me Kosov\u00ebn - Lajme nga Ulqini\" \/>\n<meta property=\"og:description\" content=\"Podgoric\u00eb, 15 prill \u2013 Ministri i Transportit dhe Telekomunikacionit n\u00eb Mal t\u00eb Zi, Andrija Lompar, duke folur p\u00ebr autostrad\u00ebn e Adriatikut, ka th\u00ebn\u00eb se\" \/>\n<meta property=\"og:url\" content=\"https:\/\/www.visit-ulcinj.com\/blog\/2010\/04\/15\/mali-i-zi-synon-ta-lidhe-autostraden-me-kosoven\/\" \/>\n<meta property=\"og:site_name\" content=\"Lajme nga Ulqini\" \/>\n<meta property=\"article:published_time\" content=\"2010-04-15T17:02:27+00:00\" \/>\n<meta property=\"og:image\" content=\"http:\/\/www.visit-ulcinj.com\/blog\/wp-content\/uploads\/2010\/04\/autostrada-Mali-i-z_Kosove.jpg\" \/>\n<meta name=\"twitter:label1\" content=\"Written by\" \/>\n\t<meta name=\"twitter:data1\" content=\"ulqini\" \/>\n\t<meta name=\"twitter:label2\" content=\"Est. reading time\" \/>\n\t<meta name=\"twitter:data2\" content=\"1 minute\" \/>\n<script type=\"application\/ld+json\" class=\"yoast-schema-graph\">{\"@context\":\"https:\/\/schema.org\",\"@graph\":[{\"@type\":\"WebSite\",\"@id\":\"https:\/\/www.visit-ulcinj.com\/blog\/#website\",\"url\":\"https:\/\/www.visit-ulcinj.com\/blog\/\",\"name\":\"Lajme nga Ulqini\",\"description\":\"Lajme,Vijesti,Ulqini,Ulqin,Crna Gora,Mali i Zi\",\"potentialAction\":[{\"@type\":\"SearchAction\",\"target\":{\"@type\":\"EntryPoint\",\"urlTemplate\":\"https:\/\/www.visit-ulcinj.com\/blog\/?s={search_term_string}\"},\"query-input\":\"required name=search_term_string\"}],\"inLanguage\":\"en-US\"},{\"@type\":\"ImageObject\",\"inLanguage\":\"en-US\",\"@id\":\"https:\/\/www.visit-ulcinj.com\/blog\/2010\/04\/15\/mali-i-zi-synon-ta-lidhe-autostraden-me-kosoven\/#primaryimage\",\"url\":\"https:\/\/www.visit-ulcinj.com\/blog\/wp-content\/uploads\/2010\/04\/autostrada-Mali-i-z_Kosove.jpg\",\"contentUrl\":\"https:\/\/www.visit-ulcinj.com\/blog\/wp-content\/uploads\/2010\/04\/autostrada-Mali-i-z_Kosove.jpg\",\"width\":\"640\",\"height\":\"370\"},{\"@type\":\"WebPage\",\"@id\":\"https:\/\/www.visit-ulcinj.com\/blog\/2010\/04\/15\/mali-i-zi-synon-ta-lidhe-autostraden-me-kosoven\/#webpage\",\"url\":\"https:\/\/www.visit-ulcinj.com\/blog\/2010\/04\/15\/mali-i-zi-synon-ta-lidhe-autostraden-me-kosoven\/\",\"name\":\"Mali i Zi synon ta lidh\u00eb autostrad\u00ebn me Kosov\u00ebn - Lajme nga Ulqini\",\"isPartOf\":{\"@id\":\"https:\/\/www.visit-ulcinj.com\/blog\/#website\"},\"primaryImageOfPage\":{\"@id\":\"https:\/\/www.visit-ulcinj.com\/blog\/2010\/04\/15\/mali-i-zi-synon-ta-lidhe-autostraden-me-kosoven\/#primaryimage\"},\"datePublished\":\"2010-04-15T17:02:27+00:00\",\"dateModified\":\"2010-04-15T17:02:27+00:00\",\"author\":{\"@id\":\"https:\/\/www.visit-ulcinj.com\/blog\/#\/schema\/person\/dcab619c614d3038751c63bc2aadc06d\"},\"description\":\"Podgoric\u00eb, 15 prill \u2013 Ministri i Transportit dhe Telekomunikacionit n\u00eb Mal t\u00eb Zi, Andrija Lompar, duke folur p\u00ebr autostrad\u00ebn e Adriatikut, ka th\u00ebn\u00eb se\",\"breadcrumb\":{\"@id\":\"https:\/\/www.visit-ulcinj.com\/blog\/2010\/04\/15\/mali-i-zi-synon-ta-lidhe-autostraden-me-kosoven\/#breadcrumb\"},\"inLanguage\":\"en-US\",\"potentialAction\":[{\"@type\":\"ReadAction\",\"target\":[\"https:\/\/www.visit-ulcinj.com\/blog\/2010\/04\/15\/mali-i-zi-synon-ta-lidhe-autostraden-me-kosoven\/\"]}]},{\"@type\":\"BreadcrumbList\",\"@id\":\"https:\/\/www.visit-ulcinj.com\/blog\/2010\/04\/15\/mali-i-zi-synon-ta-lidhe-autostraden-me-kosoven\/#breadcrumb\",\"itemListElement\":[{\"@type\":\"ListItem\",\"position\":1,\"name\":\"Mali i Zi synon ta lidh\u00eb autostrad\u00ebn me Kosov\u00ebn\"}]},{\"@type\":\"Person\",\"@id\":\"https:\/\/www.visit-ulcinj.com\/blog\/#\/schema\/person\/dcab619c614d3038751c63bc2aadc06d\",\"name\":\"ulqini\",\"sameAs\":[\"http:\/\/www.visit-ulcinj.com\"],\"url\":\"https:\/\/www.visit-ulcinj.com\/blog\/author\/admin\/\"}]}<\/script>\n<!-- \/ Yoast SEO plugin. -->","yoast_head_json":{"title":"Mali i Zi synon ta lidh\u00eb autostrad\u00ebn me Kosov\u00ebn - Lajme nga Ulqini","description":"Podgoric\u00eb, 15 prill \u2013 Ministri i Transportit dhe Telekomunikacionit n\u00eb Mal t\u00eb Zi, Andrija Lompar, duke folur p\u00ebr autostrad\u00ebn e Adriatikut, ka th\u00ebn\u00eb se","robots":{"index":"index","follow":"follow","max-snippet":"max-snippet:-1","max-image-preview":"max-image-preview:large","max-video-preview":"max-video-preview:-1"},"canonical":"https:\/\/www.visit-ulcinj.com\/blog\/2010\/04\/15\/mali-i-zi-synon-ta-lidhe-autostraden-me-kosoven\/","og_locale":"en_US","og_type":"article","og_title":"Mali i Zi synon ta lidh\u00eb autostrad\u00ebn me Kosov\u00ebn - Lajme nga Ulqini","og_description":"Podgoric\u00eb, 15 prill \u2013 Ministri i Transportit dhe Telekomunikacionit n\u00eb Mal t\u00eb Zi, Andrija Lompar, duke folur p\u00ebr autostrad\u00ebn e Adriatikut, ka th\u00ebn\u00eb se","og_url":"https:\/\/www.visit-ulcinj.com\/blog\/2010\/04\/15\/mali-i-zi-synon-ta-lidhe-autostraden-me-kosoven\/","og_site_name":"Lajme nga Ulqini","article_published_time":"2010-04-15T17:02:27+00:00","og_image":[{"url":"http:\/\/www.visit-ulcinj.com\/blog\/wp-content\/uploads\/2010\/04\/autostrada-Mali-i-z_Kosove.jpg"}],"twitter_misc":{"Written by":"ulqini","Est. reading time":"1 minute"},"schema":{"@context":"https:\/\/schema.org","@graph":[{"@type":"WebSite","@id":"https:\/\/www.visit-ulcinj.com\/blog\/#website","url":"https:\/\/www.visit-ulcinj.com\/blog\/","name":"Lajme nga Ulqini","description":"Lajme,Vijesti,Ulqini,Ulqin,Crna Gora,Mali i Zi","potentialAction":[{"@type":"SearchAction","target":{"@type":"EntryPoint","urlTemplate":"https:\/\/www.visit-ulcinj.com\/blog\/?s={search_term_string}"},"query-input":"required name=search_term_string"}],"inLanguage":"en-US"},{"@type":"ImageObject","inLanguage":"en-US","@id":"https:\/\/www.visit-ulcinj.com\/blog\/2010\/04\/15\/mali-i-zi-synon-ta-lidhe-autostraden-me-kosoven\/#primaryimage","url":"https:\/\/www.visit-ulcinj.com\/blog\/wp-content\/uploads\/2010\/04\/autostrada-Mali-i-z_Kosove.jpg","contentUrl":"https:\/\/www.visit-ulcinj.com\/blog\/wp-content\/uploads\/2010\/04\/autostrada-Mali-i-z_Kosove.jpg","width":"640","height":"370"},{"@type":"WebPage","@id":"https:\/\/www.visit-ulcinj.com\/blog\/2010\/04\/15\/mali-i-zi-synon-ta-lidhe-autostraden-me-kosoven\/#webpage","url":"https:\/\/www.visit-ulcinj.com\/blog\/2010\/04\/15\/mali-i-zi-synon-ta-lidhe-autostraden-me-kosoven\/","name":"Mali i Zi synon ta lidh\u00eb autostrad\u00ebn me Kosov\u00ebn - Lajme nga Ulqini","isPartOf":{"@id":"https:\/\/www.visit-ulcinj.com\/blog\/#website"},"primaryImageOfPage":{"@id":"https:\/\/www.visit-ulcinj.com\/blog\/2010\/04\/15\/mali-i-zi-synon-ta-lidhe-autostraden-me-kosoven\/#primaryimage"},"datePublished":"2010-04-15T17:02:27+00:00","dateModified":"2010-04-15T17:02:27+00:00","author":{"@id":"https:\/\/www.visit-ulcinj.com\/blog\/#\/schema\/person\/dcab619c614d3038751c63bc2aadc06d"},"description":"Podgoric\u00eb, 15 prill \u2013 Ministri i Transportit dhe Telekomunikacionit n\u00eb Mal t\u00eb Zi, Andrija Lompar, duke folur p\u00ebr autostrad\u00ebn e Adriatikut, ka th\u00ebn\u00eb se","breadcrumb":{"@id":"https:\/\/www.visit-ulcinj.com\/blog\/2010\/04\/15\/mali-i-zi-synon-ta-lidhe-autostraden-me-kosoven\/#breadcrumb"},"inLanguage":"en-US","potentialAction":[{"@type":"ReadAction","target":["https:\/\/www.visit-ulcinj.com\/blog\/2010\/04\/15\/mali-i-zi-synon-ta-lidhe-autostraden-me-kosoven\/"]}]},{"@type":"BreadcrumbList","@id":"https:\/\/www.visit-ulcinj.com\/blog\/2010\/04\/15\/mali-i-zi-synon-ta-lidhe-autostraden-me-kosoven\/#breadcrumb","itemListElement":[{"@type":"ListItem","position":1,"name":"Mali i Zi synon ta lidh\u00eb autostrad\u00ebn me Kosov\u00ebn"}]},{"@type":"Person","@id":"https:\/\/www.visit-ulcinj.com\/blog\/#\/schema\/person\/dcab619c614d3038751c63bc2aadc06d","name":"ulqini","sameAs":["http:\/\/www.visit-ulcinj.com"],"url":"https:\/\/www.visit-ulcinj.com\/blog\/author\/admin\/"}]}},"jetpack_featured_media_url":"","jetpack_sharing_enabled":true,"jetpack_shortlink":"https:\/\/wp.me\/pe6lTn-8l5","_links":{"self":[{"href":"https:\/\/www.visit-ulcinj.com\/blog\/wp-json\/wp\/v2\/posts\/32059"}],"collection":[{"href":"https:\/\/www.visit-ulcinj.com\/blog\/wp-json\/wp\/v2\/posts"}],"about":[{"href":"https:\/\/www.visit-ulcinj.com\/blog\/wp-json\/wp\/v2\/types\/post"}],"author":[{"embeddable":true,"href":"https:\/\/www.visit-ulcinj.com\/blog\/wp-json\/wp\/v2\/users\/1"}],"replies":[{"embeddable":true,"href":"https:\/\/www.visit-ulcinj.com\/blog\/wp-json\/wp\/v2\/comments?post=32059"}],"version-history":[{"count":0,"href":"https:\/\/www.visit-ulcinj.com\/blog\/wp-json\/wp\/v2\/posts\/32059\/revisions"}],"wp:attachment":[{"href":"https:\/\/www.visit-ulcinj.com\/blog\/wp-json\/wp\/v2\/media?parent=32059"}],"wp:term":[{"taxonomy":"category","embeddable":true,"href":"https:\/\/www.visit-ulcinj.com\/blog\/wp-json\/wp\/v2\/categories?post=32059"},{"taxonomy":"post_tag","embeddable":true,"href":"https:\/\/www.visit-ulcinj.com\/blog\/wp-json\/wp\/v2\/tags?post=32059"}],"curies":[{"name":"wp","href":"https:\/\/api.w.org\/{rel}","templated":true}]}}