{"id":32095,"date":"2010-04-16T19:01:05","date_gmt":"2010-04-16T17:01:05","guid":{"rendered":"http:\/\/www.visit-ulcinj.com\/blog\/?p=32095"},"modified":"2010-04-16T19:01:05","modified_gmt":"2010-04-16T17:01:05","slug":"sefkija-ljamovic-ne-radim-za-dps","status":"publish","type":"post","link":"https:\/\/www.visit-ulcinj.com\/blog\/2010\/04\/16\/sefkija-ljamovic-ne-radim-za-dps\/","title":{"rendered":"\u0160efkija Ljamovi?: Ne radim za DPS"},"content":{"rendered":"<p><strong><img loading=\"lazy\" class=\"alignleft\" title=\"Predsjednik Op\u0161tinskog sindikalnog povjereni\u0161tva Ulcinja \u0160efkija Ljamovi?\" src=\"http:\/\/www.visit-ulcinj.com\/blog\/wp-content\/uploads\/2010\/03\/Sefkija-Ljamovi%C4%87.jpg\" alt=\"\" width=\"399\" height=\"403\" \/>\u0160EF SINDIKATA U ULCINJU DEMANTUJE SNP<\/strong><br \/>\nUlcinj &#8211; Predsjednik Op\u0161tinskog sindikalnog povjereni\u0161tva Ulcinja \u0160efkija Ljamovi? odbacio je optu\u017ebe Socijalisti?ke narodne partije da je kod radnika \u201eUlcinjske rivijere\u201c lobirao za Demokratsku partiju socijalista u susret izborima 23. maja.<br \/>\nOn je reagovao na tekst \u201eDPS juri radnike\u201c, objavljen u ju?era\u0161njim \u201eVijestima\u201c, u kome je SNP optu\u017eila upravu \u201eUlcinjske rivijere\u201c da pritiska radnike tra\u017ee?i od njih pisanu podr\u0161ku DPS listi, a Ljamovi?a, koji je ?lan ulcinjskog odbora DPS-a, da je koordinirao te aktivnosti.<br \/>\n\u201cPod moralnom, materijalnom i krivi?nom odgovorno\u0161?u tvrdim da nijesam kontaktirao nijednog radnika \\&#8217;Ulcinjske rivijere\\&#8217; a kamoli koordinirao rad i skupljao potpise. Molim radnike, koji su me anonimno i preko politi?ke partije, optu\u017eili, da skupe hrabrosti i javno ka\u017eu da li je \u0160efkija Ljamovi? od njih tra\u017eio potpise ili podr\u017ee bilo koju listu\u201d, rekao je Ljamovi?.<br \/>\nU ju?era\u0161njem tekstu, SNP je navela da je u \u201eUlcinjskoj rivijeri\u201c 9. aprila po?elo potpisivanje podr\u0161ke DPS listi te da su radnici, pla\u0161e?i se odmazde, bili primorani na taj ?in.<br \/>\nKao tendenciozne i neistinite, optu\u017ebe SNP prekju?e je odbacio i direktor \u201eUlcinjske rivijere\u201c Mikan Zec. On je navode iz teksta nazvao \u201eklasi?nim klevetama\u201c.<\/p>\n<p><strong>S.A.<br \/>\n<a href=\"http:\/\/www.vijesti.me\/index.php?id_pre=335260&amp;godina=2010\" target=\"_blank\">Vijesti<\/a><\/strong><\/p>\n","protected":false},"excerpt":{"rendered":"<p>\u0160EF SINDIKATA U ULCINJU DEMANTUJE SNP Ulcinj &#8211; Predsjednik Op\u0161tinskog sindikalnog povjereni\u0161tva Ulcinja \u0160efkija Ljamovi? odbacio je optu\u017ebe Socijalisti?ke narodne partije da je kod radnika \u201eUlcinjske rivijere\u201c lobirao za Demokratsku partiju socijalista u susret izborima 23. maja. On je reagovao na tekst \u201eDPS juri radnike\u201c, objavljen u ju?era\u0161njim \u201eVijestima\u201c, u kome je SNP optu\u017eila upravu [&hellip;]<\/p>\n","protected":false},"author":1,"featured_media":0,"comment_status":"open","ping_status":"closed","sticky":false,"template":"","format":"standard","meta":{"spay_email":"","jetpack_publicize_message":"","jetpack_is_tweetstorm":false,"jetpack_publicize_feature_enabled":true},"categories":[8337],"tags":[14035,14036],"jetpack_publicize_connections":[],"yoast_head":"<!-- This site is optimized with the Yoast SEO plugin v19.1 - https:\/\/yoast.com\/wordpress\/plugins\/seo\/ -->\n<title>\u0160efkija Ljamovi?: Ne radim za DPS - Lajme nga Ulqini<\/title>\n<meta name=\"description\" content=\"\u0160EF SINDIKATA U ULCINJU DEMANTUJE SNP Ulcinj - Predsjednik Op\u0161tinskog sindikalnog povjereni\u0161tva Ulcinja \u0160efkija Ljamovi? odbacio je optu\u017ebe Socijalisti?ke\" \/>\n<meta name=\"robots\" content=\"index, follow, max-snippet:-1, max-image-preview:large, max-video-preview:-1\" \/>\n<link rel=\"canonical\" href=\"https:\/\/www.visit-ulcinj.com\/blog\/2010\/04\/16\/sefkija-ljamovic-ne-radim-za-dps\/\" \/>\n<meta property=\"og:locale\" content=\"en_US\" \/>\n<meta property=\"og:type\" content=\"article\" \/>\n<meta property=\"og:title\" content=\"\u0160efkija Ljamovi?: Ne radim za DPS - Lajme nga Ulqini\" \/>\n<meta property=\"og:description\" content=\"\u0160EF SINDIKATA U ULCINJU DEMANTUJE SNP Ulcinj - Predsjednik Op\u0161tinskog sindikalnog povjereni\u0161tva Ulcinja \u0160efkija Ljamovi? odbacio je optu\u017ebe Socijalisti?ke\" \/>\n<meta property=\"og:url\" content=\"https:\/\/www.visit-ulcinj.com\/blog\/2010\/04\/16\/sefkija-ljamovic-ne-radim-za-dps\/\" \/>\n<meta property=\"og:site_name\" content=\"Lajme nga Ulqini\" \/>\n<meta property=\"article:published_time\" content=\"2010-04-16T17:01:05+00:00\" \/>\n<meta property=\"og:image\" content=\"http:\/\/www.visit-ulcinj.com\/blog\/wp-content\/uploads\/2010\/03\/Sefkija-Ljamovi%C4%87.jpg\" \/>\n<meta name=\"twitter:label1\" content=\"Written by\" \/>\n\t<meta name=\"twitter:data1\" content=\"ulqini\" \/>\n\t<meta name=\"twitter:label2\" content=\"Est. reading time\" \/>\n\t<meta name=\"twitter:data2\" content=\"1 minute\" \/>\n<script type=\"application\/ld+json\" class=\"yoast-schema-graph\">{\"@context\":\"https:\/\/schema.org\",\"@graph\":[{\"@type\":\"WebSite\",\"@id\":\"https:\/\/www.visit-ulcinj.com\/blog\/#website\",\"url\":\"https:\/\/www.visit-ulcinj.com\/blog\/\",\"name\":\"Lajme nga Ulqini\",\"description\":\"Lajme,Vijesti,Ulqini,Ulqin,Crna Gora,Mali i Zi\",\"potentialAction\":[{\"@type\":\"SearchAction\",\"target\":{\"@type\":\"EntryPoint\",\"urlTemplate\":\"https:\/\/www.visit-ulcinj.com\/blog\/?s={search_term_string}\"},\"query-input\":\"required name=search_term_string\"}],\"inLanguage\":\"en-US\"},{\"@type\":\"ImageObject\",\"inLanguage\":\"en-US\",\"@id\":\"https:\/\/www.visit-ulcinj.com\/blog\/2010\/04\/16\/sefkija-ljamovic-ne-radim-za-dps\/#primaryimage\",\"url\":\"http:\/\/www.visit-ulcinj.com\/blog\/wp-content\/uploads\/2010\/03\/Sefkija-Ljamovi%C4%87.jpg\",\"contentUrl\":\"http:\/\/www.visit-ulcinj.com\/blog\/wp-content\/uploads\/2010\/03\/Sefkija-Ljamovi%C4%87.jpg\"},{\"@type\":\"WebPage\",\"@id\":\"https:\/\/www.visit-ulcinj.com\/blog\/2010\/04\/16\/sefkija-ljamovic-ne-radim-za-dps\/#webpage\",\"url\":\"https:\/\/www.visit-ulcinj.com\/blog\/2010\/04\/16\/sefkija-ljamovic-ne-radim-za-dps\/\",\"name\":\"\u0160efkija Ljamovi?: Ne radim za DPS - Lajme nga Ulqini\",\"isPartOf\":{\"@id\":\"https:\/\/www.visit-ulcinj.com\/blog\/#website\"},\"primaryImageOfPage\":{\"@id\":\"https:\/\/www.visit-ulcinj.com\/blog\/2010\/04\/16\/sefkija-ljamovic-ne-radim-za-dps\/#primaryimage\"},\"datePublished\":\"2010-04-16T17:01:05+00:00\",\"dateModified\":\"2010-04-16T17:01:05+00:00\",\"author\":{\"@id\":\"https:\/\/www.visit-ulcinj.com\/blog\/#\/schema\/person\/dcab619c614d3038751c63bc2aadc06d\"},\"description\":\"\u0160EF SINDIKATA U ULCINJU DEMANTUJE SNP Ulcinj - Predsjednik Op\u0161tinskog sindikalnog povjereni\u0161tva Ulcinja \u0160efkija Ljamovi? odbacio je optu\u017ebe Socijalisti?ke\",\"breadcrumb\":{\"@id\":\"https:\/\/www.visit-ulcinj.com\/blog\/2010\/04\/16\/sefkija-ljamovic-ne-radim-za-dps\/#breadcrumb\"},\"inLanguage\":\"en-US\",\"potentialAction\":[{\"@type\":\"ReadAction\",\"target\":[\"https:\/\/www.visit-ulcinj.com\/blog\/2010\/04\/16\/sefkija-ljamovic-ne-radim-za-dps\/\"]}]},{\"@type\":\"BreadcrumbList\",\"@id\":\"https:\/\/www.visit-ulcinj.com\/blog\/2010\/04\/16\/sefkija-ljamovic-ne-radim-za-dps\/#breadcrumb\",\"itemListElement\":[{\"@type\":\"ListItem\",\"position\":1,\"name\":\"\u0160efkija Ljamovi?: Ne radim za DPS\"}]},{\"@type\":\"Person\",\"@id\":\"https:\/\/www.visit-ulcinj.com\/blog\/#\/schema\/person\/dcab619c614d3038751c63bc2aadc06d\",\"name\":\"ulqini\",\"sameAs\":[\"http:\/\/www.visit-ulcinj.com\"],\"url\":\"https:\/\/www.visit-ulcinj.com\/blog\/author\/admin\/\"}]}<\/script>\n<!-- \/ Yoast SEO plugin. -->","yoast_head_json":{"title":"\u0160efkija Ljamovi?: Ne radim za DPS - Lajme nga Ulqini","description":"\u0160EF SINDIKATA U ULCINJU DEMANTUJE SNP Ulcinj - Predsjednik Op\u0161tinskog sindikalnog povjereni\u0161tva Ulcinja \u0160efkija Ljamovi? odbacio je optu\u017ebe Socijalisti?ke","robots":{"index":"index","follow":"follow","max-snippet":"max-snippet:-1","max-image-preview":"max-image-preview:large","max-video-preview":"max-video-preview:-1"},"canonical":"https:\/\/www.visit-ulcinj.com\/blog\/2010\/04\/16\/sefkija-ljamovic-ne-radim-za-dps\/","og_locale":"en_US","og_type":"article","og_title":"\u0160efkija Ljamovi?: Ne radim za DPS - Lajme nga Ulqini","og_description":"\u0160EF SINDIKATA U ULCINJU DEMANTUJE SNP Ulcinj - Predsjednik Op\u0161tinskog sindikalnog povjereni\u0161tva Ulcinja \u0160efkija Ljamovi? odbacio je optu\u017ebe Socijalisti?ke","og_url":"https:\/\/www.visit-ulcinj.com\/blog\/2010\/04\/16\/sefkija-ljamovic-ne-radim-za-dps\/","og_site_name":"Lajme nga Ulqini","article_published_time":"2010-04-16T17:01:05+00:00","og_image":[{"url":"http:\/\/www.visit-ulcinj.com\/blog\/wp-content\/uploads\/2010\/03\/Sefkija-Ljamovi%C4%87.jpg"}],"twitter_misc":{"Written by":"ulqini","Est. reading time":"1 minute"},"schema":{"@context":"https:\/\/schema.org","@graph":[{"@type":"WebSite","@id":"https:\/\/www.visit-ulcinj.com\/blog\/#website","url":"https:\/\/www.visit-ulcinj.com\/blog\/","name":"Lajme nga Ulqini","description":"Lajme,Vijesti,Ulqini,Ulqin,Crna Gora,Mali i Zi","potentialAction":[{"@type":"SearchAction","target":{"@type":"EntryPoint","urlTemplate":"https:\/\/www.visit-ulcinj.com\/blog\/?s={search_term_string}"},"query-input":"required name=search_term_string"}],"inLanguage":"en-US"},{"@type":"ImageObject","inLanguage":"en-US","@id":"https:\/\/www.visit-ulcinj.com\/blog\/2010\/04\/16\/sefkija-ljamovic-ne-radim-za-dps\/#primaryimage","url":"http:\/\/www.visit-ulcinj.com\/blog\/wp-content\/uploads\/2010\/03\/Sefkija-Ljamovi%C4%87.jpg","contentUrl":"http:\/\/www.visit-ulcinj.com\/blog\/wp-content\/uploads\/2010\/03\/Sefkija-Ljamovi%C4%87.jpg"},{"@type":"WebPage","@id":"https:\/\/www.visit-ulcinj.com\/blog\/2010\/04\/16\/sefkija-ljamovic-ne-radim-za-dps\/#webpage","url":"https:\/\/www.visit-ulcinj.com\/blog\/2010\/04\/16\/sefkija-ljamovic-ne-radim-za-dps\/","name":"\u0160efkija Ljamovi?: Ne radim za DPS - Lajme nga Ulqini","isPartOf":{"@id":"https:\/\/www.visit-ulcinj.com\/blog\/#website"},"primaryImageOfPage":{"@id":"https:\/\/www.visit-ulcinj.com\/blog\/2010\/04\/16\/sefkija-ljamovic-ne-radim-za-dps\/#primaryimage"},"datePublished":"2010-04-16T17:01:05+00:00","dateModified":"2010-04-16T17:01:05+00:00","author":{"@id":"https:\/\/www.visit-ulcinj.com\/blog\/#\/schema\/person\/dcab619c614d3038751c63bc2aadc06d"},"description":"\u0160EF SINDIKATA U ULCINJU DEMANTUJE SNP Ulcinj - Predsjednik Op\u0161tinskog sindikalnog povjereni\u0161tva Ulcinja \u0160efkija Ljamovi? odbacio je optu\u017ebe Socijalisti?ke","breadcrumb":{"@id":"https:\/\/www.visit-ulcinj.com\/blog\/2010\/04\/16\/sefkija-ljamovic-ne-radim-za-dps\/#breadcrumb"},"inLanguage":"en-US","potentialAction":[{"@type":"ReadAction","target":["https:\/\/www.visit-ulcinj.com\/blog\/2010\/04\/16\/sefkija-ljamovic-ne-radim-za-dps\/"]}]},{"@type":"BreadcrumbList","@id":"https:\/\/www.visit-ulcinj.com\/blog\/2010\/04\/16\/sefkija-ljamovic-ne-radim-za-dps\/#breadcrumb","itemListElement":[{"@type":"ListItem","position":1,"name":"\u0160efkija Ljamovi?: Ne radim za DPS"}]},{"@type":"Person","@id":"https:\/\/www.visit-ulcinj.com\/blog\/#\/schema\/person\/dcab619c614d3038751c63bc2aadc06d","name":"ulqini","sameAs":["http:\/\/www.visit-ulcinj.com"],"url":"https:\/\/www.visit-ulcinj.com\/blog\/author\/admin\/"}]}},"jetpack_featured_media_url":"","jetpack_sharing_enabled":true,"jetpack_shortlink":"https:\/\/wp.me\/pe6lTn-8lF","_links":{"self":[{"href":"https:\/\/www.visit-ulcinj.com\/blog\/wp-json\/wp\/v2\/posts\/32095"}],"collection":[{"href":"https:\/\/www.visit-ulcinj.com\/blog\/wp-json\/wp\/v2\/posts"}],"about":[{"href":"https:\/\/www.visit-ulcinj.com\/blog\/wp-json\/wp\/v2\/types\/post"}],"author":[{"embeddable":true,"href":"https:\/\/www.visit-ulcinj.com\/blog\/wp-json\/wp\/v2\/users\/1"}],"replies":[{"embeddable":true,"href":"https:\/\/www.visit-ulcinj.com\/blog\/wp-json\/wp\/v2\/comments?post=32095"}],"version-history":[{"count":0,"href":"https:\/\/www.visit-ulcinj.com\/blog\/wp-json\/wp\/v2\/posts\/32095\/revisions"}],"wp:attachment":[{"href":"https:\/\/www.visit-ulcinj.com\/blog\/wp-json\/wp\/v2\/media?parent=32095"}],"wp:term":[{"taxonomy":"category","embeddable":true,"href":"https:\/\/www.visit-ulcinj.com\/blog\/wp-json\/wp\/v2\/categories?post=32095"},{"taxonomy":"post_tag","embeddable":true,"href":"https:\/\/www.visit-ulcinj.com\/blog\/wp-json\/wp\/v2\/tags?post=32095"}],"curies":[{"name":"wp","href":"https:\/\/api.w.org\/{rel}","templated":true}]}}