{"id":321,"date":"2008-01-28T15:17:34","date_gmt":"2008-01-28T20:17:34","guid":{"rendered":"http:\/\/www.visit-ulcinj.com\/blog\/2008\/01\/28\/kosova-dhe-be\/"},"modified":"2008-02-12T20:04:12","modified_gmt":"2008-02-13T01:04:12","slug":"kosova-dhe-be","status":"publish","type":"post","link":"https:\/\/www.visit-ulcinj.com\/blog\/2008\/01\/28\/kosova-dhe-be\/","title":{"rendered":"Kosova dhe BE"},"content":{"rendered":"<p><img loading=\"lazy\" src=\"http:\/\/superpanoramas.com\/eu\/images\/EU%20Flag%20Bkgnd2.jpg\" align=\"left\" height=\"124\" hspace=\"2\" vspace=\"2\" width=\"180\" \/><strong><a href=\"http:\/\/www.kohajavore.cg.yu\" title=\"Me Evrop\u00ebn p\u00ebr Evrop\u00eb\" target=\"_blank\">Me Evrop\u00ebn p\u00ebr Evrop\u00eb<\/a><\/strong><br \/>\nPrishtina nuk ka nevoj\u00eb q\u00eb t\u00eb gjitha 27 vendet an\u00ebtare t\u00eb BE-s\u00eb ta njohin pav\u00ebrsin\u00eb e saj menj\u00ebher\u00eb, p\u00ebrderisa nj\u00eb gj\u00eb t\u00eb till\u00eb do ta b\u00ebjn\u00eb dikur. Mjafton q\u00eb Franca, Britania e Madhe dhe Gjermania do ta njohin, nj\u00ebjt\u00eb sikur edhe Italia. Kjo do t\u00eb koordinohet me SHBA-n\u00eb,<!--more--> e cila do ta njoh\u00eb pavar\u00ebsin\u00eb, p\u00ebrderisa Sllovenia do t\u00eb p\u00ebrpiqet ta mbaj\u00eb BE-n\u00eb t\u00eb bashkuar rreth vendimit p\u00ebr d\u00ebrgimin e misionit n\u00eb Kosov\u00eb.Saga e Ballkanit vazhdon. Statusi i Kosov\u00ebs pak a shum\u00eb \u00ebsht\u00eb zgjidhur por niveli i paqart\u00ebsis\u00eb politike n\u00eb rajonin e Ballkanit ende vazhdon t\u00eb rritet. Zgjedhjet presidenciale serbe jan\u00eb n\u00eb prag, dhe \u00ebsht\u00eb e mundur q\u00eb presidenti Tadiq dhe Partia e tij Demokratike t\u00eb humb\u00eb karshi radikal\u00ebve t\u00eb Nikoliqit dhe Sheshelit. Kjo od t\u00eb mund t\u00eb shkaktonte nj\u00eb kriz\u00eb qeveritare, duke i komplikuar k\u00ebshtu edhe m\u00eb shum\u00eb marr\u00ebdh\u00ebniet e Serbis\u00eb me Bashkimin Evropian, dhe pastaj edhe t\u00eb Evrop\u00ebs me Kosov\u00ebn.<br \/>\nBosnja \u00ebsht\u00eb n\u00eb balanc\u00eb si \u00e7doher\u00eb. P\u00ebrparim po b\u00ebhet n\u00eb disa fronte n\u00eb Bosnj\u00eb, p\u00ebrfshir\u00eb ekonomin\u00eb dhe reformat e siguris\u00eb, por ndasit\u00eb politike jan\u00eb t\u00eb thella nd\u00ebrmjet tri grupeve etnike. Kjo nuk do t\u00eb thot\u00eb se Bosnja do t\u00eb \u00e7ahet. Megjithat\u00eb, p\u00ebrparimi i saj drejt stabilitetit dhe p\u00ebrmir\u00ebsimit t\u00eb v\u00ebrtet\u00eb ekonomik do t\u00eb mbetet i ngadalsh\u00ebm.<br \/>\nFtesa p\u00ebr an\u00ebtar\u00ebsim Maqedonis\u00eb n\u00eb samitin e NATO-s n\u00eb muajin prill \u00ebsht\u00eb ende e paqart\u00eb, ngjash\u00ebm si ajo p\u00ebr Shqip\u00ebrin\u00eb. N\u00ebse k\u00ebto dy fqinje jugore t\u00eb Kosov\u00ebs nuk do t\u00eb ftohen n\u00eb Aleanc\u00ebn Veriatlantike n\u00eb prill, strukturat e tyre politike do t\u00eb hyjn\u00eb n\u00eb nj\u00eb kriz\u00eb.<br \/>\nKryeministri i ri i Kosov\u00ebs duhet t\u00eb b\u00ebj\u00eb nj\u00eb vler\u00ebsim t\u00eb kujdessh\u00ebm t\u00eb trend\u00ebve rajonal\u00eb, n\u00eb m\u00ebnyr\u00eb q\u00eb t\u00eb adaptoj\u00eb strategjin\u00eb m\u00eb t\u00eb mir\u00eb t\u00eb mundshme p\u00ebr ta \u00e7uar Kosov\u00ebn drejt pavar\u00ebsis\u00eb aq shum\u00eb t\u00eb pritur t\u00eb saj. pavar\u00ebsia &#8220;e ushqyer&#8221; me forc\u00eb apo me arm\u00eb n\u00eb k\u00ebt\u00eb moment \u00ebsht\u00eb kund\u00ebrproduktive. Pse? Sepse durimi n\u00eb Bashkimin Evropian dhe n\u00eb Shtetet e Bashkuara t\u00eb Amerik\u00ebs p\u00ebr nj\u00eban\u00ebsi t\u00eb re ballkanike \u00ebsht\u00eb shum\u00eb i vog\u00ebl. ne po k\u00ebrkojm\u00eb zgjidhje multilaterale me nj\u00eb kontekst evropian, q\u00eb \u00ebsht\u00eb sakt\u00ebsisht ajo q\u00eb do t\u00eb jet\u00eb Kosova, n\u00ebse gjith\u00e7ka shkon si duhet.<br \/>\nP\u00ebr shumic\u00ebn e an\u00ebtar\u00ebve t\u00eb BE-s\u00eb, Kosova e pavarur \u00ebsht\u00eb zgjidhja e vetme. Franca, Gjermania, Britania e Madhe dhe nj\u00eb num\u00eb i shteteve t\u00eb tjera t\u00eb vogla, p\u00ebrfshir\u00eb Sllovenin\u00eb, e cila aktualin kryesor me BE-n\u00eb, tani haptazi e p\u00ebrkrahin k\u00ebt\u00eb pozicion. BE-ja po ashtu ka vendosur se nuk do ta shtyj\u00eb m\u00eb shum\u00eb k\u00ebt\u00eb proces. Status quo-ja kaher\u00eb \u00ebsht\u00eb vler\u00ebsuar si e paq\u00ebndrueshme, dhe tani, BE-ja gjithashtu pajtohet se negociatat shtes\u00eb nuk do t\u00eb sjellin rezultate t\u00eb reja.<br \/>\nBrukseli dhe kryeqytetet e tjera t\u00eb m\u00ebdha jan\u00eb t\u00eb pak\u00ebnaqura me q\u00ebndrimin rus p\u00ebr Kosov\u00ebn. Edhe pse ky \u00ebsht\u00eb problem evropian, Rusia po i lidh krejt haptazi interesat e veta t\u00eb energjis\u00eb me k\u00ebt\u00eb \u00e7\u00ebshtje. &#8220;Gazpromi&#8221; rus po p\u00ebrpiqet t\u00eb krijoj\u00eb kontroll mbi tregun e energjis\u00eb t\u00eb Serbis\u00eb dhe n\u00ebp\u00ebrmjet tij, t\u00eb nd\u00ebrtoj\u00eb p\u00ebr vete nj\u00eb pozit\u00eb dominuese n\u00eb Evrop\u00ebn Juglindore. Nj\u00eb tubacion i ri n\u00eb territorin e BE-s\u00eb do ta thelloj\u00eb m\u00eb shum\u00eb var\u00ebsin\u00eb strategjike t\u00eb Evrop\u00ebs n\u00eb gazin rus, e cila gj\u00eb do t\u00eb thot\u00eb n\u00eb m\u00ebnyr\u00eb indirekte ndikim m\u00eb i madh direkt rus n\u00eb politik\u00ebb\u00ebrjen e BE-s\u00eb. Askush n\u00eb BE nuk e do k\u00ebt\u00eb.<br \/>\nN\u00eb vend se ta shtyjn\u00eb Rusin\u00eb disa hapa pas evropian\u00ebt jan\u00eb duke e ndryshuar qasjen n\u00eb \u00e7\u00ebshtjet e politik\u00ebs s\u00eb jashtme dhe t\u00eb siguris\u00eb. Kosova, sipas Presidenc\u00ebs Sllovene, \u00ebsht\u00eb nj\u00eb \u00e7\u00ebshtje evropiane dhe BE-ja duhet ta ken\u00eb nj\u00eb mision p\u00ebrsiguri dhe drejt\u00ebsi n\u00eb Kosov\u00eb, pavar\u00ebsisht faktit se jo t\u00eb gjitha shtetet jan\u00eb t\u00eb gatshme ta njohin at\u00eb.<br \/>\nPor, kjo \u00ebsht\u00eb n\u00eb rregull. Prishtina nuk ka nevoj\u00eb q\u00eb t\u00eb gjitha 27 vendet an\u00ebtare t\u00eb BE-s\u00eb ta njohin pavar\u00ebsin\u00eb e saj menj\u00ebher\u00eb, p\u00ebrderisa nj\u00eb gj\u00eb t\u00eb till\u00eb do ta b\u00ebjn \u00ebdikur. Mjafton ta dim\u00eb se Franca, Britania e Madhe dhe Gjermania do ta b\u00ebjn\u00eb njohjen, n\u00ebjt\u00eb sikur edhe Italia. Kjo do t\u00eb koordinohet me SHBA-n\u00eb. Washingtoni do ta njoh\u00eb pavr\u00ebsin\u00eb e Kosov\u00ebs menj\u00ebher\u00eb, p\u00ebrderisa Sllovenia do t\u00eb punoj\u00eb q\u00eb t`i mbaj\u00eb 27 shtetet an\u00ebtare t\u00eb bashkuara dhe n\u00eb p\u00ebrkrahje t\u00eb bashkuara dhe n\u00eb p\u00ebrkahje t\u00eb p\u00ebrfundimeve t\u00eb nxjerra n\u00eb takimin e K\u00ebshillit t\u00eb BE-s\u00eb, m\u00eb 17 dhjetor t\u00eb vitit t\u00eb kaluar, ku lider\u00ebt evropian\u00eb jan\u00eb pajtuar q\u00eb t\u00eb d\u00ebrgojn\u00eb n\u00eb Kosov\u00eb Misionin p\u00ebr siguri dhedrjt\u00ebsi. Ljubjana po ashtu do t\u00eb siguroj\u00eb se misioni i BE-s\u00eb do t\u00eb jet\u00eb ngusht i lidhur me kOmsioinin dhe k\u00ebshtu t\u00eb ofroj\u00eb perspektiv\u00eb reale t\u00eb Kosov\u00ebs p\u00ebr BE-n\u00eb.<br \/>\nStrategjia p\u00ebr Prishtin\u00ebn \u00ebsht\u00eb ecja p\u00ebrpara. S\u00eb pari, kryeministri duhet t`i ik\u00eb p\u00ebrfshirjes n\u00eb formate, t\u00eb cilat l\u00ebn\u00eb p\u00ebrshtypjen se Kosova \u00ebsht\u00eb ende n\u00eb duar t\u00eb K\u00ebshillit t\u00eb Sigurimit, nuk \u00ebsht\u00eb. T\u00eb gjith\u00eb an\u00ebtar\u00ebt e K\u00ebshillit t\u00eb Sigurimit t\u00eb OKB-s\u00eb, p\u00ebre\u00e7 Rusis\u00eb, jan\u00eb pajtuar n\u00eb dhejtor se K\u00ebshilli i Sigurimit nuk \u00ebsht\u00eb n\u00eb gjendje t\u00eb arrij\u00eb nj\u00eb vendim p\u00ebr k\u00ebt\u00eb dhe se secili shtet do t`i marr\u00eb p\u00ebrgjegj\u00ebsit\u00eb e veta individuale p\u00ebr t\u00eb p\u00ebrforcuar sigurin\u00eb rajonale. K\u00ebshtu, nuk ka nevoj\u00eb q\u00eb Tha\u00e7i ta vizitoj\u00eb New Yorkun n\u00eb muajt e ardhsh\u00ebm. Kjo \u00ebsht\u00eb m\u00eb mir\u00eb t\u00eb shfryt\u00ebzohet p\u00ebr t\u00eb koordinuar me evropian\u00ebt holl\u00ebsit\u00eb dhe koh\u00ebn e misionit t\u00eb tyre n\u00eb Kosov\u00eb. kjo do t\u00eb thot\u00eb t\u00eb q\u00ebndrohet n\u00eb kontaktet t\u00eb af\u00ebrta me kryeqytetet kryesore t\u00eb BE-s\u00eb, me Brukselin dhe me Lubjan\u00ebn, e cila tani e kryeson BE-n\u00eb. Mbi t\u00eb gjitha, Kosova ka nevoj\u00eb t\u00eb besoj\u00eb se Evropa do t\u00eb vazhdoj\u00eb p\u00ebrpara me njohjen e pavar\u00ebsis\u00eb s\u00eb Kosov\u00ebs. besimi do t\u00eb krijohet n\u00ebse t\u00eb dy pal\u00ebt jan\u00eb n\u00eb kontakt t\u00eb ngusht\u00eb. Tha\u00e7i duhet po ahstu t\u00eb krijoj\u00eb nj\u00eb pozit\u00eb t\u00eb re n\u00eb kabinetin e tij, nj\u00eb k\u00ebshilltar p\u00ebr \u00e7\u00ebshtje t\u00eb BE-s\u00eb, i cil do t\u00eb punoj\u00eb n\u00eb m\u00ebnyr\u00eb ekskluzive n\u00eb menaxhimin e proesit politik BE-Kosov\u00eb.<br \/>\n(Autori \u00ebsht\u00eb themelues dhe drejtor i Institutit p\u00ebr Studime Strategjike n\u00eb Lubjan\u00eb.)<br \/>\nBorut Grgiq <img loading=\"lazy\" src=\"http:\/\/www.kohajavore.cg.yu\/koha.jpg\" align=\"right\" height=\"42\" width=\"175\" \/><\/p>\n","protected":false},"excerpt":{"rendered":"<p><img loading=\"lazy\" src=\"http:\/\/superpanoramas.com\/eu\/images\/EU%20Flag%20Bkgnd2.jpg\" height=\"140\" width=\"140\" \/><\/p>\n","protected":false},"author":1,"featured_media":0,"comment_status":"open","ping_status":"closed","sticky":false,"template":"","format":"standard","meta":{"spay_email":"","jetpack_publicize_message":"","jetpack_is_tweetstorm":false,"jetpack_publicize_feature_enabled":true},"categories":[14],"tags":[],"jetpack_publicize_connections":[],"yoast_head":"<!-- This site is optimized with the Yoast SEO plugin v19.1 - https:\/\/yoast.com\/wordpress\/plugins\/seo\/ -->\n<title>Kosova dhe BE - Lajme nga Ulqini<\/title>\n<meta name=\"robots\" content=\"index, follow, max-snippet:-1, max-image-preview:large, max-video-preview:-1\" \/>\n<link rel=\"canonical\" href=\"https:\/\/www.visit-ulcinj.com\/blog\/2008\/01\/28\/kosova-dhe-be\/\" \/>\n<meta property=\"og:locale\" content=\"en_US\" \/>\n<meta property=\"og:type\" content=\"article\" \/>\n<meta property=\"og:title\" content=\"Kosova dhe BE - Lajme nga Ulqini\" \/>\n<meta property=\"og:url\" content=\"https:\/\/www.visit-ulcinj.com\/blog\/2008\/01\/28\/kosova-dhe-be\/\" \/>\n<meta property=\"og:site_name\" content=\"Lajme nga Ulqini\" \/>\n<meta property=\"article:published_time\" content=\"2008-01-28T20:17:34+00:00\" \/>\n<meta property=\"article:modified_time\" content=\"2008-02-13T01:04:12+00:00\" \/>\n<meta property=\"og:image\" content=\"http:\/\/superpanoramas.com\/eu\/images\/EU%20Flag%20Bkgnd2.jpg\" \/>\n<meta name=\"twitter:label1\" content=\"Written by\" \/>\n\t<meta name=\"twitter:data1\" content=\"ulqini\" \/>\n\t<meta name=\"twitter:label2\" content=\"Est. reading time\" \/>\n\t<meta name=\"twitter:data2\" content=\"6 minutes\" \/>\n<script type=\"application\/ld+json\" class=\"yoast-schema-graph\">{\"@context\":\"https:\/\/schema.org\",\"@graph\":[{\"@type\":\"WebSite\",\"@id\":\"https:\/\/www.visit-ulcinj.com\/blog\/#website\",\"url\":\"https:\/\/www.visit-ulcinj.com\/blog\/\",\"name\":\"Lajme nga Ulqini\",\"description\":\"Lajme,Vijesti,Ulqini,Ulqin,Crna Gora,Mali i Zi\",\"potentialAction\":[{\"@type\":\"SearchAction\",\"target\":{\"@type\":\"EntryPoint\",\"urlTemplate\":\"https:\/\/www.visit-ulcinj.com\/blog\/?s={search_term_string}\"},\"query-input\":\"required name=search_term_string\"}],\"inLanguage\":\"en-US\"},{\"@type\":\"ImageObject\",\"inLanguage\":\"en-US\",\"@id\":\"https:\/\/www.visit-ulcinj.com\/blog\/2008\/01\/28\/kosova-dhe-be\/#primaryimage\",\"url\":\"http:\/\/superpanoramas.com\/eu\/images\/EU%20Flag%20Bkgnd2.jpg\",\"contentUrl\":\"http:\/\/superpanoramas.com\/eu\/images\/EU%20Flag%20Bkgnd2.jpg\"},{\"@type\":\"WebPage\",\"@id\":\"https:\/\/www.visit-ulcinj.com\/blog\/2008\/01\/28\/kosova-dhe-be\/#webpage\",\"url\":\"https:\/\/www.visit-ulcinj.com\/blog\/2008\/01\/28\/kosova-dhe-be\/\",\"name\":\"Kosova dhe BE - Lajme nga Ulqini\",\"isPartOf\":{\"@id\":\"https:\/\/www.visit-ulcinj.com\/blog\/#website\"},\"primaryImageOfPage\":{\"@id\":\"https:\/\/www.visit-ulcinj.com\/blog\/2008\/01\/28\/kosova-dhe-be\/#primaryimage\"},\"datePublished\":\"2008-01-28T20:17:34+00:00\",\"dateModified\":\"2008-02-13T01:04:12+00:00\",\"author\":{\"@id\":\"https:\/\/www.visit-ulcinj.com\/blog\/#\/schema\/person\/dcab619c614d3038751c63bc2aadc06d\"},\"breadcrumb\":{\"@id\":\"https:\/\/www.visit-ulcinj.com\/blog\/2008\/01\/28\/kosova-dhe-be\/#breadcrumb\"},\"inLanguage\":\"en-US\",\"potentialAction\":[{\"@type\":\"ReadAction\",\"target\":[\"https:\/\/www.visit-ulcinj.com\/blog\/2008\/01\/28\/kosova-dhe-be\/\"]}]},{\"@type\":\"BreadcrumbList\",\"@id\":\"https:\/\/www.visit-ulcinj.com\/blog\/2008\/01\/28\/kosova-dhe-be\/#breadcrumb\",\"itemListElement\":[{\"@type\":\"ListItem\",\"position\":1,\"name\":\"Kosova dhe BE\"}]},{\"@type\":\"Person\",\"@id\":\"https:\/\/www.visit-ulcinj.com\/blog\/#\/schema\/person\/dcab619c614d3038751c63bc2aadc06d\",\"name\":\"ulqini\",\"sameAs\":[\"http:\/\/www.visit-ulcinj.com\"],\"url\":\"https:\/\/www.visit-ulcinj.com\/blog\/author\/admin\/\"}]}<\/script>\n<!-- \/ Yoast SEO plugin. -->","yoast_head_json":{"title":"Kosova dhe BE - Lajme nga Ulqini","robots":{"index":"index","follow":"follow","max-snippet":"max-snippet:-1","max-image-preview":"max-image-preview:large","max-video-preview":"max-video-preview:-1"},"canonical":"https:\/\/www.visit-ulcinj.com\/blog\/2008\/01\/28\/kosova-dhe-be\/","og_locale":"en_US","og_type":"article","og_title":"Kosova dhe BE - Lajme nga Ulqini","og_url":"https:\/\/www.visit-ulcinj.com\/blog\/2008\/01\/28\/kosova-dhe-be\/","og_site_name":"Lajme nga Ulqini","article_published_time":"2008-01-28T20:17:34+00:00","article_modified_time":"2008-02-13T01:04:12+00:00","og_image":[{"url":"http:\/\/superpanoramas.com\/eu\/images\/EU%20Flag%20Bkgnd2.jpg"}],"twitter_misc":{"Written by":"ulqini","Est. reading time":"6 minutes"},"schema":{"@context":"https:\/\/schema.org","@graph":[{"@type":"WebSite","@id":"https:\/\/www.visit-ulcinj.com\/blog\/#website","url":"https:\/\/www.visit-ulcinj.com\/blog\/","name":"Lajme nga Ulqini","description":"Lajme,Vijesti,Ulqini,Ulqin,Crna Gora,Mali i Zi","potentialAction":[{"@type":"SearchAction","target":{"@type":"EntryPoint","urlTemplate":"https:\/\/www.visit-ulcinj.com\/blog\/?s={search_term_string}"},"query-input":"required name=search_term_string"}],"inLanguage":"en-US"},{"@type":"ImageObject","inLanguage":"en-US","@id":"https:\/\/www.visit-ulcinj.com\/blog\/2008\/01\/28\/kosova-dhe-be\/#primaryimage","url":"http:\/\/superpanoramas.com\/eu\/images\/EU%20Flag%20Bkgnd2.jpg","contentUrl":"http:\/\/superpanoramas.com\/eu\/images\/EU%20Flag%20Bkgnd2.jpg"},{"@type":"WebPage","@id":"https:\/\/www.visit-ulcinj.com\/blog\/2008\/01\/28\/kosova-dhe-be\/#webpage","url":"https:\/\/www.visit-ulcinj.com\/blog\/2008\/01\/28\/kosova-dhe-be\/","name":"Kosova dhe BE - Lajme nga Ulqini","isPartOf":{"@id":"https:\/\/www.visit-ulcinj.com\/blog\/#website"},"primaryImageOfPage":{"@id":"https:\/\/www.visit-ulcinj.com\/blog\/2008\/01\/28\/kosova-dhe-be\/#primaryimage"},"datePublished":"2008-01-28T20:17:34+00:00","dateModified":"2008-02-13T01:04:12+00:00","author":{"@id":"https:\/\/www.visit-ulcinj.com\/blog\/#\/schema\/person\/dcab619c614d3038751c63bc2aadc06d"},"breadcrumb":{"@id":"https:\/\/www.visit-ulcinj.com\/blog\/2008\/01\/28\/kosova-dhe-be\/#breadcrumb"},"inLanguage":"en-US","potentialAction":[{"@type":"ReadAction","target":["https:\/\/www.visit-ulcinj.com\/blog\/2008\/01\/28\/kosova-dhe-be\/"]}]},{"@type":"BreadcrumbList","@id":"https:\/\/www.visit-ulcinj.com\/blog\/2008\/01\/28\/kosova-dhe-be\/#breadcrumb","itemListElement":[{"@type":"ListItem","position":1,"name":"Kosova dhe BE"}]},{"@type":"Person","@id":"https:\/\/www.visit-ulcinj.com\/blog\/#\/schema\/person\/dcab619c614d3038751c63bc2aadc06d","name":"ulqini","sameAs":["http:\/\/www.visit-ulcinj.com"],"url":"https:\/\/www.visit-ulcinj.com\/blog\/author\/admin\/"}]}},"jetpack_featured_media_url":"","jetpack_sharing_enabled":true,"jetpack_shortlink":"https:\/\/wp.me\/pe6lTn-5b","_links":{"self":[{"href":"https:\/\/www.visit-ulcinj.com\/blog\/wp-json\/wp\/v2\/posts\/321"}],"collection":[{"href":"https:\/\/www.visit-ulcinj.com\/blog\/wp-json\/wp\/v2\/posts"}],"about":[{"href":"https:\/\/www.visit-ulcinj.com\/blog\/wp-json\/wp\/v2\/types\/post"}],"author":[{"embeddable":true,"href":"https:\/\/www.visit-ulcinj.com\/blog\/wp-json\/wp\/v2\/users\/1"}],"replies":[{"embeddable":true,"href":"https:\/\/www.visit-ulcinj.com\/blog\/wp-json\/wp\/v2\/comments?post=321"}],"version-history":[{"count":0,"href":"https:\/\/www.visit-ulcinj.com\/blog\/wp-json\/wp\/v2\/posts\/321\/revisions"}],"wp:attachment":[{"href":"https:\/\/www.visit-ulcinj.com\/blog\/wp-json\/wp\/v2\/media?parent=321"}],"wp:term":[{"taxonomy":"category","embeddable":true,"href":"https:\/\/www.visit-ulcinj.com\/blog\/wp-json\/wp\/v2\/categories?post=321"},{"taxonomy":"post_tag","embeddable":true,"href":"https:\/\/www.visit-ulcinj.com\/blog\/wp-json\/wp\/v2\/tags?post=321"}],"curies":[{"name":"wp","href":"https:\/\/api.w.org\/{rel}","templated":true}]}}