{"id":32109,"date":"2010-04-17T15:05:43","date_gmt":"2010-04-17T13:05:43","guid":{"rendered":"http:\/\/www.visit-ulcinj.com\/blog\/?p=32109"},"modified":"2010-04-17T15:05:43","modified_gmt":"2010-04-17T13:05:43","slug":"jedan-od-nekadasnjihprospekataulcinja","status":"publish","type":"post","link":"https:\/\/www.visit-ulcinj.com\/blog\/2010\/04\/17\/jedan-od-nekadasnjihprospekataulcinja\/","title":{"rendered":"Jedan od nekada\u0161njih&#8221;prospekata&#8221;Ulcinja"},"content":{"rendered":"<p><a href=\"http:\/\/www.visit-ulcinj.com\/blog\/wp-content\/uploads\/2010\/04\/nekadasnji-prospekat-Ulcinja.jpg\"><img loading=\"lazy\" class=\"alignleft size-full wp-image-32110\" title=\"nekadasnji prospekat Ulcinja\" src=\"http:\/\/www.visit-ulcinj.com\/blog\/wp-content\/uploads\/2010\/04\/nekadasnji-prospekat-Ulcinja.jpg\" alt=\"nekadasnji prospekat Ulcinja\" width=\"580\" height=\"400\" \/><\/a>Jedan od nekada\u0161njih&#8221;prospekata&#8221; na\u0161eg grada iz zlatnih vremena na\u0161eg  turizma. Nalazi se u mojoj maloj, skromnoj biblioteci i zaista je pravi  dragulj. Ra?en je u vrijeme kada je ovdje kod nas bilo pravog turizma i  pravih gostiju. Gostiju je  bilo iz  one velike zemlje, i naravno, i   onih  drugihi, stranaca, iz svih krajeva svijeta.<br \/>\nZa  informaciju mla?im ?itaocima fcb. stranci su kod nas uglavnom dolazili  iz Njema?kog govornog podru?ja, i na svakom koraku se mogao ?uti  Njema?ki jezik. Ja, ?esto pjesni?ki ka\u017eem, da je grad tada mirisao na  neke druge parfeme, posebno se to osje?alo na  uskim uli?iama me?u  drevne zidine Starog grada. Mi stariji, koji smo radili u tom turizmu,   nostalgi?ni smo i te\u0161ko se mirimo sa ?injenicom da tog turizma vi\u0161e kod  nas nema&#8230;Ne?e ga biti ni u dogledno vrijeme, uzimaju?i u obzir stanje  na\u0161ih hotela,  prezentaciju na\u0161eg turizma po sajmovima, sposobnost  odnosno nesposobnost ljudi koji rade u turizmu itd. Naravno, va\u017eno je i  mjesto na  kojemu se na\u0161 grad nalazi na  turisti?koj karti Crne Gore.  Na\u017ealost i tu je politika umije\u0161ala svoje prste pa je svima ovdje jasno,  gdje nam je aktuelna vlast odredila mjesto.<br \/>\n&#8220;Morsko dobro&#8221; sa  sjedi\u0161tem u Budvi koju narod ovdje i naziva &#8220;Morsko zlo&#8221; uzima skoro  sve odavde.To je institucija dr\u017eave,  Republike Crne Gore, koja sa 57  odsto, samo na teritoriji na\u0161e op\u0161tine ubira sva dobra, dok 43 odsto u  svim ostalim op\u0161tinama na\u0161e obale. Dakle paradoks, za &#8220;Ginisa&#8221;  To   govori samo po sebi o odnosu Dr\u017eave prema na\u0161em gradu.  A mi smo i kao  grad i kao narod ovoj Dr\u017eavi mnogo dali. Vi\u0161e od 85 odsto  gra?ana ovog  grada je reklo &#8220;da&#8221; na Referendumu za Nezavisnu Crnu Goru. Zamislite,  sjedi\u0161te &#8220;Morskog dobra&#8221; u Budvi, sa vi\u0161e od 50  zaposlenih direktora i  direktor?i?a, smje\u0161tenih u modernoj zgradi sa velikim primanjima, i  ostatkom od par miliona za svoje d\u017eepove, i investicije, ali ne  i za  investicije kod nas u Ulcinju. Dakle, odakle se i najvi\u0161e uzima. U   Ulcinju, dakle ovom narodu, i ovo gradu,  ni\u0161ta ne vra?aju. Za njih ne  va\u017ei ono zlatno pravilo iz ljubavi, da kada uzimate, morate  i da date.   Ovdje im je ljubav jednostrana. U Ulcinju imaju samo jednog zaposlenog,  jednog tihog  i mirnog ?ovjeka,  sa jednim fotoaparatom.. Dodu\u0161e, da ne  grije\u0161im du\u0161u, po?eli su da grade jednu malu &#8220;marinu&#8221;, koju sam ja  nazvao&#8221;Jakuzzi&#8221;,   jer  je toliko  smanjena i mala,.. Radovi su stali,  ono malo mehanizacije i par radnika je po\u0161lo da radi negdje gdje je  va\u017enije, a kada ?e se ovdje vratiti i    kada ?e je zavr\u0161iti&#8230;to samo  Onaj  gore zna.<br \/>\nAli,  da se vratim jo\u0161 jednom, prospektu koji je  nekada krasio sve agencije po svim robnim ku?ama po gradovima Njema?ke ,  Austrije, Svajcarske i drugih zemalja. U gro planu se nalazi  fotografija prelijepe dame u albanskoj nacionalnoj no\u0161nji.  Slike  hotela, pla\u017ea i svega onog \u0161to je ?inilo turisti?ku ponudu na\u0161eg grada u  prelijepom koloru, i  sa kratkim propratnim tekstovima se nalaze  na  unutra\u0161njim stranicama&#8230;.<\/p>\n<p><strong><span><a href=\"http:\/\/www.facebook.com\/profile.php?id=1359492972\">Ismet  Karamanaga<\/a><\/span><a href=\"http:\/\/www.facebook.com\/profile.php?id=1359492972\"> Facebook<\/a><\/strong><\/p>\n<p>[flv width=&#8221;580&#8243;  height=&#8221;400&#8243;]http:\/\/video.zoover.nl\/media\/play\/2010\/01\/20100125130811_025.flv[\/flv]<\/p>\n","protected":false},"excerpt":{"rendered":"<p>Jedan od nekada\u0161njih&#8221;prospekata&#8221; na\u0161eg grada iz zlatnih vremena na\u0161eg turizma. Nalazi se u mojoj maloj, skromnoj biblioteci i zaista je pravi dragulj. Ra?en je u vrijeme kada je ovdje kod nas bilo pravog turizma i pravih gostiju. Gostiju je bilo iz one velike zemlje, i naravno, i onih drugihi, stranaca, iz svih krajeva svijeta. Za [&hellip;]<\/p>\n","protected":false},"author":1,"featured_media":0,"comment_status":"open","ping_status":"closed","sticky":false,"template":"","format":"standard","meta":{"spay_email":"","jetpack_publicize_message":"","jetpack_is_tweetstorm":false,"jetpack_publicize_feature_enabled":true},"categories":[13],"tags":[306,14037],"jetpack_publicize_connections":[],"yoast_head":"<!-- This site is optimized with the Yoast SEO plugin v19.1 - https:\/\/yoast.com\/wordpress\/plugins\/seo\/ -->\n<title>Jedan od nekada\u0161njih&quot;prospekata&quot;Ulcinja - Lajme nga Ulqini<\/title>\n<meta name=\"description\" content=\"Jedan od nekada\u0161njih&quot;prospekata&quot; na\u0161eg grada iz zlatnih vremena na\u0161eg turizma. Nalazi se u mojoj maloj, skromnoj biblioteci i zaista je pravi dragulj.\" \/>\n<meta name=\"robots\" content=\"index, follow, max-snippet:-1, max-image-preview:large, max-video-preview:-1\" \/>\n<link rel=\"canonical\" href=\"https:\/\/www.visit-ulcinj.com\/blog\/2010\/04\/17\/jedan-od-nekadasnjihprospekataulcinja\/\" \/>\n<meta property=\"og:locale\" content=\"en_US\" \/>\n<meta property=\"og:type\" content=\"article\" \/>\n<meta property=\"og:title\" content=\"Jedan od nekada\u0161njih&quot;prospekata&quot;Ulcinja - Lajme nga Ulqini\" \/>\n<meta property=\"og:description\" content=\"Jedan od nekada\u0161njih&quot;prospekata&quot; na\u0161eg grada iz zlatnih vremena na\u0161eg turizma. Nalazi se u mojoj maloj, skromnoj biblioteci i zaista je pravi dragulj.\" \/>\n<meta property=\"og:url\" content=\"https:\/\/www.visit-ulcinj.com\/blog\/2010\/04\/17\/jedan-od-nekadasnjihprospekataulcinja\/\" \/>\n<meta property=\"og:site_name\" content=\"Lajme nga Ulqini\" \/>\n<meta property=\"article:published_time\" content=\"2010-04-17T13:05:43+00:00\" \/>\n<meta property=\"og:image\" content=\"http:\/\/www.visit-ulcinj.com\/blog\/wp-content\/uploads\/2010\/04\/nekadasnji-prospekat-Ulcinja.jpg\" \/>\n<meta name=\"twitter:label1\" content=\"Written by\" \/>\n\t<meta name=\"twitter:data1\" content=\"ulqini\" \/>\n\t<meta name=\"twitter:label2\" content=\"Est. reading time\" \/>\n\t<meta name=\"twitter:data2\" content=\"3 minutes\" \/>\n<script type=\"application\/ld+json\" class=\"yoast-schema-graph\">{\"@context\":\"https:\/\/schema.org\",\"@graph\":[{\"@type\":\"WebSite\",\"@id\":\"https:\/\/www.visit-ulcinj.com\/blog\/#website\",\"url\":\"https:\/\/www.visit-ulcinj.com\/blog\/\",\"name\":\"Lajme nga Ulqini\",\"description\":\"Lajme,Vijesti,Ulqini,Ulqin,Crna Gora,Mali i Zi\",\"potentialAction\":[{\"@type\":\"SearchAction\",\"target\":{\"@type\":\"EntryPoint\",\"urlTemplate\":\"https:\/\/www.visit-ulcinj.com\/blog\/?s={search_term_string}\"},\"query-input\":\"required name=search_term_string\"}],\"inLanguage\":\"en-US\"},{\"@type\":\"ImageObject\",\"inLanguage\":\"en-US\",\"@id\":\"https:\/\/www.visit-ulcinj.com\/blog\/2010\/04\/17\/jedan-od-nekadasnjihprospekataulcinja\/#primaryimage\",\"url\":\"https:\/\/www.visit-ulcinj.com\/blog\/wp-content\/uploads\/2010\/04\/nekadasnji-prospekat-Ulcinja.jpg\",\"contentUrl\":\"https:\/\/www.visit-ulcinj.com\/blog\/wp-content\/uploads\/2010\/04\/nekadasnji-prospekat-Ulcinja.jpg\",\"width\":\"720\",\"height\":\"540\"},{\"@type\":\"WebPage\",\"@id\":\"https:\/\/www.visit-ulcinj.com\/blog\/2010\/04\/17\/jedan-od-nekadasnjihprospekataulcinja\/#webpage\",\"url\":\"https:\/\/www.visit-ulcinj.com\/blog\/2010\/04\/17\/jedan-od-nekadasnjihprospekataulcinja\/\",\"name\":\"Jedan od nekada\u0161njih\\\"prospekata\\\"Ulcinja - Lajme nga Ulqini\",\"isPartOf\":{\"@id\":\"https:\/\/www.visit-ulcinj.com\/blog\/#website\"},\"primaryImageOfPage\":{\"@id\":\"https:\/\/www.visit-ulcinj.com\/blog\/2010\/04\/17\/jedan-od-nekadasnjihprospekataulcinja\/#primaryimage\"},\"datePublished\":\"2010-04-17T13:05:43+00:00\",\"dateModified\":\"2010-04-17T13:05:43+00:00\",\"author\":{\"@id\":\"https:\/\/www.visit-ulcinj.com\/blog\/#\/schema\/person\/dcab619c614d3038751c63bc2aadc06d\"},\"description\":\"Jedan od nekada\u0161njih\\\"prospekata\\\" na\u0161eg grada iz zlatnih vremena na\u0161eg turizma. Nalazi se u mojoj maloj, skromnoj biblioteci i zaista je pravi dragulj.\",\"breadcrumb\":{\"@id\":\"https:\/\/www.visit-ulcinj.com\/blog\/2010\/04\/17\/jedan-od-nekadasnjihprospekataulcinja\/#breadcrumb\"},\"inLanguage\":\"en-US\",\"potentialAction\":[{\"@type\":\"ReadAction\",\"target\":[\"https:\/\/www.visit-ulcinj.com\/blog\/2010\/04\/17\/jedan-od-nekadasnjihprospekataulcinja\/\"]}]},{\"@type\":\"BreadcrumbList\",\"@id\":\"https:\/\/www.visit-ulcinj.com\/blog\/2010\/04\/17\/jedan-od-nekadasnjihprospekataulcinja\/#breadcrumb\",\"itemListElement\":[{\"@type\":\"ListItem\",\"position\":1,\"name\":\"Jedan od nekada\u0161njih&#8221;prospekata&#8221;Ulcinja\"}]},{\"@type\":\"Person\",\"@id\":\"https:\/\/www.visit-ulcinj.com\/blog\/#\/schema\/person\/dcab619c614d3038751c63bc2aadc06d\",\"name\":\"ulqini\",\"sameAs\":[\"http:\/\/www.visit-ulcinj.com\"],\"url\":\"https:\/\/www.visit-ulcinj.com\/blog\/author\/admin\/\"}]}<\/script>\n<!-- \/ Yoast SEO plugin. -->","yoast_head_json":{"title":"Jedan od nekada\u0161njih\"prospekata\"Ulcinja - Lajme nga Ulqini","description":"Jedan od nekada\u0161njih\"prospekata\" na\u0161eg grada iz zlatnih vremena na\u0161eg turizma. Nalazi se u mojoj maloj, skromnoj biblioteci i zaista je pravi dragulj.","robots":{"index":"index","follow":"follow","max-snippet":"max-snippet:-1","max-image-preview":"max-image-preview:large","max-video-preview":"max-video-preview:-1"},"canonical":"https:\/\/www.visit-ulcinj.com\/blog\/2010\/04\/17\/jedan-od-nekadasnjihprospekataulcinja\/","og_locale":"en_US","og_type":"article","og_title":"Jedan od nekada\u0161njih\"prospekata\"Ulcinja - Lajme nga Ulqini","og_description":"Jedan od nekada\u0161njih\"prospekata\" na\u0161eg grada iz zlatnih vremena na\u0161eg turizma. Nalazi se u mojoj maloj, skromnoj biblioteci i zaista je pravi dragulj.","og_url":"https:\/\/www.visit-ulcinj.com\/blog\/2010\/04\/17\/jedan-od-nekadasnjihprospekataulcinja\/","og_site_name":"Lajme nga Ulqini","article_published_time":"2010-04-17T13:05:43+00:00","og_image":[{"url":"http:\/\/www.visit-ulcinj.com\/blog\/wp-content\/uploads\/2010\/04\/nekadasnji-prospekat-Ulcinja.jpg"}],"twitter_misc":{"Written by":"ulqini","Est. reading time":"3 minutes"},"schema":{"@context":"https:\/\/schema.org","@graph":[{"@type":"WebSite","@id":"https:\/\/www.visit-ulcinj.com\/blog\/#website","url":"https:\/\/www.visit-ulcinj.com\/blog\/","name":"Lajme nga Ulqini","description":"Lajme,Vijesti,Ulqini,Ulqin,Crna Gora,Mali i Zi","potentialAction":[{"@type":"SearchAction","target":{"@type":"EntryPoint","urlTemplate":"https:\/\/www.visit-ulcinj.com\/blog\/?s={search_term_string}"},"query-input":"required name=search_term_string"}],"inLanguage":"en-US"},{"@type":"ImageObject","inLanguage":"en-US","@id":"https:\/\/www.visit-ulcinj.com\/blog\/2010\/04\/17\/jedan-od-nekadasnjihprospekataulcinja\/#primaryimage","url":"https:\/\/www.visit-ulcinj.com\/blog\/wp-content\/uploads\/2010\/04\/nekadasnji-prospekat-Ulcinja.jpg","contentUrl":"https:\/\/www.visit-ulcinj.com\/blog\/wp-content\/uploads\/2010\/04\/nekadasnji-prospekat-Ulcinja.jpg","width":"720","height":"540"},{"@type":"WebPage","@id":"https:\/\/www.visit-ulcinj.com\/blog\/2010\/04\/17\/jedan-od-nekadasnjihprospekataulcinja\/#webpage","url":"https:\/\/www.visit-ulcinj.com\/blog\/2010\/04\/17\/jedan-od-nekadasnjihprospekataulcinja\/","name":"Jedan od nekada\u0161njih\"prospekata\"Ulcinja - Lajme nga Ulqini","isPartOf":{"@id":"https:\/\/www.visit-ulcinj.com\/blog\/#website"},"primaryImageOfPage":{"@id":"https:\/\/www.visit-ulcinj.com\/blog\/2010\/04\/17\/jedan-od-nekadasnjihprospekataulcinja\/#primaryimage"},"datePublished":"2010-04-17T13:05:43+00:00","dateModified":"2010-04-17T13:05:43+00:00","author":{"@id":"https:\/\/www.visit-ulcinj.com\/blog\/#\/schema\/person\/dcab619c614d3038751c63bc2aadc06d"},"description":"Jedan od nekada\u0161njih\"prospekata\" na\u0161eg grada iz zlatnih vremena na\u0161eg turizma. Nalazi se u mojoj maloj, skromnoj biblioteci i zaista je pravi dragulj.","breadcrumb":{"@id":"https:\/\/www.visit-ulcinj.com\/blog\/2010\/04\/17\/jedan-od-nekadasnjihprospekataulcinja\/#breadcrumb"},"inLanguage":"en-US","potentialAction":[{"@type":"ReadAction","target":["https:\/\/www.visit-ulcinj.com\/blog\/2010\/04\/17\/jedan-od-nekadasnjihprospekataulcinja\/"]}]},{"@type":"BreadcrumbList","@id":"https:\/\/www.visit-ulcinj.com\/blog\/2010\/04\/17\/jedan-od-nekadasnjihprospekataulcinja\/#breadcrumb","itemListElement":[{"@type":"ListItem","position":1,"name":"Jedan od nekada\u0161njih&#8221;prospekata&#8221;Ulcinja"}]},{"@type":"Person","@id":"https:\/\/www.visit-ulcinj.com\/blog\/#\/schema\/person\/dcab619c614d3038751c63bc2aadc06d","name":"ulqini","sameAs":["http:\/\/www.visit-ulcinj.com"],"url":"https:\/\/www.visit-ulcinj.com\/blog\/author\/admin\/"}]}},"jetpack_featured_media_url":"","jetpack_sharing_enabled":true,"jetpack_shortlink":"https:\/\/wp.me\/pe6lTn-8lT","_links":{"self":[{"href":"https:\/\/www.visit-ulcinj.com\/blog\/wp-json\/wp\/v2\/posts\/32109"}],"collection":[{"href":"https:\/\/www.visit-ulcinj.com\/blog\/wp-json\/wp\/v2\/posts"}],"about":[{"href":"https:\/\/www.visit-ulcinj.com\/blog\/wp-json\/wp\/v2\/types\/post"}],"author":[{"embeddable":true,"href":"https:\/\/www.visit-ulcinj.com\/blog\/wp-json\/wp\/v2\/users\/1"}],"replies":[{"embeddable":true,"href":"https:\/\/www.visit-ulcinj.com\/blog\/wp-json\/wp\/v2\/comments?post=32109"}],"version-history":[{"count":0,"href":"https:\/\/www.visit-ulcinj.com\/blog\/wp-json\/wp\/v2\/posts\/32109\/revisions"}],"wp:attachment":[{"href":"https:\/\/www.visit-ulcinj.com\/blog\/wp-json\/wp\/v2\/media?parent=32109"}],"wp:term":[{"taxonomy":"category","embeddable":true,"href":"https:\/\/www.visit-ulcinj.com\/blog\/wp-json\/wp\/v2\/categories?post=32109"},{"taxonomy":"post_tag","embeddable":true,"href":"https:\/\/www.visit-ulcinj.com\/blog\/wp-json\/wp\/v2\/tags?post=32109"}],"curies":[{"name":"wp","href":"https:\/\/api.w.org\/{rel}","templated":true}]}}