{"id":32115,"date":"2010-04-17T17:59:56","date_gmt":"2010-04-17T15:59:56","guid":{"rendered":"http:\/\/www.visit-ulcinj.com\/blog\/?p=32115"},"modified":"2010-04-17T17:59:56","modified_gmt":"2010-04-17T15:59:56","slug":"anjeza-shahini-nese-i-dashuri-me-kthen-kurrizin-do-e-hidhja-nga-krevati","status":"publish","type":"post","link":"https:\/\/www.visit-ulcinj.com\/blog\/2010\/04\/17\/anjeza-shahini-nese-i-dashuri-me-kthen-kurrizin-do-e-hidhja-nga-krevati\/","title":{"rendered":"Anjeza Shahini: Nese i dashuri me kthen kurrizin, do e hidhja nga krevati"},"content":{"rendered":"<p><a href=\"http:\/\/www.visit-ulcinj.com\/blog\/wp-content\/uploads\/2010\/04\/anjeza_shahini.jpg\"><img loading=\"lazy\" class=\"alignleft size-full wp-image-32116\" title=\"anjeza_shahini\" src=\"http:\/\/www.visit-ulcinj.com\/blog\/wp-content\/uploads\/2010\/04\/anjeza_shahini.jpg\" alt=\"anjeza_shahini\" width=\"350\" height=\"502\" \/><\/a>Ajo \u00ebsht\u00eb nj\u00eb nga z\u00ebrat m\u00eb t\u00eb mir\u00eb t\u00eb muzik\u00ebs shqiptare sot. Ka shk\u00eblqyer me interpretimin e saj t\u00eb fundit n\u00eb Festivalin n\u00eb Radio Televizion, me k\u00ebng\u00ebn \u201cN\u00eb pasqyr\u00eb\u201d\u201d, ku edhe u vler\u00ebsua me vendin e dyt\u00eb. Por sot k\u00ebng\u00ebtarja Anjeza Shahini do t\u00eb vij\u00eb n\u00eb \u201cBluetooth\u201d ndryshe. N\u00eb intervist\u00ebn me t\u00eb nuk do t\u00eb flasim p\u00ebr muzik\u00ebn dhe impenjimet muzikore, por p\u00ebr nj\u00eb tem\u00eb tejet intime, si\u00e7 jan\u00eb marr\u00ebdh\u00ebniet e saj me shtratin.<br \/>\nSa koh\u00eb kalon zakonisht n\u00eb krevat?<br \/>\nN\u00eb dark\u00eb bie von\u00eb e n\u00ebse kam pushim fle deri von\u00eb, por d\u00ebshir\u00eb nuk kam shum\u00eb q\u00eb t\u00eb fle gjat\u00eb, pasi m\u00eb duket humbje kohe.<br \/>\nGjat\u00eb k\u00ebsaj kohe q\u00eb je n\u00eb shtrat, sa or\u00eb e kalon n\u00eb gjum\u00eb?<br \/>\nAh\u2026 un\u00eb po u shtriva, jam e bindur q\u00eb dua gjum\u00eb.<br \/>\nPreferon t\u00eb flesh me pizhama, t\u00eb brendshme apo lakuriq?<br \/>\nPizhamat n\u00eb dim\u00ebr, nd\u00ebrsa n\u00eb ver\u00eb me t\u00eb brendshme, por prap\u00eb me merakun mos ftohem (qesh).<br \/>\n\u00c7far\u00eb b\u00ebn tjet\u00ebr n\u00eb shtrat: ha lexon, sheh TV apo\u2026?<br \/>\nLexoj nat\u00ebn, ha m\u00ebngjesin dhe preferoj internetin m\u00eb shum\u00eb se televizionin.<br \/>\n\u00c7far\u00eb \u00ebsht\u00eb shtrati p\u00ebr ty, nj\u00eb p\u00ebrkufizim?<br \/>\nShtrati p\u00ebr mua \u00ebsht\u00eb relaks dhe reflektim.<br \/>\n\u00c7far\u00eb pozicioni preferon zakonisht p\u00ebr t\u00eb fjetur?<br \/>\nBobooo\u2026. si bie n\u00eb dark\u00eb nuk e gjej veten asnj\u00ebher\u00eb nj\u00ebsoj n\u00eb m\u00ebngjes.<br \/>\nPo kur je m\u00eb t\u00eb dashurin?<br \/>\nLexoj p\u00ebrralla (qesh).<br \/>\nJu q\u00ebllon kur jeni me dik\u00eb n\u00eb shtrat t\u00eb flisni? P\u00ebrse bisedoni zakonisht?<br \/>\nGjithmon\u00eb flas para se t\u00eb fle. Kam pasur shoqe dhome motr\u00ebn dhe asaj ja shkat\u00ebrroja gjumin deri sa t\u00eb m\u00eb zinte mua.<br \/>\nPreferon t\u00eb mbulohesh shum\u00eb apo pak?<br \/>\nShum\u00eb!<br \/>\nA flisni n\u00eb telefon dhe b\u00ebni thashetheme apo biseda erotike? \u00c7far\u00eb?<br \/>\nNuk para p\u00eblqej t\u00eb flas n\u00eb telefon kur jam n\u00eb vendin e relaksit, sidomos n\u00eb m\u00ebngjes nuk dua t\u00eb flas fare.<br \/>\nA t\u00eb p\u00eblqen t\u00eb luash me jast\u00ebk\u00eb dhe \u00e7far\u00eb loj\u00ebrash b\u00ebn zakonisht?<br \/>\nLojrat me jast\u00ebk m\u00eb kujtojn\u00eb f\u00ebmij\u00ebrin\u00eb kur luanim, por edhe tani kur mblidhemi si dikur ja nisim luft\u00ebs prap\u00eb.<br \/>\nA t\u00eb ndodh t\u00eb zgjohesh shpesh gjat\u00eb nat\u00ebs dhe p\u00ebrse?<br \/>\nJo shpesh, pasi r\u00ebnd\u00ebsi ka t\u00eb m\u00eb z\u00ebr\u00eb gjumi, pastaj jam n\u00eb rregull. Por ato raste kur nuk e b\u00ebj gjumin e qet\u00eb, jan\u00eb ato dit\u00eb kur kam nj\u00eb merak ose ankth p\u00ebr di\u00e7ka q\u00eb duhet t\u00eb b\u00ebj t\u00eb nes\u00ebrmen e q\u00eb duhet t\u00eb ket\u00eb r\u00ebnd\u00ebsi tek un\u00eb, sidomos kur duhet t\u00eb zgjohem her\u00ebt.<br \/>\n\u00c7far\u00eb urreni m\u00eb shum\u00eb n\u00eb shtrat, kur jeni me dik\u00eb tjet\u00ebr?<br \/>\nAh\u2026 filloj sherrin po t\u00eb m\u00eb z\u00ebn\u00eb hapsir\u00ebn time (qesh).<br \/>\nKur jeni vet\u00ebm ju ka ndodhur t\u00eb zgjoheni duke shtr\u00ebnguar jast\u00ebkun?<br \/>\nUn\u00eb n\u00eb p\u00ebrgjith\u00ebsi fle vet\u00ebm, por nuk e torturoj fare jast\u00ebkun.<br \/>\nSi do t\u00eb ndiheshit n\u00ebse i dashuri ju kthen kurrizin?<br \/>\nOh, shum\u00eb keq. Do e hidhja nga shtrati (qesh).<br \/>\nN\u00ebse je me nj\u00eb person t\u00eb seksit t\u00eb nj\u00ebjt\u00eb dhe ju prek, si do t\u00eb reagonit?<br \/>\nPo t\u00eb ket\u00eb arritur q\u00eb prekja t\u00eb m\u00eb ket\u00eb zgjuar, do e zgjoja me kujdes, ta ndihmoja mos po sheh ndonj\u00eb \u00ebnd\u00ebrr t\u00eb keqe!<br \/>\nKur shkon zakonisht p\u00ebr t\u00eb fjetur, \u00e7far\u00eb b\u00ebn para se t\u00eb shtrihesh?<br \/>\nV\u00eb alarmin n\u00eb orarin q\u00eb duhet t\u00eb zgjohem.<br \/>\nCila \u00ebsht\u00eb gj\u00ebja e par\u00eb q\u00eb b\u00ebn sapo hap syt\u00eb n\u00eb m\u00ebngjes?<br \/>\nShoh or\u00ebn e n\u00ebse nuk jam von\u00eb kam koh\u00eb t\u00eb ha mengjesin dhe t\u00eb pi kafen\u00eb aty, se vet\u00ebm k\u00ebshtu e nis dit\u00ebn mbar\u00eb.<br \/>\n\u00c7far\u00eb nuk ju p\u00eblqen kur jeni duke udh\u00ebtuar dhe flini n\u00eb ndonj\u00eb hotel?<br \/>\nKur nuk gjej hotelin me kushtet e duhura dhe kur sh\u00ebrbimi n\u00eb m\u00ebngjes i bie der\u00ebs.<br \/>\nJu ka ndodhur t\u00eb zgjoheni n\u00eb shtratin e dikujt e t\u00eb thoni: \u00c7\u2019dreqin dua k\u00ebtu?<br \/>\nJo.<br \/>\nKu preferoni t\u00eb flini p\u00ebrve\u00e7 krevatit, n\u00eb divan apo dhom\u00ebn e prind\u00ebrve?<br \/>\nN\u00eb karrige, se m\u00eb duket sikur jam akoma zgjuar e nuk po shpenzoj koh\u00eb duke fjetur.<\/p>\n<p><strong> Revista Bluetooth<br \/>\n<\/strong><!--YouTube Error: bad URL entered--><\/p>\n","protected":false},"excerpt":{"rendered":"<p>Ajo \u00ebsht\u00eb nj\u00eb nga z\u00ebrat m\u00eb t\u00eb mir\u00eb t\u00eb muzik\u00ebs shqiptare sot. Ka shk\u00eblqyer me interpretimin e saj t\u00eb fundit n\u00eb Festivalin n\u00eb Radio Televizion, me k\u00ebng\u00ebn \u201cN\u00eb pasqyr\u00eb\u201d\u201d, ku edhe u vler\u00ebsua me vendin e dyt\u00eb. Por sot k\u00ebng\u00ebtarja Anjeza Shahini do t\u00eb vij\u00eb n\u00eb \u201cBluetooth\u201d ndryshe. N\u00eb intervist\u00ebn me t\u00eb nuk do t\u00eb [&hellip;]<\/p>\n","protected":false},"author":1,"featured_media":0,"comment_status":"open","ping_status":"closed","sticky":false,"template":"","format":"standard","meta":{"spay_email":"","jetpack_publicize_message":"","jetpack_is_tweetstorm":false,"jetpack_publicize_feature_enabled":true},"categories":[1],"tags":[5014],"jetpack_publicize_connections":[],"yoast_head":"<!-- This site is optimized with the Yoast SEO plugin v19.1 - https:\/\/yoast.com\/wordpress\/plugins\/seo\/ -->\n<title>Anjeza Shahini: Nese i dashuri me kthen kurrizin, do e hidhja nga krevati - Lajme nga Ulqini<\/title>\n<meta name=\"description\" content=\"Ajo \u00ebsht\u00eb nj\u00eb nga z\u00ebrat m\u00eb t\u00eb mir\u00eb t\u00eb muzik\u00ebs shqiptare sot. Ka shk\u00eblqyer me interpretimin e saj t\u00eb fundit n\u00eb Festivalin n\u00eb Radio Televizion, me k\u00ebng\u00ebn\" \/>\n<meta name=\"robots\" content=\"index, follow, max-snippet:-1, max-image-preview:large, max-video-preview:-1\" \/>\n<link rel=\"canonical\" href=\"https:\/\/www.visit-ulcinj.com\/blog\/2010\/04\/17\/anjeza-shahini-nese-i-dashuri-me-kthen-kurrizin-do-e-hidhja-nga-krevati\/\" \/>\n<meta property=\"og:locale\" content=\"en_US\" \/>\n<meta property=\"og:type\" content=\"article\" \/>\n<meta property=\"og:title\" content=\"Anjeza Shahini: Nese i dashuri me kthen kurrizin, do e hidhja nga krevati - Lajme nga Ulqini\" \/>\n<meta property=\"og:description\" content=\"Ajo \u00ebsht\u00eb nj\u00eb nga z\u00ebrat m\u00eb t\u00eb mir\u00eb t\u00eb muzik\u00ebs shqiptare sot. Ka shk\u00eblqyer me interpretimin e saj t\u00eb fundit n\u00eb Festivalin n\u00eb Radio Televizion, me k\u00ebng\u00ebn\" \/>\n<meta property=\"og:url\" content=\"https:\/\/www.visit-ulcinj.com\/blog\/2010\/04\/17\/anjeza-shahini-nese-i-dashuri-me-kthen-kurrizin-do-e-hidhja-nga-krevati\/\" \/>\n<meta property=\"og:site_name\" content=\"Lajme nga Ulqini\" \/>\n<meta property=\"article:published_time\" content=\"2010-04-17T15:59:56+00:00\" \/>\n<meta property=\"og:image\" content=\"http:\/\/www.visit-ulcinj.com\/blog\/wp-content\/uploads\/2010\/04\/anjeza_shahini.jpg\" \/>\n<meta name=\"twitter:label1\" content=\"Written by\" \/>\n\t<meta name=\"twitter:data1\" content=\"ulqini\" \/>\n\t<meta name=\"twitter:label2\" content=\"Est. reading time\" \/>\n\t<meta name=\"twitter:data2\" content=\"4 minutes\" \/>\n<script type=\"application\/ld+json\" class=\"yoast-schema-graph\">{\"@context\":\"https:\/\/schema.org\",\"@graph\":[{\"@type\":\"WebSite\",\"@id\":\"https:\/\/www.visit-ulcinj.com\/blog\/#website\",\"url\":\"https:\/\/www.visit-ulcinj.com\/blog\/\",\"name\":\"Lajme nga Ulqini\",\"description\":\"Lajme,Vijesti,Ulqini,Ulqin,Crna Gora,Mali i Zi\",\"potentialAction\":[{\"@type\":\"SearchAction\",\"target\":{\"@type\":\"EntryPoint\",\"urlTemplate\":\"https:\/\/www.visit-ulcinj.com\/blog\/?s={search_term_string}\"},\"query-input\":\"required name=search_term_string\"}],\"inLanguage\":\"en-US\"},{\"@type\":\"ImageObject\",\"inLanguage\":\"en-US\",\"@id\":\"https:\/\/www.visit-ulcinj.com\/blog\/2010\/04\/17\/anjeza-shahini-nese-i-dashuri-me-kthen-kurrizin-do-e-hidhja-nga-krevati\/#primaryimage\",\"url\":\"http:\/\/www.visit-ulcinj.com\/blog\/wp-content\/uploads\/2010\/04\/anjeza_shahini.jpg\",\"contentUrl\":\"http:\/\/www.visit-ulcinj.com\/blog\/wp-content\/uploads\/2010\/04\/anjeza_shahini.jpg\"},{\"@type\":\"WebPage\",\"@id\":\"https:\/\/www.visit-ulcinj.com\/blog\/2010\/04\/17\/anjeza-shahini-nese-i-dashuri-me-kthen-kurrizin-do-e-hidhja-nga-krevati\/#webpage\",\"url\":\"https:\/\/www.visit-ulcinj.com\/blog\/2010\/04\/17\/anjeza-shahini-nese-i-dashuri-me-kthen-kurrizin-do-e-hidhja-nga-krevati\/\",\"name\":\"Anjeza Shahini: Nese i dashuri me kthen kurrizin, do e hidhja nga krevati - Lajme nga Ulqini\",\"isPartOf\":{\"@id\":\"https:\/\/www.visit-ulcinj.com\/blog\/#website\"},\"primaryImageOfPage\":{\"@id\":\"https:\/\/www.visit-ulcinj.com\/blog\/2010\/04\/17\/anjeza-shahini-nese-i-dashuri-me-kthen-kurrizin-do-e-hidhja-nga-krevati\/#primaryimage\"},\"datePublished\":\"2010-04-17T15:59:56+00:00\",\"dateModified\":\"2010-04-17T15:59:56+00:00\",\"author\":{\"@id\":\"https:\/\/www.visit-ulcinj.com\/blog\/#\/schema\/person\/dcab619c614d3038751c63bc2aadc06d\"},\"description\":\"Ajo \u00ebsht\u00eb nj\u00eb nga z\u00ebrat m\u00eb t\u00eb mir\u00eb t\u00eb muzik\u00ebs shqiptare sot. Ka shk\u00eblqyer me interpretimin e saj t\u00eb fundit n\u00eb Festivalin n\u00eb Radio Televizion, me k\u00ebng\u00ebn\",\"breadcrumb\":{\"@id\":\"https:\/\/www.visit-ulcinj.com\/blog\/2010\/04\/17\/anjeza-shahini-nese-i-dashuri-me-kthen-kurrizin-do-e-hidhja-nga-krevati\/#breadcrumb\"},\"inLanguage\":\"en-US\",\"potentialAction\":[{\"@type\":\"ReadAction\",\"target\":[\"https:\/\/www.visit-ulcinj.com\/blog\/2010\/04\/17\/anjeza-shahini-nese-i-dashuri-me-kthen-kurrizin-do-e-hidhja-nga-krevati\/\"]}]},{\"@type\":\"BreadcrumbList\",\"@id\":\"https:\/\/www.visit-ulcinj.com\/blog\/2010\/04\/17\/anjeza-shahini-nese-i-dashuri-me-kthen-kurrizin-do-e-hidhja-nga-krevati\/#breadcrumb\",\"itemListElement\":[{\"@type\":\"ListItem\",\"position\":1,\"name\":\"Anjeza Shahini: Nese i dashuri me kthen kurrizin, do e hidhja nga krevati\"}]},{\"@type\":\"Person\",\"@id\":\"https:\/\/www.visit-ulcinj.com\/blog\/#\/schema\/person\/dcab619c614d3038751c63bc2aadc06d\",\"name\":\"ulqini\",\"sameAs\":[\"http:\/\/www.visit-ulcinj.com\"],\"url\":\"https:\/\/www.visit-ulcinj.com\/blog\/author\/admin\/\"}]}<\/script>\n<!-- \/ Yoast SEO plugin. -->","yoast_head_json":{"title":"Anjeza Shahini: Nese i dashuri me kthen kurrizin, do e hidhja nga krevati - Lajme nga Ulqini","description":"Ajo \u00ebsht\u00eb nj\u00eb nga z\u00ebrat m\u00eb t\u00eb mir\u00eb t\u00eb muzik\u00ebs shqiptare sot. Ka shk\u00eblqyer me interpretimin e saj t\u00eb fundit n\u00eb Festivalin n\u00eb Radio Televizion, me k\u00ebng\u00ebn","robots":{"index":"index","follow":"follow","max-snippet":"max-snippet:-1","max-image-preview":"max-image-preview:large","max-video-preview":"max-video-preview:-1"},"canonical":"https:\/\/www.visit-ulcinj.com\/blog\/2010\/04\/17\/anjeza-shahini-nese-i-dashuri-me-kthen-kurrizin-do-e-hidhja-nga-krevati\/","og_locale":"en_US","og_type":"article","og_title":"Anjeza Shahini: Nese i dashuri me kthen kurrizin, do e hidhja nga krevati - Lajme nga Ulqini","og_description":"Ajo \u00ebsht\u00eb nj\u00eb nga z\u00ebrat m\u00eb t\u00eb mir\u00eb t\u00eb muzik\u00ebs shqiptare sot. Ka shk\u00eblqyer me interpretimin e saj t\u00eb fundit n\u00eb Festivalin n\u00eb Radio Televizion, me k\u00ebng\u00ebn","og_url":"https:\/\/www.visit-ulcinj.com\/blog\/2010\/04\/17\/anjeza-shahini-nese-i-dashuri-me-kthen-kurrizin-do-e-hidhja-nga-krevati\/","og_site_name":"Lajme nga Ulqini","article_published_time":"2010-04-17T15:59:56+00:00","og_image":[{"url":"http:\/\/www.visit-ulcinj.com\/blog\/wp-content\/uploads\/2010\/04\/anjeza_shahini.jpg"}],"twitter_misc":{"Written by":"ulqini","Est. reading time":"4 minutes"},"schema":{"@context":"https:\/\/schema.org","@graph":[{"@type":"WebSite","@id":"https:\/\/www.visit-ulcinj.com\/blog\/#website","url":"https:\/\/www.visit-ulcinj.com\/blog\/","name":"Lajme nga Ulqini","description":"Lajme,Vijesti,Ulqini,Ulqin,Crna Gora,Mali i Zi","potentialAction":[{"@type":"SearchAction","target":{"@type":"EntryPoint","urlTemplate":"https:\/\/www.visit-ulcinj.com\/blog\/?s={search_term_string}"},"query-input":"required name=search_term_string"}],"inLanguage":"en-US"},{"@type":"ImageObject","inLanguage":"en-US","@id":"https:\/\/www.visit-ulcinj.com\/blog\/2010\/04\/17\/anjeza-shahini-nese-i-dashuri-me-kthen-kurrizin-do-e-hidhja-nga-krevati\/#primaryimage","url":"http:\/\/www.visit-ulcinj.com\/blog\/wp-content\/uploads\/2010\/04\/anjeza_shahini.jpg","contentUrl":"http:\/\/www.visit-ulcinj.com\/blog\/wp-content\/uploads\/2010\/04\/anjeza_shahini.jpg"},{"@type":"WebPage","@id":"https:\/\/www.visit-ulcinj.com\/blog\/2010\/04\/17\/anjeza-shahini-nese-i-dashuri-me-kthen-kurrizin-do-e-hidhja-nga-krevati\/#webpage","url":"https:\/\/www.visit-ulcinj.com\/blog\/2010\/04\/17\/anjeza-shahini-nese-i-dashuri-me-kthen-kurrizin-do-e-hidhja-nga-krevati\/","name":"Anjeza Shahini: Nese i dashuri me kthen kurrizin, do e hidhja nga krevati - Lajme nga Ulqini","isPartOf":{"@id":"https:\/\/www.visit-ulcinj.com\/blog\/#website"},"primaryImageOfPage":{"@id":"https:\/\/www.visit-ulcinj.com\/blog\/2010\/04\/17\/anjeza-shahini-nese-i-dashuri-me-kthen-kurrizin-do-e-hidhja-nga-krevati\/#primaryimage"},"datePublished":"2010-04-17T15:59:56+00:00","dateModified":"2010-04-17T15:59:56+00:00","author":{"@id":"https:\/\/www.visit-ulcinj.com\/blog\/#\/schema\/person\/dcab619c614d3038751c63bc2aadc06d"},"description":"Ajo \u00ebsht\u00eb nj\u00eb nga z\u00ebrat m\u00eb t\u00eb mir\u00eb t\u00eb muzik\u00ebs shqiptare sot. Ka shk\u00eblqyer me interpretimin e saj t\u00eb fundit n\u00eb Festivalin n\u00eb Radio Televizion, me k\u00ebng\u00ebn","breadcrumb":{"@id":"https:\/\/www.visit-ulcinj.com\/blog\/2010\/04\/17\/anjeza-shahini-nese-i-dashuri-me-kthen-kurrizin-do-e-hidhja-nga-krevati\/#breadcrumb"},"inLanguage":"en-US","potentialAction":[{"@type":"ReadAction","target":["https:\/\/www.visit-ulcinj.com\/blog\/2010\/04\/17\/anjeza-shahini-nese-i-dashuri-me-kthen-kurrizin-do-e-hidhja-nga-krevati\/"]}]},{"@type":"BreadcrumbList","@id":"https:\/\/www.visit-ulcinj.com\/blog\/2010\/04\/17\/anjeza-shahini-nese-i-dashuri-me-kthen-kurrizin-do-e-hidhja-nga-krevati\/#breadcrumb","itemListElement":[{"@type":"ListItem","position":1,"name":"Anjeza Shahini: Nese i dashuri me kthen kurrizin, do e hidhja nga krevati"}]},{"@type":"Person","@id":"https:\/\/www.visit-ulcinj.com\/blog\/#\/schema\/person\/dcab619c614d3038751c63bc2aadc06d","name":"ulqini","sameAs":["http:\/\/www.visit-ulcinj.com"],"url":"https:\/\/www.visit-ulcinj.com\/blog\/author\/admin\/"}]}},"jetpack_featured_media_url":"","jetpack_sharing_enabled":true,"jetpack_shortlink":"https:\/\/wp.me\/pe6lTn-8lZ","_links":{"self":[{"href":"https:\/\/www.visit-ulcinj.com\/blog\/wp-json\/wp\/v2\/posts\/32115"}],"collection":[{"href":"https:\/\/www.visit-ulcinj.com\/blog\/wp-json\/wp\/v2\/posts"}],"about":[{"href":"https:\/\/www.visit-ulcinj.com\/blog\/wp-json\/wp\/v2\/types\/post"}],"author":[{"embeddable":true,"href":"https:\/\/www.visit-ulcinj.com\/blog\/wp-json\/wp\/v2\/users\/1"}],"replies":[{"embeddable":true,"href":"https:\/\/www.visit-ulcinj.com\/blog\/wp-json\/wp\/v2\/comments?post=32115"}],"version-history":[{"count":0,"href":"https:\/\/www.visit-ulcinj.com\/blog\/wp-json\/wp\/v2\/posts\/32115\/revisions"}],"wp:attachment":[{"href":"https:\/\/www.visit-ulcinj.com\/blog\/wp-json\/wp\/v2\/media?parent=32115"}],"wp:term":[{"taxonomy":"category","embeddable":true,"href":"https:\/\/www.visit-ulcinj.com\/blog\/wp-json\/wp\/v2\/categories?post=32115"},{"taxonomy":"post_tag","embeddable":true,"href":"https:\/\/www.visit-ulcinj.com\/blog\/wp-json\/wp\/v2\/tags?post=32115"}],"curies":[{"name":"wp","href":"https:\/\/api.w.org\/{rel}","templated":true}]}}