{"id":32126,"date":"2010-04-17T19:02:28","date_gmt":"2010-04-17T17:02:28","guid":{"rendered":"http:\/\/www.visit-ulcinj.com\/blog\/?p=32126"},"modified":"2010-04-18T23:01:06","modified_gmt":"2010-04-18T21:01:06","slug":"mal-i-zi-shqiptaret-te-shqetesuar-per-pengesat-e-perdorimit-te-gjuhes-video","status":"publish","type":"post","link":"https:\/\/www.visit-ulcinj.com\/blog\/2010\/04\/17\/mal-i-zi-shqiptaret-te-shqetesuar-per-pengesat-e-perdorimit-te-gjuhes-video\/","title":{"rendered":"Mal i Zi: Shqiptar\u00ebt t\u00eb shqet\u00ebsuar per pengesat e p\u00ebrdorimit t\u00eb gjuh\u00ebs &#8211; Video"},"content":{"rendered":"<p><a href=\"http:\/\/www.visit-ulcinj.com\/blog\/wp-content\/uploads\/2010\/04\/nikolle-camaj_TUZ\u00cb.jpg\"><img loading=\"lazy\" class=\"alignleft size-full wp-image-32166\" title=\"nikolle camaj_TUZ\u00cb\" src=\"http:\/\/www.visit-ulcinj.com\/blog\/wp-content\/uploads\/2010\/04\/nikolle-camaj_TUZ\u00cb.jpg\" alt=\"nikolle camaj_TUZ\u00cb\" width=\"580\" height=\"400\" \/><\/a>Perfaqesues te shqiptareve, qe jetojne ne Republiken e Malit te Zi, po shprehin shqetesim mbi pengesat qe hasin \u00a0ne perdorimin e gjuhes amtare shqipe ne shkolla dhe toponimet \u00a0shqipe, ne trevat e populluara kryeshisht nga shqiptaret. Kryetari i Kuvendit \u00a0te Komunes Urbane te Tuzit, Nikolle Camaj, thote se mungesa e nje statusi te plote ligjor te Komunes se Tuzit po krijon hapsire per zvoglimin e perqindjes se popullates shqiptare ne kete treve.<\/p>\n<p><strong><a href=\"mailto:shqip@voanews.com\">voanews.com<br \/>\n<\/a><\/strong><!--YouTube Error: bad URL entered--><a href=\"mailto:shqip@voanews.com\"><\/a><\/p>\n","protected":false},"excerpt":{"rendered":"<p>Perfaqesues te shqiptareve, qe jetojne ne Republiken e Malit te Zi, po shprehin shqetesim mbi pengesat qe hasin \u00a0ne perdorimin e gjuhes amtare shqipe ne shkolla dhe toponimet \u00a0shqipe, ne trevat e populluara kryeshisht nga shqiptaret. Kryetari i Kuvendit \u00a0te Komunes Urbane te Tuzit, Nikolle Camaj, thote se mungesa e nje statusi te plote ligjor [&hellip;]<\/p>\n","protected":false},"author":1,"featured_media":0,"comment_status":"open","ping_status":"closed","sticky":false,"template":"","format":"standard","meta":{"spay_email":"","jetpack_publicize_message":"","jetpack_is_tweetstorm":false,"jetpack_publicize_feature_enabled":true},"categories":[14],"tags":[14041,189],"jetpack_publicize_connections":[],"yoast_head":"<!-- This site is optimized with the Yoast SEO plugin v19.1 - https:\/\/yoast.com\/wordpress\/plugins\/seo\/ -->\n<title>Mal i Zi: Shqiptar\u00ebt t\u00eb shqet\u00ebsuar per pengesat e p\u00ebrdorimit t\u00eb gjuh\u00ebs - Video - Lajme nga Ulqini<\/title>\n<meta name=\"description\" content=\"Perfaqesues te shqiptareve, qe jetojne ne Republiken e Malit te Zi, po shprehin shqetesim mbi pengesat qe hasin \u00a0ne perdorimin e gjuhes amtare shqipe ne\" \/>\n<meta name=\"robots\" content=\"index, follow, max-snippet:-1, max-image-preview:large, max-video-preview:-1\" \/>\n<link rel=\"canonical\" href=\"https:\/\/www.visit-ulcinj.com\/blog\/2010\/04\/17\/mal-i-zi-shqiptaret-te-shqetesuar-per-pengesat-e-perdorimit-te-gjuhes-video\/\" \/>\n<meta property=\"og:locale\" content=\"en_US\" \/>\n<meta property=\"og:type\" content=\"article\" \/>\n<meta property=\"og:title\" content=\"Mal i Zi: Shqiptar\u00ebt t\u00eb shqet\u00ebsuar per pengesat e p\u00ebrdorimit t\u00eb gjuh\u00ebs - Video - Lajme nga Ulqini\" \/>\n<meta property=\"og:description\" content=\"Perfaqesues te shqiptareve, qe jetojne ne Republiken e Malit te Zi, po shprehin shqetesim mbi pengesat qe hasin \u00a0ne perdorimin e gjuhes amtare shqipe ne\" \/>\n<meta property=\"og:url\" content=\"https:\/\/www.visit-ulcinj.com\/blog\/2010\/04\/17\/mal-i-zi-shqiptaret-te-shqetesuar-per-pengesat-e-perdorimit-te-gjuhes-video\/\" \/>\n<meta property=\"og:site_name\" content=\"Lajme nga Ulqini\" \/>\n<meta property=\"article:published_time\" content=\"2010-04-17T17:02:28+00:00\" \/>\n<meta property=\"article:modified_time\" content=\"2010-04-18T21:01:06+00:00\" \/>\n<meta name=\"twitter:label1\" content=\"Written by\" \/>\n\t<meta name=\"twitter:data1\" content=\"ulqini\" \/>\n<script type=\"application\/ld+json\" class=\"yoast-schema-graph\">{\"@context\":\"https:\/\/schema.org\",\"@graph\":[{\"@type\":\"WebSite\",\"@id\":\"https:\/\/www.visit-ulcinj.com\/blog\/#website\",\"url\":\"https:\/\/www.visit-ulcinj.com\/blog\/\",\"name\":\"Lajme nga Ulqini\",\"description\":\"Lajme,Vijesti,Ulqini,Ulqin,Crna Gora,Mali i Zi\",\"potentialAction\":[{\"@type\":\"SearchAction\",\"target\":{\"@type\":\"EntryPoint\",\"urlTemplate\":\"https:\/\/www.visit-ulcinj.com\/blog\/?s={search_term_string}\"},\"query-input\":\"required name=search_term_string\"}],\"inLanguage\":\"en-US\"},{\"@type\":\"WebPage\",\"@id\":\"https:\/\/www.visit-ulcinj.com\/blog\/2010\/04\/17\/mal-i-zi-shqiptaret-te-shqetesuar-per-pengesat-e-perdorimit-te-gjuhes-video\/#webpage\",\"url\":\"https:\/\/www.visit-ulcinj.com\/blog\/2010\/04\/17\/mal-i-zi-shqiptaret-te-shqetesuar-per-pengesat-e-perdorimit-te-gjuhes-video\/\",\"name\":\"Mal i Zi: Shqiptar\u00ebt t\u00eb shqet\u00ebsuar per pengesat e p\u00ebrdorimit t\u00eb gjuh\u00ebs - Video - Lajme nga Ulqini\",\"isPartOf\":{\"@id\":\"https:\/\/www.visit-ulcinj.com\/blog\/#website\"},\"datePublished\":\"2010-04-17T17:02:28+00:00\",\"dateModified\":\"2010-04-18T21:01:06+00:00\",\"author\":{\"@id\":\"https:\/\/www.visit-ulcinj.com\/blog\/#\/schema\/person\/dcab619c614d3038751c63bc2aadc06d\"},\"description\":\"Perfaqesues te shqiptareve, qe jetojne ne Republiken e Malit te Zi, po shprehin shqetesim mbi pengesat qe hasin \u00a0ne perdorimin e gjuhes amtare shqipe ne\",\"breadcrumb\":{\"@id\":\"https:\/\/www.visit-ulcinj.com\/blog\/2010\/04\/17\/mal-i-zi-shqiptaret-te-shqetesuar-per-pengesat-e-perdorimit-te-gjuhes-video\/#breadcrumb\"},\"inLanguage\":\"en-US\",\"potentialAction\":[{\"@type\":\"ReadAction\",\"target\":[\"https:\/\/www.visit-ulcinj.com\/blog\/2010\/04\/17\/mal-i-zi-shqiptaret-te-shqetesuar-per-pengesat-e-perdorimit-te-gjuhes-video\/\"]}]},{\"@type\":\"BreadcrumbList\",\"@id\":\"https:\/\/www.visit-ulcinj.com\/blog\/2010\/04\/17\/mal-i-zi-shqiptaret-te-shqetesuar-per-pengesat-e-perdorimit-te-gjuhes-video\/#breadcrumb\",\"itemListElement\":[{\"@type\":\"ListItem\",\"position\":1,\"name\":\"Mal i Zi: Shqiptar\u00ebt t\u00eb shqet\u00ebsuar per pengesat e p\u00ebrdorimit t\u00eb gjuh\u00ebs &#8211; Video\"}]},{\"@type\":\"Person\",\"@id\":\"https:\/\/www.visit-ulcinj.com\/blog\/#\/schema\/person\/dcab619c614d3038751c63bc2aadc06d\",\"name\":\"ulqini\",\"sameAs\":[\"http:\/\/www.visit-ulcinj.com\"],\"url\":\"https:\/\/www.visit-ulcinj.com\/blog\/author\/admin\/\"}]}<\/script>\n<!-- \/ Yoast SEO plugin. -->","yoast_head_json":{"title":"Mal i Zi: Shqiptar\u00ebt t\u00eb shqet\u00ebsuar per pengesat e p\u00ebrdorimit t\u00eb gjuh\u00ebs - Video - Lajme nga Ulqini","description":"Perfaqesues te shqiptareve, qe jetojne ne Republiken e Malit te Zi, po shprehin shqetesim mbi pengesat qe hasin \u00a0ne perdorimin e gjuhes amtare shqipe ne","robots":{"index":"index","follow":"follow","max-snippet":"max-snippet:-1","max-image-preview":"max-image-preview:large","max-video-preview":"max-video-preview:-1"},"canonical":"https:\/\/www.visit-ulcinj.com\/blog\/2010\/04\/17\/mal-i-zi-shqiptaret-te-shqetesuar-per-pengesat-e-perdorimit-te-gjuhes-video\/","og_locale":"en_US","og_type":"article","og_title":"Mal i Zi: Shqiptar\u00ebt t\u00eb shqet\u00ebsuar per pengesat e p\u00ebrdorimit t\u00eb gjuh\u00ebs - Video - Lajme nga Ulqini","og_description":"Perfaqesues te shqiptareve, qe jetojne ne Republiken e Malit te Zi, po shprehin shqetesim mbi pengesat qe hasin \u00a0ne perdorimin e gjuhes amtare shqipe ne","og_url":"https:\/\/www.visit-ulcinj.com\/blog\/2010\/04\/17\/mal-i-zi-shqiptaret-te-shqetesuar-per-pengesat-e-perdorimit-te-gjuhes-video\/","og_site_name":"Lajme nga Ulqini","article_published_time":"2010-04-17T17:02:28+00:00","article_modified_time":"2010-04-18T21:01:06+00:00","twitter_misc":{"Written by":"ulqini"},"schema":{"@context":"https:\/\/schema.org","@graph":[{"@type":"WebSite","@id":"https:\/\/www.visit-ulcinj.com\/blog\/#website","url":"https:\/\/www.visit-ulcinj.com\/blog\/","name":"Lajme nga Ulqini","description":"Lajme,Vijesti,Ulqini,Ulqin,Crna Gora,Mali i Zi","potentialAction":[{"@type":"SearchAction","target":{"@type":"EntryPoint","urlTemplate":"https:\/\/www.visit-ulcinj.com\/blog\/?s={search_term_string}"},"query-input":"required name=search_term_string"}],"inLanguage":"en-US"},{"@type":"WebPage","@id":"https:\/\/www.visit-ulcinj.com\/blog\/2010\/04\/17\/mal-i-zi-shqiptaret-te-shqetesuar-per-pengesat-e-perdorimit-te-gjuhes-video\/#webpage","url":"https:\/\/www.visit-ulcinj.com\/blog\/2010\/04\/17\/mal-i-zi-shqiptaret-te-shqetesuar-per-pengesat-e-perdorimit-te-gjuhes-video\/","name":"Mal i Zi: Shqiptar\u00ebt t\u00eb shqet\u00ebsuar per pengesat e p\u00ebrdorimit t\u00eb gjuh\u00ebs - Video - Lajme nga Ulqini","isPartOf":{"@id":"https:\/\/www.visit-ulcinj.com\/blog\/#website"},"datePublished":"2010-04-17T17:02:28+00:00","dateModified":"2010-04-18T21:01:06+00:00","author":{"@id":"https:\/\/www.visit-ulcinj.com\/blog\/#\/schema\/person\/dcab619c614d3038751c63bc2aadc06d"},"description":"Perfaqesues te shqiptareve, qe jetojne ne Republiken e Malit te Zi, po shprehin shqetesim mbi pengesat qe hasin \u00a0ne perdorimin e gjuhes amtare shqipe ne","breadcrumb":{"@id":"https:\/\/www.visit-ulcinj.com\/blog\/2010\/04\/17\/mal-i-zi-shqiptaret-te-shqetesuar-per-pengesat-e-perdorimit-te-gjuhes-video\/#breadcrumb"},"inLanguage":"en-US","potentialAction":[{"@type":"ReadAction","target":["https:\/\/www.visit-ulcinj.com\/blog\/2010\/04\/17\/mal-i-zi-shqiptaret-te-shqetesuar-per-pengesat-e-perdorimit-te-gjuhes-video\/"]}]},{"@type":"BreadcrumbList","@id":"https:\/\/www.visit-ulcinj.com\/blog\/2010\/04\/17\/mal-i-zi-shqiptaret-te-shqetesuar-per-pengesat-e-perdorimit-te-gjuhes-video\/#breadcrumb","itemListElement":[{"@type":"ListItem","position":1,"name":"Mal i Zi: Shqiptar\u00ebt t\u00eb shqet\u00ebsuar per pengesat e p\u00ebrdorimit t\u00eb gjuh\u00ebs &#8211; Video"}]},{"@type":"Person","@id":"https:\/\/www.visit-ulcinj.com\/blog\/#\/schema\/person\/dcab619c614d3038751c63bc2aadc06d","name":"ulqini","sameAs":["http:\/\/www.visit-ulcinj.com"],"url":"https:\/\/www.visit-ulcinj.com\/blog\/author\/admin\/"}]}},"jetpack_featured_media_url":"","jetpack_sharing_enabled":true,"jetpack_shortlink":"https:\/\/wp.me\/pe6lTn-8ma","_links":{"self":[{"href":"https:\/\/www.visit-ulcinj.com\/blog\/wp-json\/wp\/v2\/posts\/32126"}],"collection":[{"href":"https:\/\/www.visit-ulcinj.com\/blog\/wp-json\/wp\/v2\/posts"}],"about":[{"href":"https:\/\/www.visit-ulcinj.com\/blog\/wp-json\/wp\/v2\/types\/post"}],"author":[{"embeddable":true,"href":"https:\/\/www.visit-ulcinj.com\/blog\/wp-json\/wp\/v2\/users\/1"}],"replies":[{"embeddable":true,"href":"https:\/\/www.visit-ulcinj.com\/blog\/wp-json\/wp\/v2\/comments?post=32126"}],"version-history":[{"count":0,"href":"https:\/\/www.visit-ulcinj.com\/blog\/wp-json\/wp\/v2\/posts\/32126\/revisions"}],"wp:attachment":[{"href":"https:\/\/www.visit-ulcinj.com\/blog\/wp-json\/wp\/v2\/media?parent=32126"}],"wp:term":[{"taxonomy":"category","embeddable":true,"href":"https:\/\/www.visit-ulcinj.com\/blog\/wp-json\/wp\/v2\/categories?post=32126"},{"taxonomy":"post_tag","embeddable":true,"href":"https:\/\/www.visit-ulcinj.com\/blog\/wp-json\/wp\/v2\/tags?post=32126"}],"curies":[{"name":"wp","href":"https:\/\/api.w.org\/{rel}","templated":true}]}}