{"id":32129,"date":"2010-04-17T19:16:09","date_gmt":"2010-04-17T17:16:09","guid":{"rendered":"http:\/\/www.visit-ulcinj.com\/blog\/?p=32129"},"modified":"2010-04-17T19:17:08","modified_gmt":"2010-04-17T17:17:08","slug":"podgorica-anashkalon-shkrimtaret-dhe-botuesit-shqiptare-nga-ulqini","status":"publish","type":"post","link":"https:\/\/www.visit-ulcinj.com\/blog\/2010\/04\/17\/podgorica-anashkalon-shkrimtaret-dhe-botuesit-shqiptare-nga-ulqini\/","title":{"rendered":"Podgorica anashkalon shkrimtar\u00ebt dhe botuesit shqiptar\u00eb nga Ulqini"},"content":{"rendered":"<p><img loading=\"lazy\" class=\"alignleft\" title=\"qazim muja\" src=\"http:\/\/www.visit-ulcinj.com\/blog\/wp-content\/uploads\/2008\/03\/qazim-muja1.jpg\" alt=\"\" width=\"260\" height=\"267\" \/>Podgoric\u00eb, 17 prill &#8211; Shkrimtar\u00ebt dhe botuesit shqiptar\u00eb nga Ulqini nuk  jan\u00eb ftuar n\u00eb nj\u00eb tribun\u00eb, q\u00eb organizohet t\u00eb shtun\u00ebn, n\u00eb Podgoric\u00eb.<br \/>\nTribuna \u201cDrejt dialogut t\u00eb ri \u2013 Literatura e re malazeze dhe ajo  shqiptare dhe p\u00ebrkthimet\u201d, \u00ebsht\u00eb organizuar nga asociacioni \u201cProstory\u201d  nga Podgorica, n\u00ebn patronatin e Fondacionit \u201cHajnrih Bel\u201d, dhe p\u00ebrkrahur  nga Ministria malazeze e Kultur\u00ebs dhe Qendra p\u00ebr ruajtjen dhe  zhvillimin e kultur\u00ebs s\u00eb pakicave n\u00eb Malin e Zi.<br \/>\nTribuna \u00ebsht\u00eb e para e k\u00ebtij lloji n\u00eb Malin e Zi dhe q\u00ebllimi i saj  \u00ebsht\u00eb vendosja e komunikimeve t\u00eb reja dhe afatgjate midis dy kulturave,  raporton KosovaLive.<br \/>\nSipas programit, pjes\u00ebmarr\u00ebs t\u00eb tribun\u00ebs jan\u00eb shkrimtar\u00ebt eminent\u00eb  shqiptar\u00eb dhe malazias, profesor\u00eb, p\u00ebrkthyes, botues, p\u00ebrfaq\u00ebsues t\u00eb  asociacioneve t\u00eb shkrimtar\u00ebve, t\u00eb Institutit t\u00eb gjuh\u00ebve dhe  universiteteve nga Tirana, Shkodra, Nikshiqi, Podgorica.<br \/>\nNga lista e t\u00eb ftuarve, hiq p\u00ebrkthyesin Qazim Muja, plot\u00ebsisht  jan\u00eb anashkaluar shkrimtar\u00ebt, studiuesit dhe botuesit nga Ulqini, duke  p\u00ebrfshir\u00eb k\u00ebtu n\u00eb ve\u00e7anti Art Club-i. Kjo shoqat\u00eb, e cila \u00ebsht\u00eb b\u00ebr\u00eb  sinonim i kultur\u00ebs shqiptare n\u00eb Mal t\u00eb Zi, nga themelimi (1990) e  k\u00ebndej, qoft\u00eb me organizimet, publikimet dhe manifestimet letrare apo  shkencore t\u00eb tipit nd\u00ebrkomb\u00ebtar, si\u00e7 \u00ebsht\u00eb \u201cKalimerja poetike\u201d, apo  kontributin p\u00ebr organizimin e edicioneve t\u00eb Panairit t\u00eb librit n\u00eb Ulqin,  ka realizuar projekte t\u00eb r\u00ebndesishme n\u00eb frym\u00ebn e dialogut mes dy  kulturave.<br \/>\nFal k\u00ebtyre veprimtarive, Ulqini, \u00ebsht\u00eb shnd\u00ebrruar n\u00eb qendr\u00ebn  kulturore t\u00eb shqiptar\u00ebve n\u00eb Malin e Zi. K\u00ebtu botohen dy revista shum\u00eb  prestigjoze, \u201cLemba\u201d dhe \u201cDija\u201d, t\u00eb vetmet n\u00eb Malin e Zi q\u00eb kultivojn\u00eb  dialogun shqiptar-malazez dhe n\u00eb faqet e tyre publikojn\u00eb t\u00eb p\u00ebrkthyera  edhe nga let\u00ebrsia malazeze.<br \/>\nKrijuesit e studiuesit shqiptar\u00eb nga Ulqini anashkaluan edhe me  rastin e vizit\u00ebs s\u00eb paradokohshme t\u00eb ministrit shqiptar t\u00eb Kultur\u00ebs,  Ferdinand Xhaferri.<\/p>\n<p><strong>Koha Net<\/strong><\/p>\n","protected":false},"excerpt":{"rendered":"<p>Podgoric\u00eb, 17 prill &#8211; Shkrimtar\u00ebt dhe botuesit shqiptar\u00eb nga Ulqini nuk jan\u00eb ftuar n\u00eb nj\u00eb tribun\u00eb, q\u00eb organizohet t\u00eb shtun\u00ebn, n\u00eb Podgoric\u00eb. Tribuna \u201cDrejt dialogut t\u00eb ri \u2013 Literatura e re malazeze dhe ajo shqiptare dhe p\u00ebrkthimet\u201d, \u00ebsht\u00eb organizuar nga asociacioni \u201cProstory\u201d nga Podgorica, n\u00ebn patronatin e Fondacionit \u201cHajnrih Bel\u201d, dhe p\u00ebrkrahur nga Ministria malazeze [&hellip;]<\/p>\n","protected":false},"author":1,"featured_media":0,"comment_status":"open","ping_status":"closed","sticky":false,"template":"","format":"standard","meta":{"spay_email":"","jetpack_publicize_message":"","jetpack_is_tweetstorm":false,"jetpack_publicize_feature_enabled":true},"categories":[4],"tags":[14042,955,200],"jetpack_publicize_connections":[],"yoast_head":"<!-- This site is optimized with the Yoast SEO plugin v19.1 - https:\/\/yoast.com\/wordpress\/plugins\/seo\/ -->\n<title>Podgorica anashkalon shkrimtar\u00ebt dhe botuesit shqiptar\u00eb nga Ulqini - Lajme nga Ulqini<\/title>\n<meta name=\"description\" content=\"Podgoric\u00eb, 17 prill - Shkrimtar\u00ebt dhe botuesit shqiptar\u00eb nga Ulqini nuk jan\u00eb ftuar n\u00eb nj\u00eb tribun\u00eb, q\u00eb organizohet t\u00eb shtun\u00ebn, n\u00eb Podgoric\u00eb. Tribuna \u201cDrejt\" \/>\n<meta name=\"robots\" content=\"index, follow, max-snippet:-1, max-image-preview:large, max-video-preview:-1\" \/>\n<link rel=\"canonical\" href=\"https:\/\/www.visit-ulcinj.com\/blog\/2010\/04\/17\/podgorica-anashkalon-shkrimtaret-dhe-botuesit-shqiptare-nga-ulqini\/\" \/>\n<meta property=\"og:locale\" content=\"en_US\" \/>\n<meta property=\"og:type\" content=\"article\" \/>\n<meta property=\"og:title\" content=\"Podgorica anashkalon shkrimtar\u00ebt dhe botuesit shqiptar\u00eb nga Ulqini - Lajme nga Ulqini\" \/>\n<meta property=\"og:description\" content=\"Podgoric\u00eb, 17 prill - Shkrimtar\u00ebt dhe botuesit shqiptar\u00eb nga Ulqini nuk jan\u00eb ftuar n\u00eb nj\u00eb tribun\u00eb, q\u00eb organizohet t\u00eb shtun\u00ebn, n\u00eb Podgoric\u00eb. Tribuna \u201cDrejt\" \/>\n<meta property=\"og:url\" content=\"https:\/\/www.visit-ulcinj.com\/blog\/2010\/04\/17\/podgorica-anashkalon-shkrimtaret-dhe-botuesit-shqiptare-nga-ulqini\/\" \/>\n<meta property=\"og:site_name\" content=\"Lajme nga Ulqini\" \/>\n<meta property=\"article:published_time\" content=\"2010-04-17T17:16:09+00:00\" \/>\n<meta property=\"article:modified_time\" content=\"2010-04-17T17:17:08+00:00\" \/>\n<meta property=\"og:image\" content=\"http:\/\/www.visit-ulcinj.com\/blog\/wp-content\/uploads\/2008\/03\/qazim-muja1.jpg\" \/>\n<meta name=\"twitter:label1\" content=\"Written by\" \/>\n\t<meta name=\"twitter:data1\" content=\"ulqini\" \/>\n\t<meta name=\"twitter:label2\" content=\"Est. reading time\" \/>\n\t<meta name=\"twitter:data2\" content=\"2 minutes\" \/>\n<script type=\"application\/ld+json\" class=\"yoast-schema-graph\">{\"@context\":\"https:\/\/schema.org\",\"@graph\":[{\"@type\":\"WebSite\",\"@id\":\"https:\/\/www.visit-ulcinj.com\/blog\/#website\",\"url\":\"https:\/\/www.visit-ulcinj.com\/blog\/\",\"name\":\"Lajme nga Ulqini\",\"description\":\"Lajme,Vijesti,Ulqini,Ulqin,Crna Gora,Mali i Zi\",\"potentialAction\":[{\"@type\":\"SearchAction\",\"target\":{\"@type\":\"EntryPoint\",\"urlTemplate\":\"https:\/\/www.visit-ulcinj.com\/blog\/?s={search_term_string}\"},\"query-input\":\"required name=search_term_string\"}],\"inLanguage\":\"en-US\"},{\"@type\":\"ImageObject\",\"inLanguage\":\"en-US\",\"@id\":\"https:\/\/www.visit-ulcinj.com\/blog\/2010\/04\/17\/podgorica-anashkalon-shkrimtaret-dhe-botuesit-shqiptare-nga-ulqini\/#primaryimage\",\"url\":\"http:\/\/www.visit-ulcinj.com\/blog\/wp-content\/uploads\/2008\/03\/qazim-muja1.jpg\",\"contentUrl\":\"http:\/\/www.visit-ulcinj.com\/blog\/wp-content\/uploads\/2008\/03\/qazim-muja1.jpg\"},{\"@type\":\"WebPage\",\"@id\":\"https:\/\/www.visit-ulcinj.com\/blog\/2010\/04\/17\/podgorica-anashkalon-shkrimtaret-dhe-botuesit-shqiptare-nga-ulqini\/#webpage\",\"url\":\"https:\/\/www.visit-ulcinj.com\/blog\/2010\/04\/17\/podgorica-anashkalon-shkrimtaret-dhe-botuesit-shqiptare-nga-ulqini\/\",\"name\":\"Podgorica anashkalon shkrimtar\u00ebt dhe botuesit shqiptar\u00eb nga Ulqini - Lajme nga Ulqini\",\"isPartOf\":{\"@id\":\"https:\/\/www.visit-ulcinj.com\/blog\/#website\"},\"primaryImageOfPage\":{\"@id\":\"https:\/\/www.visit-ulcinj.com\/blog\/2010\/04\/17\/podgorica-anashkalon-shkrimtaret-dhe-botuesit-shqiptare-nga-ulqini\/#primaryimage\"},\"datePublished\":\"2010-04-17T17:16:09+00:00\",\"dateModified\":\"2010-04-17T17:17:08+00:00\",\"author\":{\"@id\":\"https:\/\/www.visit-ulcinj.com\/blog\/#\/schema\/person\/dcab619c614d3038751c63bc2aadc06d\"},\"description\":\"Podgoric\u00eb, 17 prill - Shkrimtar\u00ebt dhe botuesit shqiptar\u00eb nga Ulqini nuk jan\u00eb ftuar n\u00eb nj\u00eb tribun\u00eb, q\u00eb organizohet t\u00eb shtun\u00ebn, n\u00eb Podgoric\u00eb. Tribuna \u201cDrejt\",\"breadcrumb\":{\"@id\":\"https:\/\/www.visit-ulcinj.com\/blog\/2010\/04\/17\/podgorica-anashkalon-shkrimtaret-dhe-botuesit-shqiptare-nga-ulqini\/#breadcrumb\"},\"inLanguage\":\"en-US\",\"potentialAction\":[{\"@type\":\"ReadAction\",\"target\":[\"https:\/\/www.visit-ulcinj.com\/blog\/2010\/04\/17\/podgorica-anashkalon-shkrimtaret-dhe-botuesit-shqiptare-nga-ulqini\/\"]}]},{\"@type\":\"BreadcrumbList\",\"@id\":\"https:\/\/www.visit-ulcinj.com\/blog\/2010\/04\/17\/podgorica-anashkalon-shkrimtaret-dhe-botuesit-shqiptare-nga-ulqini\/#breadcrumb\",\"itemListElement\":[{\"@type\":\"ListItem\",\"position\":1,\"name\":\"Podgorica anashkalon shkrimtar\u00ebt dhe botuesit shqiptar\u00eb nga Ulqini\"}]},{\"@type\":\"Person\",\"@id\":\"https:\/\/www.visit-ulcinj.com\/blog\/#\/schema\/person\/dcab619c614d3038751c63bc2aadc06d\",\"name\":\"ulqini\",\"sameAs\":[\"http:\/\/www.visit-ulcinj.com\"],\"url\":\"https:\/\/www.visit-ulcinj.com\/blog\/author\/admin\/\"}]}<\/script>\n<!-- \/ Yoast SEO plugin. -->","yoast_head_json":{"title":"Podgorica anashkalon shkrimtar\u00ebt dhe botuesit shqiptar\u00eb nga Ulqini - Lajme nga Ulqini","description":"Podgoric\u00eb, 17 prill - Shkrimtar\u00ebt dhe botuesit shqiptar\u00eb nga Ulqini nuk jan\u00eb ftuar n\u00eb nj\u00eb tribun\u00eb, q\u00eb organizohet t\u00eb shtun\u00ebn, n\u00eb Podgoric\u00eb. Tribuna \u201cDrejt","robots":{"index":"index","follow":"follow","max-snippet":"max-snippet:-1","max-image-preview":"max-image-preview:large","max-video-preview":"max-video-preview:-1"},"canonical":"https:\/\/www.visit-ulcinj.com\/blog\/2010\/04\/17\/podgorica-anashkalon-shkrimtaret-dhe-botuesit-shqiptare-nga-ulqini\/","og_locale":"en_US","og_type":"article","og_title":"Podgorica anashkalon shkrimtar\u00ebt dhe botuesit shqiptar\u00eb nga Ulqini - Lajme nga Ulqini","og_description":"Podgoric\u00eb, 17 prill - Shkrimtar\u00ebt dhe botuesit shqiptar\u00eb nga Ulqini nuk jan\u00eb ftuar n\u00eb nj\u00eb tribun\u00eb, q\u00eb organizohet t\u00eb shtun\u00ebn, n\u00eb Podgoric\u00eb. Tribuna \u201cDrejt","og_url":"https:\/\/www.visit-ulcinj.com\/blog\/2010\/04\/17\/podgorica-anashkalon-shkrimtaret-dhe-botuesit-shqiptare-nga-ulqini\/","og_site_name":"Lajme nga Ulqini","article_published_time":"2010-04-17T17:16:09+00:00","article_modified_time":"2010-04-17T17:17:08+00:00","og_image":[{"url":"http:\/\/www.visit-ulcinj.com\/blog\/wp-content\/uploads\/2008\/03\/qazim-muja1.jpg"}],"twitter_misc":{"Written by":"ulqini","Est. reading time":"2 minutes"},"schema":{"@context":"https:\/\/schema.org","@graph":[{"@type":"WebSite","@id":"https:\/\/www.visit-ulcinj.com\/blog\/#website","url":"https:\/\/www.visit-ulcinj.com\/blog\/","name":"Lajme nga Ulqini","description":"Lajme,Vijesti,Ulqini,Ulqin,Crna Gora,Mali i Zi","potentialAction":[{"@type":"SearchAction","target":{"@type":"EntryPoint","urlTemplate":"https:\/\/www.visit-ulcinj.com\/blog\/?s={search_term_string}"},"query-input":"required name=search_term_string"}],"inLanguage":"en-US"},{"@type":"ImageObject","inLanguage":"en-US","@id":"https:\/\/www.visit-ulcinj.com\/blog\/2010\/04\/17\/podgorica-anashkalon-shkrimtaret-dhe-botuesit-shqiptare-nga-ulqini\/#primaryimage","url":"http:\/\/www.visit-ulcinj.com\/blog\/wp-content\/uploads\/2008\/03\/qazim-muja1.jpg","contentUrl":"http:\/\/www.visit-ulcinj.com\/blog\/wp-content\/uploads\/2008\/03\/qazim-muja1.jpg"},{"@type":"WebPage","@id":"https:\/\/www.visit-ulcinj.com\/blog\/2010\/04\/17\/podgorica-anashkalon-shkrimtaret-dhe-botuesit-shqiptare-nga-ulqini\/#webpage","url":"https:\/\/www.visit-ulcinj.com\/blog\/2010\/04\/17\/podgorica-anashkalon-shkrimtaret-dhe-botuesit-shqiptare-nga-ulqini\/","name":"Podgorica anashkalon shkrimtar\u00ebt dhe botuesit shqiptar\u00eb nga Ulqini - Lajme nga Ulqini","isPartOf":{"@id":"https:\/\/www.visit-ulcinj.com\/blog\/#website"},"primaryImageOfPage":{"@id":"https:\/\/www.visit-ulcinj.com\/blog\/2010\/04\/17\/podgorica-anashkalon-shkrimtaret-dhe-botuesit-shqiptare-nga-ulqini\/#primaryimage"},"datePublished":"2010-04-17T17:16:09+00:00","dateModified":"2010-04-17T17:17:08+00:00","author":{"@id":"https:\/\/www.visit-ulcinj.com\/blog\/#\/schema\/person\/dcab619c614d3038751c63bc2aadc06d"},"description":"Podgoric\u00eb, 17 prill - Shkrimtar\u00ebt dhe botuesit shqiptar\u00eb nga Ulqini nuk jan\u00eb ftuar n\u00eb nj\u00eb tribun\u00eb, q\u00eb organizohet t\u00eb shtun\u00ebn, n\u00eb Podgoric\u00eb. Tribuna \u201cDrejt","breadcrumb":{"@id":"https:\/\/www.visit-ulcinj.com\/blog\/2010\/04\/17\/podgorica-anashkalon-shkrimtaret-dhe-botuesit-shqiptare-nga-ulqini\/#breadcrumb"},"inLanguage":"en-US","potentialAction":[{"@type":"ReadAction","target":["https:\/\/www.visit-ulcinj.com\/blog\/2010\/04\/17\/podgorica-anashkalon-shkrimtaret-dhe-botuesit-shqiptare-nga-ulqini\/"]}]},{"@type":"BreadcrumbList","@id":"https:\/\/www.visit-ulcinj.com\/blog\/2010\/04\/17\/podgorica-anashkalon-shkrimtaret-dhe-botuesit-shqiptare-nga-ulqini\/#breadcrumb","itemListElement":[{"@type":"ListItem","position":1,"name":"Podgorica anashkalon shkrimtar\u00ebt dhe botuesit shqiptar\u00eb nga Ulqini"}]},{"@type":"Person","@id":"https:\/\/www.visit-ulcinj.com\/blog\/#\/schema\/person\/dcab619c614d3038751c63bc2aadc06d","name":"ulqini","sameAs":["http:\/\/www.visit-ulcinj.com"],"url":"https:\/\/www.visit-ulcinj.com\/blog\/author\/admin\/"}]}},"jetpack_featured_media_url":"","jetpack_sharing_enabled":true,"jetpack_shortlink":"https:\/\/wp.me\/pe6lTn-8md","_links":{"self":[{"href":"https:\/\/www.visit-ulcinj.com\/blog\/wp-json\/wp\/v2\/posts\/32129"}],"collection":[{"href":"https:\/\/www.visit-ulcinj.com\/blog\/wp-json\/wp\/v2\/posts"}],"about":[{"href":"https:\/\/www.visit-ulcinj.com\/blog\/wp-json\/wp\/v2\/types\/post"}],"author":[{"embeddable":true,"href":"https:\/\/www.visit-ulcinj.com\/blog\/wp-json\/wp\/v2\/users\/1"}],"replies":[{"embeddable":true,"href":"https:\/\/www.visit-ulcinj.com\/blog\/wp-json\/wp\/v2\/comments?post=32129"}],"version-history":[{"count":0,"href":"https:\/\/www.visit-ulcinj.com\/blog\/wp-json\/wp\/v2\/posts\/32129\/revisions"}],"wp:attachment":[{"href":"https:\/\/www.visit-ulcinj.com\/blog\/wp-json\/wp\/v2\/media?parent=32129"}],"wp:term":[{"taxonomy":"category","embeddable":true,"href":"https:\/\/www.visit-ulcinj.com\/blog\/wp-json\/wp\/v2\/categories?post=32129"},{"taxonomy":"post_tag","embeddable":true,"href":"https:\/\/www.visit-ulcinj.com\/blog\/wp-json\/wp\/v2\/tags?post=32129"}],"curies":[{"name":"wp","href":"https:\/\/api.w.org\/{rel}","templated":true}]}}